{"id":37267,"date":"2022-12-27T18:56:10","date_gmt":"2022-12-27T18:56:10","guid":{"rendered":"https:\/\/www.africa-press.net\/senegal\/politique\/tamba-macky-sall-va-inaugurer-plusieurs-infrastructures-realisees-par-promovilles"},"modified":"2022-12-27T19:33:36","modified_gmt":"2022-12-27T19:33:36","slug":"tamba-macky-sall-va-inaugurer-plusieurs-infrastructures-realisees-par-promovilles","status":"publish","type":"post","link":"https:\/\/www.africa-press.net\/senegal\/economie\/tamba-macky-sall-va-inaugurer-plusieurs-infrastructures-realisees-par-promovilles","title":{"rendered":"Tamba : Macky Sall va inaugurer plusieurs infrastructures r\u00e9alis\u00e9es par PROMOVILLES"},"content":{"rendered":"<p><span style=\"color: #ff6600\"><strong>Africa-Press &#8211; Senegal. <\/strong><\/span>Le Pre\u0301sident de la Re\u0301publique, Macky Sall, va proce\u0301der, ce jeudi 29 de\u0301cembre 2022 a\u0300 partir de 18h30, a\u0300 l\u2019inauguration des infrastructures routie\u0300res et socioe\u0301conomiques re\u0301alise\u0301es a\u0300 Tambacounda dans le cadre du Programme de Modernisation des Villes (PROMOVILLES).<\/p>\n<p>En effet, PROMOVILLES a re\u0301alise\u0301 de nombreux ouvrages dans la ville de Tambacounda pour ame\u0301liorer la mobilite\u0301 urbaine et la se\u0301curite\u0301 des populations. Plus de 11 milliards ont e\u0301te\u0301 investis par l\u2019Etat du Se\u0301ne\u0301gal et ses partenaires au de\u0301veloppement par la re\u0301alisation de ses ouvrages.<\/p>\n<p>15 kms de voirie assainie &#8211; 17 quartiers de Tamba impacte\u0301s<\/p>\n<p>Les infrastructures construites dans la ville de Tamba sont principalement des routes (15 km) sur plusieurs axes dont RN1 \u2013 gare routie\u0300re \u2013 Sare\u0301 Guilel, Route du lyce\u0301e \u2013 Mosque\u0301e \u2013 maison d\u2019arre\u0302t , Ho\u0302tel Asta Ke\u0301be\u0301 \u2013 centre Don Bosko , E\u0301cole plateau \u2013 marche\u0301 marinie\u0300re , RN1 \u2013 BOA \u2013 Mosque\u0301e, Autoe\u0301cole \u2013 marche\u0301 marinie\u0300re , Pharmacie Orientale Abattoir 1,2 et 3 , Route du Pre\u0301col \u2013 Lyce\u0301e communal , Camp Nave\u0301tane \u2013 nouveau Pont , Cimetie\u0300re \u2013 marche\u0301 \u2013 ancienne gare routie\u0300re , Gouvernance \u2013 tribunal re\u0301gional 1 et 2 , Chambre des me\u0301tiers \u2013<\/p>\n<p>15 km de voirie assainie et e\u0301claire\u0301e re\u0301partis sur 14 tronc\u0327ons dans 17 quartiers pe\u0301riphe\u0301riques peuple\u0301s et jadis caracte\u0301rise\u0301s par d\u2019importants ravinements, 13kms de re\u0301seaux d\u2019assainissement des eaux pluviales qui ont permis de drainer une superficie de 614 hectares, ont e\u0301te\u0301 re\u0301alise\u0301s dans la commune de Tambacounda par le PROMOVILLES.<\/p>\n<p>434 lampadaires installe\u0301s<\/p>\n<p>Concernant l\u2019e\u0301clairage public, le PROMOVILLES a installe\u0301 434 lampadaires sur le long des tronc\u0327ons re\u0301alise\u0301s pour renforcer la se\u0301curite\u0301 des personnes et favoriser l\u2019acce\u0300s des quartiers a\u0300 toute heure.<\/p>\n<p>Des ame\u0301nagements connexes et paysagers<\/p>\n<p>Pour accompagner la promotion e\u0301conomique des femmes de la commune de Tambacounda, PROMOVILLES a construit une Maison de la femme tre\u0300s moderne et l\u2019a e\u0301quipe\u0301e avec des unite\u0301s de transformation de fruits et le\u0301gumes et de restauration au profit de 2000 femmes.<\/p>\n<p>Pour le bien e\u0302tre des transporteurs, un ame\u0301nagement a e\u0301te\u0301 fait sur le parking intercommunal des gros porteurs. Il s\u2019agit d\u2019aires de de\u0301tente, de lieux de prie\u0300re, et de salle de restauration.<\/p>\n<p>Les populations de Tambacounda ont vu aussi leur cadre de vie changer avec des ame\u0301nagements paysagers d\u2019espaces publics tels que l\u2019esplanade de Tambacounda, le Boulevard Le\u0301opold Se\u0301dar Senghor, le jardin public du quartier Abattoir, le rond-point du croisement N6-N7, des feux tricolores, des portiques.<\/p>\n<p>De plus, dans le cadre de l\u2019appui aux jeunes, PROMOVILLES a forme\u0301 69 jeunes aux me\u0301tiers du BTP pour renforcer leur employabilite\u0301.<\/p>\n<p>Aujourd\u2019hui, toutes ces infrastructures re\u0301alise\u0301es dans la commune de Tambacounda, au grand bonheur des populations, contribuent fortement a\u0300 les soulager des inondations et a\u0300 favoriser une meilleure mobilite\u0301 et un renforcement de la se\u0301curite\u0301 nocturne. Elles ont e\u0301galement permis de ge\u0301ne\u0301rer des activite\u0301s e\u0301conomiques le long des quartiers traverse\u0301s (restaurants, boutiques, petits commerces, etc.).<\/p>\n<p><strong>Pour plus d&rsquo;informations et d&rsquo;analyses sur la <a href=\"https:\/\/www.africa-press.net\/senegal\">Senegal<\/a>, suivez <a href=\"https:\/\/www.africa-press.net\/\">Africa-Press<\/a><\/strong><\/p>\n","protected":false},"excerpt":{"rendered":"<p>Africa-Press &#8211; Senegal. Le Pre\u0301sident de la Re\u0301publique, Macky Sall, va proce\u0301der, ce jeudi 29 de\u0301cembre 2022 a\u0300 partir de 18h30, a\u0300 l\u2019inauguration des infrastructures routie\u0300res et socioe\u0301conomiques re\u0301alise\u0301es a\u0300 Tambacounda dans le cadre du Programme de Modernisation des Villes (PROMOVILLES). En effet, PROMOVILLES a re\u0301alise\u0301 de nombreux ouvrages dans la ville de Tambacounda pour [&hellip;]<\/p>\n","protected":false},"author":82,"featured_media":37266,"comment_status":"open","ping_status":"closed","sticky":false,"template":"","format":"standard","meta":{"footnotes":""},"categories":[3,20,10],"tags":[43,47,44],"class_list":["post-37267","post","type-post","status-publish","format-standard","has-post-thumbnail","hentry","category-economie","category-top-nouvelles","category-toutes-les-actualites","tag-africa-press-2","tag-africa-press-senegal","tag-senegal-2"],"yoast_head":"<!-- This site is optimized with the Yoast SEO Premium plugin v26.1 (Yoast SEO v27.0) - https:\/\/yoast.com\/product\/yoast-seo-premium-wordpress\/ -->\n<title>Tamba : Macky Sall va inaugurer plusieurs infrastructures r\u00e9alis\u00e9es par PROMOVILLES - Senegal<\/title>\n<meta name=\"description\" content=\"Le Pre\u0301sident de la Re\u0301publique, Macky Sall, va proce\u0301der, ce jeudi 29 de\u0301cembre 2022 a\u0300 partir de 18h30, a\u0300 l\u2019inaugurat ...\" \/>\n<meta name=\"robots\" content=\"index, follow, max-snippet:-1, max-image-preview:large, max-video-preview:-1\" \/>\n<link rel=\"canonical\" href=\"https:\/\/www.africa-press.net\/senegal\/economie\/tamba-macky-sall-va-inaugurer-plusieurs-infrastructures-realisees-par-promovilles\" \/>\n<meta property=\"og:locale\" content=\"fr_FR\" \/>\n<meta property=\"og:type\" content=\"article\" \/>\n<meta property=\"og:title\" content=\"Tamba : Macky Sall va inaugurer plusieurs infrastructures r\u00e9alis\u00e9es par PROMOVILLES\" \/>\n<meta property=\"og:description\" content=\"Le Pre\u0301sident de la Re\u0301publique, Macky Sall, va proce\u0301der, ce jeudi 29 de\u0301cembre 2022 a\u0300 partir de 18h30, a\u0300 l\u2019inaugurat ...\" \/>\n<meta property=\"og:url\" content=\"https:\/\/www.africa-press.net\/senegal\/economie\/tamba-macky-sall-va-inaugurer-plusieurs-infrastructures-realisees-par-promovilles\" \/>\n<meta property=\"og:site_name\" content=\"Senegal\" \/>\n<meta property=\"article:published_time\" content=\"2022-12-27T18:56:10+00:00\" \/>\n<meta property=\"article:modified_time\" content=\"2022-12-27T19:33:36+00:00\" \/>\n<meta property=\"og:image\" content=\"https:\/\/static.africa-press.net\/senegal\/sites\/13\/2022\/12\/postQueueImg_1672154786.07.jpg\" \/>\n\t<meta property=\"og:image:width\" content=\"720\" \/>\n\t<meta property=\"og:image:height\" content=\"350\" \/>\n\t<meta property=\"og:image:type\" content=\"image\/jpeg\" \/>\n<meta name=\"author\" content=\"cfeditorfr\" \/>\n<meta name=\"twitter:card\" content=\"summary_large_image\" \/>\n<meta name=\"twitter:label1\" content=\"\u00c9crit par\" \/>\n\t<meta name=\"twitter:data1\" content=\"cfeditorfr\" \/>\n\t<meta name=\"twitter:label2\" content=\"Dur\u00e9e de lecture estim\u00e9e\" \/>\n\t<meta name=\"twitter:data2\" content=\"3 minutes\" \/>\n<script type=\"application\/ld+json\" class=\"yoast-schema-graph\">{\"@context\":\"https:\/\/schema.org\",\"@graph\":[{\"@type\":\"Article\",\"@id\":\"https:\/\/www.africa-press.net\/senegal\/economie\/tamba-macky-sall-va-inaugurer-plusieurs-infrastructures-realisees-par-promovilles#article\",\"isPartOf\":{\"@id\":\"https:\/\/www.africa-press.net\/senegal\/economie\/tamba-macky-sall-va-inaugurer-plusieurs-infrastructures-realisees-par-promovilles\"},\"author\":{\"name\":\"cfeditorfr\",\"@id\":\"https:\/\/www.africa-press.net\/senegal\/#\/schema\/person\/2b1cf3cd81a31e3cd26889ca66d677f1\"},\"headline\":\"Tamba : Macky Sall va inaugurer plusieurs infrastructures r\u00e9alis\u00e9es par PROMOVILLES\",\"datePublished\":\"2022-12-27T18:56:10+00:00\",\"dateModified\":\"2022-12-27T19:33:36+00:00\",\"mainEntityOfPage\":{\"@id\":\"https:\/\/www.africa-press.net\/senegal\/economie\/tamba-macky-sall-va-inaugurer-plusieurs-infrastructures-realisees-par-promovilles\"},\"wordCount\":553,\"commentCount\":0,\"image\":{\"@id\":\"https:\/\/www.africa-press.net\/senegal\/economie\/tamba-macky-sall-va-inaugurer-plusieurs-infrastructures-realisees-par-promovilles#primaryimage\"},\"thumbnailUrl\":\"https:\/\/static.africa-press.net\/senegal\/sites\/13\/2022\/12\/postQueueImg_1672154786.07.jpg\",\"keywords\":[\"Africa Press\",\"Africa Press-Senegal\",\"Senegal\"],\"articleSection\":[\"\u00c9conomie\",\"Top Nouvelles\",\"Toutes les actualit\u00e9s\"],\"inLanguage\":\"fr-FR\",\"potentialAction\":[{\"@type\":\"CommentAction\",\"name\":\"Comment\",\"target\":[\"https:\/\/www.africa-press.net\/senegal\/economie\/tamba-macky-sall-va-inaugurer-plusieurs-infrastructures-realisees-par-promovilles#respond\"]}]},{\"@type\":\"WebPage\",\"@id\":\"https:\/\/www.africa-press.net\/senegal\/economie\/tamba-macky-sall-va-inaugurer-plusieurs-infrastructures-realisees-par-promovilles\",\"url\":\"https:\/\/www.africa-press.net\/senegal\/economie\/tamba-macky-sall-va-inaugurer-plusieurs-infrastructures-realisees-par-promovilles\",\"name\":\"Tamba : Macky Sall va inaugurer plusieurs infrastructures r\u00e9alis\u00e9es par PROMOVILLES - Senegal\",\"isPartOf\":{\"@id\":\"https:\/\/www.africa-press.net\/senegal\/#website\"},\"primaryImageOfPage\":{\"@id\":\"https:\/\/www.africa-press.net\/senegal\/economie\/tamba-macky-sall-va-inaugurer-plusieurs-infrastructures-realisees-par-promovilles#primaryimage\"},\"image\":{\"@id\":\"https:\/\/www.africa-press.net\/senegal\/economie\/tamba-macky-sall-va-inaugurer-plusieurs-infrastructures-realisees-par-promovilles#primaryimage\"},\"thumbnailUrl\":\"https:\/\/static.africa-press.net\/senegal\/sites\/13\/2022\/12\/postQueueImg_1672154786.07.jpg\",\"datePublished\":\"2022-12-27T18:56:10+00:00\",\"dateModified\":\"2022-12-27T19:33:36+00:00\",\"author\":{\"@id\":\"https:\/\/www.africa-press.net\/senegal\/#\/schema\/person\/2b1cf3cd81a31e3cd26889ca66d677f1\"},\"description\":\"Le Pre\u0301sident de la Re\u0301publique, Macky Sall, va proce\u0301der, ce jeudi 29 de\u0301cembre 2022 a\u0300 partir de 18h30, a\u0300 l\u2019inaugurat ...\",\"breadcrumb\":{\"@id\":\"https:\/\/www.africa-press.net\/senegal\/economie\/tamba-macky-sall-va-inaugurer-plusieurs-infrastructures-realisees-par-promovilles#breadcrumb\"},\"inLanguage\":\"fr-FR\",\"potentialAction\":[{\"@type\":\"ReadAction\",\"target\":[\"https:\/\/www.africa-press.net\/senegal\/economie\/tamba-macky-sall-va-inaugurer-plusieurs-infrastructures-realisees-par-promovilles\"]}]},{\"@type\":\"ImageObject\",\"inLanguage\":\"fr-FR\",\"@id\":\"https:\/\/www.africa-press.net\/senegal\/economie\/tamba-macky-sall-va-inaugurer-plusieurs-infrastructures-realisees-par-promovilles#primaryimage\",\"url\":\"https:\/\/static.africa-press.net\/senegal\/sites\/13\/2022\/12\/postQueueImg_1672154786.07.jpg\",\"contentUrl\":\"https:\/\/static.africa-press.net\/senegal\/sites\/13\/2022\/12\/postQueueImg_1672154786.07.jpg\",\"width\":720,\"height\":350,\"caption\":\"Tamba : Macky Sall va inaugurer plusieurs infrastructures r\u00e9alis\u00e9es par PROMOVILLES\"},{\"@type\":\"BreadcrumbList\",\"@id\":\"https:\/\/www.africa-press.net\/senegal\/economie\/tamba-macky-sall-va-inaugurer-plusieurs-infrastructures-realisees-par-promovilles#breadcrumb\",\"itemListElement\":[{\"@type\":\"ListItem\",\"position\":1,\"name\":\"Accueil\",\"item\":\"https:\/\/www.africa-press.net\/senegal\/\"},{\"@type\":\"ListItem\",\"position\":2,\"name\":\"Tamba : Macky Sall va inaugurer plusieurs infrastructures r\u00e9alis\u00e9es par PROMOVILLES\"}]},{\"@type\":\"WebSite\",\"@id\":\"https:\/\/www.africa-press.net\/senegal\/#website\",\"url\":\"https:\/\/www.africa-press.net\/senegal\/\",\"name\":\"Africa Press | Senegal | Homepage\",\"description\":\"Just another Africa News Agency Sites site\",\"potentialAction\":[{\"@type\":\"SearchAction\",\"target\":{\"@type\":\"EntryPoint\",\"urlTemplate\":\"https:\/\/www.africa-press.net\/senegal\/?s={search_term_string}\"},\"query-input\":{\"@type\":\"PropertyValueSpecification\",\"valueRequired\":true,\"valueName\":\"search_term_string\"}}],\"inLanguage\":\"fr-FR\"},{\"@type\":\"Person\",\"@id\":\"https:\/\/www.africa-press.net\/senegal\/#\/schema\/person\/2b1cf3cd81a31e3cd26889ca66d677f1\",\"name\":\"cfeditorfr\",\"url\":\"https:\/\/www.africa-press.net\/senegal\/author\/cfeditorfr\"}]}<\/script>\n<!-- \/ Yoast SEO Premium plugin. -->","yoast_head_json":{"title":"Tamba : Macky Sall va inaugurer plusieurs infrastructures r\u00e9alis\u00e9es par PROMOVILLES - Senegal","description":"Le Pre\u0301sident de la Re\u0301publique, Macky Sall, va proce\u0301der, ce jeudi 29 de\u0301cembre 2022 a\u0300 partir de 18h30, a\u0300 l\u2019inaugurat ...","robots":{"index":"index","follow":"follow","max-snippet":"max-snippet:-1","max-image-preview":"max-image-preview:large","max-video-preview":"max-video-preview:-1"},"canonical":"https:\/\/www.africa-press.net\/senegal\/economie\/tamba-macky-sall-va-inaugurer-plusieurs-infrastructures-realisees-par-promovilles","og_locale":"fr_FR","og_type":"article","og_title":"Tamba : Macky Sall va inaugurer plusieurs infrastructures r\u00e9alis\u00e9es par PROMOVILLES","og_description":"Le Pre\u0301sident de la Re\u0301publique, Macky Sall, va proce\u0301der, ce jeudi 29 de\u0301cembre 2022 a\u0300 partir de 18h30, a\u0300 l\u2019inaugurat ...","og_url":"https:\/\/www.africa-press.net\/senegal\/economie\/tamba-macky-sall-va-inaugurer-plusieurs-infrastructures-realisees-par-promovilles","og_site_name":"Senegal","article_published_time":"2022-12-27T18:56:10+00:00","article_modified_time":"2022-12-27T19:33:36+00:00","og_image":[{"width":720,"height":350,"url":"https:\/\/static.africa-press.net\/senegal\/sites\/13\/2022\/12\/postQueueImg_1672154786.07.jpg","type":"image\/jpeg"}],"author":"cfeditorfr","twitter_card":"summary_large_image","twitter_misc":{"\u00c9crit par":"cfeditorfr","Dur\u00e9e de lecture estim\u00e9e":"3 minutes"},"schema":{"@context":"https:\/\/schema.org","@graph":[{"@type":"Article","@id":"https:\/\/www.africa-press.net\/senegal\/economie\/tamba-macky-sall-va-inaugurer-plusieurs-infrastructures-realisees-par-promovilles#article","isPartOf":{"@id":"https:\/\/www.africa-press.net\/senegal\/economie\/tamba-macky-sall-va-inaugurer-plusieurs-infrastructures-realisees-par-promovilles"},"author":{"name":"cfeditorfr","@id":"https:\/\/www.africa-press.net\/senegal\/#\/schema\/person\/2b1cf3cd81a31e3cd26889ca66d677f1"},"headline":"Tamba : Macky Sall va inaugurer plusieurs infrastructures r\u00e9alis\u00e9es par PROMOVILLES","datePublished":"2022-12-27T18:56:10+00:00","dateModified":"2022-12-27T19:33:36+00:00","mainEntityOfPage":{"@id":"https:\/\/www.africa-press.net\/senegal\/economie\/tamba-macky-sall-va-inaugurer-plusieurs-infrastructures-realisees-par-promovilles"},"wordCount":553,"commentCount":0,"image":{"@id":"https:\/\/www.africa-press.net\/senegal\/economie\/tamba-macky-sall-va-inaugurer-plusieurs-infrastructures-realisees-par-promovilles#primaryimage"},"thumbnailUrl":"https:\/\/static.africa-press.net\/senegal\/sites\/13\/2022\/12\/postQueueImg_1672154786.07.jpg","keywords":["Africa Press","Africa Press-Senegal","Senegal"],"articleSection":["\u00c9conomie","Top Nouvelles","Toutes les actualit\u00e9s"],"inLanguage":"fr-FR","potentialAction":[{"@type":"CommentAction","name":"Comment","target":["https:\/\/www.africa-press.net\/senegal\/economie\/tamba-macky-sall-va-inaugurer-plusieurs-infrastructures-realisees-par-promovilles#respond"]}]},{"@type":"WebPage","@id":"https:\/\/www.africa-press.net\/senegal\/economie\/tamba-macky-sall-va-inaugurer-plusieurs-infrastructures-realisees-par-promovilles","url":"https:\/\/www.africa-press.net\/senegal\/economie\/tamba-macky-sall-va-inaugurer-plusieurs-infrastructures-realisees-par-promovilles","name":"Tamba : Macky Sall va inaugurer plusieurs infrastructures r\u00e9alis\u00e9es par PROMOVILLES - Senegal","isPartOf":{"@id":"https:\/\/www.africa-press.net\/senegal\/#website"},"primaryImageOfPage":{"@id":"https:\/\/www.africa-press.net\/senegal\/economie\/tamba-macky-sall-va-inaugurer-plusieurs-infrastructures-realisees-par-promovilles#primaryimage"},"image":{"@id":"https:\/\/www.africa-press.net\/senegal\/economie\/tamba-macky-sall-va-inaugurer-plusieurs-infrastructures-realisees-par-promovilles#primaryimage"},"thumbnailUrl":"https:\/\/static.africa-press.net\/senegal\/sites\/13\/2022\/12\/postQueueImg_1672154786.07.jpg","datePublished":"2022-12-27T18:56:10+00:00","dateModified":"2022-12-27T19:33:36+00:00","author":{"@id":"https:\/\/www.africa-press.net\/senegal\/#\/schema\/person\/2b1cf3cd81a31e3cd26889ca66d677f1"},"description":"Le Pre\u0301sident de la Re\u0301publique, Macky Sall, va proce\u0301der, ce jeudi 29 de\u0301cembre 2022 a\u0300 partir de 18h30, a\u0300 l\u2019inaugurat ...","breadcrumb":{"@id":"https:\/\/www.africa-press.net\/senegal\/economie\/tamba-macky-sall-va-inaugurer-plusieurs-infrastructures-realisees-par-promovilles#breadcrumb"},"inLanguage":"fr-FR","potentialAction":[{"@type":"ReadAction","target":["https:\/\/www.africa-press.net\/senegal\/economie\/tamba-macky-sall-va-inaugurer-plusieurs-infrastructures-realisees-par-promovilles"]}]},{"@type":"ImageObject","inLanguage":"fr-FR","@id":"https:\/\/www.africa-press.net\/senegal\/economie\/tamba-macky-sall-va-inaugurer-plusieurs-infrastructures-realisees-par-promovilles#primaryimage","url":"https:\/\/static.africa-press.net\/senegal\/sites\/13\/2022\/12\/postQueueImg_1672154786.07.jpg","contentUrl":"https:\/\/static.africa-press.net\/senegal\/sites\/13\/2022\/12\/postQueueImg_1672154786.07.jpg","width":720,"height":350,"caption":"Tamba : Macky Sall va inaugurer plusieurs infrastructures r\u00e9alis\u00e9es par PROMOVILLES"},{"@type":"BreadcrumbList","@id":"https:\/\/www.africa-press.net\/senegal\/economie\/tamba-macky-sall-va-inaugurer-plusieurs-infrastructures-realisees-par-promovilles#breadcrumb","itemListElement":[{"@type":"ListItem","position":1,"name":"Accueil","item":"https:\/\/www.africa-press.net\/senegal\/"},{"@type":"ListItem","position":2,"name":"Tamba : Macky Sall va inaugurer plusieurs infrastructures r\u00e9alis\u00e9es par PROMOVILLES"}]},{"@type":"WebSite","@id":"https:\/\/www.africa-press.net\/senegal\/#website","url":"https:\/\/www.africa-press.net\/senegal\/","name":"Africa Press | Senegal | Homepage","description":"Just another Africa News Agency Sites site","potentialAction":[{"@type":"SearchAction","target":{"@type":"EntryPoint","urlTemplate":"https:\/\/www.africa-press.net\/senegal\/?s={search_term_string}"},"query-input":{"@type":"PropertyValueSpecification","valueRequired":true,"valueName":"search_term_string"}}],"inLanguage":"fr-FR"},{"@type":"Person","@id":"https:\/\/www.africa-press.net\/senegal\/#\/schema\/person\/2b1cf3cd81a31e3cd26889ca66d677f1","name":"cfeditorfr","url":"https:\/\/www.africa-press.net\/senegal\/author\/cfeditorfr"}]}},"_links":{"self":[{"href":"https:\/\/www.africa-press.net\/senegal\/wp-json\/wp\/v2\/posts\/37267","targetHints":{"allow":["GET"]}}],"collection":[{"href":"https:\/\/www.africa-press.net\/senegal\/wp-json\/wp\/v2\/posts"}],"about":[{"href":"https:\/\/www.africa-press.net\/senegal\/wp-json\/wp\/v2\/types\/post"}],"author":[{"embeddable":true,"href":"https:\/\/www.africa-press.net\/senegal\/wp-json\/wp\/v2\/users\/82"}],"replies":[{"embeddable":true,"href":"https:\/\/www.africa-press.net\/senegal\/wp-json\/wp\/v2\/comments?post=37267"}],"version-history":[{"count":0,"href":"https:\/\/www.africa-press.net\/senegal\/wp-json\/wp\/v2\/posts\/37267\/revisions"}],"wp:featuredmedia":[{"embeddable":true,"href":"https:\/\/www.africa-press.net\/senegal\/wp-json\/wp\/v2\/media\/37266"}],"wp:attachment":[{"href":"https:\/\/www.africa-press.net\/senegal\/wp-json\/wp\/v2\/media?parent=37267"}],"wp:term":[{"taxonomy":"category","embeddable":true,"href":"https:\/\/www.africa-press.net\/senegal\/wp-json\/wp\/v2\/categories?post=37267"},{"taxonomy":"post_tag","embeddable":true,"href":"https:\/\/www.africa-press.net\/senegal\/wp-json\/wp\/v2\/tags?post=37267"}],"curies":[{"name":"wp","href":"https:\/\/api.w.org\/{rel}","templated":true}]}}