{"id":37273,"date":"2022-12-27T18:59:54","date_gmt":"2022-12-27T18:59:54","guid":{"rendered":"https:\/\/www.africa-press.net\/senegal\/politique\/tambacounda-le-pouvoir-liste-ses-realisations"},"modified":"2022-12-27T19:34:44","modified_gmt":"2022-12-27T19:34:44","slug":"tambacounda-le-pouvoir-liste-ses-realisations","status":"publish","type":"post","link":"https:\/\/www.africa-press.net\/senegal\/economie\/tambacounda-le-pouvoir-liste-ses-realisations","title":{"rendered":"Tambacounda : Le pouvoir liste ses r\u00e9alisations"},"content":{"rendered":"<p><span style=\"color: #ff6600\"><strong>Africa-Press &#8211; Senegal. <\/strong><\/span>En perspective du conseil des ministres de\u0301centralise\u0301 pre\u0301vu, ce mercredi 28 de\u0301cembre a\u0300 Tambacounda, le pouvoir a sorti ses chiffres dans cette partie orientale du Se\u0301ne\u0301gal. Si l\u2019on en croit une note du bureau d\u2019information gouvernementale, 248 milliards ont e\u0301te\u0301 investis a\u0300 Tamba entre 2013 et 2022.<\/p>\n<p>Dans le de\u0301tail, ajoute la note, il s\u2019agit de 156,834 milliards de travaux acheve\u0301s, 52 milliards pour des chantiers en cours, 39,23 milliards en phase de de\u0301marrage. \u00ab D&rsquo;autres investissements sont e\u0301galement envisage\u0301s en perspective pour un montant de 144,3 milliards \u00bb, promet-on.<\/p>\n<p>A propos des re\u0301alisations, il s\u2019agit de 399 Km de routes reve\u0302tues et 345 km de pistes de de\u0301senclavement pour un total de 156 milliards 834 millions de FCFA. \u00ab A l\u2019horizon 2026, les investissements vont atteindre un line\u0301aire de 1370,2 km, pour un cou\u0302t global de 425,3 milliards FCFA \u00bb, s\u2019engage le gouvernement.<\/p>\n<p>Sur le plan social, Tamba compte 24 886 be\u0301ne\u0301ficiaires de bourses de se\u0301curite\u0301 sociale, en plus d\u2019avoir encaisse\u0301 3 milliards lors des \u2018\u2019transferts mone\u0301taires exceptionnels\u2019\u2019, sans compter les 22,445 milliards du Pudc (pistes rurales, hydraulique, e\u0301lectricite\u0301) et les 2,481 milliards de la Cmu entre 2015 et 2022.<\/p>\n<p>La commune elle-me\u0302me a be\u0301ne\u0301ficie\u0301 de 11 milliards d\u2019investissement avec Promovilles. De fac\u0327on de\u0301taille\u0301e, il s\u2019agit de \u00ab 15 km de voirie assainie et e\u0301claire\u0301e re\u0301partis sur 14 tronc\u0327ons dans 17 quartiers pe\u0301riphe\u0301riques peuple\u0301s et jadis caracte\u0301rise\u0301s par d\u2019importants ravinements, qui impactent 108 666 habitants, 434 Lampadaires, Un ame\u0301nagement sur le parking intercommunal des gros porteurs (aires de de\u0301tente, lieux de prie\u0300re, salle de restauration)&#8230; \u00bb.<\/p>\n<p>Pour se\u0301duire davantage, le pouvoir attribue me\u0302me a\u0300 Tamba la re\u0301alisation du chemin de fer pour un montant de 1965 milliards. Un chantier sans cesse annonce\u0301, jamais de\u0301marre\u0301.<\/p>\n<p><strong>Pour plus d&rsquo;informations et d&rsquo;analyses sur la <a href=\"https:\/\/www.africa-press.net\/senegal\">Senegal<\/a>, suivez <a href=\"https:\/\/www.africa-press.net\/\">Africa-Press<\/a><\/strong><\/p>\n","protected":false},"excerpt":{"rendered":"<p>Africa-Press &#8211; Senegal. En perspective du conseil des ministres de\u0301centralise\u0301 pre\u0301vu, ce mercredi 28 de\u0301cembre a\u0300 Tambacounda, le pouvoir a sorti ses chiffres dans cette partie orientale du Se\u0301ne\u0301gal. Si l\u2019on en croit une note du bureau d\u2019information gouvernementale, 248 milliards ont e\u0301te\u0301 investis a\u0300 Tamba entre 2013 et 2022. Dans le de\u0301tail, ajoute la [&hellip;]<\/p>\n","protected":false},"author":82,"featured_media":37272,"comment_status":"open","ping_status":"closed","sticky":false,"template":"","format":"standard","meta":{"footnotes":""},"categories":[3,10],"tags":[43,47,44],"class_list":["post-37273","post","type-post","status-publish","format-standard","has-post-thumbnail","hentry","category-economie","category-toutes-les-actualites","tag-africa-press-2","tag-africa-press-senegal","tag-senegal-2"],"yoast_head":"<!-- This site is optimized with the Yoast SEO Premium plugin v26.1 (Yoast SEO v27.0) - https:\/\/yoast.com\/product\/yoast-seo-premium-wordpress\/ -->\n<title>Tambacounda : Le pouvoir liste ses r\u00e9alisations - Senegal<\/title>\n<meta name=\"description\" content=\"En perspective du conseil des ministres de\u0301centralise\u0301 pre\u0301vu, ce mercredi 28 de\u0301cembre a\u0300 Tambacounda, le pouvoir a sor ...\" \/>\n<meta name=\"robots\" content=\"index, follow, max-snippet:-1, max-image-preview:large, max-video-preview:-1\" \/>\n<link rel=\"canonical\" href=\"https:\/\/www.africa-press.net\/senegal\/economie\/tambacounda-le-pouvoir-liste-ses-realisations\" \/>\n<meta property=\"og:locale\" content=\"fr_FR\" \/>\n<meta property=\"og:type\" content=\"article\" \/>\n<meta property=\"og:title\" content=\"Tambacounda : Le pouvoir liste ses r\u00e9alisations\" \/>\n<meta property=\"og:description\" content=\"En perspective du conseil des ministres de\u0301centralise\u0301 pre\u0301vu, ce mercredi 28 de\u0301cembre a\u0300 Tambacounda, le pouvoir a sor ...\" \/>\n<meta property=\"og:url\" content=\"https:\/\/www.africa-press.net\/senegal\/economie\/tambacounda-le-pouvoir-liste-ses-realisations\" \/>\n<meta property=\"og:site_name\" content=\"Senegal\" \/>\n<meta property=\"article:published_time\" content=\"2022-12-27T18:59:54+00:00\" \/>\n<meta property=\"article:modified_time\" content=\"2022-12-27T19:34:44+00:00\" \/>\n<meta property=\"og:image\" content=\"https:\/\/static.africa-press.net\/senegal\/sites\/13\/2022\/12\/postQueueImg_1672155008.07.jpg\" \/>\n\t<meta property=\"og:image:width\" content=\"720\" \/>\n\t<meta property=\"og:image:height\" content=\"350\" \/>\n\t<meta property=\"og:image:type\" content=\"image\/jpeg\" \/>\n<meta name=\"author\" content=\"cfeditorfr\" \/>\n<meta name=\"twitter:card\" content=\"summary_large_image\" \/>\n<meta name=\"twitter:label1\" content=\"\u00c9crit par\" \/>\n\t<meta name=\"twitter:data1\" content=\"cfeditorfr\" \/>\n\t<meta name=\"twitter:label2\" content=\"Dur\u00e9e de lecture estim\u00e9e\" \/>\n\t<meta name=\"twitter:data2\" content=\"2 minutes\" \/>\n<script type=\"application\/ld+json\" class=\"yoast-schema-graph\">{\"@context\":\"https:\/\/schema.org\",\"@graph\":[{\"@type\":\"Article\",\"@id\":\"https:\/\/www.africa-press.net\/senegal\/economie\/tambacounda-le-pouvoir-liste-ses-realisations#article\",\"isPartOf\":{\"@id\":\"https:\/\/www.africa-press.net\/senegal\/economie\/tambacounda-le-pouvoir-liste-ses-realisations\"},\"author\":{\"name\":\"cfeditorfr\",\"@id\":\"https:\/\/www.africa-press.net\/senegal\/#\/schema\/person\/2b1cf3cd81a31e3cd26889ca66d677f1\"},\"headline\":\"Tambacounda : Le pouvoir liste ses r\u00e9alisations\",\"datePublished\":\"2022-12-27T18:59:54+00:00\",\"dateModified\":\"2022-12-27T19:34:44+00:00\",\"mainEntityOfPage\":{\"@id\":\"https:\/\/www.africa-press.net\/senegal\/economie\/tambacounda-le-pouvoir-liste-ses-realisations\"},\"wordCount\":325,\"commentCount\":0,\"image\":{\"@id\":\"https:\/\/www.africa-press.net\/senegal\/economie\/tambacounda-le-pouvoir-liste-ses-realisations#primaryimage\"},\"thumbnailUrl\":\"https:\/\/static.africa-press.net\/senegal\/sites\/13\/2022\/12\/postQueueImg_1672155008.07.jpg\",\"keywords\":[\"Africa Press\",\"Africa Press-Senegal\",\"Senegal\"],\"articleSection\":[\"\u00c9conomie\",\"Toutes les actualit\u00e9s\"],\"inLanguage\":\"fr-FR\",\"potentialAction\":[{\"@type\":\"CommentAction\",\"name\":\"Comment\",\"target\":[\"https:\/\/www.africa-press.net\/senegal\/economie\/tambacounda-le-pouvoir-liste-ses-realisations#respond\"]}]},{\"@type\":\"WebPage\",\"@id\":\"https:\/\/www.africa-press.net\/senegal\/economie\/tambacounda-le-pouvoir-liste-ses-realisations\",\"url\":\"https:\/\/www.africa-press.net\/senegal\/economie\/tambacounda-le-pouvoir-liste-ses-realisations\",\"name\":\"Tambacounda : Le pouvoir liste ses r\u00e9alisations - Senegal\",\"isPartOf\":{\"@id\":\"https:\/\/www.africa-press.net\/senegal\/#website\"},\"primaryImageOfPage\":{\"@id\":\"https:\/\/www.africa-press.net\/senegal\/economie\/tambacounda-le-pouvoir-liste-ses-realisations#primaryimage\"},\"image\":{\"@id\":\"https:\/\/www.africa-press.net\/senegal\/economie\/tambacounda-le-pouvoir-liste-ses-realisations#primaryimage\"},\"thumbnailUrl\":\"https:\/\/static.africa-press.net\/senegal\/sites\/13\/2022\/12\/postQueueImg_1672155008.07.jpg\",\"datePublished\":\"2022-12-27T18:59:54+00:00\",\"dateModified\":\"2022-12-27T19:34:44+00:00\",\"author\":{\"@id\":\"https:\/\/www.africa-press.net\/senegal\/#\/schema\/person\/2b1cf3cd81a31e3cd26889ca66d677f1\"},\"description\":\"En perspective du conseil des ministres de\u0301centralise\u0301 pre\u0301vu, ce mercredi 28 de\u0301cembre a\u0300 Tambacounda, le pouvoir a sor ...\",\"breadcrumb\":{\"@id\":\"https:\/\/www.africa-press.net\/senegal\/economie\/tambacounda-le-pouvoir-liste-ses-realisations#breadcrumb\"},\"inLanguage\":\"fr-FR\",\"potentialAction\":[{\"@type\":\"ReadAction\",\"target\":[\"https:\/\/www.africa-press.net\/senegal\/economie\/tambacounda-le-pouvoir-liste-ses-realisations\"]}]},{\"@type\":\"ImageObject\",\"inLanguage\":\"fr-FR\",\"@id\":\"https:\/\/www.africa-press.net\/senegal\/economie\/tambacounda-le-pouvoir-liste-ses-realisations#primaryimage\",\"url\":\"https:\/\/static.africa-press.net\/senegal\/sites\/13\/2022\/12\/postQueueImg_1672155008.07.jpg\",\"contentUrl\":\"https:\/\/static.africa-press.net\/senegal\/sites\/13\/2022\/12\/postQueueImg_1672155008.07.jpg\",\"width\":720,\"height\":350,\"caption\":\"Tambacounda : Le pouvoir liste ses r\u00e9alisations\"},{\"@type\":\"BreadcrumbList\",\"@id\":\"https:\/\/www.africa-press.net\/senegal\/economie\/tambacounda-le-pouvoir-liste-ses-realisations#breadcrumb\",\"itemListElement\":[{\"@type\":\"ListItem\",\"position\":1,\"name\":\"Accueil\",\"item\":\"https:\/\/www.africa-press.net\/senegal\/\"},{\"@type\":\"ListItem\",\"position\":2,\"name\":\"Tambacounda : Le pouvoir liste ses r\u00e9alisations\"}]},{\"@type\":\"WebSite\",\"@id\":\"https:\/\/www.africa-press.net\/senegal\/#website\",\"url\":\"https:\/\/www.africa-press.net\/senegal\/\",\"name\":\"Africa Press | Senegal | Homepage\",\"description\":\"Just another Africa News Agency Sites site\",\"potentialAction\":[{\"@type\":\"SearchAction\",\"target\":{\"@type\":\"EntryPoint\",\"urlTemplate\":\"https:\/\/www.africa-press.net\/senegal\/?s={search_term_string}\"},\"query-input\":{\"@type\":\"PropertyValueSpecification\",\"valueRequired\":true,\"valueName\":\"search_term_string\"}}],\"inLanguage\":\"fr-FR\"},{\"@type\":\"Person\",\"@id\":\"https:\/\/www.africa-press.net\/senegal\/#\/schema\/person\/2b1cf3cd81a31e3cd26889ca66d677f1\",\"name\":\"cfeditorfr\",\"url\":\"https:\/\/www.africa-press.net\/senegal\/author\/cfeditorfr\"}]}<\/script>\n<!-- \/ Yoast SEO Premium plugin. -->","yoast_head_json":{"title":"Tambacounda : Le pouvoir liste ses r\u00e9alisations - Senegal","description":"En perspective du conseil des ministres de\u0301centralise\u0301 pre\u0301vu, ce mercredi 28 de\u0301cembre a\u0300 Tambacounda, le pouvoir a sor ...","robots":{"index":"index","follow":"follow","max-snippet":"max-snippet:-1","max-image-preview":"max-image-preview:large","max-video-preview":"max-video-preview:-1"},"canonical":"https:\/\/www.africa-press.net\/senegal\/economie\/tambacounda-le-pouvoir-liste-ses-realisations","og_locale":"fr_FR","og_type":"article","og_title":"Tambacounda : Le pouvoir liste ses r\u00e9alisations","og_description":"En perspective du conseil des ministres de\u0301centralise\u0301 pre\u0301vu, ce mercredi 28 de\u0301cembre a\u0300 Tambacounda, le pouvoir a sor ...","og_url":"https:\/\/www.africa-press.net\/senegal\/economie\/tambacounda-le-pouvoir-liste-ses-realisations","og_site_name":"Senegal","article_published_time":"2022-12-27T18:59:54+00:00","article_modified_time":"2022-12-27T19:34:44+00:00","og_image":[{"width":720,"height":350,"url":"https:\/\/static.africa-press.net\/senegal\/sites\/13\/2022\/12\/postQueueImg_1672155008.07.jpg","type":"image\/jpeg"}],"author":"cfeditorfr","twitter_card":"summary_large_image","twitter_misc":{"\u00c9crit par":"cfeditorfr","Dur\u00e9e de lecture estim\u00e9e":"2 minutes"},"schema":{"@context":"https:\/\/schema.org","@graph":[{"@type":"Article","@id":"https:\/\/www.africa-press.net\/senegal\/economie\/tambacounda-le-pouvoir-liste-ses-realisations#article","isPartOf":{"@id":"https:\/\/www.africa-press.net\/senegal\/economie\/tambacounda-le-pouvoir-liste-ses-realisations"},"author":{"name":"cfeditorfr","@id":"https:\/\/www.africa-press.net\/senegal\/#\/schema\/person\/2b1cf3cd81a31e3cd26889ca66d677f1"},"headline":"Tambacounda : Le pouvoir liste ses r\u00e9alisations","datePublished":"2022-12-27T18:59:54+00:00","dateModified":"2022-12-27T19:34:44+00:00","mainEntityOfPage":{"@id":"https:\/\/www.africa-press.net\/senegal\/economie\/tambacounda-le-pouvoir-liste-ses-realisations"},"wordCount":325,"commentCount":0,"image":{"@id":"https:\/\/www.africa-press.net\/senegal\/economie\/tambacounda-le-pouvoir-liste-ses-realisations#primaryimage"},"thumbnailUrl":"https:\/\/static.africa-press.net\/senegal\/sites\/13\/2022\/12\/postQueueImg_1672155008.07.jpg","keywords":["Africa Press","Africa Press-Senegal","Senegal"],"articleSection":["\u00c9conomie","Toutes les actualit\u00e9s"],"inLanguage":"fr-FR","potentialAction":[{"@type":"CommentAction","name":"Comment","target":["https:\/\/www.africa-press.net\/senegal\/economie\/tambacounda-le-pouvoir-liste-ses-realisations#respond"]}]},{"@type":"WebPage","@id":"https:\/\/www.africa-press.net\/senegal\/economie\/tambacounda-le-pouvoir-liste-ses-realisations","url":"https:\/\/www.africa-press.net\/senegal\/economie\/tambacounda-le-pouvoir-liste-ses-realisations","name":"Tambacounda : Le pouvoir liste ses r\u00e9alisations - Senegal","isPartOf":{"@id":"https:\/\/www.africa-press.net\/senegal\/#website"},"primaryImageOfPage":{"@id":"https:\/\/www.africa-press.net\/senegal\/economie\/tambacounda-le-pouvoir-liste-ses-realisations#primaryimage"},"image":{"@id":"https:\/\/www.africa-press.net\/senegal\/economie\/tambacounda-le-pouvoir-liste-ses-realisations#primaryimage"},"thumbnailUrl":"https:\/\/static.africa-press.net\/senegal\/sites\/13\/2022\/12\/postQueueImg_1672155008.07.jpg","datePublished":"2022-12-27T18:59:54+00:00","dateModified":"2022-12-27T19:34:44+00:00","author":{"@id":"https:\/\/www.africa-press.net\/senegal\/#\/schema\/person\/2b1cf3cd81a31e3cd26889ca66d677f1"},"description":"En perspective du conseil des ministres de\u0301centralise\u0301 pre\u0301vu, ce mercredi 28 de\u0301cembre a\u0300 Tambacounda, le pouvoir a sor ...","breadcrumb":{"@id":"https:\/\/www.africa-press.net\/senegal\/economie\/tambacounda-le-pouvoir-liste-ses-realisations#breadcrumb"},"inLanguage":"fr-FR","potentialAction":[{"@type":"ReadAction","target":["https:\/\/www.africa-press.net\/senegal\/economie\/tambacounda-le-pouvoir-liste-ses-realisations"]}]},{"@type":"ImageObject","inLanguage":"fr-FR","@id":"https:\/\/www.africa-press.net\/senegal\/economie\/tambacounda-le-pouvoir-liste-ses-realisations#primaryimage","url":"https:\/\/static.africa-press.net\/senegal\/sites\/13\/2022\/12\/postQueueImg_1672155008.07.jpg","contentUrl":"https:\/\/static.africa-press.net\/senegal\/sites\/13\/2022\/12\/postQueueImg_1672155008.07.jpg","width":720,"height":350,"caption":"Tambacounda : Le pouvoir liste ses r\u00e9alisations"},{"@type":"BreadcrumbList","@id":"https:\/\/www.africa-press.net\/senegal\/economie\/tambacounda-le-pouvoir-liste-ses-realisations#breadcrumb","itemListElement":[{"@type":"ListItem","position":1,"name":"Accueil","item":"https:\/\/www.africa-press.net\/senegal\/"},{"@type":"ListItem","position":2,"name":"Tambacounda : Le pouvoir liste ses r\u00e9alisations"}]},{"@type":"WebSite","@id":"https:\/\/www.africa-press.net\/senegal\/#website","url":"https:\/\/www.africa-press.net\/senegal\/","name":"Africa Press | Senegal | Homepage","description":"Just another Africa News Agency Sites site","potentialAction":[{"@type":"SearchAction","target":{"@type":"EntryPoint","urlTemplate":"https:\/\/www.africa-press.net\/senegal\/?s={search_term_string}"},"query-input":{"@type":"PropertyValueSpecification","valueRequired":true,"valueName":"search_term_string"}}],"inLanguage":"fr-FR"},{"@type":"Person","@id":"https:\/\/www.africa-press.net\/senegal\/#\/schema\/person\/2b1cf3cd81a31e3cd26889ca66d677f1","name":"cfeditorfr","url":"https:\/\/www.africa-press.net\/senegal\/author\/cfeditorfr"}]}},"_links":{"self":[{"href":"https:\/\/www.africa-press.net\/senegal\/wp-json\/wp\/v2\/posts\/37273","targetHints":{"allow":["GET"]}}],"collection":[{"href":"https:\/\/www.africa-press.net\/senegal\/wp-json\/wp\/v2\/posts"}],"about":[{"href":"https:\/\/www.africa-press.net\/senegal\/wp-json\/wp\/v2\/types\/post"}],"author":[{"embeddable":true,"href":"https:\/\/www.africa-press.net\/senegal\/wp-json\/wp\/v2\/users\/82"}],"replies":[{"embeddable":true,"href":"https:\/\/www.africa-press.net\/senegal\/wp-json\/wp\/v2\/comments?post=37273"}],"version-history":[{"count":0,"href":"https:\/\/www.africa-press.net\/senegal\/wp-json\/wp\/v2\/posts\/37273\/revisions"}],"wp:featuredmedia":[{"embeddable":true,"href":"https:\/\/www.africa-press.net\/senegal\/wp-json\/wp\/v2\/media\/37272"}],"wp:attachment":[{"href":"https:\/\/www.africa-press.net\/senegal\/wp-json\/wp\/v2\/media?parent=37273"}],"wp:term":[{"taxonomy":"category","embeddable":true,"href":"https:\/\/www.africa-press.net\/senegal\/wp-json\/wp\/v2\/categories?post=37273"},{"taxonomy":"post_tag","embeddable":true,"href":"https:\/\/www.africa-press.net\/senegal\/wp-json\/wp\/v2\/tags?post=37273"}],"curies":[{"name":"wp","href":"https:\/\/api.w.org\/{rel}","templated":true}]}}