{"id":37276,"date":"2022-12-27T19:00:30","date_gmt":"2022-12-27T19:00:30","guid":{"rendered":"https:\/\/www.africa-press.net\/senegal\/politique\/tambacounda-macky-sall-va-proceder-a-linauguration-du-camp-militaire-de-goudiry"},"modified":"2022-12-27T19:35:26","modified_gmt":"2022-12-27T19:35:26","slug":"tambacounda-macky-sall-va-proceder-a-linauguration-du-camp-militaire-de-goudiry","status":"publish","type":"post","link":"https:\/\/www.africa-press.net\/senegal\/politique\/tambacounda-macky-sall-va-proceder-a-linauguration-du-camp-militaire-de-goudiry","title":{"rendered":"Tambacounda : Macky Sall va proc\u00e9der \u00e0 l\u2019inauguration du camp militaire de Goudiry"},"content":{"rendered":"<p><span style=\"color: #ff6600\"><strong>Africa-Press &#8211; Senegal. <\/strong><\/span>Le pre\u0301sident Macky Sall est arrive\u0301 a\u0300 Tambacounda, hier, lundi 26 de\u0301cembre, ou\u0300 il va pre\u0301sider un conseil des ministres de\u0301centralise\u0301, ce mercredi 28 de\u0301cembre.<\/p>\n<p>Le chef de l\u2019Etat va proce\u0301der, ce mardi 27 de\u0301cembre a\u0300 l\u2019inauguration du camp militaire de Goudiry (re\u0301gion de Tambacounda), a\u0300 partir de 10h 30. Selon un communique\u0301 de la Direction de l\u2019information et des relations publiques des arme\u0301es (Dirpa), parvenu a\u0300 Seneweb, \u00ab cette nouvelle implantation dont la premie\u0300re pierre a e\u0301te\u0301 pose\u0301e en juillet 2020, vient renforcer le maillage territorial du Se\u0301ne\u0301gal afin de mieux s\u2019adapter a\u0300 l\u2019e\u0301volution du contexte strate\u0301gique re\u0301gional et re\u0301pondre davantage aux besoins des populations en matie\u0300re de se\u0301curite\u0301 \u00bb.<\/p>\n<p>Le document renseigne, qu&rsquo;en \u00ab liaison avec les autres forces militaires et paramilitaires, le 4eme Bataillon d\u2019infanterie qui y sera de\u0301ploye\u0301, va permettre de lutter avec plus d\u2019efficacite\u0301 contre l\u2019inse\u0301curite\u0301 et les menaces transfrontaliers, tout en facilitant la coope\u0301ration se\u0301curitaire avec les forces des pays voisins \u00bb.<\/p>\n<p><strong>Pour plus d&rsquo;informations et d&rsquo;analyses sur la <a href=\"https:\/\/www.africa-press.net\/senegal\">Senegal<\/a>, suivez <a href=\"https:\/\/www.africa-press.net\/\">Africa-Press<\/a><\/strong><\/p>\n","protected":false},"excerpt":{"rendered":"<p>Africa-Press &#8211; Senegal. Le pre\u0301sident Macky Sall est arrive\u0301 a\u0300 Tambacounda, hier, lundi 26 de\u0301cembre, ou\u0300 il va pre\u0301sider un conseil des ministres de\u0301centralise\u0301, ce mercredi 28 de\u0301cembre. Le chef de l\u2019Etat va proce\u0301der, ce mardi 27 de\u0301cembre a\u0300 l\u2019inauguration du camp militaire de Goudiry (re\u0301gion de Tambacounda), a\u0300 partir de 10h 30. Selon un [&hellip;]<\/p>\n","protected":false},"author":82,"featured_media":37275,"comment_status":"open","ping_status":"closed","sticky":false,"template":"","format":"standard","meta":{"footnotes":""},"categories":[2,20,10],"tags":[43,47,44],"class_list":["post-37276","post","type-post","status-publish","format-standard","has-post-thumbnail","hentry","category-politique","category-top-nouvelles","category-toutes-les-actualites","tag-africa-press-2","tag-africa-press-senegal","tag-senegal-2"],"yoast_head":"<!-- This site is optimized with the Yoast SEO Premium plugin v26.1 (Yoast SEO v27.0) - https:\/\/yoast.com\/product\/yoast-seo-premium-wordpress\/ -->\n<title>Tambacounda : Macky Sall va proc\u00e9der \u00e0 l\u2019inauguration du camp militaire de Goudiry - Senegal<\/title>\n<meta name=\"description\" content=\"Le pre\u0301sident Macky Sall est arrive\u0301 a\u0300 Tambacounda, hier, lundi 26 de\u0301cembre, ou\u0300 il va pre\u0301sider un conseil des minist ...\" \/>\n<meta name=\"robots\" content=\"index, follow, max-snippet:-1, max-image-preview:large, max-video-preview:-1\" \/>\n<link rel=\"canonical\" href=\"https:\/\/www.africa-press.net\/senegal\/politique\/tambacounda-macky-sall-va-proceder-a-linauguration-du-camp-militaire-de-goudiry\" \/>\n<meta property=\"og:locale\" content=\"fr_FR\" \/>\n<meta property=\"og:type\" content=\"article\" \/>\n<meta property=\"og:title\" content=\"Tambacounda : Macky Sall va proc\u00e9der \u00e0 l\u2019inauguration du camp militaire de Goudiry\" \/>\n<meta property=\"og:description\" content=\"Le pre\u0301sident Macky Sall est arrive\u0301 a\u0300 Tambacounda, hier, lundi 26 de\u0301cembre, ou\u0300 il va pre\u0301sider un conseil des minist ...\" \/>\n<meta property=\"og:url\" content=\"https:\/\/www.africa-press.net\/senegal\/politique\/tambacounda-macky-sall-va-proceder-a-linauguration-du-camp-militaire-de-goudiry\" \/>\n<meta property=\"og:site_name\" content=\"Senegal\" \/>\n<meta property=\"article:published_time\" content=\"2022-12-27T19:00:30+00:00\" \/>\n<meta property=\"article:modified_time\" content=\"2022-12-27T19:35:26+00:00\" \/>\n<meta property=\"og:image\" content=\"https:\/\/static.africa-press.net\/senegal\/sites\/13\/2022\/12\/postQueueImg_1672155043.44.jpg\" \/>\n\t<meta property=\"og:image:width\" content=\"720\" \/>\n\t<meta property=\"og:image:height\" content=\"350\" \/>\n\t<meta property=\"og:image:type\" content=\"image\/jpeg\" \/>\n<meta name=\"author\" content=\"cfeditorfr\" \/>\n<meta name=\"twitter:card\" content=\"summary_large_image\" \/>\n<meta name=\"twitter:label1\" content=\"\u00c9crit par\" \/>\n\t<meta name=\"twitter:data1\" content=\"cfeditorfr\" \/>\n\t<meta name=\"twitter:label2\" content=\"Dur\u00e9e de lecture estim\u00e9e\" \/>\n\t<meta name=\"twitter:data2\" content=\"1 minute\" \/>\n<script type=\"application\/ld+json\" class=\"yoast-schema-graph\">{\"@context\":\"https:\/\/schema.org\",\"@graph\":[{\"@type\":\"Article\",\"@id\":\"https:\/\/www.africa-press.net\/senegal\/politique\/tambacounda-macky-sall-va-proceder-a-linauguration-du-camp-militaire-de-goudiry#article\",\"isPartOf\":{\"@id\":\"https:\/\/www.africa-press.net\/senegal\/politique\/tambacounda-macky-sall-va-proceder-a-linauguration-du-camp-militaire-de-goudiry\"},\"author\":{\"name\":\"cfeditorfr\",\"@id\":\"https:\/\/www.africa-press.net\/senegal\/#\/schema\/person\/2b1cf3cd81a31e3cd26889ca66d677f1\"},\"headline\":\"Tambacounda : Macky Sall va proc\u00e9der \u00e0 l\u2019inauguration du camp militaire de Goudiry\",\"datePublished\":\"2022-12-27T19:00:30+00:00\",\"dateModified\":\"2022-12-27T19:35:26+00:00\",\"mainEntityOfPage\":{\"@id\":\"https:\/\/www.africa-press.net\/senegal\/politique\/tambacounda-macky-sall-va-proceder-a-linauguration-du-camp-militaire-de-goudiry\"},\"wordCount\":210,\"commentCount\":0,\"image\":{\"@id\":\"https:\/\/www.africa-press.net\/senegal\/politique\/tambacounda-macky-sall-va-proceder-a-linauguration-du-camp-militaire-de-goudiry#primaryimage\"},\"thumbnailUrl\":\"https:\/\/static.africa-press.net\/senegal\/sites\/13\/2022\/12\/postQueueImg_1672155043.44.jpg\",\"keywords\":[\"Africa Press\",\"Africa Press-Senegal\",\"Senegal\"],\"articleSection\":[\"Politique\",\"Top Nouvelles\",\"Toutes les actualit\u00e9s\"],\"inLanguage\":\"fr-FR\",\"potentialAction\":[{\"@type\":\"CommentAction\",\"name\":\"Comment\",\"target\":[\"https:\/\/www.africa-press.net\/senegal\/politique\/tambacounda-macky-sall-va-proceder-a-linauguration-du-camp-militaire-de-goudiry#respond\"]}]},{\"@type\":\"WebPage\",\"@id\":\"https:\/\/www.africa-press.net\/senegal\/politique\/tambacounda-macky-sall-va-proceder-a-linauguration-du-camp-militaire-de-goudiry\",\"url\":\"https:\/\/www.africa-press.net\/senegal\/politique\/tambacounda-macky-sall-va-proceder-a-linauguration-du-camp-militaire-de-goudiry\",\"name\":\"Tambacounda : Macky Sall va proc\u00e9der \u00e0 l\u2019inauguration du camp militaire de Goudiry - Senegal\",\"isPartOf\":{\"@id\":\"https:\/\/www.africa-press.net\/senegal\/#website\"},\"primaryImageOfPage\":{\"@id\":\"https:\/\/www.africa-press.net\/senegal\/politique\/tambacounda-macky-sall-va-proceder-a-linauguration-du-camp-militaire-de-goudiry#primaryimage\"},\"image\":{\"@id\":\"https:\/\/www.africa-press.net\/senegal\/politique\/tambacounda-macky-sall-va-proceder-a-linauguration-du-camp-militaire-de-goudiry#primaryimage\"},\"thumbnailUrl\":\"https:\/\/static.africa-press.net\/senegal\/sites\/13\/2022\/12\/postQueueImg_1672155043.44.jpg\",\"datePublished\":\"2022-12-27T19:00:30+00:00\",\"dateModified\":\"2022-12-27T19:35:26+00:00\",\"author\":{\"@id\":\"https:\/\/www.africa-press.net\/senegal\/#\/schema\/person\/2b1cf3cd81a31e3cd26889ca66d677f1\"},\"description\":\"Le pre\u0301sident Macky Sall est arrive\u0301 a\u0300 Tambacounda, hier, lundi 26 de\u0301cembre, ou\u0300 il va pre\u0301sider un conseil des minist ...\",\"breadcrumb\":{\"@id\":\"https:\/\/www.africa-press.net\/senegal\/politique\/tambacounda-macky-sall-va-proceder-a-linauguration-du-camp-militaire-de-goudiry#breadcrumb\"},\"inLanguage\":\"fr-FR\",\"potentialAction\":[{\"@type\":\"ReadAction\",\"target\":[\"https:\/\/www.africa-press.net\/senegal\/politique\/tambacounda-macky-sall-va-proceder-a-linauguration-du-camp-militaire-de-goudiry\"]}]},{\"@type\":\"ImageObject\",\"inLanguage\":\"fr-FR\",\"@id\":\"https:\/\/www.africa-press.net\/senegal\/politique\/tambacounda-macky-sall-va-proceder-a-linauguration-du-camp-militaire-de-goudiry#primaryimage\",\"url\":\"https:\/\/static.africa-press.net\/senegal\/sites\/13\/2022\/12\/postQueueImg_1672155043.44.jpg\",\"contentUrl\":\"https:\/\/static.africa-press.net\/senegal\/sites\/13\/2022\/12\/postQueueImg_1672155043.44.jpg\",\"width\":720,\"height\":350,\"caption\":\"Tambacounda : Macky Sall va proc\u00e9der \u00e0 l\u2019inauguration du camp militaire de Goudiry\"},{\"@type\":\"BreadcrumbList\",\"@id\":\"https:\/\/www.africa-press.net\/senegal\/politique\/tambacounda-macky-sall-va-proceder-a-linauguration-du-camp-militaire-de-goudiry#breadcrumb\",\"itemListElement\":[{\"@type\":\"ListItem\",\"position\":1,\"name\":\"Accueil\",\"item\":\"https:\/\/www.africa-press.net\/senegal\/\"},{\"@type\":\"ListItem\",\"position\":2,\"name\":\"Tambacounda : Macky Sall va proc\u00e9der \u00e0 l\u2019inauguration du camp militaire de Goudiry\"}]},{\"@type\":\"WebSite\",\"@id\":\"https:\/\/www.africa-press.net\/senegal\/#website\",\"url\":\"https:\/\/www.africa-press.net\/senegal\/\",\"name\":\"Africa Press | Senegal | Homepage\",\"description\":\"Just another Africa News Agency Sites site\",\"potentialAction\":[{\"@type\":\"SearchAction\",\"target\":{\"@type\":\"EntryPoint\",\"urlTemplate\":\"https:\/\/www.africa-press.net\/senegal\/?s={search_term_string}\"},\"query-input\":{\"@type\":\"PropertyValueSpecification\",\"valueRequired\":true,\"valueName\":\"search_term_string\"}}],\"inLanguage\":\"fr-FR\"},{\"@type\":\"Person\",\"@id\":\"https:\/\/www.africa-press.net\/senegal\/#\/schema\/person\/2b1cf3cd81a31e3cd26889ca66d677f1\",\"name\":\"cfeditorfr\",\"url\":\"https:\/\/www.africa-press.net\/senegal\/author\/cfeditorfr\"}]}<\/script>\n<!-- \/ Yoast SEO Premium plugin. -->","yoast_head_json":{"title":"Tambacounda : Macky Sall va proc\u00e9der \u00e0 l\u2019inauguration du camp militaire de Goudiry - Senegal","description":"Le pre\u0301sident Macky Sall est arrive\u0301 a\u0300 Tambacounda, hier, lundi 26 de\u0301cembre, ou\u0300 il va pre\u0301sider un conseil des minist ...","robots":{"index":"index","follow":"follow","max-snippet":"max-snippet:-1","max-image-preview":"max-image-preview:large","max-video-preview":"max-video-preview:-1"},"canonical":"https:\/\/www.africa-press.net\/senegal\/politique\/tambacounda-macky-sall-va-proceder-a-linauguration-du-camp-militaire-de-goudiry","og_locale":"fr_FR","og_type":"article","og_title":"Tambacounda : Macky Sall va proc\u00e9der \u00e0 l\u2019inauguration du camp militaire de Goudiry","og_description":"Le pre\u0301sident Macky Sall est arrive\u0301 a\u0300 Tambacounda, hier, lundi 26 de\u0301cembre, ou\u0300 il va pre\u0301sider un conseil des minist ...","og_url":"https:\/\/www.africa-press.net\/senegal\/politique\/tambacounda-macky-sall-va-proceder-a-linauguration-du-camp-militaire-de-goudiry","og_site_name":"Senegal","article_published_time":"2022-12-27T19:00:30+00:00","article_modified_time":"2022-12-27T19:35:26+00:00","og_image":[{"width":720,"height":350,"url":"https:\/\/static.africa-press.net\/senegal\/sites\/13\/2022\/12\/postQueueImg_1672155043.44.jpg","type":"image\/jpeg"}],"author":"cfeditorfr","twitter_card":"summary_large_image","twitter_misc":{"\u00c9crit par":"cfeditorfr","Dur\u00e9e de lecture estim\u00e9e":"1 minute"},"schema":{"@context":"https:\/\/schema.org","@graph":[{"@type":"Article","@id":"https:\/\/www.africa-press.net\/senegal\/politique\/tambacounda-macky-sall-va-proceder-a-linauguration-du-camp-militaire-de-goudiry#article","isPartOf":{"@id":"https:\/\/www.africa-press.net\/senegal\/politique\/tambacounda-macky-sall-va-proceder-a-linauguration-du-camp-militaire-de-goudiry"},"author":{"name":"cfeditorfr","@id":"https:\/\/www.africa-press.net\/senegal\/#\/schema\/person\/2b1cf3cd81a31e3cd26889ca66d677f1"},"headline":"Tambacounda : Macky Sall va proc\u00e9der \u00e0 l\u2019inauguration du camp militaire de Goudiry","datePublished":"2022-12-27T19:00:30+00:00","dateModified":"2022-12-27T19:35:26+00:00","mainEntityOfPage":{"@id":"https:\/\/www.africa-press.net\/senegal\/politique\/tambacounda-macky-sall-va-proceder-a-linauguration-du-camp-militaire-de-goudiry"},"wordCount":210,"commentCount":0,"image":{"@id":"https:\/\/www.africa-press.net\/senegal\/politique\/tambacounda-macky-sall-va-proceder-a-linauguration-du-camp-militaire-de-goudiry#primaryimage"},"thumbnailUrl":"https:\/\/static.africa-press.net\/senegal\/sites\/13\/2022\/12\/postQueueImg_1672155043.44.jpg","keywords":["Africa Press","Africa Press-Senegal","Senegal"],"articleSection":["Politique","Top Nouvelles","Toutes les actualit\u00e9s"],"inLanguage":"fr-FR","potentialAction":[{"@type":"CommentAction","name":"Comment","target":["https:\/\/www.africa-press.net\/senegal\/politique\/tambacounda-macky-sall-va-proceder-a-linauguration-du-camp-militaire-de-goudiry#respond"]}]},{"@type":"WebPage","@id":"https:\/\/www.africa-press.net\/senegal\/politique\/tambacounda-macky-sall-va-proceder-a-linauguration-du-camp-militaire-de-goudiry","url":"https:\/\/www.africa-press.net\/senegal\/politique\/tambacounda-macky-sall-va-proceder-a-linauguration-du-camp-militaire-de-goudiry","name":"Tambacounda : Macky Sall va proc\u00e9der \u00e0 l\u2019inauguration du camp militaire de Goudiry - Senegal","isPartOf":{"@id":"https:\/\/www.africa-press.net\/senegal\/#website"},"primaryImageOfPage":{"@id":"https:\/\/www.africa-press.net\/senegal\/politique\/tambacounda-macky-sall-va-proceder-a-linauguration-du-camp-militaire-de-goudiry#primaryimage"},"image":{"@id":"https:\/\/www.africa-press.net\/senegal\/politique\/tambacounda-macky-sall-va-proceder-a-linauguration-du-camp-militaire-de-goudiry#primaryimage"},"thumbnailUrl":"https:\/\/static.africa-press.net\/senegal\/sites\/13\/2022\/12\/postQueueImg_1672155043.44.jpg","datePublished":"2022-12-27T19:00:30+00:00","dateModified":"2022-12-27T19:35:26+00:00","author":{"@id":"https:\/\/www.africa-press.net\/senegal\/#\/schema\/person\/2b1cf3cd81a31e3cd26889ca66d677f1"},"description":"Le pre\u0301sident Macky Sall est arrive\u0301 a\u0300 Tambacounda, hier, lundi 26 de\u0301cembre, ou\u0300 il va pre\u0301sider un conseil des minist ...","breadcrumb":{"@id":"https:\/\/www.africa-press.net\/senegal\/politique\/tambacounda-macky-sall-va-proceder-a-linauguration-du-camp-militaire-de-goudiry#breadcrumb"},"inLanguage":"fr-FR","potentialAction":[{"@type":"ReadAction","target":["https:\/\/www.africa-press.net\/senegal\/politique\/tambacounda-macky-sall-va-proceder-a-linauguration-du-camp-militaire-de-goudiry"]}]},{"@type":"ImageObject","inLanguage":"fr-FR","@id":"https:\/\/www.africa-press.net\/senegal\/politique\/tambacounda-macky-sall-va-proceder-a-linauguration-du-camp-militaire-de-goudiry#primaryimage","url":"https:\/\/static.africa-press.net\/senegal\/sites\/13\/2022\/12\/postQueueImg_1672155043.44.jpg","contentUrl":"https:\/\/static.africa-press.net\/senegal\/sites\/13\/2022\/12\/postQueueImg_1672155043.44.jpg","width":720,"height":350,"caption":"Tambacounda : Macky Sall va proc\u00e9der \u00e0 l\u2019inauguration du camp militaire de Goudiry"},{"@type":"BreadcrumbList","@id":"https:\/\/www.africa-press.net\/senegal\/politique\/tambacounda-macky-sall-va-proceder-a-linauguration-du-camp-militaire-de-goudiry#breadcrumb","itemListElement":[{"@type":"ListItem","position":1,"name":"Accueil","item":"https:\/\/www.africa-press.net\/senegal\/"},{"@type":"ListItem","position":2,"name":"Tambacounda : Macky Sall va proc\u00e9der \u00e0 l\u2019inauguration du camp militaire de Goudiry"}]},{"@type":"WebSite","@id":"https:\/\/www.africa-press.net\/senegal\/#website","url":"https:\/\/www.africa-press.net\/senegal\/","name":"Africa Press | Senegal | Homepage","description":"Just another Africa News Agency Sites site","potentialAction":[{"@type":"SearchAction","target":{"@type":"EntryPoint","urlTemplate":"https:\/\/www.africa-press.net\/senegal\/?s={search_term_string}"},"query-input":{"@type":"PropertyValueSpecification","valueRequired":true,"valueName":"search_term_string"}}],"inLanguage":"fr-FR"},{"@type":"Person","@id":"https:\/\/www.africa-press.net\/senegal\/#\/schema\/person\/2b1cf3cd81a31e3cd26889ca66d677f1","name":"cfeditorfr","url":"https:\/\/www.africa-press.net\/senegal\/author\/cfeditorfr"}]}},"_links":{"self":[{"href":"https:\/\/www.africa-press.net\/senegal\/wp-json\/wp\/v2\/posts\/37276","targetHints":{"allow":["GET"]}}],"collection":[{"href":"https:\/\/www.africa-press.net\/senegal\/wp-json\/wp\/v2\/posts"}],"about":[{"href":"https:\/\/www.africa-press.net\/senegal\/wp-json\/wp\/v2\/types\/post"}],"author":[{"embeddable":true,"href":"https:\/\/www.africa-press.net\/senegal\/wp-json\/wp\/v2\/users\/82"}],"replies":[{"embeddable":true,"href":"https:\/\/www.africa-press.net\/senegal\/wp-json\/wp\/v2\/comments?post=37276"}],"version-history":[{"count":0,"href":"https:\/\/www.africa-press.net\/senegal\/wp-json\/wp\/v2\/posts\/37276\/revisions"}],"wp:featuredmedia":[{"embeddable":true,"href":"https:\/\/www.africa-press.net\/senegal\/wp-json\/wp\/v2\/media\/37275"}],"wp:attachment":[{"href":"https:\/\/www.africa-press.net\/senegal\/wp-json\/wp\/v2\/media?parent=37276"}],"wp:term":[{"taxonomy":"category","embeddable":true,"href":"https:\/\/www.africa-press.net\/senegal\/wp-json\/wp\/v2\/categories?post=37276"},{"taxonomy":"post_tag","embeddable":true,"href":"https:\/\/www.africa-press.net\/senegal\/wp-json\/wp\/v2\/tags?post=37276"}],"curies":[{"name":"wp","href":"https:\/\/api.w.org\/{rel}","templated":true}]}}