{"id":37298,"date":"2022-12-28T18:31:31","date_gmt":"2022-12-28T18:31:31","guid":{"rendered":"https:\/\/www.africa-press.net\/senegal\/politique\/saly-le-mouvement-religieux-pour-lemergence-invite-a-la-paix-et-a-la-cohesion-sociale"},"modified":"2022-12-28T18:31:31","modified_gmt":"2022-12-28T18:31:31","slug":"saly-le-mouvement-religieux-pour-lemergence-invite-a-la-paix-et-a-la-cohesion-sociale","status":"publish","type":"post","link":"https:\/\/www.africa-press.net\/senegal\/politique\/saly-le-mouvement-religieux-pour-lemergence-invite-a-la-paix-et-a-la-cohesion-sociale","title":{"rendered":"Saly : Le Mouvement Religieux pour l&rsquo;Emergence invite \u00e0 la paix et \u00e0 la coh\u00e9sion sociale"},"content":{"rendered":"<p><span style=\"color: #ff6600\"><strong>Africa-Press &#8211; Senegal. <\/strong><\/span>Le mouvement religieux pour l&rsquo;e\u0301mergence invite au dialogue et a\u0300 la retenue, pour maintenir le Se\u0301ne\u0301gal dans un climat de paix, de quie\u0301tude et de se\u0301curite\u0301.<\/p>\n<p>Il met en garde contre d\u2019e\u0301ventuels conflits qui pourraient saboter la paix et la stabilite\u0301 du pays. Leur discours est le me\u0302me : faire tout pour e\u0301viter que le mal et le chaos s&rsquo;installent au Se\u0301ne\u0301gal.<\/p>\n<p>D&rsquo;ailleurs, ces religieux interpellent les responsables politiques a\u0300 plus de responsabilite\u0301s dans leurs actions.<\/p>\n<p>\u2018\u2019A\u0300 tous les responsables, nous rappelons les valeurs auxquelles ils doivent tenir compte dans le de\u0301roulement de leurs activite\u0301s politiques. Nous prions et fe\u0301licitons Amadou Bella Diallo qui \u0153uvre beaucoup au service de sa cite\u0301, a\u0300 Saly\u00a0\u00bb, interpelle le grand Serigne de Thie\u0300s Cheikh Mbaye Ndiaye Diop.<\/p>\n<p>Pour le MRE, la paix constitue le socle de la stabilite\u0301 d&rsquo;un pays. Les religieux e\u0301taient a\u0300 Saly chez le responsable politique de l&rsquo;Apr, Amadou Bella Diallo pour disent-ils, pre\u0302cher la paix et la concorde.<\/p>\n<p>\u00ab\u00a0Prions pour la paix. Seul Dieu est de\u0301tenteur de qui doit e\u0302tre Pre\u0301sident. Il est hors de question de de\u0301stabiliser notre pays. Notre pays s\u2019achemine vers la tenue des e\u0301lections, il s\u2019agira d\u2019un tournant de\u0301cisif dans la vie de notre Nation. Le Se\u0301ne\u0301gal doit apprendre des autres pour mieux garder sa stabilite\u0301 et sa tranquillite\u0301. Des pays de la sous-re\u0301gion sont dans une instabilite\u0301. Juste pour rappeler que le Se\u0301ne\u0301gal est dans une ceinture de feu. C\u2019est pratiquement le seul pays en Afrique de l\u2019Ouest qui est jusque-la\u0300 stable. Par conse\u0301quent, nous devons tout faire pour garder cette stabilite\u0301. Et sachez que nous ne laisserons personne ga\u0302cher cette stabilite\u0301 \u2019\u2019, enchai\u0302ne imam Drame\u0301.<\/p>\n<p>Dans cet me\u0302me ordre d\u2019ide\u0301es, ils estiment que militer en faveur de la paix est une chose sacre\u0301e. Ils invitent la population a\u0300 e\u0301viter \u00ab\u00a0les discours injurieux.\u2019\u2019<\/p>\n<p>Leur message s\u2019adresse aussi a\u0300 la presse, en tant que \u2018\u2019quatrie\u0300me pouvoir\u2019\u2019, les religieux les invitent a\u0300 plus d\u2019e\u0301thique et un comportement responsable.<\/p>\n<p><strong>Pour plus d&rsquo;informations et d&rsquo;analyses sur la <a href=\"https:\/\/www.africa-press.net\/senegal\">Senegal<\/a>, suivez <a href=\"https:\/\/www.africa-press.net\/\">Africa-Press<\/a><\/strong><\/p>\n","protected":false},"excerpt":{"rendered":"<p>Africa-Press &#8211; Senegal. Le mouvement religieux pour l&rsquo;e\u0301mergence invite au dialogue et a\u0300 la retenue, pour maintenir le Se\u0301ne\u0301gal dans un climat de paix, de quie\u0301tude et de se\u0301curite\u0301. Il met en garde contre d\u2019e\u0301ventuels conflits qui pourraient saboter la paix et la stabilite\u0301 du pays. Leur discours est le me\u0302me : faire tout pour [&hellip;]<\/p>\n","protected":false},"author":82,"featured_media":37297,"comment_status":"open","ping_status":"closed","sticky":false,"template":"","format":"standard","meta":{"footnotes":""},"categories":[2,10],"tags":[43,47,44],"class_list":["post-37298","post","type-post","status-publish","format-standard","has-post-thumbnail","hentry","category-politique","category-toutes-les-actualites","tag-africa-press-2","tag-africa-press-senegal","tag-senegal-2"],"yoast_head":"<!-- This site is optimized with the Yoast SEO Premium plugin v26.1 (Yoast SEO v27.0) - https:\/\/yoast.com\/product\/yoast-seo-premium-wordpress\/ -->\n<title>Saly : Le Mouvement Religieux pour l&#039;Emergence invite \u00e0 la paix et \u00e0 la coh\u00e9sion sociale - Senegal<\/title>\n<meta name=\"robots\" content=\"index, follow, max-snippet:-1, max-image-preview:large, max-video-preview:-1\" \/>\n<link rel=\"canonical\" href=\"https:\/\/www.africa-press.net\/senegal\/politique\/saly-le-mouvement-religieux-pour-lemergence-invite-a-la-paix-et-a-la-cohesion-sociale\" \/>\n<meta property=\"og:locale\" content=\"fr_FR\" \/>\n<meta property=\"og:type\" content=\"article\" \/>\n<meta property=\"og:title\" content=\"Saly : Le Mouvement Religieux pour l&#039;Emergence invite \u00e0 la paix et \u00e0 la coh\u00e9sion sociale\" \/>\n<meta property=\"og:description\" content=\"Africa-Press &#8211; Senegal. Le mouvement religieux pour l&rsquo;e\u0301mergence invite au dialogue et a\u0300 la retenue, pour maintenir le Se\u0301ne\u0301gal dans un climat de paix, de quie\u0301tude et de se\u0301curite\u0301. Il met en garde contre d\u2019e\u0301ventuels conflits qui pourraient saboter la paix et la stabilite\u0301 du pays. Leur discours est le me\u0302me : faire tout pour [&hellip;]\" \/>\n<meta property=\"og:url\" content=\"https:\/\/www.africa-press.net\/senegal\/politique\/saly-le-mouvement-religieux-pour-lemergence-invite-a-la-paix-et-a-la-cohesion-sociale\" \/>\n<meta property=\"og:site_name\" content=\"Senegal\" \/>\n<meta property=\"article:published_time\" content=\"2022-12-28T18:31:31+00:00\" \/>\n<meta name=\"author\" content=\"cfeditorfr\" \/>\n<meta name=\"twitter:card\" content=\"summary_large_image\" \/>\n<meta name=\"twitter:label1\" content=\"\u00c9crit par\" \/>\n\t<meta name=\"twitter:data1\" content=\"cfeditorfr\" \/>\n\t<meta name=\"twitter:label2\" content=\"Dur\u00e9e de lecture estim\u00e9e\" \/>\n\t<meta name=\"twitter:data2\" content=\"2 minutes\" \/>\n<script type=\"application\/ld+json\" class=\"yoast-schema-graph\">{\"@context\":\"https:\/\/schema.org\",\"@graph\":[{\"@type\":\"Article\",\"@id\":\"https:\/\/www.africa-press.net\/senegal\/politique\/saly-le-mouvement-religieux-pour-lemergence-invite-a-la-paix-et-a-la-cohesion-sociale#article\",\"isPartOf\":{\"@id\":\"https:\/\/www.africa-press.net\/senegal\/politique\/saly-le-mouvement-religieux-pour-lemergence-invite-a-la-paix-et-a-la-cohesion-sociale\"},\"author\":{\"name\":\"cfeditorfr\",\"@id\":\"https:\/\/www.africa-press.net\/senegal\/#\/schema\/person\/2b1cf3cd81a31e3cd26889ca66d677f1\"},\"headline\":\"Saly : Le Mouvement Religieux pour l&rsquo;Emergence invite \u00e0 la paix et \u00e0 la coh\u00e9sion sociale\",\"datePublished\":\"2022-12-28T18:31:31+00:00\",\"mainEntityOfPage\":{\"@id\":\"https:\/\/www.africa-press.net\/senegal\/politique\/saly-le-mouvement-religieux-pour-lemergence-invite-a-la-paix-et-a-la-cohesion-sociale\"},\"wordCount\":400,\"commentCount\":0,\"image\":{\"@id\":\"https:\/\/www.africa-press.net\/senegal\/politique\/saly-le-mouvement-religieux-pour-lemergence-invite-a-la-paix-et-a-la-cohesion-sociale#primaryimage\"},\"thumbnailUrl\":\"https:\/\/static.africa-press.net\/senegal\/sites\/13\/2022\/12\/postQueueImg_1672239716.86.jpg\",\"keywords\":[\"Africa Press\",\"Africa Press-Senegal\",\"Senegal\"],\"articleSection\":[\"Politique\",\"Toutes les actualit\u00e9s\"],\"inLanguage\":\"fr-FR\",\"potentialAction\":[{\"@type\":\"CommentAction\",\"name\":\"Comment\",\"target\":[\"https:\/\/www.africa-press.net\/senegal\/politique\/saly-le-mouvement-religieux-pour-lemergence-invite-a-la-paix-et-a-la-cohesion-sociale#respond\"]}]},{\"@type\":\"WebPage\",\"@id\":\"https:\/\/www.africa-press.net\/senegal\/politique\/saly-le-mouvement-religieux-pour-lemergence-invite-a-la-paix-et-a-la-cohesion-sociale\",\"url\":\"https:\/\/www.africa-press.net\/senegal\/politique\/saly-le-mouvement-religieux-pour-lemergence-invite-a-la-paix-et-a-la-cohesion-sociale\",\"name\":\"Saly : Le Mouvement Religieux pour l'Emergence invite \u00e0 la paix et \u00e0 la coh\u00e9sion sociale - Senegal\",\"isPartOf\":{\"@id\":\"https:\/\/www.africa-press.net\/senegal\/#website\"},\"primaryImageOfPage\":{\"@id\":\"https:\/\/www.africa-press.net\/senegal\/politique\/saly-le-mouvement-religieux-pour-lemergence-invite-a-la-paix-et-a-la-cohesion-sociale#primaryimage\"},\"image\":{\"@id\":\"https:\/\/www.africa-press.net\/senegal\/politique\/saly-le-mouvement-religieux-pour-lemergence-invite-a-la-paix-et-a-la-cohesion-sociale#primaryimage\"},\"thumbnailUrl\":\"https:\/\/static.africa-press.net\/senegal\/sites\/13\/2022\/12\/postQueueImg_1672239716.86.jpg\",\"datePublished\":\"2022-12-28T18:31:31+00:00\",\"author\":{\"@id\":\"https:\/\/www.africa-press.net\/senegal\/#\/schema\/person\/2b1cf3cd81a31e3cd26889ca66d677f1\"},\"breadcrumb\":{\"@id\":\"https:\/\/www.africa-press.net\/senegal\/politique\/saly-le-mouvement-religieux-pour-lemergence-invite-a-la-paix-et-a-la-cohesion-sociale#breadcrumb\"},\"inLanguage\":\"fr-FR\",\"potentialAction\":[{\"@type\":\"ReadAction\",\"target\":[\"https:\/\/www.africa-press.net\/senegal\/politique\/saly-le-mouvement-religieux-pour-lemergence-invite-a-la-paix-et-a-la-cohesion-sociale\"]}]},{\"@type\":\"ImageObject\",\"inLanguage\":\"fr-FR\",\"@id\":\"https:\/\/www.africa-press.net\/senegal\/politique\/saly-le-mouvement-religieux-pour-lemergence-invite-a-la-paix-et-a-la-cohesion-sociale#primaryimage\",\"url\":\"https:\/\/static.africa-press.net\/senegal\/sites\/13\/2022\/12\/postQueueImg_1672239716.86.jpg\",\"contentUrl\":\"https:\/\/static.africa-press.net\/senegal\/sites\/13\/2022\/12\/postQueueImg_1672239716.86.jpg\",\"width\":720,\"height\":350,\"caption\":\"Saly : Le Mouvement Religieux pour l'Emergence invite \u00e0 la paix et \u00e0 la coh\u00e9sion sociale\"},{\"@type\":\"BreadcrumbList\",\"@id\":\"https:\/\/www.africa-press.net\/senegal\/politique\/saly-le-mouvement-religieux-pour-lemergence-invite-a-la-paix-et-a-la-cohesion-sociale#breadcrumb\",\"itemListElement\":[{\"@type\":\"ListItem\",\"position\":1,\"name\":\"Accueil\",\"item\":\"https:\/\/www.africa-press.net\/senegal\/\"},{\"@type\":\"ListItem\",\"position\":2,\"name\":\"Saly : Le Mouvement Religieux pour l&rsquo;Emergence invite \u00e0 la paix et \u00e0 la coh\u00e9sion sociale\"}]},{\"@type\":\"WebSite\",\"@id\":\"https:\/\/www.africa-press.net\/senegal\/#website\",\"url\":\"https:\/\/www.africa-press.net\/senegal\/\",\"name\":\"Africa Press | Senegal | Homepage\",\"description\":\"Just another Africa News Agency Sites site\",\"potentialAction\":[{\"@type\":\"SearchAction\",\"target\":{\"@type\":\"EntryPoint\",\"urlTemplate\":\"https:\/\/www.africa-press.net\/senegal\/?s={search_term_string}\"},\"query-input\":{\"@type\":\"PropertyValueSpecification\",\"valueRequired\":true,\"valueName\":\"search_term_string\"}}],\"inLanguage\":\"fr-FR\"},{\"@type\":\"Person\",\"@id\":\"https:\/\/www.africa-press.net\/senegal\/#\/schema\/person\/2b1cf3cd81a31e3cd26889ca66d677f1\",\"name\":\"cfeditorfr\",\"url\":\"https:\/\/www.africa-press.net\/senegal\/author\/cfeditorfr\"}]}<\/script>\n<!-- \/ Yoast SEO Premium plugin. -->","yoast_head_json":{"title":"Saly : Le Mouvement Religieux pour l'Emergence invite \u00e0 la paix et \u00e0 la coh\u00e9sion sociale - Senegal","robots":{"index":"index","follow":"follow","max-snippet":"max-snippet:-1","max-image-preview":"max-image-preview:large","max-video-preview":"max-video-preview:-1"},"canonical":"https:\/\/www.africa-press.net\/senegal\/politique\/saly-le-mouvement-religieux-pour-lemergence-invite-a-la-paix-et-a-la-cohesion-sociale","og_locale":"fr_FR","og_type":"article","og_title":"Saly : Le Mouvement Religieux pour l'Emergence invite \u00e0 la paix et \u00e0 la coh\u00e9sion sociale","og_description":"Africa-Press &#8211; Senegal. Le mouvement religieux pour l&rsquo;e\u0301mergence invite au dialogue et a\u0300 la retenue, pour maintenir le Se\u0301ne\u0301gal dans un climat de paix, de quie\u0301tude et de se\u0301curite\u0301. Il met en garde contre d\u2019e\u0301ventuels conflits qui pourraient saboter la paix et la stabilite\u0301 du pays. Leur discours est le me\u0302me : faire tout pour [&hellip;]","og_url":"https:\/\/www.africa-press.net\/senegal\/politique\/saly-le-mouvement-religieux-pour-lemergence-invite-a-la-paix-et-a-la-cohesion-sociale","og_site_name":"Senegal","article_published_time":"2022-12-28T18:31:31+00:00","author":"cfeditorfr","twitter_card":"summary_large_image","twitter_misc":{"\u00c9crit par":"cfeditorfr","Dur\u00e9e de lecture estim\u00e9e":"2 minutes"},"schema":{"@context":"https:\/\/schema.org","@graph":[{"@type":"Article","@id":"https:\/\/www.africa-press.net\/senegal\/politique\/saly-le-mouvement-religieux-pour-lemergence-invite-a-la-paix-et-a-la-cohesion-sociale#article","isPartOf":{"@id":"https:\/\/www.africa-press.net\/senegal\/politique\/saly-le-mouvement-religieux-pour-lemergence-invite-a-la-paix-et-a-la-cohesion-sociale"},"author":{"name":"cfeditorfr","@id":"https:\/\/www.africa-press.net\/senegal\/#\/schema\/person\/2b1cf3cd81a31e3cd26889ca66d677f1"},"headline":"Saly : Le Mouvement Religieux pour l&rsquo;Emergence invite \u00e0 la paix et \u00e0 la coh\u00e9sion sociale","datePublished":"2022-12-28T18:31:31+00:00","mainEntityOfPage":{"@id":"https:\/\/www.africa-press.net\/senegal\/politique\/saly-le-mouvement-religieux-pour-lemergence-invite-a-la-paix-et-a-la-cohesion-sociale"},"wordCount":400,"commentCount":0,"image":{"@id":"https:\/\/www.africa-press.net\/senegal\/politique\/saly-le-mouvement-religieux-pour-lemergence-invite-a-la-paix-et-a-la-cohesion-sociale#primaryimage"},"thumbnailUrl":"https:\/\/static.africa-press.net\/senegal\/sites\/13\/2022\/12\/postQueueImg_1672239716.86.jpg","keywords":["Africa Press","Africa Press-Senegal","Senegal"],"articleSection":["Politique","Toutes les actualit\u00e9s"],"inLanguage":"fr-FR","potentialAction":[{"@type":"CommentAction","name":"Comment","target":["https:\/\/www.africa-press.net\/senegal\/politique\/saly-le-mouvement-religieux-pour-lemergence-invite-a-la-paix-et-a-la-cohesion-sociale#respond"]}]},{"@type":"WebPage","@id":"https:\/\/www.africa-press.net\/senegal\/politique\/saly-le-mouvement-religieux-pour-lemergence-invite-a-la-paix-et-a-la-cohesion-sociale","url":"https:\/\/www.africa-press.net\/senegal\/politique\/saly-le-mouvement-religieux-pour-lemergence-invite-a-la-paix-et-a-la-cohesion-sociale","name":"Saly : Le Mouvement Religieux pour l'Emergence invite \u00e0 la paix et \u00e0 la coh\u00e9sion sociale - Senegal","isPartOf":{"@id":"https:\/\/www.africa-press.net\/senegal\/#website"},"primaryImageOfPage":{"@id":"https:\/\/www.africa-press.net\/senegal\/politique\/saly-le-mouvement-religieux-pour-lemergence-invite-a-la-paix-et-a-la-cohesion-sociale#primaryimage"},"image":{"@id":"https:\/\/www.africa-press.net\/senegal\/politique\/saly-le-mouvement-religieux-pour-lemergence-invite-a-la-paix-et-a-la-cohesion-sociale#primaryimage"},"thumbnailUrl":"https:\/\/static.africa-press.net\/senegal\/sites\/13\/2022\/12\/postQueueImg_1672239716.86.jpg","datePublished":"2022-12-28T18:31:31+00:00","author":{"@id":"https:\/\/www.africa-press.net\/senegal\/#\/schema\/person\/2b1cf3cd81a31e3cd26889ca66d677f1"},"breadcrumb":{"@id":"https:\/\/www.africa-press.net\/senegal\/politique\/saly-le-mouvement-religieux-pour-lemergence-invite-a-la-paix-et-a-la-cohesion-sociale#breadcrumb"},"inLanguage":"fr-FR","potentialAction":[{"@type":"ReadAction","target":["https:\/\/www.africa-press.net\/senegal\/politique\/saly-le-mouvement-religieux-pour-lemergence-invite-a-la-paix-et-a-la-cohesion-sociale"]}]},{"@type":"ImageObject","inLanguage":"fr-FR","@id":"https:\/\/www.africa-press.net\/senegal\/politique\/saly-le-mouvement-religieux-pour-lemergence-invite-a-la-paix-et-a-la-cohesion-sociale#primaryimage","url":"https:\/\/static.africa-press.net\/senegal\/sites\/13\/2022\/12\/postQueueImg_1672239716.86.jpg","contentUrl":"https:\/\/static.africa-press.net\/senegal\/sites\/13\/2022\/12\/postQueueImg_1672239716.86.jpg","width":720,"height":350,"caption":"Saly : Le Mouvement Religieux pour l'Emergence invite \u00e0 la paix et \u00e0 la coh\u00e9sion sociale"},{"@type":"BreadcrumbList","@id":"https:\/\/www.africa-press.net\/senegal\/politique\/saly-le-mouvement-religieux-pour-lemergence-invite-a-la-paix-et-a-la-cohesion-sociale#breadcrumb","itemListElement":[{"@type":"ListItem","position":1,"name":"Accueil","item":"https:\/\/www.africa-press.net\/senegal\/"},{"@type":"ListItem","position":2,"name":"Saly : Le Mouvement Religieux pour l&rsquo;Emergence invite \u00e0 la paix et \u00e0 la coh\u00e9sion sociale"}]},{"@type":"WebSite","@id":"https:\/\/www.africa-press.net\/senegal\/#website","url":"https:\/\/www.africa-press.net\/senegal\/","name":"Africa Press | Senegal | Homepage","description":"Just another Africa News Agency Sites site","potentialAction":[{"@type":"SearchAction","target":{"@type":"EntryPoint","urlTemplate":"https:\/\/www.africa-press.net\/senegal\/?s={search_term_string}"},"query-input":{"@type":"PropertyValueSpecification","valueRequired":true,"valueName":"search_term_string"}}],"inLanguage":"fr-FR"},{"@type":"Person","@id":"https:\/\/www.africa-press.net\/senegal\/#\/schema\/person\/2b1cf3cd81a31e3cd26889ca66d677f1","name":"cfeditorfr","url":"https:\/\/www.africa-press.net\/senegal\/author\/cfeditorfr"}]}},"_links":{"self":[{"href":"https:\/\/www.africa-press.net\/senegal\/wp-json\/wp\/v2\/posts\/37298","targetHints":{"allow":["GET"]}}],"collection":[{"href":"https:\/\/www.africa-press.net\/senegal\/wp-json\/wp\/v2\/posts"}],"about":[{"href":"https:\/\/www.africa-press.net\/senegal\/wp-json\/wp\/v2\/types\/post"}],"author":[{"embeddable":true,"href":"https:\/\/www.africa-press.net\/senegal\/wp-json\/wp\/v2\/users\/82"}],"replies":[{"embeddable":true,"href":"https:\/\/www.africa-press.net\/senegal\/wp-json\/wp\/v2\/comments?post=37298"}],"version-history":[{"count":0,"href":"https:\/\/www.africa-press.net\/senegal\/wp-json\/wp\/v2\/posts\/37298\/revisions"}],"wp:featuredmedia":[{"embeddable":true,"href":"https:\/\/www.africa-press.net\/senegal\/wp-json\/wp\/v2\/media\/37297"}],"wp:attachment":[{"href":"https:\/\/www.africa-press.net\/senegal\/wp-json\/wp\/v2\/media?parent=37298"}],"wp:term":[{"taxonomy":"category","embeddable":true,"href":"https:\/\/www.africa-press.net\/senegal\/wp-json\/wp\/v2\/categories?post=37298"},{"taxonomy":"post_tag","embeddable":true,"href":"https:\/\/www.africa-press.net\/senegal\/wp-json\/wp\/v2\/tags?post=37298"}],"curies":[{"name":"wp","href":"https:\/\/api.w.org\/{rel}","templated":true}]}}