{"id":37302,"date":"2022-12-28T18:50:02","date_gmt":"2022-12-28T18:50:02","guid":{"rendered":"https:\/\/www.africa-press.net\/senegal\/politique\/manifestation-de-la-societe-civile-du-30-decembre-guy-marius-sagna-appelle-a-la-mobilisation"},"modified":"2022-12-28T18:50:02","modified_gmt":"2022-12-28T18:50:02","slug":"manifestation-de-la-societe-civile-du-30-decembre-guy-marius-sagna-appelle-a-la-mobilisation","status":"publish","type":"post","link":"https:\/\/www.africa-press.net\/senegal\/politique\/manifestation-de-la-societe-civile-du-30-decembre-guy-marius-sagna-appelle-a-la-mobilisation","title":{"rendered":"Manifestation de la soci\u00e9t\u00e9 civile du 30 d\u00e9cembre : Guy Marius Sagna appelle \u00e0 la mobilisation"},"content":{"rendered":"<p><span style=\"color: #ff6600\"><strong>Africa-Press &#8211; Senegal. <\/strong><\/span>Le rapport de l\u2019audit de la Cour des Comptes sur la gestion du fonds Force-Covid-19 continue de faire de\u0301bat. Les membres de la socie\u0301te\u0301 civile ont, dans la foule\u0301e, pre\u0301vu une manifestation le vendredi 30 de\u0301cembre, a\u0300 la place de la Nation, a\u0300 15 h. Le de\u0301pute\u0301 Guy Marius Sagna a, via une publication, appele\u0301 a\u0300 la mobilisation.<\/p>\n<p>\u00abTous ceux qui avaient e\u0301te\u0301 invite\u0301s par le pre\u0301sident Macky Sall au palais et qui repre\u0301sentaient les diffe\u0301rents segments de la population pour mobiliser tous les Se\u0301ne\u0301galais dans la lutte contre le coronavirus doivent e\u0302tre mobilise\u0301s contre les voleurs de la Re\u0301publique\u00bb, a affirme\u0301 l\u2019e\u0301lu du peuple. Il invite les Se\u0301ne\u0301galais a\u0300 ce rassemblement pour, dit-il, clamer fort \u00abAu voleur !\u00bb.<\/p>\n<p>Le rapport de la Cour des Comptes a fait e\u0301tat d&rsquo;importantes irre\u0301gularite\u0301s et des surfacturations note\u0301es dans la gestion des fonds consacre\u0301s a\u0300 la lutte contre le coronavirus.<\/p>\n<p>La Cour des Comptes a demande\u0301 au ministe\u0300re de la Justice l&rsquo;ouverture d&rsquo;une information judiciaire contre au moins dix personnes, dont des responsables dans des ministe\u0300res implique\u0301s dans la gestion des fonds anti-Covid, dans son rapport.<\/p>\n<p>Le gouvernement, pour sa part, a sorti des e\u0301le\u0301ments de re\u0301ponse relatifs a\u0300 ce rapport, dans une dynamique de \u00abtransparence\u00bb et de la \u00abpromotion de la bonne gouvernance\u00bb. Un document de 11 pages pour e\u0301teindre toutes les pole\u0301miques.<\/p>\n<p>Des re\u0301ponses loin de convaincre opposition et socie\u0301te\u0301 civile.<\/p>\n<p><strong>Pour plus d&rsquo;informations et d&rsquo;analyses sur la <a href=\"https:\/\/www.africa-press.net\/senegal\">Senegal<\/a>, suivez <a href=\"https:\/\/www.africa-press.net\/\">Africa-Press<\/a><\/strong><\/p>\n","protected":false},"excerpt":{"rendered":"<p>Africa-Press &#8211; Senegal. Le rapport de l\u2019audit de la Cour des Comptes sur la gestion du fonds Force-Covid-19 continue de faire de\u0301bat. Les membres de la socie\u0301te\u0301 civile ont, dans la foule\u0301e, pre\u0301vu une manifestation le vendredi 30 de\u0301cembre, a\u0300 la place de la Nation, a\u0300 15 h. Le de\u0301pute\u0301 Guy Marius Sagna a, via [&hellip;]<\/p>\n","protected":false},"author":82,"featured_media":37301,"comment_status":"open","ping_status":"closed","sticky":false,"template":"","format":"standard","meta":{"footnotes":""},"categories":[2,20,10],"tags":[43,47,44],"class_list":["post-37302","post","type-post","status-publish","format-standard","has-post-thumbnail","hentry","category-politique","category-top-nouvelles","category-toutes-les-actualites","tag-africa-press-2","tag-africa-press-senegal","tag-senegal-2"],"yoast_head":"<!-- This site is optimized with the Yoast SEO Premium plugin v26.1 (Yoast SEO v27.0) - https:\/\/yoast.com\/product\/yoast-seo-premium-wordpress\/ -->\n<title>Manifestation de la soci\u00e9t\u00e9 civile du 30 d\u00e9cembre : Guy Marius Sagna appelle \u00e0 la mobilisation - Senegal<\/title>\n<meta name=\"robots\" content=\"index, follow, max-snippet:-1, max-image-preview:large, max-video-preview:-1\" \/>\n<link rel=\"canonical\" href=\"https:\/\/www.africa-press.net\/senegal\/politique\/manifestation-de-la-societe-civile-du-30-decembre-guy-marius-sagna-appelle-a-la-mobilisation\" \/>\n<meta property=\"og:locale\" content=\"fr_FR\" \/>\n<meta property=\"og:type\" content=\"article\" \/>\n<meta property=\"og:title\" content=\"Manifestation de la soci\u00e9t\u00e9 civile du 30 d\u00e9cembre : Guy Marius Sagna appelle \u00e0 la mobilisation\" \/>\n<meta property=\"og:description\" content=\"Africa-Press &#8211; Senegal. Le rapport de l\u2019audit de la Cour des Comptes sur la gestion du fonds Force-Covid-19 continue de faire de\u0301bat. Les membres de la socie\u0301te\u0301 civile ont, dans la foule\u0301e, pre\u0301vu une manifestation le vendredi 30 de\u0301cembre, a\u0300 la place de la Nation, a\u0300 15 h. Le de\u0301pute\u0301 Guy Marius Sagna a, via [&hellip;]\" \/>\n<meta property=\"og:url\" content=\"https:\/\/www.africa-press.net\/senegal\/politique\/manifestation-de-la-societe-civile-du-30-decembre-guy-marius-sagna-appelle-a-la-mobilisation\" \/>\n<meta property=\"og:site_name\" content=\"Senegal\" \/>\n<meta property=\"article:published_time\" content=\"2022-12-28T18:50:02+00:00\" \/>\n<meta name=\"author\" content=\"cfeditorfr\" \/>\n<meta name=\"twitter:card\" content=\"summary_large_image\" \/>\n<meta name=\"twitter:label1\" content=\"\u00c9crit par\" \/>\n\t<meta name=\"twitter:data1\" content=\"cfeditorfr\" \/>\n\t<meta name=\"twitter:label2\" content=\"Dur\u00e9e de lecture estim\u00e9e\" \/>\n\t<meta name=\"twitter:data2\" content=\"1 minute\" \/>\n<script type=\"application\/ld+json\" class=\"yoast-schema-graph\">{\"@context\":\"https:\/\/schema.org\",\"@graph\":[{\"@type\":\"Article\",\"@id\":\"https:\/\/www.africa-press.net\/senegal\/politique\/manifestation-de-la-societe-civile-du-30-decembre-guy-marius-sagna-appelle-a-la-mobilisation#article\",\"isPartOf\":{\"@id\":\"https:\/\/www.africa-press.net\/senegal\/politique\/manifestation-de-la-societe-civile-du-30-decembre-guy-marius-sagna-appelle-a-la-mobilisation\"},\"author\":{\"name\":\"cfeditorfr\",\"@id\":\"https:\/\/www.africa-press.net\/senegal\/#\/schema\/person\/2b1cf3cd81a31e3cd26889ca66d677f1\"},\"headline\":\"Manifestation de la soci\u00e9t\u00e9 civile du 30 d\u00e9cembre : Guy Marius Sagna appelle \u00e0 la mobilisation\",\"datePublished\":\"2022-12-28T18:50:02+00:00\",\"mainEntityOfPage\":{\"@id\":\"https:\/\/www.africa-press.net\/senegal\/politique\/manifestation-de-la-societe-civile-du-30-decembre-guy-marius-sagna-appelle-a-la-mobilisation\"},\"wordCount\":295,\"commentCount\":0,\"image\":{\"@id\":\"https:\/\/www.africa-press.net\/senegal\/politique\/manifestation-de-la-societe-civile-du-30-decembre-guy-marius-sagna-appelle-a-la-mobilisation#primaryimage\"},\"thumbnailUrl\":\"https:\/\/static.africa-press.net\/senegal\/sites\/13\/2022\/12\/postQueueImg_1672240817.36.jpg\",\"keywords\":[\"Africa Press\",\"Africa Press-Senegal\",\"Senegal\"],\"articleSection\":[\"Politique\",\"Top Nouvelles\",\"Toutes les actualit\u00e9s\"],\"inLanguage\":\"fr-FR\",\"potentialAction\":[{\"@type\":\"CommentAction\",\"name\":\"Comment\",\"target\":[\"https:\/\/www.africa-press.net\/senegal\/politique\/manifestation-de-la-societe-civile-du-30-decembre-guy-marius-sagna-appelle-a-la-mobilisation#respond\"]}]},{\"@type\":\"WebPage\",\"@id\":\"https:\/\/www.africa-press.net\/senegal\/politique\/manifestation-de-la-societe-civile-du-30-decembre-guy-marius-sagna-appelle-a-la-mobilisation\",\"url\":\"https:\/\/www.africa-press.net\/senegal\/politique\/manifestation-de-la-societe-civile-du-30-decembre-guy-marius-sagna-appelle-a-la-mobilisation\",\"name\":\"Manifestation de la soci\u00e9t\u00e9 civile du 30 d\u00e9cembre : Guy Marius Sagna appelle \u00e0 la mobilisation - Senegal\",\"isPartOf\":{\"@id\":\"https:\/\/www.africa-press.net\/senegal\/#website\"},\"primaryImageOfPage\":{\"@id\":\"https:\/\/www.africa-press.net\/senegal\/politique\/manifestation-de-la-societe-civile-du-30-decembre-guy-marius-sagna-appelle-a-la-mobilisation#primaryimage\"},\"image\":{\"@id\":\"https:\/\/www.africa-press.net\/senegal\/politique\/manifestation-de-la-societe-civile-du-30-decembre-guy-marius-sagna-appelle-a-la-mobilisation#primaryimage\"},\"thumbnailUrl\":\"https:\/\/static.africa-press.net\/senegal\/sites\/13\/2022\/12\/postQueueImg_1672240817.36.jpg\",\"datePublished\":\"2022-12-28T18:50:02+00:00\",\"author\":{\"@id\":\"https:\/\/www.africa-press.net\/senegal\/#\/schema\/person\/2b1cf3cd81a31e3cd26889ca66d677f1\"},\"breadcrumb\":{\"@id\":\"https:\/\/www.africa-press.net\/senegal\/politique\/manifestation-de-la-societe-civile-du-30-decembre-guy-marius-sagna-appelle-a-la-mobilisation#breadcrumb\"},\"inLanguage\":\"fr-FR\",\"potentialAction\":[{\"@type\":\"ReadAction\",\"target\":[\"https:\/\/www.africa-press.net\/senegal\/politique\/manifestation-de-la-societe-civile-du-30-decembre-guy-marius-sagna-appelle-a-la-mobilisation\"]}]},{\"@type\":\"ImageObject\",\"inLanguage\":\"fr-FR\",\"@id\":\"https:\/\/www.africa-press.net\/senegal\/politique\/manifestation-de-la-societe-civile-du-30-decembre-guy-marius-sagna-appelle-a-la-mobilisation#primaryimage\",\"url\":\"https:\/\/static.africa-press.net\/senegal\/sites\/13\/2022\/12\/postQueueImg_1672240817.36.jpg\",\"contentUrl\":\"https:\/\/static.africa-press.net\/senegal\/sites\/13\/2022\/12\/postQueueImg_1672240817.36.jpg\",\"width\":720,\"height\":350,\"caption\":\"Manifestation de la soci\u00e9t\u00e9 civile du 30 d\u00e9cembre : Guy Marius Sagna appelle \u00e0 la mobilisation\"},{\"@type\":\"BreadcrumbList\",\"@id\":\"https:\/\/www.africa-press.net\/senegal\/politique\/manifestation-de-la-societe-civile-du-30-decembre-guy-marius-sagna-appelle-a-la-mobilisation#breadcrumb\",\"itemListElement\":[{\"@type\":\"ListItem\",\"position\":1,\"name\":\"Accueil\",\"item\":\"https:\/\/www.africa-press.net\/senegal\/\"},{\"@type\":\"ListItem\",\"position\":2,\"name\":\"Manifestation de la soci\u00e9t\u00e9 civile du 30 d\u00e9cembre : Guy Marius Sagna appelle \u00e0 la mobilisation\"}]},{\"@type\":\"WebSite\",\"@id\":\"https:\/\/www.africa-press.net\/senegal\/#website\",\"url\":\"https:\/\/www.africa-press.net\/senegal\/\",\"name\":\"Africa Press | Senegal | Homepage\",\"description\":\"Just another Africa News Agency Sites site\",\"potentialAction\":[{\"@type\":\"SearchAction\",\"target\":{\"@type\":\"EntryPoint\",\"urlTemplate\":\"https:\/\/www.africa-press.net\/senegal\/?s={search_term_string}\"},\"query-input\":{\"@type\":\"PropertyValueSpecification\",\"valueRequired\":true,\"valueName\":\"search_term_string\"}}],\"inLanguage\":\"fr-FR\"},{\"@type\":\"Person\",\"@id\":\"https:\/\/www.africa-press.net\/senegal\/#\/schema\/person\/2b1cf3cd81a31e3cd26889ca66d677f1\",\"name\":\"cfeditorfr\",\"url\":\"https:\/\/www.africa-press.net\/senegal\/author\/cfeditorfr\"}]}<\/script>\n<!-- \/ Yoast SEO Premium plugin. -->","yoast_head_json":{"title":"Manifestation de la soci\u00e9t\u00e9 civile du 30 d\u00e9cembre : Guy Marius Sagna appelle \u00e0 la mobilisation - Senegal","robots":{"index":"index","follow":"follow","max-snippet":"max-snippet:-1","max-image-preview":"max-image-preview:large","max-video-preview":"max-video-preview:-1"},"canonical":"https:\/\/www.africa-press.net\/senegal\/politique\/manifestation-de-la-societe-civile-du-30-decembre-guy-marius-sagna-appelle-a-la-mobilisation","og_locale":"fr_FR","og_type":"article","og_title":"Manifestation de la soci\u00e9t\u00e9 civile du 30 d\u00e9cembre : Guy Marius Sagna appelle \u00e0 la mobilisation","og_description":"Africa-Press &#8211; Senegal. Le rapport de l\u2019audit de la Cour des Comptes sur la gestion du fonds Force-Covid-19 continue de faire de\u0301bat. Les membres de la socie\u0301te\u0301 civile ont, dans la foule\u0301e, pre\u0301vu une manifestation le vendredi 30 de\u0301cembre, a\u0300 la place de la Nation, a\u0300 15 h. Le de\u0301pute\u0301 Guy Marius Sagna a, via [&hellip;]","og_url":"https:\/\/www.africa-press.net\/senegal\/politique\/manifestation-de-la-societe-civile-du-30-decembre-guy-marius-sagna-appelle-a-la-mobilisation","og_site_name":"Senegal","article_published_time":"2022-12-28T18:50:02+00:00","author":"cfeditorfr","twitter_card":"summary_large_image","twitter_misc":{"\u00c9crit par":"cfeditorfr","Dur\u00e9e de lecture estim\u00e9e":"1 minute"},"schema":{"@context":"https:\/\/schema.org","@graph":[{"@type":"Article","@id":"https:\/\/www.africa-press.net\/senegal\/politique\/manifestation-de-la-societe-civile-du-30-decembre-guy-marius-sagna-appelle-a-la-mobilisation#article","isPartOf":{"@id":"https:\/\/www.africa-press.net\/senegal\/politique\/manifestation-de-la-societe-civile-du-30-decembre-guy-marius-sagna-appelle-a-la-mobilisation"},"author":{"name":"cfeditorfr","@id":"https:\/\/www.africa-press.net\/senegal\/#\/schema\/person\/2b1cf3cd81a31e3cd26889ca66d677f1"},"headline":"Manifestation de la soci\u00e9t\u00e9 civile du 30 d\u00e9cembre : Guy Marius Sagna appelle \u00e0 la mobilisation","datePublished":"2022-12-28T18:50:02+00:00","mainEntityOfPage":{"@id":"https:\/\/www.africa-press.net\/senegal\/politique\/manifestation-de-la-societe-civile-du-30-decembre-guy-marius-sagna-appelle-a-la-mobilisation"},"wordCount":295,"commentCount":0,"image":{"@id":"https:\/\/www.africa-press.net\/senegal\/politique\/manifestation-de-la-societe-civile-du-30-decembre-guy-marius-sagna-appelle-a-la-mobilisation#primaryimage"},"thumbnailUrl":"https:\/\/static.africa-press.net\/senegal\/sites\/13\/2022\/12\/postQueueImg_1672240817.36.jpg","keywords":["Africa Press","Africa Press-Senegal","Senegal"],"articleSection":["Politique","Top Nouvelles","Toutes les actualit\u00e9s"],"inLanguage":"fr-FR","potentialAction":[{"@type":"CommentAction","name":"Comment","target":["https:\/\/www.africa-press.net\/senegal\/politique\/manifestation-de-la-societe-civile-du-30-decembre-guy-marius-sagna-appelle-a-la-mobilisation#respond"]}]},{"@type":"WebPage","@id":"https:\/\/www.africa-press.net\/senegal\/politique\/manifestation-de-la-societe-civile-du-30-decembre-guy-marius-sagna-appelle-a-la-mobilisation","url":"https:\/\/www.africa-press.net\/senegal\/politique\/manifestation-de-la-societe-civile-du-30-decembre-guy-marius-sagna-appelle-a-la-mobilisation","name":"Manifestation de la soci\u00e9t\u00e9 civile du 30 d\u00e9cembre : Guy Marius Sagna appelle \u00e0 la mobilisation - Senegal","isPartOf":{"@id":"https:\/\/www.africa-press.net\/senegal\/#website"},"primaryImageOfPage":{"@id":"https:\/\/www.africa-press.net\/senegal\/politique\/manifestation-de-la-societe-civile-du-30-decembre-guy-marius-sagna-appelle-a-la-mobilisation#primaryimage"},"image":{"@id":"https:\/\/www.africa-press.net\/senegal\/politique\/manifestation-de-la-societe-civile-du-30-decembre-guy-marius-sagna-appelle-a-la-mobilisation#primaryimage"},"thumbnailUrl":"https:\/\/static.africa-press.net\/senegal\/sites\/13\/2022\/12\/postQueueImg_1672240817.36.jpg","datePublished":"2022-12-28T18:50:02+00:00","author":{"@id":"https:\/\/www.africa-press.net\/senegal\/#\/schema\/person\/2b1cf3cd81a31e3cd26889ca66d677f1"},"breadcrumb":{"@id":"https:\/\/www.africa-press.net\/senegal\/politique\/manifestation-de-la-societe-civile-du-30-decembre-guy-marius-sagna-appelle-a-la-mobilisation#breadcrumb"},"inLanguage":"fr-FR","potentialAction":[{"@type":"ReadAction","target":["https:\/\/www.africa-press.net\/senegal\/politique\/manifestation-de-la-societe-civile-du-30-decembre-guy-marius-sagna-appelle-a-la-mobilisation"]}]},{"@type":"ImageObject","inLanguage":"fr-FR","@id":"https:\/\/www.africa-press.net\/senegal\/politique\/manifestation-de-la-societe-civile-du-30-decembre-guy-marius-sagna-appelle-a-la-mobilisation#primaryimage","url":"https:\/\/static.africa-press.net\/senegal\/sites\/13\/2022\/12\/postQueueImg_1672240817.36.jpg","contentUrl":"https:\/\/static.africa-press.net\/senegal\/sites\/13\/2022\/12\/postQueueImg_1672240817.36.jpg","width":720,"height":350,"caption":"Manifestation de la soci\u00e9t\u00e9 civile du 30 d\u00e9cembre : Guy Marius Sagna appelle \u00e0 la mobilisation"},{"@type":"BreadcrumbList","@id":"https:\/\/www.africa-press.net\/senegal\/politique\/manifestation-de-la-societe-civile-du-30-decembre-guy-marius-sagna-appelle-a-la-mobilisation#breadcrumb","itemListElement":[{"@type":"ListItem","position":1,"name":"Accueil","item":"https:\/\/www.africa-press.net\/senegal\/"},{"@type":"ListItem","position":2,"name":"Manifestation de la soci\u00e9t\u00e9 civile du 30 d\u00e9cembre : Guy Marius Sagna appelle \u00e0 la mobilisation"}]},{"@type":"WebSite","@id":"https:\/\/www.africa-press.net\/senegal\/#website","url":"https:\/\/www.africa-press.net\/senegal\/","name":"Africa Press | Senegal | Homepage","description":"Just another Africa News Agency Sites site","potentialAction":[{"@type":"SearchAction","target":{"@type":"EntryPoint","urlTemplate":"https:\/\/www.africa-press.net\/senegal\/?s={search_term_string}"},"query-input":{"@type":"PropertyValueSpecification","valueRequired":true,"valueName":"search_term_string"}}],"inLanguage":"fr-FR"},{"@type":"Person","@id":"https:\/\/www.africa-press.net\/senegal\/#\/schema\/person\/2b1cf3cd81a31e3cd26889ca66d677f1","name":"cfeditorfr","url":"https:\/\/www.africa-press.net\/senegal\/author\/cfeditorfr"}]}},"_links":{"self":[{"href":"https:\/\/www.africa-press.net\/senegal\/wp-json\/wp\/v2\/posts\/37302","targetHints":{"allow":["GET"]}}],"collection":[{"href":"https:\/\/www.africa-press.net\/senegal\/wp-json\/wp\/v2\/posts"}],"about":[{"href":"https:\/\/www.africa-press.net\/senegal\/wp-json\/wp\/v2\/types\/post"}],"author":[{"embeddable":true,"href":"https:\/\/www.africa-press.net\/senegal\/wp-json\/wp\/v2\/users\/82"}],"replies":[{"embeddable":true,"href":"https:\/\/www.africa-press.net\/senegal\/wp-json\/wp\/v2\/comments?post=37302"}],"version-history":[{"count":0,"href":"https:\/\/www.africa-press.net\/senegal\/wp-json\/wp\/v2\/posts\/37302\/revisions"}],"wp:featuredmedia":[{"embeddable":true,"href":"https:\/\/www.africa-press.net\/senegal\/wp-json\/wp\/v2\/media\/37301"}],"wp:attachment":[{"href":"https:\/\/www.africa-press.net\/senegal\/wp-json\/wp\/v2\/media?parent=37302"}],"wp:term":[{"taxonomy":"category","embeddable":true,"href":"https:\/\/www.africa-press.net\/senegal\/wp-json\/wp\/v2\/categories?post=37302"},{"taxonomy":"post_tag","embeddable":true,"href":"https:\/\/www.africa-press.net\/senegal\/wp-json\/wp\/v2\/tags?post=37302"}],"curies":[{"name":"wp","href":"https:\/\/api.w.org\/{rel}","templated":true}]}}