{"id":37306,"date":"2022-12-28T18:55:00","date_gmt":"2022-12-28T18:55:00","guid":{"rendered":"https:\/\/www.africa-press.net\/senegal\/politique\/conditions-de-vie-des-populations-abdoul-mbaye-denonce-lechec-de-letat"},"modified":"2022-12-28T18:55:00","modified_gmt":"2022-12-28T18:55:00","slug":"conditions-de-vie-des-populations-abdoul-mbaye-denonce-lechec-de-letat","status":"publish","type":"post","link":"https:\/\/www.africa-press.net\/senegal\/politique\/conditions-de-vie-des-populations-abdoul-mbaye-denonce-lechec-de-letat","title":{"rendered":"Conditions de vie des populations : Abdoul Mbaye d\u00e9nonce l&rsquo;\u00e9chec de l&rsquo;\u00c9tat"},"content":{"rendered":"<p><span style=\"color: #ff6600\"><strong>Africa-Press &#8211; Senegal. <\/strong><\/span>La hausse des prix et la perte de revenus font souffrir les paysans. La pande\u0301mie de la Covid-19 a ampute\u0301 les petits me\u0301tiers dans les centres urbains et du tourisme. Cette perte du pouvoir d&rsquo;achat combine\u0301e a\u0300 une baisse des revenus et une augmentation des prix n&rsquo;a pas e\u0301pargne\u0301 les centres urbains.<\/p>\n<p>C&rsquo;est la lecture faite du pre\u0301sident de l&rsquo;Alliance pour la citoyennete\u0301 et le travail (ACT) face a\u0300 la presse. Abdoul Mbaye faisait une e\u0301valuation de la situation e\u0301conomique et politique du pays, en cette fin d&rsquo;anne\u0301e<\/p>\n<p>Selon l&rsquo;ancien Premier ministre de Macky Sall, l&rsquo;E\u0301tat a perdu ses marges de man\u0153uvre pour aider les populations face a\u0300 cette situation. Il s&rsquo;interroge ainsi sur les mille milliards destine\u0301s a\u0300 la gestion de la pande\u0301mie.<\/p>\n<p>\u00ab\u00a0Il y a e\u0301chec et il faut ce\u0301der la place, parce que le pouvoir d&rsquo;achat n&rsquo;e\u0301volue pas\u00a0\u00bb. A l&rsquo;en croire, l&rsquo;E\u0301tat vante des infrastructures et le privile\u0300ge donne\u0301 a\u0300 ce secteur est le plus facile a\u0300 re\u0301aliser. \u00ab\u00a0Il suffit de s&rsquo;endetter et de ponctionner dans le budget, de re\u0301aliser et d&rsquo;inaugurer en mettant la charge de l&rsquo;endettement sur le dos de la ge\u0301ne\u0301ration future\u00a0\u00bb, dit-il.<\/p>\n<p>Cependant, le pre\u0301sident de l&rsquo;Act estime que le plus difficile reste d&rsquo;ame\u0301liorer les conditions de vie ge\u0301ne\u0301rales des populations. Il de\u0301nonce, par la me\u0302me occasion, les scandales de corruption, de malversation et la mal gouvernance qui sont une des causes de la de\u0301gradation des conditions de vie des Se\u0301ne\u0301galais. Pour lui, ces ressources de\u0301tourne\u0301es pouvaient servir au secteur agricole, a\u0300 la sante\u0301, a\u0300 l&rsquo;e\u0301ducation, a\u0300 baisser le cou\u0302t de l&rsquo;e\u0301nergie sur lesquels le Plan Se\u0301ne\u0301gal e\u0301mergent de\u0301pend.<\/p>\n<p>\u00ab\u00a0On augmente les taxes de douane pour augmenter, par ricochet, le cou\u0302t de la vie de la population. Le budget 2023 est la traduction logique de l&rsquo;e\u0301chec e\u0301conomique et financier. Le taux d&rsquo;inflation est supe\u0301rieur a\u0300 6 %. L&rsquo;accroissement du de\u0301ficit budge\u0301taire repre\u0301sente le quart des recettes. L&rsquo;impasse en termes d&rsquo;endettement est une dimension qu&rsquo;on oublie, alors qu&rsquo;on est a\u0300 70 %. Nous allons tout droit dans le mur\u00a0\u00bb, dit-il.<\/p>\n<p><strong>Pour plus d&rsquo;informations et d&rsquo;analyses sur la <a href=\"https:\/\/www.africa-press.net\/senegal\">Senegal<\/a>, suivez <a href=\"https:\/\/www.africa-press.net\/\">Africa-Press<\/a><\/strong><\/p>\n","protected":false},"excerpt":{"rendered":"<p>Africa-Press &#8211; Senegal. La hausse des prix et la perte de revenus font souffrir les paysans. La pande\u0301mie de la Covid-19 a ampute\u0301 les petits me\u0301tiers dans les centres urbains et du tourisme. Cette perte du pouvoir d&rsquo;achat combine\u0301e a\u0300 une baisse des revenus et une augmentation des prix n&rsquo;a pas e\u0301pargne\u0301 les centres urbains. [&hellip;]<\/p>\n","protected":false},"author":82,"featured_media":37305,"comment_status":"open","ping_status":"closed","sticky":false,"template":"","format":"standard","meta":{"footnotes":""},"categories":[2,10],"tags":[43,47,44],"class_list":["post-37306","post","type-post","status-publish","format-standard","has-post-thumbnail","hentry","category-politique","category-toutes-les-actualites","tag-africa-press-2","tag-africa-press-senegal","tag-senegal-2"],"yoast_head":"<!-- This site is optimized with the Yoast SEO Premium plugin v26.1 (Yoast SEO v27.0) - https:\/\/yoast.com\/product\/yoast-seo-premium-wordpress\/ -->\n<title>Conditions de vie des populations : Abdoul Mbaye d\u00e9nonce l&#039;\u00e9chec de l&#039;\u00c9tat - Senegal<\/title>\n<meta name=\"robots\" content=\"index, follow, max-snippet:-1, max-image-preview:large, max-video-preview:-1\" \/>\n<link rel=\"canonical\" href=\"https:\/\/www.africa-press.net\/senegal\/politique\/conditions-de-vie-des-populations-abdoul-mbaye-denonce-lechec-de-letat\" \/>\n<meta property=\"og:locale\" content=\"fr_FR\" \/>\n<meta property=\"og:type\" content=\"article\" \/>\n<meta property=\"og:title\" content=\"Conditions de vie des populations : Abdoul Mbaye d\u00e9nonce l&#039;\u00e9chec de l&#039;\u00c9tat\" \/>\n<meta property=\"og:description\" content=\"Africa-Press &#8211; Senegal. La hausse des prix et la perte de revenus font souffrir les paysans. La pande\u0301mie de la Covid-19 a ampute\u0301 les petits me\u0301tiers dans les centres urbains et du tourisme. Cette perte du pouvoir d&rsquo;achat combine\u0301e a\u0300 une baisse des revenus et une augmentation des prix n&rsquo;a pas e\u0301pargne\u0301 les centres urbains. [&hellip;]\" \/>\n<meta property=\"og:url\" content=\"https:\/\/www.africa-press.net\/senegal\/politique\/conditions-de-vie-des-populations-abdoul-mbaye-denonce-lechec-de-letat\" \/>\n<meta property=\"og:site_name\" content=\"Senegal\" \/>\n<meta property=\"article:published_time\" content=\"2022-12-28T18:55:00+00:00\" \/>\n<meta name=\"author\" content=\"cfeditorfr\" \/>\n<meta name=\"twitter:card\" content=\"summary_large_image\" \/>\n<meta name=\"twitter:label1\" content=\"\u00c9crit par\" \/>\n\t<meta name=\"twitter:data1\" content=\"cfeditorfr\" \/>\n\t<meta name=\"twitter:label2\" content=\"Dur\u00e9e de lecture estim\u00e9e\" \/>\n\t<meta name=\"twitter:data2\" content=\"2 minutes\" \/>\n<script type=\"application\/ld+json\" class=\"yoast-schema-graph\">{\"@context\":\"https:\/\/schema.org\",\"@graph\":[{\"@type\":\"Article\",\"@id\":\"https:\/\/www.africa-press.net\/senegal\/politique\/conditions-de-vie-des-populations-abdoul-mbaye-denonce-lechec-de-letat#article\",\"isPartOf\":{\"@id\":\"https:\/\/www.africa-press.net\/senegal\/politique\/conditions-de-vie-des-populations-abdoul-mbaye-denonce-lechec-de-letat\"},\"author\":{\"name\":\"cfeditorfr\",\"@id\":\"https:\/\/www.africa-press.net\/senegal\/#\/schema\/person\/2b1cf3cd81a31e3cd26889ca66d677f1\"},\"headline\":\"Conditions de vie des populations : Abdoul Mbaye d\u00e9nonce l&rsquo;\u00e9chec de l&rsquo;\u00c9tat\",\"datePublished\":\"2022-12-28T18:55:00+00:00\",\"mainEntityOfPage\":{\"@id\":\"https:\/\/www.africa-press.net\/senegal\/politique\/conditions-de-vie-des-populations-abdoul-mbaye-denonce-lechec-de-letat\"},\"wordCount\":432,\"commentCount\":0,\"image\":{\"@id\":\"https:\/\/www.africa-press.net\/senegal\/politique\/conditions-de-vie-des-populations-abdoul-mbaye-denonce-lechec-de-letat#primaryimage\"},\"thumbnailUrl\":\"https:\/\/static.africa-press.net\/senegal\/sites\/13\/2022\/12\/postQueueImg_1672241109.09.jpg\",\"keywords\":[\"Africa Press\",\"Africa Press-Senegal\",\"Senegal\"],\"articleSection\":[\"Politique\",\"Toutes les actualit\u00e9s\"],\"inLanguage\":\"fr-FR\",\"potentialAction\":[{\"@type\":\"CommentAction\",\"name\":\"Comment\",\"target\":[\"https:\/\/www.africa-press.net\/senegal\/politique\/conditions-de-vie-des-populations-abdoul-mbaye-denonce-lechec-de-letat#respond\"]}]},{\"@type\":\"WebPage\",\"@id\":\"https:\/\/www.africa-press.net\/senegal\/politique\/conditions-de-vie-des-populations-abdoul-mbaye-denonce-lechec-de-letat\",\"url\":\"https:\/\/www.africa-press.net\/senegal\/politique\/conditions-de-vie-des-populations-abdoul-mbaye-denonce-lechec-de-letat\",\"name\":\"Conditions de vie des populations : Abdoul Mbaye d\u00e9nonce l'\u00e9chec de l'\u00c9tat - Senegal\",\"isPartOf\":{\"@id\":\"https:\/\/www.africa-press.net\/senegal\/#website\"},\"primaryImageOfPage\":{\"@id\":\"https:\/\/www.africa-press.net\/senegal\/politique\/conditions-de-vie-des-populations-abdoul-mbaye-denonce-lechec-de-letat#primaryimage\"},\"image\":{\"@id\":\"https:\/\/www.africa-press.net\/senegal\/politique\/conditions-de-vie-des-populations-abdoul-mbaye-denonce-lechec-de-letat#primaryimage\"},\"thumbnailUrl\":\"https:\/\/static.africa-press.net\/senegal\/sites\/13\/2022\/12\/postQueueImg_1672241109.09.jpg\",\"datePublished\":\"2022-12-28T18:55:00+00:00\",\"author\":{\"@id\":\"https:\/\/www.africa-press.net\/senegal\/#\/schema\/person\/2b1cf3cd81a31e3cd26889ca66d677f1\"},\"breadcrumb\":{\"@id\":\"https:\/\/www.africa-press.net\/senegal\/politique\/conditions-de-vie-des-populations-abdoul-mbaye-denonce-lechec-de-letat#breadcrumb\"},\"inLanguage\":\"fr-FR\",\"potentialAction\":[{\"@type\":\"ReadAction\",\"target\":[\"https:\/\/www.africa-press.net\/senegal\/politique\/conditions-de-vie-des-populations-abdoul-mbaye-denonce-lechec-de-letat\"]}]},{\"@type\":\"ImageObject\",\"inLanguage\":\"fr-FR\",\"@id\":\"https:\/\/www.africa-press.net\/senegal\/politique\/conditions-de-vie-des-populations-abdoul-mbaye-denonce-lechec-de-letat#primaryimage\",\"url\":\"https:\/\/static.africa-press.net\/senegal\/sites\/13\/2022\/12\/postQueueImg_1672241109.09.jpg\",\"contentUrl\":\"https:\/\/static.africa-press.net\/senegal\/sites\/13\/2022\/12\/postQueueImg_1672241109.09.jpg\",\"width\":720,\"height\":350,\"caption\":\"Conditions de vie des populations : Abdoul Mbaye d\u00e9nonce l'\u00e9chec de l'\u00c9tat\"},{\"@type\":\"BreadcrumbList\",\"@id\":\"https:\/\/www.africa-press.net\/senegal\/politique\/conditions-de-vie-des-populations-abdoul-mbaye-denonce-lechec-de-letat#breadcrumb\",\"itemListElement\":[{\"@type\":\"ListItem\",\"position\":1,\"name\":\"Accueil\",\"item\":\"https:\/\/www.africa-press.net\/senegal\/\"},{\"@type\":\"ListItem\",\"position\":2,\"name\":\"Conditions de vie des populations : Abdoul Mbaye d\u00e9nonce l&rsquo;\u00e9chec de l&rsquo;\u00c9tat\"}]},{\"@type\":\"WebSite\",\"@id\":\"https:\/\/www.africa-press.net\/senegal\/#website\",\"url\":\"https:\/\/www.africa-press.net\/senegal\/\",\"name\":\"Africa Press | Senegal | Homepage\",\"description\":\"Just another Africa News Agency Sites site\",\"potentialAction\":[{\"@type\":\"SearchAction\",\"target\":{\"@type\":\"EntryPoint\",\"urlTemplate\":\"https:\/\/www.africa-press.net\/senegal\/?s={search_term_string}\"},\"query-input\":{\"@type\":\"PropertyValueSpecification\",\"valueRequired\":true,\"valueName\":\"search_term_string\"}}],\"inLanguage\":\"fr-FR\"},{\"@type\":\"Person\",\"@id\":\"https:\/\/www.africa-press.net\/senegal\/#\/schema\/person\/2b1cf3cd81a31e3cd26889ca66d677f1\",\"name\":\"cfeditorfr\",\"url\":\"https:\/\/www.africa-press.net\/senegal\/author\/cfeditorfr\"}]}<\/script>\n<!-- \/ Yoast SEO Premium plugin. -->","yoast_head_json":{"title":"Conditions de vie des populations : Abdoul Mbaye d\u00e9nonce l'\u00e9chec de l'\u00c9tat - Senegal","robots":{"index":"index","follow":"follow","max-snippet":"max-snippet:-1","max-image-preview":"max-image-preview:large","max-video-preview":"max-video-preview:-1"},"canonical":"https:\/\/www.africa-press.net\/senegal\/politique\/conditions-de-vie-des-populations-abdoul-mbaye-denonce-lechec-de-letat","og_locale":"fr_FR","og_type":"article","og_title":"Conditions de vie des populations : Abdoul Mbaye d\u00e9nonce l'\u00e9chec de l'\u00c9tat","og_description":"Africa-Press &#8211; Senegal. La hausse des prix et la perte de revenus font souffrir les paysans. La pande\u0301mie de la Covid-19 a ampute\u0301 les petits me\u0301tiers dans les centres urbains et du tourisme. Cette perte du pouvoir d&rsquo;achat combine\u0301e a\u0300 une baisse des revenus et une augmentation des prix n&rsquo;a pas e\u0301pargne\u0301 les centres urbains. [&hellip;]","og_url":"https:\/\/www.africa-press.net\/senegal\/politique\/conditions-de-vie-des-populations-abdoul-mbaye-denonce-lechec-de-letat","og_site_name":"Senegal","article_published_time":"2022-12-28T18:55:00+00:00","author":"cfeditorfr","twitter_card":"summary_large_image","twitter_misc":{"\u00c9crit par":"cfeditorfr","Dur\u00e9e de lecture estim\u00e9e":"2 minutes"},"schema":{"@context":"https:\/\/schema.org","@graph":[{"@type":"Article","@id":"https:\/\/www.africa-press.net\/senegal\/politique\/conditions-de-vie-des-populations-abdoul-mbaye-denonce-lechec-de-letat#article","isPartOf":{"@id":"https:\/\/www.africa-press.net\/senegal\/politique\/conditions-de-vie-des-populations-abdoul-mbaye-denonce-lechec-de-letat"},"author":{"name":"cfeditorfr","@id":"https:\/\/www.africa-press.net\/senegal\/#\/schema\/person\/2b1cf3cd81a31e3cd26889ca66d677f1"},"headline":"Conditions de vie des populations : Abdoul Mbaye d\u00e9nonce l&rsquo;\u00e9chec de l&rsquo;\u00c9tat","datePublished":"2022-12-28T18:55:00+00:00","mainEntityOfPage":{"@id":"https:\/\/www.africa-press.net\/senegal\/politique\/conditions-de-vie-des-populations-abdoul-mbaye-denonce-lechec-de-letat"},"wordCount":432,"commentCount":0,"image":{"@id":"https:\/\/www.africa-press.net\/senegal\/politique\/conditions-de-vie-des-populations-abdoul-mbaye-denonce-lechec-de-letat#primaryimage"},"thumbnailUrl":"https:\/\/static.africa-press.net\/senegal\/sites\/13\/2022\/12\/postQueueImg_1672241109.09.jpg","keywords":["Africa Press","Africa Press-Senegal","Senegal"],"articleSection":["Politique","Toutes les actualit\u00e9s"],"inLanguage":"fr-FR","potentialAction":[{"@type":"CommentAction","name":"Comment","target":["https:\/\/www.africa-press.net\/senegal\/politique\/conditions-de-vie-des-populations-abdoul-mbaye-denonce-lechec-de-letat#respond"]}]},{"@type":"WebPage","@id":"https:\/\/www.africa-press.net\/senegal\/politique\/conditions-de-vie-des-populations-abdoul-mbaye-denonce-lechec-de-letat","url":"https:\/\/www.africa-press.net\/senegal\/politique\/conditions-de-vie-des-populations-abdoul-mbaye-denonce-lechec-de-letat","name":"Conditions de vie des populations : Abdoul Mbaye d\u00e9nonce l'\u00e9chec de l'\u00c9tat - Senegal","isPartOf":{"@id":"https:\/\/www.africa-press.net\/senegal\/#website"},"primaryImageOfPage":{"@id":"https:\/\/www.africa-press.net\/senegal\/politique\/conditions-de-vie-des-populations-abdoul-mbaye-denonce-lechec-de-letat#primaryimage"},"image":{"@id":"https:\/\/www.africa-press.net\/senegal\/politique\/conditions-de-vie-des-populations-abdoul-mbaye-denonce-lechec-de-letat#primaryimage"},"thumbnailUrl":"https:\/\/static.africa-press.net\/senegal\/sites\/13\/2022\/12\/postQueueImg_1672241109.09.jpg","datePublished":"2022-12-28T18:55:00+00:00","author":{"@id":"https:\/\/www.africa-press.net\/senegal\/#\/schema\/person\/2b1cf3cd81a31e3cd26889ca66d677f1"},"breadcrumb":{"@id":"https:\/\/www.africa-press.net\/senegal\/politique\/conditions-de-vie-des-populations-abdoul-mbaye-denonce-lechec-de-letat#breadcrumb"},"inLanguage":"fr-FR","potentialAction":[{"@type":"ReadAction","target":["https:\/\/www.africa-press.net\/senegal\/politique\/conditions-de-vie-des-populations-abdoul-mbaye-denonce-lechec-de-letat"]}]},{"@type":"ImageObject","inLanguage":"fr-FR","@id":"https:\/\/www.africa-press.net\/senegal\/politique\/conditions-de-vie-des-populations-abdoul-mbaye-denonce-lechec-de-letat#primaryimage","url":"https:\/\/static.africa-press.net\/senegal\/sites\/13\/2022\/12\/postQueueImg_1672241109.09.jpg","contentUrl":"https:\/\/static.africa-press.net\/senegal\/sites\/13\/2022\/12\/postQueueImg_1672241109.09.jpg","width":720,"height":350,"caption":"Conditions de vie des populations : Abdoul Mbaye d\u00e9nonce l'\u00e9chec de l'\u00c9tat"},{"@type":"BreadcrumbList","@id":"https:\/\/www.africa-press.net\/senegal\/politique\/conditions-de-vie-des-populations-abdoul-mbaye-denonce-lechec-de-letat#breadcrumb","itemListElement":[{"@type":"ListItem","position":1,"name":"Accueil","item":"https:\/\/www.africa-press.net\/senegal\/"},{"@type":"ListItem","position":2,"name":"Conditions de vie des populations : Abdoul Mbaye d\u00e9nonce l&rsquo;\u00e9chec de l&rsquo;\u00c9tat"}]},{"@type":"WebSite","@id":"https:\/\/www.africa-press.net\/senegal\/#website","url":"https:\/\/www.africa-press.net\/senegal\/","name":"Africa Press | Senegal | Homepage","description":"Just another Africa News Agency Sites site","potentialAction":[{"@type":"SearchAction","target":{"@type":"EntryPoint","urlTemplate":"https:\/\/www.africa-press.net\/senegal\/?s={search_term_string}"},"query-input":{"@type":"PropertyValueSpecification","valueRequired":true,"valueName":"search_term_string"}}],"inLanguage":"fr-FR"},{"@type":"Person","@id":"https:\/\/www.africa-press.net\/senegal\/#\/schema\/person\/2b1cf3cd81a31e3cd26889ca66d677f1","name":"cfeditorfr","url":"https:\/\/www.africa-press.net\/senegal\/author\/cfeditorfr"}]}},"_links":{"self":[{"href":"https:\/\/www.africa-press.net\/senegal\/wp-json\/wp\/v2\/posts\/37306","targetHints":{"allow":["GET"]}}],"collection":[{"href":"https:\/\/www.africa-press.net\/senegal\/wp-json\/wp\/v2\/posts"}],"about":[{"href":"https:\/\/www.africa-press.net\/senegal\/wp-json\/wp\/v2\/types\/post"}],"author":[{"embeddable":true,"href":"https:\/\/www.africa-press.net\/senegal\/wp-json\/wp\/v2\/users\/82"}],"replies":[{"embeddable":true,"href":"https:\/\/www.africa-press.net\/senegal\/wp-json\/wp\/v2\/comments?post=37306"}],"version-history":[{"count":0,"href":"https:\/\/www.africa-press.net\/senegal\/wp-json\/wp\/v2\/posts\/37306\/revisions"}],"wp:featuredmedia":[{"embeddable":true,"href":"https:\/\/www.africa-press.net\/senegal\/wp-json\/wp\/v2\/media\/37305"}],"wp:attachment":[{"href":"https:\/\/www.africa-press.net\/senegal\/wp-json\/wp\/v2\/media?parent=37306"}],"wp:term":[{"taxonomy":"category","embeddable":true,"href":"https:\/\/www.africa-press.net\/senegal\/wp-json\/wp\/v2\/categories?post=37306"},{"taxonomy":"post_tag","embeddable":true,"href":"https:\/\/www.africa-press.net\/senegal\/wp-json\/wp\/v2\/tags?post=37306"}],"curies":[{"name":"wp","href":"https:\/\/api.w.org\/{rel}","templated":true}]}}