{"id":37308,"date":"2022-12-28T18:55:52","date_gmt":"2022-12-28T18:55:52","guid":{"rendered":"https:\/\/www.africa-press.net\/senegal\/politique\/affaire-amy-ndiaye-le-pur-va-demander-une-contre-expertise-du-certificat-dhospitalisation"},"modified":"2022-12-28T18:55:52","modified_gmt":"2022-12-28T18:55:52","slug":"affaire-amy-ndiaye-le-pur-va-demander-une-contre-expertise-du-certificat-dhospitalisation","status":"publish","type":"post","link":"https:\/\/www.africa-press.net\/senegal\/parties\/affaire-amy-ndiaye-le-pur-va-demander-une-contre-expertise-du-certificat-dhospitalisation","title":{"rendered":"Affaire Amy Ndiaye : Le PUR va demander une contre-expertise du certificat d&rsquo;hospitalisation"},"content":{"rendered":"<p><span style=\"color: #ff6600\"><strong>Africa-Press &#8211; Senegal. <\/strong><\/span>Les de\u0301pute\u0301s Massata Samb et Mamadou Niang ont e\u0301te\u0301 inculpe\u0301s pour coups et blessures et menace de mort sur leur colle\u0300gue Amy Ndiaye. Ceci apre\u0300s une altercation qui s&rsquo;est produite le 2 de\u0301cembre dernier au sein de l&rsquo;Assemble\u0301e nationale.<\/p>\n<p>Deux jours apre\u0300s cet incident, il a e\u0301te\u0301 re\u0301ve\u0301le\u0301 que la de\u0301pute\u0301e-maire de Gniby e\u0301tait enceinte. En atteste le certificat d&rsquo;hospitalisation qui s&rsquo;est retrouve\u0301 sur la place publique. Une re\u0301ve\u0301lation qui vient en rajouter une couche a\u0300 cette affaire.<\/p>\n<p>Mais pour les membres du Parti de l&rsquo;unite\u0301 et du rassemblement (PUR), formation politique dont sont membres les de\u0301pute\u0301s incrimine\u0301s, cette information ne passe pas. \u00ab\u00a0Nous allons demander une contre-expertise de ce certificat d&rsquo;hospitalisation\u00a0\u00bb, a fait savoir Cheikh Tidiane Youm, lors du point de presse de la coalition Yewwi Askan Wi tenu ce mercredi 28 de\u0301cembre.<\/p>\n<p>Ce dernier estime que ses \u00ab\u00a0camarades ne devraient pas e\u0302tre condamne\u0301s sur du faux et d&rsquo;aucuns disent que la dame ne serait pas enceinte\u00a0\u00bb. Cheikh Tidiane Youm en veut pour \u00ab\u00a0illustration l&rsquo;affaire Adji Sarr\u00a0\u00bb.<\/p>\n<p>Pour rappel, les de\u0301pute\u0301s encore en prison devaient e\u0302tre fixe\u0301s sur leur sort le 26 de\u0301cembre dernier. Ce jour e\u0301tant de\u0301clare\u0301 fe\u0301rie\u0301, ils seront finalement e\u0301difie\u0301s le 2 janvier 2023.<\/p>\n<p><strong>Pour plus d&rsquo;informations et d&rsquo;analyses sur la <a href=\"https:\/\/www.africa-press.net\/senegal\">Senegal<\/a>, suivez <a href=\"https:\/\/www.africa-press.net\/\">Africa-Press<\/a><\/strong><\/p>\n","protected":false},"excerpt":{"rendered":"<p>Africa-Press &#8211; Senegal. Les de\u0301pute\u0301s Massata Samb et Mamadou Niang ont e\u0301te\u0301 inculpe\u0301s pour coups et blessures et menace de mort sur leur colle\u0300gue Amy Ndiaye. Ceci apre\u0300s une altercation qui s&rsquo;est produite le 2 de\u0301cembre dernier au sein de l&rsquo;Assemble\u0301e nationale. Deux jours apre\u0300s cet incident, il a e\u0301te\u0301 re\u0301ve\u0301le\u0301 que la de\u0301pute\u0301e-maire de [&hellip;]<\/p>\n","protected":false},"author":82,"featured_media":37307,"comment_status":"open","ping_status":"closed","sticky":false,"template":"","format":"standard","meta":{"footnotes":""},"categories":[4,20,10],"tags":[43,47,44],"class_list":["post-37308","post","type-post","status-publish","format-standard","has-post-thumbnail","hentry","category-parties","category-top-nouvelles","category-toutes-les-actualites","tag-africa-press-2","tag-africa-press-senegal","tag-senegal-2"],"yoast_head":"<!-- This site is optimized with the Yoast SEO Premium plugin v26.1 (Yoast SEO v27.0) - https:\/\/yoast.com\/product\/yoast-seo-premium-wordpress\/ -->\n<title>Affaire Amy Ndiaye : Le PUR va demander une contre-expertise du certificat d&#039;hospitalisation - Senegal<\/title>\n<meta name=\"robots\" content=\"index, follow, max-snippet:-1, max-image-preview:large, max-video-preview:-1\" \/>\n<link rel=\"canonical\" href=\"https:\/\/www.africa-press.net\/senegal\/politique\/affaire-amy-ndiaye-le-pur-va-demander-une-contre-expertise-du-certificat-dhospitalisation\" \/>\n<meta property=\"og:locale\" content=\"fr_FR\" \/>\n<meta property=\"og:type\" content=\"article\" \/>\n<meta property=\"og:title\" content=\"Affaire Amy Ndiaye : Le PUR va demander une contre-expertise du certificat d&#039;hospitalisation\" \/>\n<meta property=\"og:description\" content=\"Africa-Press &#8211; Senegal. Les de\u0301pute\u0301s Massata Samb et Mamadou Niang ont e\u0301te\u0301 inculpe\u0301s pour coups et blessures et menace de mort sur leur colle\u0300gue Amy Ndiaye. Ceci apre\u0300s une altercation qui s&rsquo;est produite le 2 de\u0301cembre dernier au sein de l&rsquo;Assemble\u0301e nationale. Deux jours apre\u0300s cet incident, il a e\u0301te\u0301 re\u0301ve\u0301le\u0301 que la de\u0301pute\u0301e-maire de [&hellip;]\" \/>\n<meta property=\"og:url\" content=\"https:\/\/www.africa-press.net\/senegal\/politique\/affaire-amy-ndiaye-le-pur-va-demander-une-contre-expertise-du-certificat-dhospitalisation\" \/>\n<meta property=\"og:site_name\" content=\"Senegal\" \/>\n<meta property=\"article:published_time\" content=\"2022-12-28T18:55:52+00:00\" \/>\n<meta name=\"author\" content=\"cfeditorfr\" \/>\n<meta name=\"twitter:card\" content=\"summary_large_image\" \/>\n<meta name=\"twitter:label1\" content=\"\u00c9crit par\" \/>\n\t<meta name=\"twitter:data1\" content=\"cfeditorfr\" \/>\n\t<meta name=\"twitter:label2\" content=\"Dur\u00e9e de lecture estim\u00e9e\" \/>\n\t<meta name=\"twitter:data2\" content=\"1 minute\" \/>\n<script type=\"application\/ld+json\" class=\"yoast-schema-graph\">{\"@context\":\"https:\/\/schema.org\",\"@graph\":[{\"@type\":\"Article\",\"@id\":\"https:\/\/www.africa-press.net\/senegal\/politique\/affaire-amy-ndiaye-le-pur-va-demander-une-contre-expertise-du-certificat-dhospitalisation#article\",\"isPartOf\":{\"@id\":\"https:\/\/www.africa-press.net\/senegal\/politique\/affaire-amy-ndiaye-le-pur-va-demander-une-contre-expertise-du-certificat-dhospitalisation\"},\"author\":{\"name\":\"cfeditorfr\",\"@id\":\"https:\/\/www.africa-press.net\/senegal\/#\/schema\/person\/2b1cf3cd81a31e3cd26889ca66d677f1\"},\"headline\":\"Affaire Amy Ndiaye : Le PUR va demander une contre-expertise du certificat d&rsquo;hospitalisation\",\"datePublished\":\"2022-12-28T18:55:52+00:00\",\"mainEntityOfPage\":{\"@id\":\"https:\/\/www.africa-press.net\/senegal\/politique\/affaire-amy-ndiaye-le-pur-va-demander-une-contre-expertise-du-certificat-dhospitalisation\"},\"wordCount\":262,\"commentCount\":0,\"image\":{\"@id\":\"https:\/\/www.africa-press.net\/senegal\/politique\/affaire-amy-ndiaye-le-pur-va-demander-une-contre-expertise-du-certificat-dhospitalisation#primaryimage\"},\"thumbnailUrl\":\"https:\/\/static.africa-press.net\/senegal\/sites\/13\/2022\/12\/postQueueImg_1672241208.92.jpg\",\"keywords\":[\"Africa Press\",\"Africa Press-Senegal\",\"Senegal\"],\"articleSection\":[\"Parties\",\"Top Nouvelles\",\"Toutes les actualit\u00e9s\"],\"inLanguage\":\"fr-FR\",\"potentialAction\":[{\"@type\":\"CommentAction\",\"name\":\"Comment\",\"target\":[\"https:\/\/www.africa-press.net\/senegal\/politique\/affaire-amy-ndiaye-le-pur-va-demander-une-contre-expertise-du-certificat-dhospitalisation#respond\"]}]},{\"@type\":\"WebPage\",\"@id\":\"https:\/\/www.africa-press.net\/senegal\/politique\/affaire-amy-ndiaye-le-pur-va-demander-une-contre-expertise-du-certificat-dhospitalisation\",\"url\":\"https:\/\/www.africa-press.net\/senegal\/politique\/affaire-amy-ndiaye-le-pur-va-demander-une-contre-expertise-du-certificat-dhospitalisation\",\"name\":\"Affaire Amy Ndiaye : Le PUR va demander une contre-expertise du certificat d'hospitalisation - Senegal\",\"isPartOf\":{\"@id\":\"https:\/\/www.africa-press.net\/senegal\/#website\"},\"primaryImageOfPage\":{\"@id\":\"https:\/\/www.africa-press.net\/senegal\/politique\/affaire-amy-ndiaye-le-pur-va-demander-une-contre-expertise-du-certificat-dhospitalisation#primaryimage\"},\"image\":{\"@id\":\"https:\/\/www.africa-press.net\/senegal\/politique\/affaire-amy-ndiaye-le-pur-va-demander-une-contre-expertise-du-certificat-dhospitalisation#primaryimage\"},\"thumbnailUrl\":\"https:\/\/static.africa-press.net\/senegal\/sites\/13\/2022\/12\/postQueueImg_1672241208.92.jpg\",\"datePublished\":\"2022-12-28T18:55:52+00:00\",\"author\":{\"@id\":\"https:\/\/www.africa-press.net\/senegal\/#\/schema\/person\/2b1cf3cd81a31e3cd26889ca66d677f1\"},\"breadcrumb\":{\"@id\":\"https:\/\/www.africa-press.net\/senegal\/politique\/affaire-amy-ndiaye-le-pur-va-demander-une-contre-expertise-du-certificat-dhospitalisation#breadcrumb\"},\"inLanguage\":\"fr-FR\",\"potentialAction\":[{\"@type\":\"ReadAction\",\"target\":[\"https:\/\/www.africa-press.net\/senegal\/politique\/affaire-amy-ndiaye-le-pur-va-demander-une-contre-expertise-du-certificat-dhospitalisation\"]}]},{\"@type\":\"ImageObject\",\"inLanguage\":\"fr-FR\",\"@id\":\"https:\/\/www.africa-press.net\/senegal\/politique\/affaire-amy-ndiaye-le-pur-va-demander-une-contre-expertise-du-certificat-dhospitalisation#primaryimage\",\"url\":\"https:\/\/static.africa-press.net\/senegal\/sites\/13\/2022\/12\/postQueueImg_1672241208.92.jpg\",\"contentUrl\":\"https:\/\/static.africa-press.net\/senegal\/sites\/13\/2022\/12\/postQueueImg_1672241208.92.jpg\",\"width\":720,\"height\":350,\"caption\":\"Affaire Amy Ndiaye : Le PUR va demander une contre-expertise du certificat d'hospitalisation\"},{\"@type\":\"BreadcrumbList\",\"@id\":\"https:\/\/www.africa-press.net\/senegal\/politique\/affaire-amy-ndiaye-le-pur-va-demander-une-contre-expertise-du-certificat-dhospitalisation#breadcrumb\",\"itemListElement\":[{\"@type\":\"ListItem\",\"position\":1,\"name\":\"Accueil\",\"item\":\"https:\/\/www.africa-press.net\/senegal\/\"},{\"@type\":\"ListItem\",\"position\":2,\"name\":\"Affaire Amy Ndiaye : Le PUR va demander une contre-expertise du certificat d&rsquo;hospitalisation\"}]},{\"@type\":\"WebSite\",\"@id\":\"https:\/\/www.africa-press.net\/senegal\/#website\",\"url\":\"https:\/\/www.africa-press.net\/senegal\/\",\"name\":\"Africa Press | Senegal | Homepage\",\"description\":\"Just another Africa News Agency Sites site\",\"potentialAction\":[{\"@type\":\"SearchAction\",\"target\":{\"@type\":\"EntryPoint\",\"urlTemplate\":\"https:\/\/www.africa-press.net\/senegal\/?s={search_term_string}\"},\"query-input\":{\"@type\":\"PropertyValueSpecification\",\"valueRequired\":true,\"valueName\":\"search_term_string\"}}],\"inLanguage\":\"fr-FR\"},{\"@type\":\"Person\",\"@id\":\"https:\/\/www.africa-press.net\/senegal\/#\/schema\/person\/2b1cf3cd81a31e3cd26889ca66d677f1\",\"name\":\"cfeditorfr\",\"url\":\"https:\/\/www.africa-press.net\/senegal\/author\/cfeditorfr\"}]}<\/script>\n<!-- \/ Yoast SEO Premium plugin. -->","yoast_head_json":{"title":"Affaire Amy Ndiaye : Le PUR va demander une contre-expertise du certificat d'hospitalisation - Senegal","robots":{"index":"index","follow":"follow","max-snippet":"max-snippet:-1","max-image-preview":"max-image-preview:large","max-video-preview":"max-video-preview:-1"},"canonical":"https:\/\/www.africa-press.net\/senegal\/politique\/affaire-amy-ndiaye-le-pur-va-demander-une-contre-expertise-du-certificat-dhospitalisation","og_locale":"fr_FR","og_type":"article","og_title":"Affaire Amy Ndiaye : Le PUR va demander une contre-expertise du certificat d'hospitalisation","og_description":"Africa-Press &#8211; Senegal. Les de\u0301pute\u0301s Massata Samb et Mamadou Niang ont e\u0301te\u0301 inculpe\u0301s pour coups et blessures et menace de mort sur leur colle\u0300gue Amy Ndiaye. Ceci apre\u0300s une altercation qui s&rsquo;est produite le 2 de\u0301cembre dernier au sein de l&rsquo;Assemble\u0301e nationale. Deux jours apre\u0300s cet incident, il a e\u0301te\u0301 re\u0301ve\u0301le\u0301 que la de\u0301pute\u0301e-maire de [&hellip;]","og_url":"https:\/\/www.africa-press.net\/senegal\/politique\/affaire-amy-ndiaye-le-pur-va-demander-une-contre-expertise-du-certificat-dhospitalisation","og_site_name":"Senegal","article_published_time":"2022-12-28T18:55:52+00:00","author":"cfeditorfr","twitter_card":"summary_large_image","twitter_misc":{"\u00c9crit par":"cfeditorfr","Dur\u00e9e de lecture estim\u00e9e":"1 minute"},"schema":{"@context":"https:\/\/schema.org","@graph":[{"@type":"Article","@id":"https:\/\/www.africa-press.net\/senegal\/politique\/affaire-amy-ndiaye-le-pur-va-demander-une-contre-expertise-du-certificat-dhospitalisation#article","isPartOf":{"@id":"https:\/\/www.africa-press.net\/senegal\/politique\/affaire-amy-ndiaye-le-pur-va-demander-une-contre-expertise-du-certificat-dhospitalisation"},"author":{"name":"cfeditorfr","@id":"https:\/\/www.africa-press.net\/senegal\/#\/schema\/person\/2b1cf3cd81a31e3cd26889ca66d677f1"},"headline":"Affaire Amy Ndiaye : Le PUR va demander une contre-expertise du certificat d&rsquo;hospitalisation","datePublished":"2022-12-28T18:55:52+00:00","mainEntityOfPage":{"@id":"https:\/\/www.africa-press.net\/senegal\/politique\/affaire-amy-ndiaye-le-pur-va-demander-une-contre-expertise-du-certificat-dhospitalisation"},"wordCount":262,"commentCount":0,"image":{"@id":"https:\/\/www.africa-press.net\/senegal\/politique\/affaire-amy-ndiaye-le-pur-va-demander-une-contre-expertise-du-certificat-dhospitalisation#primaryimage"},"thumbnailUrl":"https:\/\/static.africa-press.net\/senegal\/sites\/13\/2022\/12\/postQueueImg_1672241208.92.jpg","keywords":["Africa Press","Africa Press-Senegal","Senegal"],"articleSection":["Parties","Top Nouvelles","Toutes les actualit\u00e9s"],"inLanguage":"fr-FR","potentialAction":[{"@type":"CommentAction","name":"Comment","target":["https:\/\/www.africa-press.net\/senegal\/politique\/affaire-amy-ndiaye-le-pur-va-demander-une-contre-expertise-du-certificat-dhospitalisation#respond"]}]},{"@type":"WebPage","@id":"https:\/\/www.africa-press.net\/senegal\/politique\/affaire-amy-ndiaye-le-pur-va-demander-une-contre-expertise-du-certificat-dhospitalisation","url":"https:\/\/www.africa-press.net\/senegal\/politique\/affaire-amy-ndiaye-le-pur-va-demander-une-contre-expertise-du-certificat-dhospitalisation","name":"Affaire Amy Ndiaye : Le PUR va demander une contre-expertise du certificat d'hospitalisation - Senegal","isPartOf":{"@id":"https:\/\/www.africa-press.net\/senegal\/#website"},"primaryImageOfPage":{"@id":"https:\/\/www.africa-press.net\/senegal\/politique\/affaire-amy-ndiaye-le-pur-va-demander-une-contre-expertise-du-certificat-dhospitalisation#primaryimage"},"image":{"@id":"https:\/\/www.africa-press.net\/senegal\/politique\/affaire-amy-ndiaye-le-pur-va-demander-une-contre-expertise-du-certificat-dhospitalisation#primaryimage"},"thumbnailUrl":"https:\/\/static.africa-press.net\/senegal\/sites\/13\/2022\/12\/postQueueImg_1672241208.92.jpg","datePublished":"2022-12-28T18:55:52+00:00","author":{"@id":"https:\/\/www.africa-press.net\/senegal\/#\/schema\/person\/2b1cf3cd81a31e3cd26889ca66d677f1"},"breadcrumb":{"@id":"https:\/\/www.africa-press.net\/senegal\/politique\/affaire-amy-ndiaye-le-pur-va-demander-une-contre-expertise-du-certificat-dhospitalisation#breadcrumb"},"inLanguage":"fr-FR","potentialAction":[{"@type":"ReadAction","target":["https:\/\/www.africa-press.net\/senegal\/politique\/affaire-amy-ndiaye-le-pur-va-demander-une-contre-expertise-du-certificat-dhospitalisation"]}]},{"@type":"ImageObject","inLanguage":"fr-FR","@id":"https:\/\/www.africa-press.net\/senegal\/politique\/affaire-amy-ndiaye-le-pur-va-demander-une-contre-expertise-du-certificat-dhospitalisation#primaryimage","url":"https:\/\/static.africa-press.net\/senegal\/sites\/13\/2022\/12\/postQueueImg_1672241208.92.jpg","contentUrl":"https:\/\/static.africa-press.net\/senegal\/sites\/13\/2022\/12\/postQueueImg_1672241208.92.jpg","width":720,"height":350,"caption":"Affaire Amy Ndiaye : Le PUR va demander une contre-expertise du certificat d'hospitalisation"},{"@type":"BreadcrumbList","@id":"https:\/\/www.africa-press.net\/senegal\/politique\/affaire-amy-ndiaye-le-pur-va-demander-une-contre-expertise-du-certificat-dhospitalisation#breadcrumb","itemListElement":[{"@type":"ListItem","position":1,"name":"Accueil","item":"https:\/\/www.africa-press.net\/senegal\/"},{"@type":"ListItem","position":2,"name":"Affaire Amy Ndiaye : Le PUR va demander une contre-expertise du certificat d&rsquo;hospitalisation"}]},{"@type":"WebSite","@id":"https:\/\/www.africa-press.net\/senegal\/#website","url":"https:\/\/www.africa-press.net\/senegal\/","name":"Africa Press | Senegal | Homepage","description":"Just another Africa News Agency Sites site","potentialAction":[{"@type":"SearchAction","target":{"@type":"EntryPoint","urlTemplate":"https:\/\/www.africa-press.net\/senegal\/?s={search_term_string}"},"query-input":{"@type":"PropertyValueSpecification","valueRequired":true,"valueName":"search_term_string"}}],"inLanguage":"fr-FR"},{"@type":"Person","@id":"https:\/\/www.africa-press.net\/senegal\/#\/schema\/person\/2b1cf3cd81a31e3cd26889ca66d677f1","name":"cfeditorfr","url":"https:\/\/www.africa-press.net\/senegal\/author\/cfeditorfr"}]}},"_links":{"self":[{"href":"https:\/\/www.africa-press.net\/senegal\/wp-json\/wp\/v2\/posts\/37308","targetHints":{"allow":["GET"]}}],"collection":[{"href":"https:\/\/www.africa-press.net\/senegal\/wp-json\/wp\/v2\/posts"}],"about":[{"href":"https:\/\/www.africa-press.net\/senegal\/wp-json\/wp\/v2\/types\/post"}],"author":[{"embeddable":true,"href":"https:\/\/www.africa-press.net\/senegal\/wp-json\/wp\/v2\/users\/82"}],"replies":[{"embeddable":true,"href":"https:\/\/www.africa-press.net\/senegal\/wp-json\/wp\/v2\/comments?post=37308"}],"version-history":[{"count":0,"href":"https:\/\/www.africa-press.net\/senegal\/wp-json\/wp\/v2\/posts\/37308\/revisions"}],"wp:featuredmedia":[{"embeddable":true,"href":"https:\/\/www.africa-press.net\/senegal\/wp-json\/wp\/v2\/media\/37307"}],"wp:attachment":[{"href":"https:\/\/www.africa-press.net\/senegal\/wp-json\/wp\/v2\/media?parent=37308"}],"wp:term":[{"taxonomy":"category","embeddable":true,"href":"https:\/\/www.africa-press.net\/senegal\/wp-json\/wp\/v2\/categories?post=37308"},{"taxonomy":"post_tag","embeddable":true,"href":"https:\/\/www.africa-press.net\/senegal\/wp-json\/wp\/v2\/tags?post=37308"}],"curies":[{"name":"wp","href":"https:\/\/api.w.org\/{rel}","templated":true}]}}