{"id":37312,"date":"2022-12-28T18:57:44","date_gmt":"2022-12-28T18:57:44","guid":{"rendered":"https:\/\/www.africa-press.net\/senegal\/politique\/manifestation-du-30-decembre-les-jeunes-de-yewwi-askan-wi-appellent-a-la-mobilisation"},"modified":"2022-12-28T18:57:44","modified_gmt":"2022-12-28T18:57:44","slug":"manifestation-du-30-decembre-les-jeunes-de-yewwi-askan-wi-appellent-a-la-mobilisation","status":"publish","type":"post","link":"https:\/\/www.africa-press.net\/senegal\/politique\/manifestation-du-30-decembre-les-jeunes-de-yewwi-askan-wi-appellent-a-la-mobilisation","title":{"rendered":"Manifestation du 30 d\u00e9cembre : Les jeunes de Yewwi Askan Wi appellent \u00e0 la mobilisation"},"content":{"rendered":"<p><span style=\"color: #ff6600\"><strong>Africa-Press &#8211; Senegal. <\/strong><\/span>Faire face au pouvoir en place\u201d. C&rsquo;est l&rsquo;appel lance\u0301 par Bassirou Samb, ce mercredi, au nom de la jeunesse de la coalition Yewwi Askan Wi. Devant la presse, il conside\u0300re \u00ab\u00a0qu&rsquo;il est temps que les jeunes prennent leur responsabilite\u0301\u00a0\u00bb. \u00ab\u00a0A certains moralisateurs qui seraient prompts a\u0300 donner des conseils, je leur demande ou\u0300 est-ce qu&rsquo;ils e\u0301taient quand Papito Kara ou Outhmane Diagne e\u0301tait injustement emprisonne\u0301 ? Ou\u0300 e\u0301taient-ils quand le re\u0301gime de\u0301tournait les milliards du COVID\u00a0\u00bb s&rsquo;est demande\u0301 Bassirou Samb ?\u201d.<\/p>\n<p>Au nom de la jeunesse de Yewwi, le jeune socialiste affirme que \u00ab\u00a0ses camarades pre\u0301fe\u0300rent participer a\u0300 un concert de casseroles pluto\u0302t qu&rsquo;a\u0300 e\u0301couter un pre\u0301sident qui n&rsquo;a jamais respecte\u0301 sa parole\u00a0\u00bb.<\/p>\n<p>Bassirou Samb juge en effet que le discours du pre\u0301sident est devenu inaudible. Il informe par ailleurs que \u00ab\u00a0dans les jours a\u0300 venir, le pouvoir saura que la jeunesse est de\u0301termine\u0301e\u00a0\u00bb. \u00ab\u00a0Nous lanc\u0327ons un appel a\u0300 toute la jeunesse dans les universite\u0301s, les quartiers a\u0300 se tenir pre\u0302ts\u00a0\u00bb, a-t-il conclu.<\/p>\n<p><strong>Pour plus d&rsquo;informations et d&rsquo;analyses sur la <a href=\"https:\/\/www.africa-press.net\/senegal\">Senegal<\/a>, suivez <a href=\"https:\/\/www.africa-press.net\/\">Africa-Press<\/a><\/strong><\/p>\n","protected":false},"excerpt":{"rendered":"<p>Africa-Press &#8211; Senegal. Faire face au pouvoir en place\u201d. C&rsquo;est l&rsquo;appel lance\u0301 par Bassirou Samb, ce mercredi, au nom de la jeunesse de la coalition Yewwi Askan Wi. Devant la presse, il conside\u0300re \u00ab\u00a0qu&rsquo;il est temps que les jeunes prennent leur responsabilite\u0301\u00a0\u00bb. \u00ab\u00a0A certains moralisateurs qui seraient prompts a\u0300 donner des conseils, je leur demande [&hellip;]<\/p>\n","protected":false},"author":82,"featured_media":37311,"comment_status":"open","ping_status":"closed","sticky":false,"template":"","format":"standard","meta":{"footnotes":""},"categories":[2,10],"tags":[43,47,44],"class_list":["post-37312","post","type-post","status-publish","format-standard","has-post-thumbnail","hentry","category-politique","category-toutes-les-actualites","tag-africa-press-2","tag-africa-press-senegal","tag-senegal-2"],"yoast_head":"<!-- This site is optimized with the Yoast SEO Premium plugin v26.1 (Yoast SEO v27.0) - https:\/\/yoast.com\/product\/yoast-seo-premium-wordpress\/ -->\n<title>Manifestation du 30 d\u00e9cembre : Les jeunes de Yewwi Askan Wi appellent \u00e0 la mobilisation - Senegal<\/title>\n<meta name=\"robots\" content=\"index, follow, max-snippet:-1, max-image-preview:large, max-video-preview:-1\" \/>\n<link rel=\"canonical\" href=\"https:\/\/www.africa-press.net\/senegal\/politique\/manifestation-du-30-decembre-les-jeunes-de-yewwi-askan-wi-appellent-a-la-mobilisation\" \/>\n<meta property=\"og:locale\" content=\"fr_FR\" \/>\n<meta property=\"og:type\" content=\"article\" \/>\n<meta property=\"og:title\" content=\"Manifestation du 30 d\u00e9cembre : Les jeunes de Yewwi Askan Wi appellent \u00e0 la mobilisation\" \/>\n<meta property=\"og:description\" content=\"Africa-Press &#8211; Senegal. Faire face au pouvoir en place\u201d. C&rsquo;est l&rsquo;appel lance\u0301 par Bassirou Samb, ce mercredi, au nom de la jeunesse de la coalition Yewwi Askan Wi. Devant la presse, il conside\u0300re \u00ab\u00a0qu&rsquo;il est temps que les jeunes prennent leur responsabilite\u0301\u00a0\u00bb. \u00ab\u00a0A certains moralisateurs qui seraient prompts a\u0300 donner des conseils, je leur demande [&hellip;]\" \/>\n<meta property=\"og:url\" content=\"https:\/\/www.africa-press.net\/senegal\/politique\/manifestation-du-30-decembre-les-jeunes-de-yewwi-askan-wi-appellent-a-la-mobilisation\" \/>\n<meta property=\"og:site_name\" content=\"Senegal\" \/>\n<meta property=\"article:published_time\" content=\"2022-12-28T18:57:44+00:00\" \/>\n<meta name=\"author\" content=\"cfeditorfr\" \/>\n<meta name=\"twitter:card\" content=\"summary_large_image\" \/>\n<meta name=\"twitter:label1\" content=\"\u00c9crit par\" \/>\n\t<meta name=\"twitter:data1\" content=\"cfeditorfr\" \/>\n\t<meta name=\"twitter:label2\" content=\"Dur\u00e9e de lecture estim\u00e9e\" \/>\n\t<meta name=\"twitter:data2\" content=\"1 minute\" \/>\n<script type=\"application\/ld+json\" class=\"yoast-schema-graph\">{\"@context\":\"https:\/\/schema.org\",\"@graph\":[{\"@type\":\"Article\",\"@id\":\"https:\/\/www.africa-press.net\/senegal\/politique\/manifestation-du-30-decembre-les-jeunes-de-yewwi-askan-wi-appellent-a-la-mobilisation#article\",\"isPartOf\":{\"@id\":\"https:\/\/www.africa-press.net\/senegal\/politique\/manifestation-du-30-decembre-les-jeunes-de-yewwi-askan-wi-appellent-a-la-mobilisation\"},\"author\":{\"name\":\"cfeditorfr\",\"@id\":\"https:\/\/www.africa-press.net\/senegal\/#\/schema\/person\/2b1cf3cd81a31e3cd26889ca66d677f1\"},\"headline\":\"Manifestation du 30 d\u00e9cembre : Les jeunes de Yewwi Askan Wi appellent \u00e0 la mobilisation\",\"datePublished\":\"2022-12-28T18:57:44+00:00\",\"mainEntityOfPage\":{\"@id\":\"https:\/\/www.africa-press.net\/senegal\/politique\/manifestation-du-30-decembre-les-jeunes-de-yewwi-askan-wi-appellent-a-la-mobilisation\"},\"wordCount\":213,\"commentCount\":0,\"image\":{\"@id\":\"https:\/\/www.africa-press.net\/senegal\/politique\/manifestation-du-30-decembre-les-jeunes-de-yewwi-askan-wi-appellent-a-la-mobilisation#primaryimage\"},\"thumbnailUrl\":\"https:\/\/static.africa-press.net\/senegal\/sites\/13\/2022\/12\/postQueueImg_1672241271.36.jpg\",\"keywords\":[\"Africa Press\",\"Africa Press-Senegal\",\"Senegal\"],\"articleSection\":[\"Politique\",\"Toutes les actualit\u00e9s\"],\"inLanguage\":\"fr-FR\",\"potentialAction\":[{\"@type\":\"CommentAction\",\"name\":\"Comment\",\"target\":[\"https:\/\/www.africa-press.net\/senegal\/politique\/manifestation-du-30-decembre-les-jeunes-de-yewwi-askan-wi-appellent-a-la-mobilisation#respond\"]}]},{\"@type\":\"WebPage\",\"@id\":\"https:\/\/www.africa-press.net\/senegal\/politique\/manifestation-du-30-decembre-les-jeunes-de-yewwi-askan-wi-appellent-a-la-mobilisation\",\"url\":\"https:\/\/www.africa-press.net\/senegal\/politique\/manifestation-du-30-decembre-les-jeunes-de-yewwi-askan-wi-appellent-a-la-mobilisation\",\"name\":\"Manifestation du 30 d\u00e9cembre : Les jeunes de Yewwi Askan Wi appellent \u00e0 la mobilisation - Senegal\",\"isPartOf\":{\"@id\":\"https:\/\/www.africa-press.net\/senegal\/#website\"},\"primaryImageOfPage\":{\"@id\":\"https:\/\/www.africa-press.net\/senegal\/politique\/manifestation-du-30-decembre-les-jeunes-de-yewwi-askan-wi-appellent-a-la-mobilisation#primaryimage\"},\"image\":{\"@id\":\"https:\/\/www.africa-press.net\/senegal\/politique\/manifestation-du-30-decembre-les-jeunes-de-yewwi-askan-wi-appellent-a-la-mobilisation#primaryimage\"},\"thumbnailUrl\":\"https:\/\/static.africa-press.net\/senegal\/sites\/13\/2022\/12\/postQueueImg_1672241271.36.jpg\",\"datePublished\":\"2022-12-28T18:57:44+00:00\",\"author\":{\"@id\":\"https:\/\/www.africa-press.net\/senegal\/#\/schema\/person\/2b1cf3cd81a31e3cd26889ca66d677f1\"},\"breadcrumb\":{\"@id\":\"https:\/\/www.africa-press.net\/senegal\/politique\/manifestation-du-30-decembre-les-jeunes-de-yewwi-askan-wi-appellent-a-la-mobilisation#breadcrumb\"},\"inLanguage\":\"fr-FR\",\"potentialAction\":[{\"@type\":\"ReadAction\",\"target\":[\"https:\/\/www.africa-press.net\/senegal\/politique\/manifestation-du-30-decembre-les-jeunes-de-yewwi-askan-wi-appellent-a-la-mobilisation\"]}]},{\"@type\":\"ImageObject\",\"inLanguage\":\"fr-FR\",\"@id\":\"https:\/\/www.africa-press.net\/senegal\/politique\/manifestation-du-30-decembre-les-jeunes-de-yewwi-askan-wi-appellent-a-la-mobilisation#primaryimage\",\"url\":\"https:\/\/static.africa-press.net\/senegal\/sites\/13\/2022\/12\/postQueueImg_1672241271.36.jpg\",\"contentUrl\":\"https:\/\/static.africa-press.net\/senegal\/sites\/13\/2022\/12\/postQueueImg_1672241271.36.jpg\",\"width\":720,\"height\":350,\"caption\":\"Manifestation du 30 d\u00e9cembre : Les jeunes de Yewwi Askan Wi appellent \u00e0 la mobilisation\"},{\"@type\":\"BreadcrumbList\",\"@id\":\"https:\/\/www.africa-press.net\/senegal\/politique\/manifestation-du-30-decembre-les-jeunes-de-yewwi-askan-wi-appellent-a-la-mobilisation#breadcrumb\",\"itemListElement\":[{\"@type\":\"ListItem\",\"position\":1,\"name\":\"Accueil\",\"item\":\"https:\/\/www.africa-press.net\/senegal\/\"},{\"@type\":\"ListItem\",\"position\":2,\"name\":\"Manifestation du 30 d\u00e9cembre : Les jeunes de Yewwi Askan Wi appellent \u00e0 la mobilisation\"}]},{\"@type\":\"WebSite\",\"@id\":\"https:\/\/www.africa-press.net\/senegal\/#website\",\"url\":\"https:\/\/www.africa-press.net\/senegal\/\",\"name\":\"Africa Press | Senegal | Homepage\",\"description\":\"Just another Africa News Agency Sites site\",\"potentialAction\":[{\"@type\":\"SearchAction\",\"target\":{\"@type\":\"EntryPoint\",\"urlTemplate\":\"https:\/\/www.africa-press.net\/senegal\/?s={search_term_string}\"},\"query-input\":{\"@type\":\"PropertyValueSpecification\",\"valueRequired\":true,\"valueName\":\"search_term_string\"}}],\"inLanguage\":\"fr-FR\"},{\"@type\":\"Person\",\"@id\":\"https:\/\/www.africa-press.net\/senegal\/#\/schema\/person\/2b1cf3cd81a31e3cd26889ca66d677f1\",\"name\":\"cfeditorfr\",\"url\":\"https:\/\/www.africa-press.net\/senegal\/author\/cfeditorfr\"}]}<\/script>\n<!-- \/ Yoast SEO Premium plugin. -->","yoast_head_json":{"title":"Manifestation du 30 d\u00e9cembre : Les jeunes de Yewwi Askan Wi appellent \u00e0 la mobilisation - Senegal","robots":{"index":"index","follow":"follow","max-snippet":"max-snippet:-1","max-image-preview":"max-image-preview:large","max-video-preview":"max-video-preview:-1"},"canonical":"https:\/\/www.africa-press.net\/senegal\/politique\/manifestation-du-30-decembre-les-jeunes-de-yewwi-askan-wi-appellent-a-la-mobilisation","og_locale":"fr_FR","og_type":"article","og_title":"Manifestation du 30 d\u00e9cembre : Les jeunes de Yewwi Askan Wi appellent \u00e0 la mobilisation","og_description":"Africa-Press &#8211; Senegal. Faire face au pouvoir en place\u201d. C&rsquo;est l&rsquo;appel lance\u0301 par Bassirou Samb, ce mercredi, au nom de la jeunesse de la coalition Yewwi Askan Wi. Devant la presse, il conside\u0300re \u00ab\u00a0qu&rsquo;il est temps que les jeunes prennent leur responsabilite\u0301\u00a0\u00bb. \u00ab\u00a0A certains moralisateurs qui seraient prompts a\u0300 donner des conseils, je leur demande [&hellip;]","og_url":"https:\/\/www.africa-press.net\/senegal\/politique\/manifestation-du-30-decembre-les-jeunes-de-yewwi-askan-wi-appellent-a-la-mobilisation","og_site_name":"Senegal","article_published_time":"2022-12-28T18:57:44+00:00","author":"cfeditorfr","twitter_card":"summary_large_image","twitter_misc":{"\u00c9crit par":"cfeditorfr","Dur\u00e9e de lecture estim\u00e9e":"1 minute"},"schema":{"@context":"https:\/\/schema.org","@graph":[{"@type":"Article","@id":"https:\/\/www.africa-press.net\/senegal\/politique\/manifestation-du-30-decembre-les-jeunes-de-yewwi-askan-wi-appellent-a-la-mobilisation#article","isPartOf":{"@id":"https:\/\/www.africa-press.net\/senegal\/politique\/manifestation-du-30-decembre-les-jeunes-de-yewwi-askan-wi-appellent-a-la-mobilisation"},"author":{"name":"cfeditorfr","@id":"https:\/\/www.africa-press.net\/senegal\/#\/schema\/person\/2b1cf3cd81a31e3cd26889ca66d677f1"},"headline":"Manifestation du 30 d\u00e9cembre : Les jeunes de Yewwi Askan Wi appellent \u00e0 la mobilisation","datePublished":"2022-12-28T18:57:44+00:00","mainEntityOfPage":{"@id":"https:\/\/www.africa-press.net\/senegal\/politique\/manifestation-du-30-decembre-les-jeunes-de-yewwi-askan-wi-appellent-a-la-mobilisation"},"wordCount":213,"commentCount":0,"image":{"@id":"https:\/\/www.africa-press.net\/senegal\/politique\/manifestation-du-30-decembre-les-jeunes-de-yewwi-askan-wi-appellent-a-la-mobilisation#primaryimage"},"thumbnailUrl":"https:\/\/static.africa-press.net\/senegal\/sites\/13\/2022\/12\/postQueueImg_1672241271.36.jpg","keywords":["Africa Press","Africa Press-Senegal","Senegal"],"articleSection":["Politique","Toutes les actualit\u00e9s"],"inLanguage":"fr-FR","potentialAction":[{"@type":"CommentAction","name":"Comment","target":["https:\/\/www.africa-press.net\/senegal\/politique\/manifestation-du-30-decembre-les-jeunes-de-yewwi-askan-wi-appellent-a-la-mobilisation#respond"]}]},{"@type":"WebPage","@id":"https:\/\/www.africa-press.net\/senegal\/politique\/manifestation-du-30-decembre-les-jeunes-de-yewwi-askan-wi-appellent-a-la-mobilisation","url":"https:\/\/www.africa-press.net\/senegal\/politique\/manifestation-du-30-decembre-les-jeunes-de-yewwi-askan-wi-appellent-a-la-mobilisation","name":"Manifestation du 30 d\u00e9cembre : Les jeunes de Yewwi Askan Wi appellent \u00e0 la mobilisation - Senegal","isPartOf":{"@id":"https:\/\/www.africa-press.net\/senegal\/#website"},"primaryImageOfPage":{"@id":"https:\/\/www.africa-press.net\/senegal\/politique\/manifestation-du-30-decembre-les-jeunes-de-yewwi-askan-wi-appellent-a-la-mobilisation#primaryimage"},"image":{"@id":"https:\/\/www.africa-press.net\/senegal\/politique\/manifestation-du-30-decembre-les-jeunes-de-yewwi-askan-wi-appellent-a-la-mobilisation#primaryimage"},"thumbnailUrl":"https:\/\/static.africa-press.net\/senegal\/sites\/13\/2022\/12\/postQueueImg_1672241271.36.jpg","datePublished":"2022-12-28T18:57:44+00:00","author":{"@id":"https:\/\/www.africa-press.net\/senegal\/#\/schema\/person\/2b1cf3cd81a31e3cd26889ca66d677f1"},"breadcrumb":{"@id":"https:\/\/www.africa-press.net\/senegal\/politique\/manifestation-du-30-decembre-les-jeunes-de-yewwi-askan-wi-appellent-a-la-mobilisation#breadcrumb"},"inLanguage":"fr-FR","potentialAction":[{"@type":"ReadAction","target":["https:\/\/www.africa-press.net\/senegal\/politique\/manifestation-du-30-decembre-les-jeunes-de-yewwi-askan-wi-appellent-a-la-mobilisation"]}]},{"@type":"ImageObject","inLanguage":"fr-FR","@id":"https:\/\/www.africa-press.net\/senegal\/politique\/manifestation-du-30-decembre-les-jeunes-de-yewwi-askan-wi-appellent-a-la-mobilisation#primaryimage","url":"https:\/\/static.africa-press.net\/senegal\/sites\/13\/2022\/12\/postQueueImg_1672241271.36.jpg","contentUrl":"https:\/\/static.africa-press.net\/senegal\/sites\/13\/2022\/12\/postQueueImg_1672241271.36.jpg","width":720,"height":350,"caption":"Manifestation du 30 d\u00e9cembre : Les jeunes de Yewwi Askan Wi appellent \u00e0 la mobilisation"},{"@type":"BreadcrumbList","@id":"https:\/\/www.africa-press.net\/senegal\/politique\/manifestation-du-30-decembre-les-jeunes-de-yewwi-askan-wi-appellent-a-la-mobilisation#breadcrumb","itemListElement":[{"@type":"ListItem","position":1,"name":"Accueil","item":"https:\/\/www.africa-press.net\/senegal\/"},{"@type":"ListItem","position":2,"name":"Manifestation du 30 d\u00e9cembre : Les jeunes de Yewwi Askan Wi appellent \u00e0 la mobilisation"}]},{"@type":"WebSite","@id":"https:\/\/www.africa-press.net\/senegal\/#website","url":"https:\/\/www.africa-press.net\/senegal\/","name":"Africa Press | Senegal | Homepage","description":"Just another Africa News Agency Sites site","potentialAction":[{"@type":"SearchAction","target":{"@type":"EntryPoint","urlTemplate":"https:\/\/www.africa-press.net\/senegal\/?s={search_term_string}"},"query-input":{"@type":"PropertyValueSpecification","valueRequired":true,"valueName":"search_term_string"}}],"inLanguage":"fr-FR"},{"@type":"Person","@id":"https:\/\/www.africa-press.net\/senegal\/#\/schema\/person\/2b1cf3cd81a31e3cd26889ca66d677f1","name":"cfeditorfr","url":"https:\/\/www.africa-press.net\/senegal\/author\/cfeditorfr"}]}},"_links":{"self":[{"href":"https:\/\/www.africa-press.net\/senegal\/wp-json\/wp\/v2\/posts\/37312","targetHints":{"allow":["GET"]}}],"collection":[{"href":"https:\/\/www.africa-press.net\/senegal\/wp-json\/wp\/v2\/posts"}],"about":[{"href":"https:\/\/www.africa-press.net\/senegal\/wp-json\/wp\/v2\/types\/post"}],"author":[{"embeddable":true,"href":"https:\/\/www.africa-press.net\/senegal\/wp-json\/wp\/v2\/users\/82"}],"replies":[{"embeddable":true,"href":"https:\/\/www.africa-press.net\/senegal\/wp-json\/wp\/v2\/comments?post=37312"}],"version-history":[{"count":0,"href":"https:\/\/www.africa-press.net\/senegal\/wp-json\/wp\/v2\/posts\/37312\/revisions"}],"wp:featuredmedia":[{"embeddable":true,"href":"https:\/\/www.africa-press.net\/senegal\/wp-json\/wp\/v2\/media\/37311"}],"wp:attachment":[{"href":"https:\/\/www.africa-press.net\/senegal\/wp-json\/wp\/v2\/media?parent=37312"}],"wp:term":[{"taxonomy":"category","embeddable":true,"href":"https:\/\/www.africa-press.net\/senegal\/wp-json\/wp\/v2\/categories?post=37312"},{"taxonomy":"post_tag","embeddable":true,"href":"https:\/\/www.africa-press.net\/senegal\/wp-json\/wp\/v2\/tags?post=37312"}],"curies":[{"name":"wp","href":"https:\/\/api.w.org\/{rel}","templated":true}]}}