{"id":37314,"date":"2022-12-28T18:58:12","date_gmt":"2022-12-28T18:58:12","guid":{"rendered":"https:\/\/www.africa-press.net\/senegal\/politique\/ziguinchor-ousmane-sonko-ne-lache-pas-abdoulaye-balde"},"modified":"2022-12-28T18:58:12","modified_gmt":"2022-12-28T18:58:12","slug":"ziguinchor-ousmane-sonko-ne-lache-pas-abdoulaye-balde","status":"publish","type":"post","link":"https:\/\/www.africa-press.net\/senegal\/economie\/ziguinchor-ousmane-sonko-ne-lache-pas-abdoulaye-balde","title":{"rendered":"Ziguinchor : Ousmane Sonko ne l\u00e2che pas Abdoulaye Bald\u00e9"},"content":{"rendered":"<p><span style=\"color: #ff6600\"><strong>Africa-Press &#8211; Senegal. <\/strong><\/span>Le Conseil municipal de Ziguinchor a vote\u0301 hier, mardi, le budget 2023 de la mairie de la ville. Celui-ci est passe\u0301 de 3 milliards a\u0300 5 milliards de francs CFA.<\/p>\n<p>Les fonds seront consacre\u0301s en priorite\u0301 aux investissements. Contrairement a\u0300 la pratique qui avait cours avec les pre\u0301ce\u0301dentes e\u0301quipes municipales, notamment la sortante que dirigeait Abdoulaye Balde\u0301. \u00ab83% du budget e\u0301taient destine\u0301s au fonctionnement, seuls 16% e\u0301taient pour les investissements. Un tel budget ne peut rien servir a\u0300 la population, clame le maire de Ziguinchor, Ousmane Sonko, dans des propos repris par Vox Pop. Les salaires et les de\u0301penses de prestige bouffent le budget.\u00bb<\/p>\n<p>Le pre\u0301sident de Pastef souligne qu\u2019avec lui, les choses ont change\u0301. Il dit : \u00abOn a renverse\u0301 la tendance, pour pouvoir construire des e\u0301coles, des routes et des espaces publics. 60% pour les investissements et 40% pour le fonctionnement.\u00bb<\/p>\n<p><strong>Pour plus d&rsquo;informations et d&rsquo;analyses sur la <a href=\"https:\/\/www.africa-press.net\/senegal\">Senegal<\/a>, suivez <a href=\"https:\/\/www.africa-press.net\/\">Africa-Press<\/a><\/strong><\/p>\n","protected":false},"excerpt":{"rendered":"<p>Africa-Press &#8211; Senegal. Le Conseil municipal de Ziguinchor a vote\u0301 hier, mardi, le budget 2023 de la mairie de la ville. Celui-ci est passe\u0301 de 3 milliards a\u0300 5 milliards de francs CFA. Les fonds seront consacre\u0301s en priorite\u0301 aux investissements. Contrairement a\u0300 la pratique qui avait cours avec les pre\u0301ce\u0301dentes e\u0301quipes municipales, notamment la [&hellip;]<\/p>\n","protected":false},"author":82,"featured_media":37313,"comment_status":"open","ping_status":"closed","sticky":false,"template":"","format":"standard","meta":{"footnotes":""},"categories":[3,10],"tags":[43,47,44],"class_list":["post-37314","post","type-post","status-publish","format-standard","has-post-thumbnail","hentry","category-economie","category-toutes-les-actualites","tag-africa-press-2","tag-africa-press-senegal","tag-senegal-2"],"yoast_head":"<!-- This site is optimized with the Yoast SEO Premium plugin v26.1 (Yoast SEO v27.0) - https:\/\/yoast.com\/product\/yoast-seo-premium-wordpress\/ -->\n<title>Ziguinchor : Ousmane Sonko ne l\u00e2che pas Abdoulaye Bald\u00e9 - Senegal<\/title>\n<meta name=\"robots\" content=\"index, follow, max-snippet:-1, max-image-preview:large, max-video-preview:-1\" \/>\n<link rel=\"canonical\" href=\"https:\/\/www.africa-press.net\/senegal\/politique\/ziguinchor-ousmane-sonko-ne-lache-pas-abdoulaye-balde\" \/>\n<meta property=\"og:locale\" content=\"fr_FR\" \/>\n<meta property=\"og:type\" content=\"article\" \/>\n<meta property=\"og:title\" content=\"Ziguinchor : Ousmane Sonko ne l\u00e2che pas Abdoulaye Bald\u00e9\" \/>\n<meta property=\"og:description\" content=\"Africa-Press &#8211; Senegal. Le Conseil municipal de Ziguinchor a vote\u0301 hier, mardi, le budget 2023 de la mairie de la ville. Celui-ci est passe\u0301 de 3 milliards a\u0300 5 milliards de francs CFA. Les fonds seront consacre\u0301s en priorite\u0301 aux investissements. Contrairement a\u0300 la pratique qui avait cours avec les pre\u0301ce\u0301dentes e\u0301quipes municipales, notamment la [&hellip;]\" \/>\n<meta property=\"og:url\" content=\"https:\/\/www.africa-press.net\/senegal\/politique\/ziguinchor-ousmane-sonko-ne-lache-pas-abdoulaye-balde\" \/>\n<meta property=\"og:site_name\" content=\"Senegal\" \/>\n<meta property=\"article:published_time\" content=\"2022-12-28T18:58:12+00:00\" \/>\n<meta name=\"author\" content=\"cfeditorfr\" \/>\n<meta name=\"twitter:card\" content=\"summary_large_image\" \/>\n<meta name=\"twitter:label1\" content=\"\u00c9crit par\" \/>\n\t<meta name=\"twitter:data1\" content=\"cfeditorfr\" \/>\n\t<meta name=\"twitter:label2\" content=\"Dur\u00e9e de lecture estim\u00e9e\" \/>\n\t<meta name=\"twitter:data2\" content=\"1 minute\" \/>\n<script type=\"application\/ld+json\" class=\"yoast-schema-graph\">{\"@context\":\"https:\/\/schema.org\",\"@graph\":[{\"@type\":\"Article\",\"@id\":\"https:\/\/www.africa-press.net\/senegal\/politique\/ziguinchor-ousmane-sonko-ne-lache-pas-abdoulaye-balde#article\",\"isPartOf\":{\"@id\":\"https:\/\/www.africa-press.net\/senegal\/politique\/ziguinchor-ousmane-sonko-ne-lache-pas-abdoulaye-balde\"},\"author\":{\"name\":\"cfeditorfr\",\"@id\":\"https:\/\/www.africa-press.net\/senegal\/#\/schema\/person\/2b1cf3cd81a31e3cd26889ca66d677f1\"},\"headline\":\"Ziguinchor : Ousmane Sonko ne l\u00e2che pas Abdoulaye Bald\u00e9\",\"datePublished\":\"2022-12-28T18:58:12+00:00\",\"mainEntityOfPage\":{\"@id\":\"https:\/\/www.africa-press.net\/senegal\/politique\/ziguinchor-ousmane-sonko-ne-lache-pas-abdoulaye-balde\"},\"wordCount\":170,\"commentCount\":0,\"image\":{\"@id\":\"https:\/\/www.africa-press.net\/senegal\/politique\/ziguinchor-ousmane-sonko-ne-lache-pas-abdoulaye-balde#primaryimage\"},\"thumbnailUrl\":\"https:\/\/static.africa-press.net\/senegal\/sites\/13\/2022\/12\/postQueueImg_1672241300.89.jpg\",\"keywords\":[\"Africa Press\",\"Africa Press-Senegal\",\"Senegal\"],\"articleSection\":[\"\u00c9conomie\",\"Toutes les actualit\u00e9s\"],\"inLanguage\":\"fr-FR\",\"potentialAction\":[{\"@type\":\"CommentAction\",\"name\":\"Comment\",\"target\":[\"https:\/\/www.africa-press.net\/senegal\/politique\/ziguinchor-ousmane-sonko-ne-lache-pas-abdoulaye-balde#respond\"]}]},{\"@type\":\"WebPage\",\"@id\":\"https:\/\/www.africa-press.net\/senegal\/politique\/ziguinchor-ousmane-sonko-ne-lache-pas-abdoulaye-balde\",\"url\":\"https:\/\/www.africa-press.net\/senegal\/politique\/ziguinchor-ousmane-sonko-ne-lache-pas-abdoulaye-balde\",\"name\":\"Ziguinchor : Ousmane Sonko ne l\u00e2che pas Abdoulaye Bald\u00e9 - Senegal\",\"isPartOf\":{\"@id\":\"https:\/\/www.africa-press.net\/senegal\/#website\"},\"primaryImageOfPage\":{\"@id\":\"https:\/\/www.africa-press.net\/senegal\/politique\/ziguinchor-ousmane-sonko-ne-lache-pas-abdoulaye-balde#primaryimage\"},\"image\":{\"@id\":\"https:\/\/www.africa-press.net\/senegal\/politique\/ziguinchor-ousmane-sonko-ne-lache-pas-abdoulaye-balde#primaryimage\"},\"thumbnailUrl\":\"https:\/\/static.africa-press.net\/senegal\/sites\/13\/2022\/12\/postQueueImg_1672241300.89.jpg\",\"datePublished\":\"2022-12-28T18:58:12+00:00\",\"author\":{\"@id\":\"https:\/\/www.africa-press.net\/senegal\/#\/schema\/person\/2b1cf3cd81a31e3cd26889ca66d677f1\"},\"breadcrumb\":{\"@id\":\"https:\/\/www.africa-press.net\/senegal\/politique\/ziguinchor-ousmane-sonko-ne-lache-pas-abdoulaye-balde#breadcrumb\"},\"inLanguage\":\"fr-FR\",\"potentialAction\":[{\"@type\":\"ReadAction\",\"target\":[\"https:\/\/www.africa-press.net\/senegal\/politique\/ziguinchor-ousmane-sonko-ne-lache-pas-abdoulaye-balde\"]}]},{\"@type\":\"ImageObject\",\"inLanguage\":\"fr-FR\",\"@id\":\"https:\/\/www.africa-press.net\/senegal\/politique\/ziguinchor-ousmane-sonko-ne-lache-pas-abdoulaye-balde#primaryimage\",\"url\":\"https:\/\/static.africa-press.net\/senegal\/sites\/13\/2022\/12\/postQueueImg_1672241300.89.jpg\",\"contentUrl\":\"https:\/\/static.africa-press.net\/senegal\/sites\/13\/2022\/12\/postQueueImg_1672241300.89.jpg\",\"width\":720,\"height\":350,\"caption\":\"Ziguinchor : Ousmane Sonko ne l\u00e2che pas Abdoulaye Bald\u00e9\"},{\"@type\":\"BreadcrumbList\",\"@id\":\"https:\/\/www.africa-press.net\/senegal\/politique\/ziguinchor-ousmane-sonko-ne-lache-pas-abdoulaye-balde#breadcrumb\",\"itemListElement\":[{\"@type\":\"ListItem\",\"position\":1,\"name\":\"Accueil\",\"item\":\"https:\/\/www.africa-press.net\/senegal\/\"},{\"@type\":\"ListItem\",\"position\":2,\"name\":\"Ziguinchor : Ousmane Sonko ne l\u00e2che pas Abdoulaye Bald\u00e9\"}]},{\"@type\":\"WebSite\",\"@id\":\"https:\/\/www.africa-press.net\/senegal\/#website\",\"url\":\"https:\/\/www.africa-press.net\/senegal\/\",\"name\":\"Africa Press | Senegal | Homepage\",\"description\":\"Just another Africa News Agency Sites site\",\"potentialAction\":[{\"@type\":\"SearchAction\",\"target\":{\"@type\":\"EntryPoint\",\"urlTemplate\":\"https:\/\/www.africa-press.net\/senegal\/?s={search_term_string}\"},\"query-input\":{\"@type\":\"PropertyValueSpecification\",\"valueRequired\":true,\"valueName\":\"search_term_string\"}}],\"inLanguage\":\"fr-FR\"},{\"@type\":\"Person\",\"@id\":\"https:\/\/www.africa-press.net\/senegal\/#\/schema\/person\/2b1cf3cd81a31e3cd26889ca66d677f1\",\"name\":\"cfeditorfr\",\"url\":\"https:\/\/www.africa-press.net\/senegal\/author\/cfeditorfr\"}]}<\/script>\n<!-- \/ Yoast SEO Premium plugin. -->","yoast_head_json":{"title":"Ziguinchor : Ousmane Sonko ne l\u00e2che pas Abdoulaye Bald\u00e9 - Senegal","robots":{"index":"index","follow":"follow","max-snippet":"max-snippet:-1","max-image-preview":"max-image-preview:large","max-video-preview":"max-video-preview:-1"},"canonical":"https:\/\/www.africa-press.net\/senegal\/politique\/ziguinchor-ousmane-sonko-ne-lache-pas-abdoulaye-balde","og_locale":"fr_FR","og_type":"article","og_title":"Ziguinchor : Ousmane Sonko ne l\u00e2che pas Abdoulaye Bald\u00e9","og_description":"Africa-Press &#8211; Senegal. Le Conseil municipal de Ziguinchor a vote\u0301 hier, mardi, le budget 2023 de la mairie de la ville. Celui-ci est passe\u0301 de 3 milliards a\u0300 5 milliards de francs CFA. Les fonds seront consacre\u0301s en priorite\u0301 aux investissements. Contrairement a\u0300 la pratique qui avait cours avec les pre\u0301ce\u0301dentes e\u0301quipes municipales, notamment la [&hellip;]","og_url":"https:\/\/www.africa-press.net\/senegal\/politique\/ziguinchor-ousmane-sonko-ne-lache-pas-abdoulaye-balde","og_site_name":"Senegal","article_published_time":"2022-12-28T18:58:12+00:00","author":"cfeditorfr","twitter_card":"summary_large_image","twitter_misc":{"\u00c9crit par":"cfeditorfr","Dur\u00e9e de lecture estim\u00e9e":"1 minute"},"schema":{"@context":"https:\/\/schema.org","@graph":[{"@type":"Article","@id":"https:\/\/www.africa-press.net\/senegal\/politique\/ziguinchor-ousmane-sonko-ne-lache-pas-abdoulaye-balde#article","isPartOf":{"@id":"https:\/\/www.africa-press.net\/senegal\/politique\/ziguinchor-ousmane-sonko-ne-lache-pas-abdoulaye-balde"},"author":{"name":"cfeditorfr","@id":"https:\/\/www.africa-press.net\/senegal\/#\/schema\/person\/2b1cf3cd81a31e3cd26889ca66d677f1"},"headline":"Ziguinchor : Ousmane Sonko ne l\u00e2che pas Abdoulaye Bald\u00e9","datePublished":"2022-12-28T18:58:12+00:00","mainEntityOfPage":{"@id":"https:\/\/www.africa-press.net\/senegal\/politique\/ziguinchor-ousmane-sonko-ne-lache-pas-abdoulaye-balde"},"wordCount":170,"commentCount":0,"image":{"@id":"https:\/\/www.africa-press.net\/senegal\/politique\/ziguinchor-ousmane-sonko-ne-lache-pas-abdoulaye-balde#primaryimage"},"thumbnailUrl":"https:\/\/static.africa-press.net\/senegal\/sites\/13\/2022\/12\/postQueueImg_1672241300.89.jpg","keywords":["Africa Press","Africa Press-Senegal","Senegal"],"articleSection":["\u00c9conomie","Toutes les actualit\u00e9s"],"inLanguage":"fr-FR","potentialAction":[{"@type":"CommentAction","name":"Comment","target":["https:\/\/www.africa-press.net\/senegal\/politique\/ziguinchor-ousmane-sonko-ne-lache-pas-abdoulaye-balde#respond"]}]},{"@type":"WebPage","@id":"https:\/\/www.africa-press.net\/senegal\/politique\/ziguinchor-ousmane-sonko-ne-lache-pas-abdoulaye-balde","url":"https:\/\/www.africa-press.net\/senegal\/politique\/ziguinchor-ousmane-sonko-ne-lache-pas-abdoulaye-balde","name":"Ziguinchor : Ousmane Sonko ne l\u00e2che pas Abdoulaye Bald\u00e9 - Senegal","isPartOf":{"@id":"https:\/\/www.africa-press.net\/senegal\/#website"},"primaryImageOfPage":{"@id":"https:\/\/www.africa-press.net\/senegal\/politique\/ziguinchor-ousmane-sonko-ne-lache-pas-abdoulaye-balde#primaryimage"},"image":{"@id":"https:\/\/www.africa-press.net\/senegal\/politique\/ziguinchor-ousmane-sonko-ne-lache-pas-abdoulaye-balde#primaryimage"},"thumbnailUrl":"https:\/\/static.africa-press.net\/senegal\/sites\/13\/2022\/12\/postQueueImg_1672241300.89.jpg","datePublished":"2022-12-28T18:58:12+00:00","author":{"@id":"https:\/\/www.africa-press.net\/senegal\/#\/schema\/person\/2b1cf3cd81a31e3cd26889ca66d677f1"},"breadcrumb":{"@id":"https:\/\/www.africa-press.net\/senegal\/politique\/ziguinchor-ousmane-sonko-ne-lache-pas-abdoulaye-balde#breadcrumb"},"inLanguage":"fr-FR","potentialAction":[{"@type":"ReadAction","target":["https:\/\/www.africa-press.net\/senegal\/politique\/ziguinchor-ousmane-sonko-ne-lache-pas-abdoulaye-balde"]}]},{"@type":"ImageObject","inLanguage":"fr-FR","@id":"https:\/\/www.africa-press.net\/senegal\/politique\/ziguinchor-ousmane-sonko-ne-lache-pas-abdoulaye-balde#primaryimage","url":"https:\/\/static.africa-press.net\/senegal\/sites\/13\/2022\/12\/postQueueImg_1672241300.89.jpg","contentUrl":"https:\/\/static.africa-press.net\/senegal\/sites\/13\/2022\/12\/postQueueImg_1672241300.89.jpg","width":720,"height":350,"caption":"Ziguinchor : Ousmane Sonko ne l\u00e2che pas Abdoulaye Bald\u00e9"},{"@type":"BreadcrumbList","@id":"https:\/\/www.africa-press.net\/senegal\/politique\/ziguinchor-ousmane-sonko-ne-lache-pas-abdoulaye-balde#breadcrumb","itemListElement":[{"@type":"ListItem","position":1,"name":"Accueil","item":"https:\/\/www.africa-press.net\/senegal\/"},{"@type":"ListItem","position":2,"name":"Ziguinchor : Ousmane Sonko ne l\u00e2che pas Abdoulaye Bald\u00e9"}]},{"@type":"WebSite","@id":"https:\/\/www.africa-press.net\/senegal\/#website","url":"https:\/\/www.africa-press.net\/senegal\/","name":"Africa Press | Senegal | Homepage","description":"Just another Africa News Agency Sites site","potentialAction":[{"@type":"SearchAction","target":{"@type":"EntryPoint","urlTemplate":"https:\/\/www.africa-press.net\/senegal\/?s={search_term_string}"},"query-input":{"@type":"PropertyValueSpecification","valueRequired":true,"valueName":"search_term_string"}}],"inLanguage":"fr-FR"},{"@type":"Person","@id":"https:\/\/www.africa-press.net\/senegal\/#\/schema\/person\/2b1cf3cd81a31e3cd26889ca66d677f1","name":"cfeditorfr","url":"https:\/\/www.africa-press.net\/senegal\/author\/cfeditorfr"}]}},"_links":{"self":[{"href":"https:\/\/www.africa-press.net\/senegal\/wp-json\/wp\/v2\/posts\/37314","targetHints":{"allow":["GET"]}}],"collection":[{"href":"https:\/\/www.africa-press.net\/senegal\/wp-json\/wp\/v2\/posts"}],"about":[{"href":"https:\/\/www.africa-press.net\/senegal\/wp-json\/wp\/v2\/types\/post"}],"author":[{"embeddable":true,"href":"https:\/\/www.africa-press.net\/senegal\/wp-json\/wp\/v2\/users\/82"}],"replies":[{"embeddable":true,"href":"https:\/\/www.africa-press.net\/senegal\/wp-json\/wp\/v2\/comments?post=37314"}],"version-history":[{"count":0,"href":"https:\/\/www.africa-press.net\/senegal\/wp-json\/wp\/v2\/posts\/37314\/revisions"}],"wp:featuredmedia":[{"embeddable":true,"href":"https:\/\/www.africa-press.net\/senegal\/wp-json\/wp\/v2\/media\/37313"}],"wp:attachment":[{"href":"https:\/\/www.africa-press.net\/senegal\/wp-json\/wp\/v2\/media?parent=37314"}],"wp:term":[{"taxonomy":"category","embeddable":true,"href":"https:\/\/www.africa-press.net\/senegal\/wp-json\/wp\/v2\/categories?post=37314"},{"taxonomy":"post_tag","embeddable":true,"href":"https:\/\/www.africa-press.net\/senegal\/wp-json\/wp\/v2\/tags?post=37314"}],"curies":[{"name":"wp","href":"https:\/\/api.w.org\/{rel}","templated":true}]}}