{"id":37316,"date":"2022-12-28T18:58:37","date_gmt":"2022-12-28T18:58:37","guid":{"rendered":"https:\/\/www.africa-press.net\/senegal\/politique\/discours-a-la-nation-les-interrogations-du-pr-ndiaga-loum"},"modified":"2022-12-28T18:58:37","modified_gmt":"2022-12-28T18:58:37","slug":"discours-a-la-nation-les-interrogations-du-pr-ndiaga-loum","status":"publish","type":"post","link":"https:\/\/www.africa-press.net\/senegal\/politique\/discours-a-la-nation-les-interrogations-du-pr-ndiaga-loum","title":{"rendered":"Discours \u00e0 la Nation : Les interrogations du Pr Ndiaga Loum"},"content":{"rendered":"<p><span style=\"color: #ff6600\"><strong>Africa-Press &#8211; Senegal. <\/strong><\/span>Le pre\u0301sident Macky Sall, comme d\u2019habitude, va s\u2019adresser a\u0300 la Nation le 31 de\u0301cembre a\u0300 20h. L\u2019opposition a pre\u0301vu d\u2019organiser un concert de casseroles a\u0300 la me\u0302me heure. Dans une contribution, le juriste, politologue, Ndiaga Loum, Professeur titulaire a\u0300 l\u2019Universite\u0301 du Que\u0301bec en Outaouais se pose des questions sur la pertinence de ce discours dans ce contexte actuel.<\/p>\n<p>Le texte inte\u0301gral<\/p>\n<p>Mais a\u0300 quoi sert donc un discours de fin d\u2019anne\u0301e quand rien ne vous de\u0301range?<\/p>\n<p>Au moment ou\u0300 j\u2019e\u0301cris ces lignes, Pape Ale\u0301 Niang, journaliste est en de\u0301tention, transfe\u0301re\u0301 a\u0300 l\u2019ho\u0302pital dans un e\u0301tat critique ; j\u2019ai le c\u0153ur meurtri et triste en pensant a\u0300 sa situation me\u0301dicale et n\u2019ose pas m\u2019imaginer le pire. Cela ne vous de\u0301range pas ?<\/p>\n<p>Au moment ou\u0300 j\u2019e\u0301cris ces lignes, un capitaine de gendarmerie qui a voulu faire honne\u0302tement son travail, a e\u0301te\u0301 radie\u0301, puis empe\u0302che\u0301 de travailler dans le prive\u0301 et enfin prive\u0301 de salaire apre\u0300s son recrutement dans une administration publique de\u0301centralise\u0301e mais autonome. Une me\u0301chancete\u0301 gratuite et contre-productive. Cela ne vous de\u0301range pas ?<\/p>\n<p>Au moment ou\u0300 j\u2019e\u0301cris ces lignes, un gendarme travaillant pour le renseignement a bizarrement disparu, son ami et colle\u0300gue retrouve\u0301 noye\u0301 et son corps en e\u0301tat de de\u0301composition a\u0300 tel point qu\u2019on ne pourrait faire une autopsie. La ve\u0301rite\u0301 sur ces atrocite\u0301s ne vous inte\u0301resse apparemment pas, sinon deux de vos courtisans qui affirment qu\u2019il a e\u0301te\u0301 assassine\u0301 seraient attraits devant la justice pour fournir les preuves de leurs assertions. Un me\u0301decin, tenu par le respect de son serment rejette la corruption de comploteur, refuse de changer le contenu de son rapport me\u0301dical et voit sa vie quotidiennement menace\u0301e, la peur hante ses nuits, faute de protection par qui de droit, il n\u2019a plus d\u2019autre recours que d\u2019alerter ses concitoyens. Cela ne vous de\u0301range pas ?<\/p>\n<p>Au moment ou\u0300 j\u2019e\u0301cris ces lignes, plus d\u2019une vingtaine de de\u0301tenus politiques croupissent dans vos geo\u0302les, tanto\u0302t pour de\u0301lit d\u2019opinion, parfois pour parodie et humour \u00ab inconvenu \u00bb, sinon accuse\u0301s de vouloir poser des \u00ab actes terroristes \u00bb. Parmi ces derniers, une jeune me\u0300re de famille provisoirement incarce\u0301re\u0301e en attendant un hypothe\u0301tique jugement qui sans doute la blanchirait logiquement. En attendant, l\u2019on prive ses jeunes enfants de leur amour maternel. Ceux qui font subir ce \u00ab cha\u0302timent \u00bb a\u0300 cette pauvre dame, ont-ils un jour imagine\u0301 leur propre me\u0300re, leur propre fille, leur propre s\u0153ur dans la me\u0302me situation que cette dernie\u0300re ? Cela ne vous de\u0301range pas ?<\/p>\n<p>Au moment ou\u0300 sont e\u0301crites ces lignes, ce pays s\u2019appre\u0302te encore a\u0300 vivre, comme dix ans avant, les me\u0302mes heures sombres d\u2019un combat contre un 3e mandat. Pourtant, le nouveau chef et ses conseillers re\u0301dacteurs de la re\u0301vision constitutionnelle de 2016, apre\u0300s un re\u0301fe\u0301rendum cou\u0302teux, avaient fait la \u00ab profession de foi \u00bb de vouloir e\u0302tre plus clairs dans le texte pour re\u0301gler de\u0301finitivement, disaient-ils, cette question sur la limitation du nombre de mandats a\u0300 deux (2). Sous la torture psychologique du risque de se de\u0301dire, il reste la langue de bois ou se de\u0301biner sans vergogne. Si on en est arrive\u0301 la\u0300, il faut non seulement pointer la parole changeante et chancelante du chef pourtant partie inte\u0301grante de son serment de ve\u0301rite\u0301, mais aussi interroger la grave responsabilite\u0301 des re\u0301dacteurs de la re\u0301vision constitutionnelle de 2016. Comble de la compromission intellectuelle, ils se proposent me\u0302me d\u2019interpre\u0301ter a\u0300 titre d\u2019experts leurs propres e\u0301crits. Incompe\u0301tence ou cynisme ? Que dire de l\u2019entourage (te\u0301moins oculaires et solidaires de la dizaine de morts) qui avait combattu la 3e candidature du pre\u0301sident Abdoulaye Wade par principe, par conviction, disait-on ? Ils sont aussi pre\u0302ts a\u0300 suivre la nouvelle posture du chef, leurs principes et convictions a\u0300 ge\u0301ome\u0301trie variable s\u2019expliquant par le fait qu\u2019ils ont entre-temps les pieds profonde\u0301ment plante\u0301s dans l\u2019ivresse du pouvoir. Quelle de\u0301che\u0301ance morale! Et Mamadou Diop et consorts sont donc morts pour rien ! Cela ne vous de\u0301range pas ?<\/p>\n<p>Enfin au moment ou\u0300 sont e\u0301crites ces lignes, des politiciens et autres administrateurs ve\u0301reux et sans vergogne de fonds publics, se sont alle\u0300grement servis de l\u2019argent destine\u0301 a\u0300 faire face a\u0300 une e\u0301pide\u0301mie de\u0301vastatrice qui a finalement cou\u0302te\u0301 la vie a\u0300 nombre de nos compatriotes. Leurs excuses : l\u2019impunite\u0301 que confe\u0300re la proximite\u0301 avec le chef, le caracte\u0300re apparemment \u00ab insignifiant \u00bb des sommes de\u0301robe\u0301es comparativement a\u0300 l\u2019ampleur de l\u2019enveloppe disponible pour puiser sans conse\u0301quence pre\u0301visible, sauf a\u0300 ne pre\u0301voir l\u2019\u0153il \u00ab suspect \u00bb et \u00ab nocif \u00bb de ve\u0301rificateurs professionnels accuse\u0301s aujourd\u2019hui de \u00ab politiciens encagoule\u0301s \u00bb par un gendre puissant qui menace publiquement les potentiels de\u0301tracteurs d\u2019une image pourtant de\u0301ja\u0300 de\u0301grade\u0301e. Cela ne vous de\u0301range pas ?<\/p>\n<p>A\u0300 quoi sert un discours de fin d\u2019anne\u0301e si ce n\u2019est pour regretter tous ces maux et s\u2019engager a\u0300 refermer de\u0301finitivement ces parenthe\u0300ses sombres de la gestion des choses publiques qu\u2019on avait oublie\u0301 de refermer ?<\/p>\n<p>Mais quel effet si euphorisant, puissant et inhibiteur aurait la seringue hypodermique du pouvoir au point de de\u0301shumaniser tant ceux qui l\u2019incarnent ? Suis-je peut-e\u0302tre trop nai\u0308f et romantique pour ne point m\u2019imaginer un jour exercer le pouvoir. Et pourtant, quand on scrute l\u2019histoire, des gens qui ont voulu diriger avec amour, on en trouve : Martin Luther King ne disait-il pas que \u00ab la haine ne supprimera pas la haine, seul l\u2019amour y parviendra \u00bb. N\u2019est-ce pas Mandela qui re\u0301pondait ne\u0301gativement a\u0300 l\u2019appel a\u0300 la vengeance de l\u2019aile radicale de l\u2019ANC ceci : \u00ab la vengeance ne noie pas la douleur, c\u2019est pour l\u2019amour des humains que je suis alle\u0301 en prison, c\u2019est par l\u2019amour des humains que j\u2019en suis sorti, c\u2019est avec ce me\u0302me amour que je compte diriger \u00bb. Que dire de Ghandi qui re\u0301pondait a\u0300 l\u2019appel a\u0300 la re\u0301sistance arme\u0301e de ses partisans : \u00ab Ah, si je pouvais entrer dans le c\u0153ur de chaque e\u0302tre humain et y de\u0301couvrir le secret de ses attentes&#8230; Ne pouvant le faire, je vis avec la satisfaction de m\u2019y essayer toujours, tous les jours \u00bb.<\/p>\n<p>Finalement, l\u2019humanitaire terre a\u0300 terre, c\u2019est ce qui manque dans le champ d\u2019action quotidienne des dirigeants africains. Voila\u0300 pourquoi ils ne seront jamais comme Mandela.<\/p>\n<p>Bonne anne\u0301e a\u0300 toutes et a\u0300 tous !<\/p>\n<p><strong>Pour plus d&rsquo;informations et d&rsquo;analyses sur la <a href=\"https:\/\/www.africa-press.net\/senegal\">Senegal<\/a>, suivez <a href=\"https:\/\/www.africa-press.net\/\">Africa-Press<\/a><\/strong><\/p>\n","protected":false},"excerpt":{"rendered":"<p>Africa-Press &#8211; Senegal. Le pre\u0301sident Macky Sall, comme d\u2019habitude, va s\u2019adresser a\u0300 la Nation le 31 de\u0301cembre a\u0300 20h. L\u2019opposition a pre\u0301vu d\u2019organiser un concert de casseroles a\u0300 la me\u0302me heure. Dans une contribution, le juriste, politologue, Ndiaga Loum, Professeur titulaire a\u0300 l\u2019Universite\u0301 du Que\u0301bec en Outaouais se pose des questions sur la pertinence de [&hellip;]<\/p>\n","protected":false},"author":82,"featured_media":37315,"comment_status":"open","ping_status":"closed","sticky":false,"template":"","format":"standard","meta":{"footnotes":""},"categories":[2,20,10],"tags":[43,47,44],"class_list":["post-37316","post","type-post","status-publish","format-standard","has-post-thumbnail","hentry","category-politique","category-top-nouvelles","category-toutes-les-actualites","tag-africa-press-2","tag-africa-press-senegal","tag-senegal-2"],"yoast_head":"<!-- This site is optimized with the Yoast SEO Premium plugin v26.1 (Yoast SEO v27.0) - https:\/\/yoast.com\/product\/yoast-seo-premium-wordpress\/ -->\n<title>Discours \u00e0 la Nation : Les interrogations du Pr Ndiaga Loum - Senegal<\/title>\n<meta name=\"robots\" content=\"index, follow, max-snippet:-1, max-image-preview:large, max-video-preview:-1\" \/>\n<link rel=\"canonical\" href=\"https:\/\/www.africa-press.net\/senegal\/politique\/discours-a-la-nation-les-interrogations-du-pr-ndiaga-loum\" \/>\n<meta property=\"og:locale\" content=\"fr_FR\" \/>\n<meta property=\"og:type\" content=\"article\" \/>\n<meta property=\"og:title\" content=\"Discours \u00e0 la Nation : Les interrogations du Pr Ndiaga Loum\" \/>\n<meta property=\"og:description\" content=\"Africa-Press &#8211; Senegal. Le pre\u0301sident Macky Sall, comme d\u2019habitude, va s\u2019adresser a\u0300 la Nation le 31 de\u0301cembre a\u0300 20h. L\u2019opposition a pre\u0301vu d\u2019organiser un concert de casseroles a\u0300 la me\u0302me heure. Dans une contribution, le juriste, politologue, Ndiaga Loum, Professeur titulaire a\u0300 l\u2019Universite\u0301 du Que\u0301bec en Outaouais se pose des questions sur la pertinence de [&hellip;]\" \/>\n<meta property=\"og:url\" content=\"https:\/\/www.africa-press.net\/senegal\/politique\/discours-a-la-nation-les-interrogations-du-pr-ndiaga-loum\" \/>\n<meta property=\"og:site_name\" content=\"Senegal\" \/>\n<meta property=\"article:published_time\" content=\"2022-12-28T18:58:37+00:00\" \/>\n<meta name=\"author\" content=\"cfeditorfr\" \/>\n<meta name=\"twitter:card\" content=\"summary_large_image\" \/>\n<meta name=\"twitter:label1\" content=\"\u00c9crit par\" \/>\n\t<meta name=\"twitter:data1\" content=\"cfeditorfr\" \/>\n\t<meta name=\"twitter:label2\" content=\"Dur\u00e9e de lecture estim\u00e9e\" \/>\n\t<meta name=\"twitter:data2\" content=\"6 minutes\" \/>\n<script type=\"application\/ld+json\" class=\"yoast-schema-graph\">{\"@context\":\"https:\/\/schema.org\",\"@graph\":[{\"@type\":\"Article\",\"@id\":\"https:\/\/www.africa-press.net\/senegal\/politique\/discours-a-la-nation-les-interrogations-du-pr-ndiaga-loum#article\",\"isPartOf\":{\"@id\":\"https:\/\/www.africa-press.net\/senegal\/politique\/discours-a-la-nation-les-interrogations-du-pr-ndiaga-loum\"},\"author\":{\"name\":\"cfeditorfr\",\"@id\":\"https:\/\/www.africa-press.net\/senegal\/#\/schema\/person\/2b1cf3cd81a31e3cd26889ca66d677f1\"},\"headline\":\"Discours \u00e0 la Nation : Les interrogations du Pr Ndiaga Loum\",\"datePublished\":\"2022-12-28T18:58:37+00:00\",\"mainEntityOfPage\":{\"@id\":\"https:\/\/www.africa-press.net\/senegal\/politique\/discours-a-la-nation-les-interrogations-du-pr-ndiaga-loum\"},\"wordCount\":1185,\"commentCount\":0,\"image\":{\"@id\":\"https:\/\/www.africa-press.net\/senegal\/politique\/discours-a-la-nation-les-interrogations-du-pr-ndiaga-loum#primaryimage\"},\"thumbnailUrl\":\"https:\/\/static.africa-press.net\/senegal\/sites\/13\/2022\/12\/postQueueImg_1672241415.04.jpg\",\"keywords\":[\"Africa Press\",\"Africa Press-Senegal\",\"Senegal\"],\"articleSection\":[\"Politique\",\"Top Nouvelles\",\"Toutes les actualit\u00e9s\"],\"inLanguage\":\"fr-FR\",\"potentialAction\":[{\"@type\":\"CommentAction\",\"name\":\"Comment\",\"target\":[\"https:\/\/www.africa-press.net\/senegal\/politique\/discours-a-la-nation-les-interrogations-du-pr-ndiaga-loum#respond\"]}]},{\"@type\":\"WebPage\",\"@id\":\"https:\/\/www.africa-press.net\/senegal\/politique\/discours-a-la-nation-les-interrogations-du-pr-ndiaga-loum\",\"url\":\"https:\/\/www.africa-press.net\/senegal\/politique\/discours-a-la-nation-les-interrogations-du-pr-ndiaga-loum\",\"name\":\"Discours \u00e0 la Nation : Les interrogations du Pr Ndiaga Loum - Senegal\",\"isPartOf\":{\"@id\":\"https:\/\/www.africa-press.net\/senegal\/#website\"},\"primaryImageOfPage\":{\"@id\":\"https:\/\/www.africa-press.net\/senegal\/politique\/discours-a-la-nation-les-interrogations-du-pr-ndiaga-loum#primaryimage\"},\"image\":{\"@id\":\"https:\/\/www.africa-press.net\/senegal\/politique\/discours-a-la-nation-les-interrogations-du-pr-ndiaga-loum#primaryimage\"},\"thumbnailUrl\":\"https:\/\/static.africa-press.net\/senegal\/sites\/13\/2022\/12\/postQueueImg_1672241415.04.jpg\",\"datePublished\":\"2022-12-28T18:58:37+00:00\",\"author\":{\"@id\":\"https:\/\/www.africa-press.net\/senegal\/#\/schema\/person\/2b1cf3cd81a31e3cd26889ca66d677f1\"},\"breadcrumb\":{\"@id\":\"https:\/\/www.africa-press.net\/senegal\/politique\/discours-a-la-nation-les-interrogations-du-pr-ndiaga-loum#breadcrumb\"},\"inLanguage\":\"fr-FR\",\"potentialAction\":[{\"@type\":\"ReadAction\",\"target\":[\"https:\/\/www.africa-press.net\/senegal\/politique\/discours-a-la-nation-les-interrogations-du-pr-ndiaga-loum\"]}]},{\"@type\":\"ImageObject\",\"inLanguage\":\"fr-FR\",\"@id\":\"https:\/\/www.africa-press.net\/senegal\/politique\/discours-a-la-nation-les-interrogations-du-pr-ndiaga-loum#primaryimage\",\"url\":\"https:\/\/static.africa-press.net\/senegal\/sites\/13\/2022\/12\/postQueueImg_1672241415.04.jpg\",\"contentUrl\":\"https:\/\/static.africa-press.net\/senegal\/sites\/13\/2022\/12\/postQueueImg_1672241415.04.jpg\",\"width\":612,\"height\":298,\"caption\":\"Discours \u00e0 la Nation : Les interrogations du Pr Ndiaga Loum\"},{\"@type\":\"BreadcrumbList\",\"@id\":\"https:\/\/www.africa-press.net\/senegal\/politique\/discours-a-la-nation-les-interrogations-du-pr-ndiaga-loum#breadcrumb\",\"itemListElement\":[{\"@type\":\"ListItem\",\"position\":1,\"name\":\"Accueil\",\"item\":\"https:\/\/www.africa-press.net\/senegal\/\"},{\"@type\":\"ListItem\",\"position\":2,\"name\":\"Discours \u00e0 la Nation : Les interrogations du Pr Ndiaga Loum\"}]},{\"@type\":\"WebSite\",\"@id\":\"https:\/\/www.africa-press.net\/senegal\/#website\",\"url\":\"https:\/\/www.africa-press.net\/senegal\/\",\"name\":\"Africa Press | Senegal | Homepage\",\"description\":\"Just another Africa News Agency Sites site\",\"potentialAction\":[{\"@type\":\"SearchAction\",\"target\":{\"@type\":\"EntryPoint\",\"urlTemplate\":\"https:\/\/www.africa-press.net\/senegal\/?s={search_term_string}\"},\"query-input\":{\"@type\":\"PropertyValueSpecification\",\"valueRequired\":true,\"valueName\":\"search_term_string\"}}],\"inLanguage\":\"fr-FR\"},{\"@type\":\"Person\",\"@id\":\"https:\/\/www.africa-press.net\/senegal\/#\/schema\/person\/2b1cf3cd81a31e3cd26889ca66d677f1\",\"name\":\"cfeditorfr\",\"url\":\"https:\/\/www.africa-press.net\/senegal\/author\/cfeditorfr\"}]}<\/script>\n<!-- \/ Yoast SEO Premium plugin. -->","yoast_head_json":{"title":"Discours \u00e0 la Nation : Les interrogations du Pr Ndiaga Loum - Senegal","robots":{"index":"index","follow":"follow","max-snippet":"max-snippet:-1","max-image-preview":"max-image-preview:large","max-video-preview":"max-video-preview:-1"},"canonical":"https:\/\/www.africa-press.net\/senegal\/politique\/discours-a-la-nation-les-interrogations-du-pr-ndiaga-loum","og_locale":"fr_FR","og_type":"article","og_title":"Discours \u00e0 la Nation : Les interrogations du Pr Ndiaga Loum","og_description":"Africa-Press &#8211; Senegal. Le pre\u0301sident Macky Sall, comme d\u2019habitude, va s\u2019adresser a\u0300 la Nation le 31 de\u0301cembre a\u0300 20h. L\u2019opposition a pre\u0301vu d\u2019organiser un concert de casseroles a\u0300 la me\u0302me heure. Dans une contribution, le juriste, politologue, Ndiaga Loum, Professeur titulaire a\u0300 l\u2019Universite\u0301 du Que\u0301bec en Outaouais se pose des questions sur la pertinence de [&hellip;]","og_url":"https:\/\/www.africa-press.net\/senegal\/politique\/discours-a-la-nation-les-interrogations-du-pr-ndiaga-loum","og_site_name":"Senegal","article_published_time":"2022-12-28T18:58:37+00:00","author":"cfeditorfr","twitter_card":"summary_large_image","twitter_misc":{"\u00c9crit par":"cfeditorfr","Dur\u00e9e de lecture estim\u00e9e":"6 minutes"},"schema":{"@context":"https:\/\/schema.org","@graph":[{"@type":"Article","@id":"https:\/\/www.africa-press.net\/senegal\/politique\/discours-a-la-nation-les-interrogations-du-pr-ndiaga-loum#article","isPartOf":{"@id":"https:\/\/www.africa-press.net\/senegal\/politique\/discours-a-la-nation-les-interrogations-du-pr-ndiaga-loum"},"author":{"name":"cfeditorfr","@id":"https:\/\/www.africa-press.net\/senegal\/#\/schema\/person\/2b1cf3cd81a31e3cd26889ca66d677f1"},"headline":"Discours \u00e0 la Nation : Les interrogations du Pr Ndiaga Loum","datePublished":"2022-12-28T18:58:37+00:00","mainEntityOfPage":{"@id":"https:\/\/www.africa-press.net\/senegal\/politique\/discours-a-la-nation-les-interrogations-du-pr-ndiaga-loum"},"wordCount":1185,"commentCount":0,"image":{"@id":"https:\/\/www.africa-press.net\/senegal\/politique\/discours-a-la-nation-les-interrogations-du-pr-ndiaga-loum#primaryimage"},"thumbnailUrl":"https:\/\/static.africa-press.net\/senegal\/sites\/13\/2022\/12\/postQueueImg_1672241415.04.jpg","keywords":["Africa Press","Africa Press-Senegal","Senegal"],"articleSection":["Politique","Top Nouvelles","Toutes les actualit\u00e9s"],"inLanguage":"fr-FR","potentialAction":[{"@type":"CommentAction","name":"Comment","target":["https:\/\/www.africa-press.net\/senegal\/politique\/discours-a-la-nation-les-interrogations-du-pr-ndiaga-loum#respond"]}]},{"@type":"WebPage","@id":"https:\/\/www.africa-press.net\/senegal\/politique\/discours-a-la-nation-les-interrogations-du-pr-ndiaga-loum","url":"https:\/\/www.africa-press.net\/senegal\/politique\/discours-a-la-nation-les-interrogations-du-pr-ndiaga-loum","name":"Discours \u00e0 la Nation : Les interrogations du Pr Ndiaga Loum - Senegal","isPartOf":{"@id":"https:\/\/www.africa-press.net\/senegal\/#website"},"primaryImageOfPage":{"@id":"https:\/\/www.africa-press.net\/senegal\/politique\/discours-a-la-nation-les-interrogations-du-pr-ndiaga-loum#primaryimage"},"image":{"@id":"https:\/\/www.africa-press.net\/senegal\/politique\/discours-a-la-nation-les-interrogations-du-pr-ndiaga-loum#primaryimage"},"thumbnailUrl":"https:\/\/static.africa-press.net\/senegal\/sites\/13\/2022\/12\/postQueueImg_1672241415.04.jpg","datePublished":"2022-12-28T18:58:37+00:00","author":{"@id":"https:\/\/www.africa-press.net\/senegal\/#\/schema\/person\/2b1cf3cd81a31e3cd26889ca66d677f1"},"breadcrumb":{"@id":"https:\/\/www.africa-press.net\/senegal\/politique\/discours-a-la-nation-les-interrogations-du-pr-ndiaga-loum#breadcrumb"},"inLanguage":"fr-FR","potentialAction":[{"@type":"ReadAction","target":["https:\/\/www.africa-press.net\/senegal\/politique\/discours-a-la-nation-les-interrogations-du-pr-ndiaga-loum"]}]},{"@type":"ImageObject","inLanguage":"fr-FR","@id":"https:\/\/www.africa-press.net\/senegal\/politique\/discours-a-la-nation-les-interrogations-du-pr-ndiaga-loum#primaryimage","url":"https:\/\/static.africa-press.net\/senegal\/sites\/13\/2022\/12\/postQueueImg_1672241415.04.jpg","contentUrl":"https:\/\/static.africa-press.net\/senegal\/sites\/13\/2022\/12\/postQueueImg_1672241415.04.jpg","width":612,"height":298,"caption":"Discours \u00e0 la Nation : Les interrogations du Pr Ndiaga Loum"},{"@type":"BreadcrumbList","@id":"https:\/\/www.africa-press.net\/senegal\/politique\/discours-a-la-nation-les-interrogations-du-pr-ndiaga-loum#breadcrumb","itemListElement":[{"@type":"ListItem","position":1,"name":"Accueil","item":"https:\/\/www.africa-press.net\/senegal\/"},{"@type":"ListItem","position":2,"name":"Discours \u00e0 la Nation : Les interrogations du Pr Ndiaga Loum"}]},{"@type":"WebSite","@id":"https:\/\/www.africa-press.net\/senegal\/#website","url":"https:\/\/www.africa-press.net\/senegal\/","name":"Africa Press | Senegal | Homepage","description":"Just another Africa News Agency Sites site","potentialAction":[{"@type":"SearchAction","target":{"@type":"EntryPoint","urlTemplate":"https:\/\/www.africa-press.net\/senegal\/?s={search_term_string}"},"query-input":{"@type":"PropertyValueSpecification","valueRequired":true,"valueName":"search_term_string"}}],"inLanguage":"fr-FR"},{"@type":"Person","@id":"https:\/\/www.africa-press.net\/senegal\/#\/schema\/person\/2b1cf3cd81a31e3cd26889ca66d677f1","name":"cfeditorfr","url":"https:\/\/www.africa-press.net\/senegal\/author\/cfeditorfr"}]}},"_links":{"self":[{"href":"https:\/\/www.africa-press.net\/senegal\/wp-json\/wp\/v2\/posts\/37316","targetHints":{"allow":["GET"]}}],"collection":[{"href":"https:\/\/www.africa-press.net\/senegal\/wp-json\/wp\/v2\/posts"}],"about":[{"href":"https:\/\/www.africa-press.net\/senegal\/wp-json\/wp\/v2\/types\/post"}],"author":[{"embeddable":true,"href":"https:\/\/www.africa-press.net\/senegal\/wp-json\/wp\/v2\/users\/82"}],"replies":[{"embeddable":true,"href":"https:\/\/www.africa-press.net\/senegal\/wp-json\/wp\/v2\/comments?post=37316"}],"version-history":[{"count":0,"href":"https:\/\/www.africa-press.net\/senegal\/wp-json\/wp\/v2\/posts\/37316\/revisions"}],"wp:featuredmedia":[{"embeddable":true,"href":"https:\/\/www.africa-press.net\/senegal\/wp-json\/wp\/v2\/media\/37315"}],"wp:attachment":[{"href":"https:\/\/www.africa-press.net\/senegal\/wp-json\/wp\/v2\/media?parent=37316"}],"wp:term":[{"taxonomy":"category","embeddable":true,"href":"https:\/\/www.africa-press.net\/senegal\/wp-json\/wp\/v2\/categories?post=37316"},{"taxonomy":"post_tag","embeddable":true,"href":"https:\/\/www.africa-press.net\/senegal\/wp-json\/wp\/v2\/tags?post=37316"}],"curies":[{"name":"wp","href":"https:\/\/api.w.org\/{rel}","templated":true}]}}