{"id":37318,"date":"2022-12-28T19:01:53","date_gmt":"2022-12-28T19:01:53","guid":{"rendered":"https:\/\/www.africa-press.net\/senegal\/politique\/conseil-presidentiel-a-tamba-rapport-cour-des-comptes-bouna-kante-livre-ses-verites"},"modified":"2022-12-28T19:01:53","modified_gmt":"2022-12-28T19:01:53","slug":"conseil-presidentiel-a-tamba-rapport-cour-des-comptes-bouna-kante-livre-ses-verites","status":"publish","type":"post","link":"https:\/\/www.africa-press.net\/senegal\/politique\/conseil-presidentiel-a-tamba-rapport-cour-des-comptes-bouna-kante-livre-ses-verites","title":{"rendered":"Conseil pr\u00e9sidentiel \u00e0 Tamba, Rapport Cour des Comptes: Bouna Kant\u00e9 livre ses v\u00e9rit\u00e9s"},"content":{"rendered":"<p><span style=\"color: #ff6600\"><strong>Africa-Press &#8211; Senegal. <\/strong><\/span>Le Pre\u0301sident de la Re\u0301publique, Macky Sall, a pre\u0301side\u0301 un Conseil pre\u0301sidentiel sur le De\u0301veloppement de la Re\u0301gion de Tambacounda. Un e\u0301ve\u0301nement phare, intervenant dans un contexte particulier, marque\u0301 par l\u2019exe\u0301cution du PAP2A\/PSE (2019-2023, le de\u0301marrage de la mise en \u0153uvre du Plan National d\u2019Ame\u0301nagement et de De\u0301veloppement Territorial (PNADT) et l\u2019ave\u0300nement de la Charte de la De\u0301concentration (CDD). Bouna Kante\u0301, Secre\u0301taire Ge\u0301ne\u0301ral de la Compagnie Ge\u0301ne\u0301rale Immobilie\u0300re du Sahel, filiale de la CDC estime que ces initiatives visent a\u0300 promouvoir le de\u0301veloppement du Se\u0301ne\u0301gal a\u0300 partir de ses territoires et a\u0300 renforcer l\u2019ancrage de la politique de de\u0301centralisation et de de\u0301concentration.<\/p>\n<p>Apre\u0300s une de\u0301cennie apre\u0300s le premier Conseil des Ministres de\u0301centralise\u0301 organise\u0301 a\u0300 Tambacounda en 2013, le Conseil pre\u0301sidentiel offre l\u2019opportunite\u0301 de revisiter les efforts sans pre\u0301ce\u0301dents consentis par le Pre\u0301sident Macky Sall pour de\u0301velopper cette importante re\u0301gion du pays. De 2013 a\u0300 2021, il a e\u0301te\u0301 constate\u0301 un volume global d\u2019investissements de plus de 653 milliards de FCFA. Puisque, le gouvernement du Pre\u0301sident Macky Sall a investi entre 2013 et 2022, rien qu\u2019en infrastructures a\u0300 Tambacounda, plus de 248 milliards FCFA,. Le PUDC a donne\u0301 acce\u0300s a\u0300 l\u2019eau potable a\u0300 plus de 109 510 habitants. 48 villages ont e\u0301te\u0301 e\u0301lectrifie\u0301s et 22 autres sont en cours. Et, gra\u0302ce au CMU, 51 mutuelles de sante\u0301 ont e\u0301te\u0301 mises en place, avec 545 819 personnes be\u0301ne\u0301ficiaires d\u2019une couverture maladie a\u0300 travers les mutuelles.<\/p>\n<p>Ainsi, Bouna Kante\u0301, Secre\u0301taire Ge\u0301ne\u0301ral de la Compagnie Ge\u0301ne\u0301rale Immobilie\u0300re du Sahel, filiale de la CDC conside\u0300re que cette tourne\u0301e e\u0301conomique de 4 jours dans la re\u0301gion de Tambacounda permet au Pre\u0301sident Macky Sall de rencontrer et d\u2019e\u0301changer avec les populations de cette localite\u0301. Le Pre\u0301sident, retient-il, est retourne\u0301 au bout de 10 ans sur ses pas pour voir l\u2019e\u0301tat des re\u0301alisations et d\u2019e\u0301volutions des travaux. \u00ab En matie\u0300re de de\u0301centralisation, c\u2019est bien de s\u2019e\u0301loigner parfois, de Dakar pour aller dans les endroits les plus recule\u0301s, rencontrer l\u2019administration de\u0301centralise\u0301e qui fait un travail extraordinaire \u00bb, instruit le Secre\u0301taire Ge\u0301ne\u0301ral de la Compagnie Ge\u0301ne\u0301rale Immobilie\u0300re du Sahel, filiale de la CDC, Bouna Kante\u0301.<\/p>\n<p>Ecartant que la tourne\u0301e e\u0301conomique du Chef de l\u2019Etat n\u2019est pas seulement, politique, le membre de l\u2019Alliance pour la Re\u0301publique indique qu\u2019apre\u0300s avoir inaugure\u0301 le Camp militaire de Goudiry, il est temps aussi, d\u2019inaugurer l\u2019axe Goudiry-Tamba ou\u0300 le Pre\u0301sident a eu un accueil chaleureux. \u00ab C\u2019est vrai, le Pre\u0301sident va rencontrer les responsables politiques. Mais, il faut savoir qu\u2019une tourne\u0301e e\u0301conomique contribue au de\u0301veloppement des localite\u0301s. Parce que, des gestionnaires d\u2019ho\u0302tels se frottent de\u0301ja\u0300, les mains. Me\u0302me, les vendeurs d\u2019arachides grille\u0301es sentiront la pre\u0301sence du Pre\u0301sident lors de cette tourne\u0301e e\u0301conomique \u00bb, pre\u0301cise-t-il.<\/p>\n<p>Performance des re\u0301alisations<\/p>\n<p>Le Secre\u0301taire Ge\u0301ne\u0301ral de la Compagnie Ge\u0301ne\u0301rale Immobilie\u0300re du Sahel, filiale de la CDC, Bouna Kante\u0301 trouve qu\u2019en matie\u0300re de performance, des re\u0301sultats e\u0301normes sont re\u0301alise\u0301s dans le domaine agricole avec le mai\u0308s et autres produits agricoles. \u00ab On constate que Tambacounda est en marche. Tous les leaders sont unis a\u0300 co\u0302te\u0301 des populations. La situation des populations agriculteurs et des e\u0301leveurs s\u2019ame\u0301liorent. Raison pour laquelle, les populations sont sorties massivement pour accueillir le Pre\u0301sident de la Re\u0301publique. Elles ont montre\u0301 leur satisfaction a\u0300 sa politique. On doit e\u0301viter de tout conside\u0301rer comme politique et reconnai\u0302tre que les populations de Tamba sont satisfaites des re\u0301alisations du Pre\u0301sident Sall \u00bb, a recadre\u0301 Bouna Kante\u0301.<\/p>\n<p>D\u2019apre\u0300s lui, le Pre\u0301sident de la Re\u0301publique, Macky Sall a fait dans cette localite\u0301 plus de 25 00 km de routes et 180 km d\u2019autoroutes. Le de\u0301senclavement de certaines zones est devenu une re\u0301alite\u0301 avec des re\u0301sultats palpables. Les promesses de la re\u0301alisation des rails et des trains restent toujours, une priorite\u0301 pour le Se\u0301ne\u0301gal. Le programme avance. Les rails sont une solution pour le Se\u0301ne\u0301gal. L\u2019Etat est en train de mobiliser les ressources pour mate\u0301rialiser les projets. Le pre\u0301sident avait pris en 2013 des engagements a\u0300 hauteur de 201 milliards de FCFA. Apre\u0300s e\u0301valuation, il a e\u0301te\u0301 investi 212 milliards de FCfa avec un exce\u0301dent de 10 milliards de FCfa. L\u2019investissement est fait dans plusieurs domaines et secteurs d\u2019activite\u0301s. Le recrutement des enseignants et la construction de classe ont accru. Avec 13 me\u0301decins en 2012, il y a aujourd\u2019hui, 38 me\u0301decins et 172 sages-femmes a\u0300 Tamba. Avec 315 emplois en 2013, aujourd\u2019hui, elle se retrouve avec plus de 3000 emplois. Et, en 2012, seuls 72% de la population avait de l\u2019eau potable. Pre\u0301sentement, tout a change\u0301 dans ce secteur. Plusieurs autres re\u0301alisations sont ve\u0301rifiables a\u0300 Tamba \u00bb, liste-t-il. Bouna Kante\u0301 reconnai\u0302t qu\u2019a\u0300 Tamba qu\u2019il y a des proble\u0300mes a\u0300 Tamba. Mais, beaucoup de re\u0301ponses ont e\u0301te\u0301 apporte\u0301es.<\/p>\n<p>Rapport Cour des comptes<\/p>\n<p>Revenant sur le Rapport de la Cour des Comptes, il explique le renforcement de la Cour et d\u2019autres Institutions, dont l&rsquo;Ofnac et l\u2019ITTE. \u00ab Il peut y avoir des fautes de gestion. Au stade actuel, il faut un respect de la pre\u0301somption d\u2019innocence avant de parler de de\u0301tournement de fonds publics. Conforme\u0301ment au fonctionnement de nos institutions, le pre\u0301sident de la cour des comptes pourra saisir le ministe\u0300re de la justice, conside\u0301rant qu\u2019il a toutes les pre\u0301rogatives pour le faire.\u00bb, insiste-t-il. Bouna Kante\u0301 est d\u2019avis que le Pre\u0301sident Sall qui a lui-me\u0302me, saisi son Premier Ministre dans cette affaire ne de\u0301fend personne. Il s\u2019inscrit dans sa logique de bonne gouvernance de transparence et de reddition des comptes, piliers fondamentaux du PSE. Mais, il instruit pre\u0301sentement, de parler de pre\u0301somption d\u2019innocence d\u2019abord, avant d\u2019aller vite en besogne pour les cas judiciaires. Espe\u0300re-t-il que les pie\u0300ces justificatives manquantes seront apporte\u0301es pour lever certaines recommandations.<\/p>\n<p><strong>Pour plus d&rsquo;informations et d&rsquo;analyses sur la <a href=\"https:\/\/www.africa-press.net\/senegal\">Senegal<\/a>, suivez <a href=\"https:\/\/www.africa-press.net\/\">Africa-Press<\/a><\/strong><\/p>\n","protected":false},"excerpt":{"rendered":"<p>Africa-Press &#8211; Senegal. Le Pre\u0301sident de la Re\u0301publique, Macky Sall, a pre\u0301side\u0301 un Conseil pre\u0301sidentiel sur le De\u0301veloppement de la Re\u0301gion de Tambacounda. Un e\u0301ve\u0301nement phare, intervenant dans un contexte particulier, marque\u0301 par l\u2019exe\u0301cution du PAP2A\/PSE (2019-2023, le de\u0301marrage de la mise en \u0153uvre du Plan National d\u2019Ame\u0301nagement et de De\u0301veloppement Territorial (PNADT) et l\u2019ave\u0300nement [&hellip;]<\/p>\n","protected":false},"author":82,"featured_media":37317,"comment_status":"open","ping_status":"closed","sticky":false,"template":"","format":"standard","meta":{"footnotes":""},"categories":[2,20,10],"tags":[43,47,44],"class_list":["post-37318","post","type-post","status-publish","format-standard","has-post-thumbnail","hentry","category-politique","category-top-nouvelles","category-toutes-les-actualites","tag-africa-press-2","tag-africa-press-senegal","tag-senegal-2"],"yoast_head":"<!-- This site is optimized with the Yoast SEO Premium plugin v26.1 (Yoast SEO v27.0) - https:\/\/yoast.com\/product\/yoast-seo-premium-wordpress\/ -->\n<title>Conseil pr\u00e9sidentiel \u00e0 Tamba, Rapport Cour des Comptes: Bouna Kant\u00e9 livre ses v\u00e9rit\u00e9s - Senegal<\/title>\n<meta name=\"robots\" content=\"index, follow, max-snippet:-1, max-image-preview:large, max-video-preview:-1\" \/>\n<link rel=\"canonical\" href=\"https:\/\/www.africa-press.net\/senegal\/politique\/conseil-presidentiel-a-tamba-rapport-cour-des-comptes-bouna-kante-livre-ses-verites\" \/>\n<meta property=\"og:locale\" content=\"fr_FR\" \/>\n<meta property=\"og:type\" content=\"article\" \/>\n<meta property=\"og:title\" content=\"Conseil pr\u00e9sidentiel \u00e0 Tamba, Rapport Cour des Comptes: Bouna Kant\u00e9 livre ses v\u00e9rit\u00e9s\" \/>\n<meta property=\"og:description\" content=\"Africa-Press &#8211; Senegal. Le Pre\u0301sident de la Re\u0301publique, Macky Sall, a pre\u0301side\u0301 un Conseil pre\u0301sidentiel sur le De\u0301veloppement de la Re\u0301gion de Tambacounda. Un e\u0301ve\u0301nement phare, intervenant dans un contexte particulier, marque\u0301 par l\u2019exe\u0301cution du PAP2A\/PSE (2019-2023, le de\u0301marrage de la mise en \u0153uvre du Plan National d\u2019Ame\u0301nagement et de De\u0301veloppement Territorial (PNADT) et l\u2019ave\u0300nement [&hellip;]\" \/>\n<meta property=\"og:url\" content=\"https:\/\/www.africa-press.net\/senegal\/politique\/conseil-presidentiel-a-tamba-rapport-cour-des-comptes-bouna-kante-livre-ses-verites\" \/>\n<meta property=\"og:site_name\" content=\"Senegal\" \/>\n<meta property=\"article:published_time\" content=\"2022-12-28T19:01:53+00:00\" \/>\n<meta name=\"author\" content=\"cfeditorfr\" \/>\n<meta name=\"twitter:card\" content=\"summary_large_image\" \/>\n<meta name=\"twitter:label1\" content=\"\u00c9crit par\" \/>\n\t<meta name=\"twitter:data1\" content=\"cfeditorfr\" \/>\n\t<meta name=\"twitter:label2\" content=\"Dur\u00e9e de lecture estim\u00e9e\" \/>\n\t<meta name=\"twitter:data2\" content=\"5 minutes\" \/>\n<script type=\"application\/ld+json\" class=\"yoast-schema-graph\">{\"@context\":\"https:\/\/schema.org\",\"@graph\":[{\"@type\":\"Article\",\"@id\":\"https:\/\/www.africa-press.net\/senegal\/politique\/conseil-presidentiel-a-tamba-rapport-cour-des-comptes-bouna-kante-livre-ses-verites#article\",\"isPartOf\":{\"@id\":\"https:\/\/www.africa-press.net\/senegal\/politique\/conseil-presidentiel-a-tamba-rapport-cour-des-comptes-bouna-kante-livre-ses-verites\"},\"author\":{\"name\":\"cfeditorfr\",\"@id\":\"https:\/\/www.africa-press.net\/senegal\/#\/schema\/person\/2b1cf3cd81a31e3cd26889ca66d677f1\"},\"headline\":\"Conseil pr\u00e9sidentiel \u00e0 Tamba, Rapport Cour des Comptes: Bouna Kant\u00e9 livre ses v\u00e9rit\u00e9s\",\"datePublished\":\"2022-12-28T19:01:53+00:00\",\"mainEntityOfPage\":{\"@id\":\"https:\/\/www.africa-press.net\/senegal\/politique\/conseil-presidentiel-a-tamba-rapport-cour-des-comptes-bouna-kante-livre-ses-verites\"},\"wordCount\":1115,\"commentCount\":0,\"image\":{\"@id\":\"https:\/\/www.africa-press.net\/senegal\/politique\/conseil-presidentiel-a-tamba-rapport-cour-des-comptes-bouna-kante-livre-ses-verites#primaryimage\"},\"thumbnailUrl\":\"https:\/\/static.africa-press.net\/senegal\/sites\/13\/2022\/12\/postQueueImg_1672241772.95.jpg\",\"keywords\":[\"Africa Press\",\"Africa Press-Senegal\",\"Senegal\"],\"articleSection\":[\"Politique\",\"Top Nouvelles\",\"Toutes les actualit\u00e9s\"],\"inLanguage\":\"fr-FR\",\"potentialAction\":[{\"@type\":\"CommentAction\",\"name\":\"Comment\",\"target\":[\"https:\/\/www.africa-press.net\/senegal\/politique\/conseil-presidentiel-a-tamba-rapport-cour-des-comptes-bouna-kante-livre-ses-verites#respond\"]}]},{\"@type\":\"WebPage\",\"@id\":\"https:\/\/www.africa-press.net\/senegal\/politique\/conseil-presidentiel-a-tamba-rapport-cour-des-comptes-bouna-kante-livre-ses-verites\",\"url\":\"https:\/\/www.africa-press.net\/senegal\/politique\/conseil-presidentiel-a-tamba-rapport-cour-des-comptes-bouna-kante-livre-ses-verites\",\"name\":\"Conseil pr\u00e9sidentiel \u00e0 Tamba, Rapport Cour des Comptes: Bouna Kant\u00e9 livre ses v\u00e9rit\u00e9s - Senegal\",\"isPartOf\":{\"@id\":\"https:\/\/www.africa-press.net\/senegal\/#website\"},\"primaryImageOfPage\":{\"@id\":\"https:\/\/www.africa-press.net\/senegal\/politique\/conseil-presidentiel-a-tamba-rapport-cour-des-comptes-bouna-kante-livre-ses-verites#primaryimage\"},\"image\":{\"@id\":\"https:\/\/www.africa-press.net\/senegal\/politique\/conseil-presidentiel-a-tamba-rapport-cour-des-comptes-bouna-kante-livre-ses-verites#primaryimage\"},\"thumbnailUrl\":\"https:\/\/static.africa-press.net\/senegal\/sites\/13\/2022\/12\/postQueueImg_1672241772.95.jpg\",\"datePublished\":\"2022-12-28T19:01:53+00:00\",\"author\":{\"@id\":\"https:\/\/www.africa-press.net\/senegal\/#\/schema\/person\/2b1cf3cd81a31e3cd26889ca66d677f1\"},\"breadcrumb\":{\"@id\":\"https:\/\/www.africa-press.net\/senegal\/politique\/conseil-presidentiel-a-tamba-rapport-cour-des-comptes-bouna-kante-livre-ses-verites#breadcrumb\"},\"inLanguage\":\"fr-FR\",\"potentialAction\":[{\"@type\":\"ReadAction\",\"target\":[\"https:\/\/www.africa-press.net\/senegal\/politique\/conseil-presidentiel-a-tamba-rapport-cour-des-comptes-bouna-kante-livre-ses-verites\"]}]},{\"@type\":\"ImageObject\",\"inLanguage\":\"fr-FR\",\"@id\":\"https:\/\/www.africa-press.net\/senegal\/politique\/conseil-presidentiel-a-tamba-rapport-cour-des-comptes-bouna-kante-livre-ses-verites#primaryimage\",\"url\":\"https:\/\/static.africa-press.net\/senegal\/sites\/13\/2022\/12\/postQueueImg_1672241772.95.jpg\",\"contentUrl\":\"https:\/\/static.africa-press.net\/senegal\/sites\/13\/2022\/12\/postQueueImg_1672241772.95.jpg\",\"width\":720,\"height\":350,\"caption\":\"Conseil pr\u00e9sidentiel \u00e0 Tamba, Rapport Cour des Comptes: Bouna Kant\u00e9 livre ses v\u00e9rit\u00e9s\"},{\"@type\":\"BreadcrumbList\",\"@id\":\"https:\/\/www.africa-press.net\/senegal\/politique\/conseil-presidentiel-a-tamba-rapport-cour-des-comptes-bouna-kante-livre-ses-verites#breadcrumb\",\"itemListElement\":[{\"@type\":\"ListItem\",\"position\":1,\"name\":\"Accueil\",\"item\":\"https:\/\/www.africa-press.net\/senegal\/\"},{\"@type\":\"ListItem\",\"position\":2,\"name\":\"Conseil pr\u00e9sidentiel \u00e0 Tamba, Rapport Cour des Comptes: Bouna Kant\u00e9 livre ses v\u00e9rit\u00e9s\"}]},{\"@type\":\"WebSite\",\"@id\":\"https:\/\/www.africa-press.net\/senegal\/#website\",\"url\":\"https:\/\/www.africa-press.net\/senegal\/\",\"name\":\"Africa Press | Senegal | Homepage\",\"description\":\"Just another Africa News Agency Sites site\",\"potentialAction\":[{\"@type\":\"SearchAction\",\"target\":{\"@type\":\"EntryPoint\",\"urlTemplate\":\"https:\/\/www.africa-press.net\/senegal\/?s={search_term_string}\"},\"query-input\":{\"@type\":\"PropertyValueSpecification\",\"valueRequired\":true,\"valueName\":\"search_term_string\"}}],\"inLanguage\":\"fr-FR\"},{\"@type\":\"Person\",\"@id\":\"https:\/\/www.africa-press.net\/senegal\/#\/schema\/person\/2b1cf3cd81a31e3cd26889ca66d677f1\",\"name\":\"cfeditorfr\",\"url\":\"https:\/\/www.africa-press.net\/senegal\/author\/cfeditorfr\"}]}<\/script>\n<!-- \/ Yoast SEO Premium plugin. -->","yoast_head_json":{"title":"Conseil pr\u00e9sidentiel \u00e0 Tamba, Rapport Cour des Comptes: Bouna Kant\u00e9 livre ses v\u00e9rit\u00e9s - Senegal","robots":{"index":"index","follow":"follow","max-snippet":"max-snippet:-1","max-image-preview":"max-image-preview:large","max-video-preview":"max-video-preview:-1"},"canonical":"https:\/\/www.africa-press.net\/senegal\/politique\/conseil-presidentiel-a-tamba-rapport-cour-des-comptes-bouna-kante-livre-ses-verites","og_locale":"fr_FR","og_type":"article","og_title":"Conseil pr\u00e9sidentiel \u00e0 Tamba, Rapport Cour des Comptes: Bouna Kant\u00e9 livre ses v\u00e9rit\u00e9s","og_description":"Africa-Press &#8211; Senegal. Le Pre\u0301sident de la Re\u0301publique, Macky Sall, a pre\u0301side\u0301 un Conseil pre\u0301sidentiel sur le De\u0301veloppement de la Re\u0301gion de Tambacounda. Un e\u0301ve\u0301nement phare, intervenant dans un contexte particulier, marque\u0301 par l\u2019exe\u0301cution du PAP2A\/PSE (2019-2023, le de\u0301marrage de la mise en \u0153uvre du Plan National d\u2019Ame\u0301nagement et de De\u0301veloppement Territorial (PNADT) et l\u2019ave\u0300nement [&hellip;]","og_url":"https:\/\/www.africa-press.net\/senegal\/politique\/conseil-presidentiel-a-tamba-rapport-cour-des-comptes-bouna-kante-livre-ses-verites","og_site_name":"Senegal","article_published_time":"2022-12-28T19:01:53+00:00","author":"cfeditorfr","twitter_card":"summary_large_image","twitter_misc":{"\u00c9crit par":"cfeditorfr","Dur\u00e9e de lecture estim\u00e9e":"5 minutes"},"schema":{"@context":"https:\/\/schema.org","@graph":[{"@type":"Article","@id":"https:\/\/www.africa-press.net\/senegal\/politique\/conseil-presidentiel-a-tamba-rapport-cour-des-comptes-bouna-kante-livre-ses-verites#article","isPartOf":{"@id":"https:\/\/www.africa-press.net\/senegal\/politique\/conseil-presidentiel-a-tamba-rapport-cour-des-comptes-bouna-kante-livre-ses-verites"},"author":{"name":"cfeditorfr","@id":"https:\/\/www.africa-press.net\/senegal\/#\/schema\/person\/2b1cf3cd81a31e3cd26889ca66d677f1"},"headline":"Conseil pr\u00e9sidentiel \u00e0 Tamba, Rapport Cour des Comptes: Bouna Kant\u00e9 livre ses v\u00e9rit\u00e9s","datePublished":"2022-12-28T19:01:53+00:00","mainEntityOfPage":{"@id":"https:\/\/www.africa-press.net\/senegal\/politique\/conseil-presidentiel-a-tamba-rapport-cour-des-comptes-bouna-kante-livre-ses-verites"},"wordCount":1115,"commentCount":0,"image":{"@id":"https:\/\/www.africa-press.net\/senegal\/politique\/conseil-presidentiel-a-tamba-rapport-cour-des-comptes-bouna-kante-livre-ses-verites#primaryimage"},"thumbnailUrl":"https:\/\/static.africa-press.net\/senegal\/sites\/13\/2022\/12\/postQueueImg_1672241772.95.jpg","keywords":["Africa Press","Africa Press-Senegal","Senegal"],"articleSection":["Politique","Top Nouvelles","Toutes les actualit\u00e9s"],"inLanguage":"fr-FR","potentialAction":[{"@type":"CommentAction","name":"Comment","target":["https:\/\/www.africa-press.net\/senegal\/politique\/conseil-presidentiel-a-tamba-rapport-cour-des-comptes-bouna-kante-livre-ses-verites#respond"]}]},{"@type":"WebPage","@id":"https:\/\/www.africa-press.net\/senegal\/politique\/conseil-presidentiel-a-tamba-rapport-cour-des-comptes-bouna-kante-livre-ses-verites","url":"https:\/\/www.africa-press.net\/senegal\/politique\/conseil-presidentiel-a-tamba-rapport-cour-des-comptes-bouna-kante-livre-ses-verites","name":"Conseil pr\u00e9sidentiel \u00e0 Tamba, Rapport Cour des Comptes: Bouna Kant\u00e9 livre ses v\u00e9rit\u00e9s - Senegal","isPartOf":{"@id":"https:\/\/www.africa-press.net\/senegal\/#website"},"primaryImageOfPage":{"@id":"https:\/\/www.africa-press.net\/senegal\/politique\/conseil-presidentiel-a-tamba-rapport-cour-des-comptes-bouna-kante-livre-ses-verites#primaryimage"},"image":{"@id":"https:\/\/www.africa-press.net\/senegal\/politique\/conseil-presidentiel-a-tamba-rapport-cour-des-comptes-bouna-kante-livre-ses-verites#primaryimage"},"thumbnailUrl":"https:\/\/static.africa-press.net\/senegal\/sites\/13\/2022\/12\/postQueueImg_1672241772.95.jpg","datePublished":"2022-12-28T19:01:53+00:00","author":{"@id":"https:\/\/www.africa-press.net\/senegal\/#\/schema\/person\/2b1cf3cd81a31e3cd26889ca66d677f1"},"breadcrumb":{"@id":"https:\/\/www.africa-press.net\/senegal\/politique\/conseil-presidentiel-a-tamba-rapport-cour-des-comptes-bouna-kante-livre-ses-verites#breadcrumb"},"inLanguage":"fr-FR","potentialAction":[{"@type":"ReadAction","target":["https:\/\/www.africa-press.net\/senegal\/politique\/conseil-presidentiel-a-tamba-rapport-cour-des-comptes-bouna-kante-livre-ses-verites"]}]},{"@type":"ImageObject","inLanguage":"fr-FR","@id":"https:\/\/www.africa-press.net\/senegal\/politique\/conseil-presidentiel-a-tamba-rapport-cour-des-comptes-bouna-kante-livre-ses-verites#primaryimage","url":"https:\/\/static.africa-press.net\/senegal\/sites\/13\/2022\/12\/postQueueImg_1672241772.95.jpg","contentUrl":"https:\/\/static.africa-press.net\/senegal\/sites\/13\/2022\/12\/postQueueImg_1672241772.95.jpg","width":720,"height":350,"caption":"Conseil pr\u00e9sidentiel \u00e0 Tamba, Rapport Cour des Comptes: Bouna Kant\u00e9 livre ses v\u00e9rit\u00e9s"},{"@type":"BreadcrumbList","@id":"https:\/\/www.africa-press.net\/senegal\/politique\/conseil-presidentiel-a-tamba-rapport-cour-des-comptes-bouna-kante-livre-ses-verites#breadcrumb","itemListElement":[{"@type":"ListItem","position":1,"name":"Accueil","item":"https:\/\/www.africa-press.net\/senegal\/"},{"@type":"ListItem","position":2,"name":"Conseil pr\u00e9sidentiel \u00e0 Tamba, Rapport Cour des Comptes: Bouna Kant\u00e9 livre ses v\u00e9rit\u00e9s"}]},{"@type":"WebSite","@id":"https:\/\/www.africa-press.net\/senegal\/#website","url":"https:\/\/www.africa-press.net\/senegal\/","name":"Africa Press | Senegal | Homepage","description":"Just another Africa News Agency Sites site","potentialAction":[{"@type":"SearchAction","target":{"@type":"EntryPoint","urlTemplate":"https:\/\/www.africa-press.net\/senegal\/?s={search_term_string}"},"query-input":{"@type":"PropertyValueSpecification","valueRequired":true,"valueName":"search_term_string"}}],"inLanguage":"fr-FR"},{"@type":"Person","@id":"https:\/\/www.africa-press.net\/senegal\/#\/schema\/person\/2b1cf3cd81a31e3cd26889ca66d677f1","name":"cfeditorfr","url":"https:\/\/www.africa-press.net\/senegal\/author\/cfeditorfr"}]}},"_links":{"self":[{"href":"https:\/\/www.africa-press.net\/senegal\/wp-json\/wp\/v2\/posts\/37318","targetHints":{"allow":["GET"]}}],"collection":[{"href":"https:\/\/www.africa-press.net\/senegal\/wp-json\/wp\/v2\/posts"}],"about":[{"href":"https:\/\/www.africa-press.net\/senegal\/wp-json\/wp\/v2\/types\/post"}],"author":[{"embeddable":true,"href":"https:\/\/www.africa-press.net\/senegal\/wp-json\/wp\/v2\/users\/82"}],"replies":[{"embeddable":true,"href":"https:\/\/www.africa-press.net\/senegal\/wp-json\/wp\/v2\/comments?post=37318"}],"version-history":[{"count":0,"href":"https:\/\/www.africa-press.net\/senegal\/wp-json\/wp\/v2\/posts\/37318\/revisions"}],"wp:featuredmedia":[{"embeddable":true,"href":"https:\/\/www.africa-press.net\/senegal\/wp-json\/wp\/v2\/media\/37317"}],"wp:attachment":[{"href":"https:\/\/www.africa-press.net\/senegal\/wp-json\/wp\/v2\/media?parent=37318"}],"wp:term":[{"taxonomy":"category","embeddable":true,"href":"https:\/\/www.africa-press.net\/senegal\/wp-json\/wp\/v2\/categories?post=37318"},{"taxonomy":"post_tag","embeddable":true,"href":"https:\/\/www.africa-press.net\/senegal\/wp-json\/wp\/v2\/tags?post=37318"}],"curies":[{"name":"wp","href":"https:\/\/api.w.org\/{rel}","templated":true}]}}