{"id":37320,"date":"2022-12-28T19:08:42","date_gmt":"2022-12-28T19:08:42","guid":{"rendered":"https:\/\/www.africa-press.net\/senegal\/politique\/mondiale-le-beau-parcours-du-senegal"},"modified":"2022-12-28T19:08:42","modified_gmt":"2022-12-28T19:08:42","slug":"mondiale-le-beau-parcours-du-senegal","status":"publish","type":"post","link":"https:\/\/www.africa-press.net\/senegal\/sports\/mondiale-le-beau-parcours-du-senegal","title":{"rendered":"Mondiale : le beau parcours du S\u00e9n\u00e9gal"},"content":{"rendered":"<p><span style=\"color: #ff6600\"><strong>Africa-Press &#8211; Senegal. <\/strong><\/span>Le grand champion de la CAN a fait un beau parcours au stade d\u2019Al Rayyan. En effet, le Se\u0301ne\u0301gal avait toutes ses chances pour faire une belle aventure, mais elle s\u2019est arre\u0302te\u0301e brutalement.<\/p>\n<p>Pourtant, il reste encore de plusieurs confrontations a\u0300 venir. Et pour ceux qui souhaitent suivre la suite de la Coupe Mondiale 2022, il est possible de re\u0301aliser des paris sportifs avec un code promo 1xBet. Alors revenons en de\u0301tails sur les derniers e\u0301ve\u0300nements dans lesquels e\u0301taient engage\u0301e cette e\u0301quipe.<\/p>\n<p>Un espoir d\u2019atteindre les quarts de finale<\/p>\n<p>En effet, lors de leur avant-dernier match, ils avaient re\u0301ussi a\u0300 se qualifier pour les huitie\u0300mes de finale pour la coupe du monde. Durant ce match, les Lions de la Teranga ont domine\u0301 l&rsquo;E\u0301quateur gra\u0302ce a\u0300 Ismai\u0308la Sarr et Kalidou Koulibaly.<\/p>\n<p>Plus entreprenants, ils ont domine\u0301 le terrain pendant toute la dure\u0301e du match. Avec notamment un premier but sur penalty gra\u0302ce a\u0300 Ismai\u0308la Sarr, l\u2019Equateur a rispote\u0301 avec une e\u0301galisation de Moise\u0301s Caicedo a\u0300 la 67e minute. Mais a\u0300 peine trois minutes plus tard, le capitaine des Lions Kalidou Koulibaly leur a permis d\u2019acce\u0301der a\u0300 la victoire.<\/p>\n<p>Cela leur a permis d\u2019obtenir la deuxie\u0300me place qualitative pour les huitie\u0300mes du Mondial. Il avait alors l\u2019objectif de concurrencer la se\u0301lection historique de 2002, et ainsi ramener les plus heures de gloire au Se\u0301ne\u0301gal. Il avait e\u0301te\u0301 e\u0301limine\u0301 en quarts de finale. Pourtant, l\u2019histoire ne s\u2019est pas re\u0301pe\u0301te\u0301e !<\/p>\n<p>La fin de l\u2019aventure<\/p>\n<p>Le match Se\u0301ne\u0301gal &#8211; Angleterre, qui a eu lieu re\u0301cemment, a malheureusement e\u0301te\u0301 le dernier. En effet, l\u2019Angleterre e\u0301limine le Se\u0301ne\u0301gal avec un score de 3-0, un re\u0301sultat sans appel. Ne\u0301anmoins, c\u2019e\u0301tait la premie\u0300re fois que ces deux nations s\u2019affrontaient dans un match aussi important. Et pour cause, leur seul match remonte a\u0300 1906 ! Ayant eu lieu dans le stade d\u2019Al-Bayt, les choses avaient pourtant bien commence\u0301 pour les Lions de la Teranga. Allant jusqu\u2019a\u0300 attaquer les cages anglaises ! Mais Jordan Pickford, leur gardien, ne s\u2019est pas laisse\u0301 faire et a intercepte\u0301 la balle. Il faudra attendre la 38e minute pour que les hommes de Gareth Southgate marquent le premier but. Cependant, les deux derniers buts ont e\u0301te\u0301 possibles gra\u0302ce au temps additionnel. Malgre\u0301 leur dominance sur le terrain, cela n\u2019a pas suffi pour nourrir leur espoir et leur permettre d\u2019acce\u0301der aux quarts de finale.<\/p>\n<p>Le Se\u0301ne\u0301gal s&rsquo;est bien battu contre l&rsquo;Angleterre, mais finalement, les compe\u0301tences et l&rsquo;expe\u0301rience supe\u0301rieures de l&rsquo;Angleterre e\u0301taient trop importantes pour le Se\u0301ne\u0301gal. Le Se\u0301ne\u0301gal peut e\u0302tre fier de sa performance a\u0300 la Coupe du monde, et il sera sans aucun doute une force a\u0300 prendre en compte dans les tournois futurs.<\/p>\n<p>Conclusion<\/p>\n<p>La de\u0301faite du Se\u0301ne\u0301gal contre l&rsquo;Angleterre en huitie\u0300me de finale a e\u0301te\u0301 un coup dur pour la nation africaine. Apre\u0300s son impressionnante victoire contre l&rsquo;E\u0301quateur, le Se\u0301ne\u0301gal avait de grands espoirs d&rsquo;atteindre les quarts de finale. Le Se\u0301ne\u0301gal s&rsquo;est bien battu contre l&rsquo;Angleterre, mais finalement l&rsquo;e\u0301quipe anglaise a e\u0301te\u0301 plus performante. C&rsquo;est une e\u0301norme de\u0301ception pour le Se\u0301ne\u0301gal, qui espe\u0301rait re\u0301ite\u0301rer l\u2019exploit de 2002. Le Se\u0301ne\u0301gal peut se consoler en se disant qu&rsquo;il s&rsquo;est bien battu et qu&rsquo;il a donne\u0301 a\u0300 ses fans quelque chose dont ils peuvent e\u0302tre fiers.<\/p>\n<p>Il faut saluer leur parcours exemplaire, qui a permis a\u0300 l\u2019Afrique d\u2019e\u0302tre repre\u0301sente\u0301 aussi loin dans cette compe\u0301tition mythique. Et ainsi mettre en lumie\u0300re cette e\u0301quipe mythique qui a gagne\u0301 la Coupe d\u2019Afrique des Nations. Leur capitaine, Kalidou Koulibaly, a notamment mene\u0301 ses partenaires avec conviction. La re\u0301ussite du Se\u0301ne\u0301gal est une source d&rsquo;inspiration pour nous tous, et sa performance en Coupe du monde est un te\u0301moignage de la qualite\u0301 du football africain.<\/p>\n<p><strong>Pour plus d&rsquo;informations et d&rsquo;analyses sur la <a href=\"https:\/\/www.africa-press.net\/senegal\">Senegal<\/a>, suivez <a href=\"https:\/\/www.africa-press.net\/\">Africa-Press<\/a><\/strong><\/p>\n","protected":false},"excerpt":{"rendered":"<p>Africa-Press &#8211; Senegal. Le grand champion de la CAN a fait un beau parcours au stade d\u2019Al Rayyan. En effet, le Se\u0301ne\u0301gal avait toutes ses chances pour faire une belle aventure, mais elle s\u2019est arre\u0302te\u0301e brutalement. Pourtant, il reste encore de plusieurs confrontations a\u0300 venir. Et pour ceux qui souhaitent suivre la suite de la [&hellip;]<\/p>\n","protected":false},"author":82,"featured_media":37319,"comment_status":"open","ping_status":"closed","sticky":false,"template":"","format":"standard","meta":{"footnotes":""},"categories":[6,10],"tags":[43,47,44],"class_list":["post-37320","post","type-post","status-publish","format-standard","has-post-thumbnail","hentry","category-sports","category-toutes-les-actualites","tag-africa-press-2","tag-africa-press-senegal","tag-senegal-2"],"yoast_head":"<!-- This site is optimized with the Yoast SEO Premium plugin v26.1 (Yoast SEO v27.0) - https:\/\/yoast.com\/product\/yoast-seo-premium-wordpress\/ -->\n<title>Mondiale : le beau parcours du S\u00e9n\u00e9gal - Senegal<\/title>\n<meta name=\"robots\" content=\"index, follow, max-snippet:-1, max-image-preview:large, max-video-preview:-1\" \/>\n<link rel=\"canonical\" href=\"https:\/\/www.africa-press.net\/senegal\/politique\/mondiale-le-beau-parcours-du-senegal\" \/>\n<meta property=\"og:locale\" content=\"fr_FR\" \/>\n<meta property=\"og:type\" content=\"article\" \/>\n<meta property=\"og:title\" content=\"Mondiale : le beau parcours du S\u00e9n\u00e9gal\" \/>\n<meta property=\"og:description\" content=\"Africa-Press &#8211; Senegal. Le grand champion de la CAN a fait un beau parcours au stade d\u2019Al Rayyan. En effet, le Se\u0301ne\u0301gal avait toutes ses chances pour faire une belle aventure, mais elle s\u2019est arre\u0302te\u0301e brutalement. Pourtant, il reste encore de plusieurs confrontations a\u0300 venir. Et pour ceux qui souhaitent suivre la suite de la [&hellip;]\" \/>\n<meta property=\"og:url\" content=\"https:\/\/www.africa-press.net\/senegal\/politique\/mondiale-le-beau-parcours-du-senegal\" \/>\n<meta property=\"og:site_name\" content=\"Senegal\" \/>\n<meta property=\"article:published_time\" content=\"2022-12-28T19:08:42+00:00\" \/>\n<meta name=\"author\" content=\"cfeditorfr\" \/>\n<meta name=\"twitter:card\" content=\"summary_large_image\" \/>\n<meta name=\"twitter:label1\" content=\"\u00c9crit par\" \/>\n\t<meta name=\"twitter:data1\" content=\"cfeditorfr\" \/>\n\t<meta name=\"twitter:label2\" content=\"Dur\u00e9e de lecture estim\u00e9e\" \/>\n\t<meta name=\"twitter:data2\" content=\"4 minutes\" \/>\n<script type=\"application\/ld+json\" class=\"yoast-schema-graph\">{\"@context\":\"https:\/\/schema.org\",\"@graph\":[{\"@type\":\"Article\",\"@id\":\"https:\/\/www.africa-press.net\/senegal\/politique\/mondiale-le-beau-parcours-du-senegal#article\",\"isPartOf\":{\"@id\":\"https:\/\/www.africa-press.net\/senegal\/politique\/mondiale-le-beau-parcours-du-senegal\"},\"author\":{\"name\":\"cfeditorfr\",\"@id\":\"https:\/\/www.africa-press.net\/senegal\/#\/schema\/person\/2b1cf3cd81a31e3cd26889ca66d677f1\"},\"headline\":\"Mondiale : le beau parcours du S\u00e9n\u00e9gal\",\"datePublished\":\"2022-12-28T19:08:42+00:00\",\"mainEntityOfPage\":{\"@id\":\"https:\/\/www.africa-press.net\/senegal\/politique\/mondiale-le-beau-parcours-du-senegal\"},\"wordCount\":746,\"commentCount\":0,\"image\":{\"@id\":\"https:\/\/www.africa-press.net\/senegal\/politique\/mondiale-le-beau-parcours-du-senegal#primaryimage\"},\"thumbnailUrl\":\"https:\/\/static.africa-press.net\/senegal\/sites\/13\/2022\/12\/postQueueImg_1672242278.33.jpg\",\"keywords\":[\"Africa Press\",\"Africa Press-Senegal\",\"Senegal\"],\"articleSection\":[\"Sports\",\"Toutes les actualit\u00e9s\"],\"inLanguage\":\"fr-FR\",\"potentialAction\":[{\"@type\":\"CommentAction\",\"name\":\"Comment\",\"target\":[\"https:\/\/www.africa-press.net\/senegal\/politique\/mondiale-le-beau-parcours-du-senegal#respond\"]}]},{\"@type\":\"WebPage\",\"@id\":\"https:\/\/www.africa-press.net\/senegal\/politique\/mondiale-le-beau-parcours-du-senegal\",\"url\":\"https:\/\/www.africa-press.net\/senegal\/politique\/mondiale-le-beau-parcours-du-senegal\",\"name\":\"Mondiale : le beau parcours du S\u00e9n\u00e9gal - Senegal\",\"isPartOf\":{\"@id\":\"https:\/\/www.africa-press.net\/senegal\/#website\"},\"primaryImageOfPage\":{\"@id\":\"https:\/\/www.africa-press.net\/senegal\/politique\/mondiale-le-beau-parcours-du-senegal#primaryimage\"},\"image\":{\"@id\":\"https:\/\/www.africa-press.net\/senegal\/politique\/mondiale-le-beau-parcours-du-senegal#primaryimage\"},\"thumbnailUrl\":\"https:\/\/static.africa-press.net\/senegal\/sites\/13\/2022\/12\/postQueueImg_1672242278.33.jpg\",\"datePublished\":\"2022-12-28T19:08:42+00:00\",\"author\":{\"@id\":\"https:\/\/www.africa-press.net\/senegal\/#\/schema\/person\/2b1cf3cd81a31e3cd26889ca66d677f1\"},\"breadcrumb\":{\"@id\":\"https:\/\/www.africa-press.net\/senegal\/politique\/mondiale-le-beau-parcours-du-senegal#breadcrumb\"},\"inLanguage\":\"fr-FR\",\"potentialAction\":[{\"@type\":\"ReadAction\",\"target\":[\"https:\/\/www.africa-press.net\/senegal\/politique\/mondiale-le-beau-parcours-du-senegal\"]}]},{\"@type\":\"ImageObject\",\"inLanguage\":\"fr-FR\",\"@id\":\"https:\/\/www.africa-press.net\/senegal\/politique\/mondiale-le-beau-parcours-du-senegal#primaryimage\",\"url\":\"https:\/\/static.africa-press.net\/senegal\/sites\/13\/2022\/12\/postQueueImg_1672242278.33.jpg\",\"contentUrl\":\"https:\/\/static.africa-press.net\/senegal\/sites\/13\/2022\/12\/postQueueImg_1672242278.33.jpg\",\"width\":720,\"height\":350,\"caption\":\"Mondiale : le beau parcours du S\u00e9n\u00e9gal\"},{\"@type\":\"BreadcrumbList\",\"@id\":\"https:\/\/www.africa-press.net\/senegal\/politique\/mondiale-le-beau-parcours-du-senegal#breadcrumb\",\"itemListElement\":[{\"@type\":\"ListItem\",\"position\":1,\"name\":\"Accueil\",\"item\":\"https:\/\/www.africa-press.net\/senegal\/\"},{\"@type\":\"ListItem\",\"position\":2,\"name\":\"Mondiale : le beau parcours du S\u00e9n\u00e9gal\"}]},{\"@type\":\"WebSite\",\"@id\":\"https:\/\/www.africa-press.net\/senegal\/#website\",\"url\":\"https:\/\/www.africa-press.net\/senegal\/\",\"name\":\"Africa Press | Senegal | Homepage\",\"description\":\"Just another Africa News Agency Sites site\",\"potentialAction\":[{\"@type\":\"SearchAction\",\"target\":{\"@type\":\"EntryPoint\",\"urlTemplate\":\"https:\/\/www.africa-press.net\/senegal\/?s={search_term_string}\"},\"query-input\":{\"@type\":\"PropertyValueSpecification\",\"valueRequired\":true,\"valueName\":\"search_term_string\"}}],\"inLanguage\":\"fr-FR\"},{\"@type\":\"Person\",\"@id\":\"https:\/\/www.africa-press.net\/senegal\/#\/schema\/person\/2b1cf3cd81a31e3cd26889ca66d677f1\",\"name\":\"cfeditorfr\",\"url\":\"https:\/\/www.africa-press.net\/senegal\/author\/cfeditorfr\"}]}<\/script>\n<!-- \/ Yoast SEO Premium plugin. -->","yoast_head_json":{"title":"Mondiale : le beau parcours du S\u00e9n\u00e9gal - Senegal","robots":{"index":"index","follow":"follow","max-snippet":"max-snippet:-1","max-image-preview":"max-image-preview:large","max-video-preview":"max-video-preview:-1"},"canonical":"https:\/\/www.africa-press.net\/senegal\/politique\/mondiale-le-beau-parcours-du-senegal","og_locale":"fr_FR","og_type":"article","og_title":"Mondiale : le beau parcours du S\u00e9n\u00e9gal","og_description":"Africa-Press &#8211; Senegal. Le grand champion de la CAN a fait un beau parcours au stade d\u2019Al Rayyan. En effet, le Se\u0301ne\u0301gal avait toutes ses chances pour faire une belle aventure, mais elle s\u2019est arre\u0302te\u0301e brutalement. Pourtant, il reste encore de plusieurs confrontations a\u0300 venir. Et pour ceux qui souhaitent suivre la suite de la [&hellip;]","og_url":"https:\/\/www.africa-press.net\/senegal\/politique\/mondiale-le-beau-parcours-du-senegal","og_site_name":"Senegal","article_published_time":"2022-12-28T19:08:42+00:00","author":"cfeditorfr","twitter_card":"summary_large_image","twitter_misc":{"\u00c9crit par":"cfeditorfr","Dur\u00e9e de lecture estim\u00e9e":"4 minutes"},"schema":{"@context":"https:\/\/schema.org","@graph":[{"@type":"Article","@id":"https:\/\/www.africa-press.net\/senegal\/politique\/mondiale-le-beau-parcours-du-senegal#article","isPartOf":{"@id":"https:\/\/www.africa-press.net\/senegal\/politique\/mondiale-le-beau-parcours-du-senegal"},"author":{"name":"cfeditorfr","@id":"https:\/\/www.africa-press.net\/senegal\/#\/schema\/person\/2b1cf3cd81a31e3cd26889ca66d677f1"},"headline":"Mondiale : le beau parcours du S\u00e9n\u00e9gal","datePublished":"2022-12-28T19:08:42+00:00","mainEntityOfPage":{"@id":"https:\/\/www.africa-press.net\/senegal\/politique\/mondiale-le-beau-parcours-du-senegal"},"wordCount":746,"commentCount":0,"image":{"@id":"https:\/\/www.africa-press.net\/senegal\/politique\/mondiale-le-beau-parcours-du-senegal#primaryimage"},"thumbnailUrl":"https:\/\/static.africa-press.net\/senegal\/sites\/13\/2022\/12\/postQueueImg_1672242278.33.jpg","keywords":["Africa Press","Africa Press-Senegal","Senegal"],"articleSection":["Sports","Toutes les actualit\u00e9s"],"inLanguage":"fr-FR","potentialAction":[{"@type":"CommentAction","name":"Comment","target":["https:\/\/www.africa-press.net\/senegal\/politique\/mondiale-le-beau-parcours-du-senegal#respond"]}]},{"@type":"WebPage","@id":"https:\/\/www.africa-press.net\/senegal\/politique\/mondiale-le-beau-parcours-du-senegal","url":"https:\/\/www.africa-press.net\/senegal\/politique\/mondiale-le-beau-parcours-du-senegal","name":"Mondiale : le beau parcours du S\u00e9n\u00e9gal - Senegal","isPartOf":{"@id":"https:\/\/www.africa-press.net\/senegal\/#website"},"primaryImageOfPage":{"@id":"https:\/\/www.africa-press.net\/senegal\/politique\/mondiale-le-beau-parcours-du-senegal#primaryimage"},"image":{"@id":"https:\/\/www.africa-press.net\/senegal\/politique\/mondiale-le-beau-parcours-du-senegal#primaryimage"},"thumbnailUrl":"https:\/\/static.africa-press.net\/senegal\/sites\/13\/2022\/12\/postQueueImg_1672242278.33.jpg","datePublished":"2022-12-28T19:08:42+00:00","author":{"@id":"https:\/\/www.africa-press.net\/senegal\/#\/schema\/person\/2b1cf3cd81a31e3cd26889ca66d677f1"},"breadcrumb":{"@id":"https:\/\/www.africa-press.net\/senegal\/politique\/mondiale-le-beau-parcours-du-senegal#breadcrumb"},"inLanguage":"fr-FR","potentialAction":[{"@type":"ReadAction","target":["https:\/\/www.africa-press.net\/senegal\/politique\/mondiale-le-beau-parcours-du-senegal"]}]},{"@type":"ImageObject","inLanguage":"fr-FR","@id":"https:\/\/www.africa-press.net\/senegal\/politique\/mondiale-le-beau-parcours-du-senegal#primaryimage","url":"https:\/\/static.africa-press.net\/senegal\/sites\/13\/2022\/12\/postQueueImg_1672242278.33.jpg","contentUrl":"https:\/\/static.africa-press.net\/senegal\/sites\/13\/2022\/12\/postQueueImg_1672242278.33.jpg","width":720,"height":350,"caption":"Mondiale : le beau parcours du S\u00e9n\u00e9gal"},{"@type":"BreadcrumbList","@id":"https:\/\/www.africa-press.net\/senegal\/politique\/mondiale-le-beau-parcours-du-senegal#breadcrumb","itemListElement":[{"@type":"ListItem","position":1,"name":"Accueil","item":"https:\/\/www.africa-press.net\/senegal\/"},{"@type":"ListItem","position":2,"name":"Mondiale : le beau parcours du S\u00e9n\u00e9gal"}]},{"@type":"WebSite","@id":"https:\/\/www.africa-press.net\/senegal\/#website","url":"https:\/\/www.africa-press.net\/senegal\/","name":"Africa Press | Senegal | Homepage","description":"Just another Africa News Agency Sites site","potentialAction":[{"@type":"SearchAction","target":{"@type":"EntryPoint","urlTemplate":"https:\/\/www.africa-press.net\/senegal\/?s={search_term_string}"},"query-input":{"@type":"PropertyValueSpecification","valueRequired":true,"valueName":"search_term_string"}}],"inLanguage":"fr-FR"},{"@type":"Person","@id":"https:\/\/www.africa-press.net\/senegal\/#\/schema\/person\/2b1cf3cd81a31e3cd26889ca66d677f1","name":"cfeditorfr","url":"https:\/\/www.africa-press.net\/senegal\/author\/cfeditorfr"}]}},"_links":{"self":[{"href":"https:\/\/www.africa-press.net\/senegal\/wp-json\/wp\/v2\/posts\/37320","targetHints":{"allow":["GET"]}}],"collection":[{"href":"https:\/\/www.africa-press.net\/senegal\/wp-json\/wp\/v2\/posts"}],"about":[{"href":"https:\/\/www.africa-press.net\/senegal\/wp-json\/wp\/v2\/types\/post"}],"author":[{"embeddable":true,"href":"https:\/\/www.africa-press.net\/senegal\/wp-json\/wp\/v2\/users\/82"}],"replies":[{"embeddable":true,"href":"https:\/\/www.africa-press.net\/senegal\/wp-json\/wp\/v2\/comments?post=37320"}],"version-history":[{"count":0,"href":"https:\/\/www.africa-press.net\/senegal\/wp-json\/wp\/v2\/posts\/37320\/revisions"}],"wp:featuredmedia":[{"embeddable":true,"href":"https:\/\/www.africa-press.net\/senegal\/wp-json\/wp\/v2\/media\/37319"}],"wp:attachment":[{"href":"https:\/\/www.africa-press.net\/senegal\/wp-json\/wp\/v2\/media?parent=37320"}],"wp:term":[{"taxonomy":"category","embeddable":true,"href":"https:\/\/www.africa-press.net\/senegal\/wp-json\/wp\/v2\/categories?post=37320"},{"taxonomy":"post_tag","embeddable":true,"href":"https:\/\/www.africa-press.net\/senegal\/wp-json\/wp\/v2\/tags?post=37320"}],"curies":[{"name":"wp","href":"https:\/\/api.w.org\/{rel}","templated":true}]}}