{"id":37322,"date":"2022-12-28T19:15:28","date_gmt":"2022-12-28T19:15:28","guid":{"rendered":"https:\/\/www.africa-press.net\/senegal\/politique\/rapport-cour-des-comptes-cheikh-tidiane-dieye-pointe-la-responsabilite-de-macky-sall"},"modified":"2022-12-28T19:15:28","modified_gmt":"2022-12-28T19:15:28","slug":"rapport-cour-des-comptes-cheikh-tidiane-dieye-pointe-la-responsabilite-de-macky-sall","status":"publish","type":"post","link":"https:\/\/www.africa-press.net\/senegal\/politique\/rapport-cour-des-comptes-cheikh-tidiane-dieye-pointe-la-responsabilite-de-macky-sall","title":{"rendered":"Rapport Cour des Comptes : Cheikh Tidiane Di\u00e8ye pointe la responsabilit\u00e9 de Macky Sall"},"content":{"rendered":"<p><span style=\"color: #ff6600\"><strong>Africa-Press &#8211; Senegal. <\/strong><\/span>Le premier des responsables dans le rapport de la Cour des Comptes serait le pre\u0301sident Macky Sall. Telle est la conviction de Cheikh Tidiane Die\u0300ye. Une certitude qui se fonde sur trois points, a-t-il fait savoir.<\/p>\n<p>\u00ab\u00a0En de\u0301but de pande\u0301mie, avant me\u0302me que l&rsquo;E\u0301tat d&rsquo;urgence ne soit de\u0301clare\u0301, le pre\u0301sident Macky Sall a proce\u0301de\u0301 a\u0300 la modification du Code des marche\u0301s\u00a0\u00bb. Ce qui e\u0301tait de\u0301ja\u0300 suspect, selon Cheikh Tidiane Die\u0300ye. Le deuxie\u0300me point, est le fait que c&rsquo;est le chef de l&rsquo;E\u0301tat qui dirigeait \u00ab\u00a0le Conseil d&rsquo;orientation\u00a0\u00bb mis en place dans le cadre de la lutte contre le coronavirus. \u00ab\u00a0Ce conseil devait se re\u0301uni chaque semaine. S&rsquo;il faisait normalement son travail, il aurait pu e\u0301viter ces cas de de\u0301tournement\u00a0\u00bb, souligne-t-il.<\/p>\n<p>Cheikh Tidiane Die\u0300ye a, par ailleurs, rappele\u0301 la dette contracte\u0301e par l&rsquo;E\u0301tat du Se\u0301ne\u0301gal, en plus de la mobilisation des 19 milliards en interne. Et \u00ab\u00a0c&rsquo;est justement ce qui va les faire tomber\u00a0\u00bb, a-t-il la\u0302che\u0301.<\/p>\n<p>En outre, il a brandi une e\u0301tude re\u0301alise\u0301e sur la gestion des fonds alloue\u0301s a\u0300 la lutte contre la Covid-19 dans le monde. Cette e\u0301tude est faite sur la base de huit crite\u0300res, dont \u00ab\u00a0la publication des contrats d&rsquo;achat\u00a0\u00bb.<\/p>\n<p>\u00ab\u00a0Je rappelle qu&rsquo;avant me\u0302me que le comite\u0301 de suivi ait e\u0301te\u0301 mis en place, 69 milliards ont e\u0301te\u0301 donne\u0301s a\u0300 Mansour Faye le 11 avril 2020, pour l&rsquo;achat de riz et on connai\u0302t la suite\u00a0\u00bb, a rappele\u0301 Cheikh Tidiane Die\u0300ye. Ce dernier a aussi fait savoir que dans cette e\u0301tude, \u00ab\u00a0le Se\u0301ne\u0301gal n&rsquo;avait respecte\u0301 aucun des crite\u0300res et qu&rsquo;il e\u0301tait derrie\u0300re des pays comme le Cameroun et les Comores\u00a0\u00bb.<\/p>\n<p>Cheikh Tidiane Die\u0300ye a ainsi appele\u0301 les Se\u0301ne\u0301galais a\u0300 se mobiliser jusqu&rsquo;a\u0300 ce que la lumie\u0300re soit faite sur la gestion de ces fonds.<\/p>\n<p><strong>Pour plus d&rsquo;informations et d&rsquo;analyses sur la <a href=\"https:\/\/www.africa-press.net\/senegal\">Senegal<\/a>, suivez <a href=\"https:\/\/www.africa-press.net\/\">Africa-Press<\/a><\/strong><\/p>\n","protected":false},"excerpt":{"rendered":"<p>Africa-Press &#8211; Senegal. Le premier des responsables dans le rapport de la Cour des Comptes serait le pre\u0301sident Macky Sall. Telle est la conviction de Cheikh Tidiane Die\u0300ye. Une certitude qui se fonde sur trois points, a-t-il fait savoir. \u00ab\u00a0En de\u0301but de pande\u0301mie, avant me\u0302me que l&rsquo;E\u0301tat d&rsquo;urgence ne soit de\u0301clare\u0301, le pre\u0301sident Macky Sall [&hellip;]<\/p>\n","protected":false},"author":82,"featured_media":37321,"comment_status":"open","ping_status":"closed","sticky":false,"template":"","format":"standard","meta":{"footnotes":""},"categories":[2,20,10],"tags":[43,47,44],"class_list":["post-37322","post","type-post","status-publish","format-standard","has-post-thumbnail","hentry","category-politique","category-top-nouvelles","category-toutes-les-actualites","tag-africa-press-2","tag-africa-press-senegal","tag-senegal-2"],"yoast_head":"<!-- This site is optimized with the Yoast SEO Premium plugin v26.1 (Yoast SEO v27.0) - https:\/\/yoast.com\/product\/yoast-seo-premium-wordpress\/ -->\n<title>Rapport Cour des Comptes : Cheikh Tidiane Di\u00e8ye pointe la responsabilit\u00e9 de Macky Sall - Senegal<\/title>\n<meta name=\"robots\" content=\"index, follow, max-snippet:-1, max-image-preview:large, max-video-preview:-1\" \/>\n<link rel=\"canonical\" href=\"https:\/\/www.africa-press.net\/senegal\/politique\/rapport-cour-des-comptes-cheikh-tidiane-dieye-pointe-la-responsabilite-de-macky-sall\" \/>\n<meta property=\"og:locale\" content=\"fr_FR\" \/>\n<meta property=\"og:type\" content=\"article\" \/>\n<meta property=\"og:title\" content=\"Rapport Cour des Comptes : Cheikh Tidiane Di\u00e8ye pointe la responsabilit\u00e9 de Macky Sall\" \/>\n<meta property=\"og:description\" content=\"Africa-Press &#8211; Senegal. Le premier des responsables dans le rapport de la Cour des Comptes serait le pre\u0301sident Macky Sall. Telle est la conviction de Cheikh Tidiane Die\u0300ye. Une certitude qui se fonde sur trois points, a-t-il fait savoir. \u00ab\u00a0En de\u0301but de pande\u0301mie, avant me\u0302me que l&rsquo;E\u0301tat d&rsquo;urgence ne soit de\u0301clare\u0301, le pre\u0301sident Macky Sall [&hellip;]\" \/>\n<meta property=\"og:url\" content=\"https:\/\/www.africa-press.net\/senegal\/politique\/rapport-cour-des-comptes-cheikh-tidiane-dieye-pointe-la-responsabilite-de-macky-sall\" \/>\n<meta property=\"og:site_name\" content=\"Senegal\" \/>\n<meta property=\"article:published_time\" content=\"2022-12-28T19:15:28+00:00\" \/>\n<meta name=\"author\" content=\"cfeditorfr\" \/>\n<meta name=\"twitter:card\" content=\"summary_large_image\" \/>\n<meta name=\"twitter:label1\" content=\"\u00c9crit par\" \/>\n\t<meta name=\"twitter:data1\" content=\"cfeditorfr\" \/>\n\t<meta name=\"twitter:label2\" content=\"Dur\u00e9e de lecture estim\u00e9e\" \/>\n\t<meta name=\"twitter:data2\" content=\"2 minutes\" \/>\n<script type=\"application\/ld+json\" class=\"yoast-schema-graph\">{\"@context\":\"https:\/\/schema.org\",\"@graph\":[{\"@type\":\"Article\",\"@id\":\"https:\/\/www.africa-press.net\/senegal\/politique\/rapport-cour-des-comptes-cheikh-tidiane-dieye-pointe-la-responsabilite-de-macky-sall#article\",\"isPartOf\":{\"@id\":\"https:\/\/www.africa-press.net\/senegal\/politique\/rapport-cour-des-comptes-cheikh-tidiane-dieye-pointe-la-responsabilite-de-macky-sall\"},\"author\":{\"name\":\"cfeditorfr\",\"@id\":\"https:\/\/www.africa-press.net\/senegal\/#\/schema\/person\/2b1cf3cd81a31e3cd26889ca66d677f1\"},\"headline\":\"Rapport Cour des Comptes : Cheikh Tidiane Di\u00e8ye pointe la responsabilit\u00e9 de Macky Sall\",\"datePublished\":\"2022-12-28T19:15:28+00:00\",\"mainEntityOfPage\":{\"@id\":\"https:\/\/www.africa-press.net\/senegal\/politique\/rapport-cour-des-comptes-cheikh-tidiane-dieye-pointe-la-responsabilite-de-macky-sall\"},\"wordCount\":372,\"commentCount\":0,\"image\":{\"@id\":\"https:\/\/www.africa-press.net\/senegal\/politique\/rapport-cour-des-comptes-cheikh-tidiane-dieye-pointe-la-responsabilite-de-macky-sall#primaryimage\"},\"thumbnailUrl\":\"https:\/\/static.africa-press.net\/senegal\/sites\/13\/2022\/12\/postQueueImg_1672242389.16.jpg\",\"keywords\":[\"Africa Press\",\"Africa Press-Senegal\",\"Senegal\"],\"articleSection\":[\"Politique\",\"Top Nouvelles\",\"Toutes les actualit\u00e9s\"],\"inLanguage\":\"fr-FR\",\"potentialAction\":[{\"@type\":\"CommentAction\",\"name\":\"Comment\",\"target\":[\"https:\/\/www.africa-press.net\/senegal\/politique\/rapport-cour-des-comptes-cheikh-tidiane-dieye-pointe-la-responsabilite-de-macky-sall#respond\"]}]},{\"@type\":\"WebPage\",\"@id\":\"https:\/\/www.africa-press.net\/senegal\/politique\/rapport-cour-des-comptes-cheikh-tidiane-dieye-pointe-la-responsabilite-de-macky-sall\",\"url\":\"https:\/\/www.africa-press.net\/senegal\/politique\/rapport-cour-des-comptes-cheikh-tidiane-dieye-pointe-la-responsabilite-de-macky-sall\",\"name\":\"Rapport Cour des Comptes : Cheikh Tidiane Di\u00e8ye pointe la responsabilit\u00e9 de Macky Sall - Senegal\",\"isPartOf\":{\"@id\":\"https:\/\/www.africa-press.net\/senegal\/#website\"},\"primaryImageOfPage\":{\"@id\":\"https:\/\/www.africa-press.net\/senegal\/politique\/rapport-cour-des-comptes-cheikh-tidiane-dieye-pointe-la-responsabilite-de-macky-sall#primaryimage\"},\"image\":{\"@id\":\"https:\/\/www.africa-press.net\/senegal\/politique\/rapport-cour-des-comptes-cheikh-tidiane-dieye-pointe-la-responsabilite-de-macky-sall#primaryimage\"},\"thumbnailUrl\":\"https:\/\/static.africa-press.net\/senegal\/sites\/13\/2022\/12\/postQueueImg_1672242389.16.jpg\",\"datePublished\":\"2022-12-28T19:15:28+00:00\",\"author\":{\"@id\":\"https:\/\/www.africa-press.net\/senegal\/#\/schema\/person\/2b1cf3cd81a31e3cd26889ca66d677f1\"},\"breadcrumb\":{\"@id\":\"https:\/\/www.africa-press.net\/senegal\/politique\/rapport-cour-des-comptes-cheikh-tidiane-dieye-pointe-la-responsabilite-de-macky-sall#breadcrumb\"},\"inLanguage\":\"fr-FR\",\"potentialAction\":[{\"@type\":\"ReadAction\",\"target\":[\"https:\/\/www.africa-press.net\/senegal\/politique\/rapport-cour-des-comptes-cheikh-tidiane-dieye-pointe-la-responsabilite-de-macky-sall\"]}]},{\"@type\":\"ImageObject\",\"inLanguage\":\"fr-FR\",\"@id\":\"https:\/\/www.africa-press.net\/senegal\/politique\/rapport-cour-des-comptes-cheikh-tidiane-dieye-pointe-la-responsabilite-de-macky-sall#primaryimage\",\"url\":\"https:\/\/static.africa-press.net\/senegal\/sites\/13\/2022\/12\/postQueueImg_1672242389.16.jpg\",\"contentUrl\":\"https:\/\/static.africa-press.net\/senegal\/sites\/13\/2022\/12\/postQueueImg_1672242389.16.jpg\",\"width\":720,\"height\":350,\"caption\":\"Rapport Cour des Comptes : Cheikh Tidiane Di\u00e8ye pointe la responsabilit\u00e9 de Macky Sall\"},{\"@type\":\"BreadcrumbList\",\"@id\":\"https:\/\/www.africa-press.net\/senegal\/politique\/rapport-cour-des-comptes-cheikh-tidiane-dieye-pointe-la-responsabilite-de-macky-sall#breadcrumb\",\"itemListElement\":[{\"@type\":\"ListItem\",\"position\":1,\"name\":\"Accueil\",\"item\":\"https:\/\/www.africa-press.net\/senegal\/\"},{\"@type\":\"ListItem\",\"position\":2,\"name\":\"Rapport Cour des Comptes : Cheikh Tidiane Di\u00e8ye pointe la responsabilit\u00e9 de Macky Sall\"}]},{\"@type\":\"WebSite\",\"@id\":\"https:\/\/www.africa-press.net\/senegal\/#website\",\"url\":\"https:\/\/www.africa-press.net\/senegal\/\",\"name\":\"Africa Press | Senegal | Homepage\",\"description\":\"Just another Africa News Agency Sites site\",\"potentialAction\":[{\"@type\":\"SearchAction\",\"target\":{\"@type\":\"EntryPoint\",\"urlTemplate\":\"https:\/\/www.africa-press.net\/senegal\/?s={search_term_string}\"},\"query-input\":{\"@type\":\"PropertyValueSpecification\",\"valueRequired\":true,\"valueName\":\"search_term_string\"}}],\"inLanguage\":\"fr-FR\"},{\"@type\":\"Person\",\"@id\":\"https:\/\/www.africa-press.net\/senegal\/#\/schema\/person\/2b1cf3cd81a31e3cd26889ca66d677f1\",\"name\":\"cfeditorfr\",\"url\":\"https:\/\/www.africa-press.net\/senegal\/author\/cfeditorfr\"}]}<\/script>\n<!-- \/ Yoast SEO Premium plugin. -->","yoast_head_json":{"title":"Rapport Cour des Comptes : Cheikh Tidiane Di\u00e8ye pointe la responsabilit\u00e9 de Macky Sall - Senegal","robots":{"index":"index","follow":"follow","max-snippet":"max-snippet:-1","max-image-preview":"max-image-preview:large","max-video-preview":"max-video-preview:-1"},"canonical":"https:\/\/www.africa-press.net\/senegal\/politique\/rapport-cour-des-comptes-cheikh-tidiane-dieye-pointe-la-responsabilite-de-macky-sall","og_locale":"fr_FR","og_type":"article","og_title":"Rapport Cour des Comptes : Cheikh Tidiane Di\u00e8ye pointe la responsabilit\u00e9 de Macky Sall","og_description":"Africa-Press &#8211; Senegal. Le premier des responsables dans le rapport de la Cour des Comptes serait le pre\u0301sident Macky Sall. Telle est la conviction de Cheikh Tidiane Die\u0300ye. Une certitude qui se fonde sur trois points, a-t-il fait savoir. \u00ab\u00a0En de\u0301but de pande\u0301mie, avant me\u0302me que l&rsquo;E\u0301tat d&rsquo;urgence ne soit de\u0301clare\u0301, le pre\u0301sident Macky Sall [&hellip;]","og_url":"https:\/\/www.africa-press.net\/senegal\/politique\/rapport-cour-des-comptes-cheikh-tidiane-dieye-pointe-la-responsabilite-de-macky-sall","og_site_name":"Senegal","article_published_time":"2022-12-28T19:15:28+00:00","author":"cfeditorfr","twitter_card":"summary_large_image","twitter_misc":{"\u00c9crit par":"cfeditorfr","Dur\u00e9e de lecture estim\u00e9e":"2 minutes"},"schema":{"@context":"https:\/\/schema.org","@graph":[{"@type":"Article","@id":"https:\/\/www.africa-press.net\/senegal\/politique\/rapport-cour-des-comptes-cheikh-tidiane-dieye-pointe-la-responsabilite-de-macky-sall#article","isPartOf":{"@id":"https:\/\/www.africa-press.net\/senegal\/politique\/rapport-cour-des-comptes-cheikh-tidiane-dieye-pointe-la-responsabilite-de-macky-sall"},"author":{"name":"cfeditorfr","@id":"https:\/\/www.africa-press.net\/senegal\/#\/schema\/person\/2b1cf3cd81a31e3cd26889ca66d677f1"},"headline":"Rapport Cour des Comptes : Cheikh Tidiane Di\u00e8ye pointe la responsabilit\u00e9 de Macky Sall","datePublished":"2022-12-28T19:15:28+00:00","mainEntityOfPage":{"@id":"https:\/\/www.africa-press.net\/senegal\/politique\/rapport-cour-des-comptes-cheikh-tidiane-dieye-pointe-la-responsabilite-de-macky-sall"},"wordCount":372,"commentCount":0,"image":{"@id":"https:\/\/www.africa-press.net\/senegal\/politique\/rapport-cour-des-comptes-cheikh-tidiane-dieye-pointe-la-responsabilite-de-macky-sall#primaryimage"},"thumbnailUrl":"https:\/\/static.africa-press.net\/senegal\/sites\/13\/2022\/12\/postQueueImg_1672242389.16.jpg","keywords":["Africa Press","Africa Press-Senegal","Senegal"],"articleSection":["Politique","Top Nouvelles","Toutes les actualit\u00e9s"],"inLanguage":"fr-FR","potentialAction":[{"@type":"CommentAction","name":"Comment","target":["https:\/\/www.africa-press.net\/senegal\/politique\/rapport-cour-des-comptes-cheikh-tidiane-dieye-pointe-la-responsabilite-de-macky-sall#respond"]}]},{"@type":"WebPage","@id":"https:\/\/www.africa-press.net\/senegal\/politique\/rapport-cour-des-comptes-cheikh-tidiane-dieye-pointe-la-responsabilite-de-macky-sall","url":"https:\/\/www.africa-press.net\/senegal\/politique\/rapport-cour-des-comptes-cheikh-tidiane-dieye-pointe-la-responsabilite-de-macky-sall","name":"Rapport Cour des Comptes : Cheikh Tidiane Di\u00e8ye pointe la responsabilit\u00e9 de Macky Sall - Senegal","isPartOf":{"@id":"https:\/\/www.africa-press.net\/senegal\/#website"},"primaryImageOfPage":{"@id":"https:\/\/www.africa-press.net\/senegal\/politique\/rapport-cour-des-comptes-cheikh-tidiane-dieye-pointe-la-responsabilite-de-macky-sall#primaryimage"},"image":{"@id":"https:\/\/www.africa-press.net\/senegal\/politique\/rapport-cour-des-comptes-cheikh-tidiane-dieye-pointe-la-responsabilite-de-macky-sall#primaryimage"},"thumbnailUrl":"https:\/\/static.africa-press.net\/senegal\/sites\/13\/2022\/12\/postQueueImg_1672242389.16.jpg","datePublished":"2022-12-28T19:15:28+00:00","author":{"@id":"https:\/\/www.africa-press.net\/senegal\/#\/schema\/person\/2b1cf3cd81a31e3cd26889ca66d677f1"},"breadcrumb":{"@id":"https:\/\/www.africa-press.net\/senegal\/politique\/rapport-cour-des-comptes-cheikh-tidiane-dieye-pointe-la-responsabilite-de-macky-sall#breadcrumb"},"inLanguage":"fr-FR","potentialAction":[{"@type":"ReadAction","target":["https:\/\/www.africa-press.net\/senegal\/politique\/rapport-cour-des-comptes-cheikh-tidiane-dieye-pointe-la-responsabilite-de-macky-sall"]}]},{"@type":"ImageObject","inLanguage":"fr-FR","@id":"https:\/\/www.africa-press.net\/senegal\/politique\/rapport-cour-des-comptes-cheikh-tidiane-dieye-pointe-la-responsabilite-de-macky-sall#primaryimage","url":"https:\/\/static.africa-press.net\/senegal\/sites\/13\/2022\/12\/postQueueImg_1672242389.16.jpg","contentUrl":"https:\/\/static.africa-press.net\/senegal\/sites\/13\/2022\/12\/postQueueImg_1672242389.16.jpg","width":720,"height":350,"caption":"Rapport Cour des Comptes : Cheikh Tidiane Di\u00e8ye pointe la responsabilit\u00e9 de Macky Sall"},{"@type":"BreadcrumbList","@id":"https:\/\/www.africa-press.net\/senegal\/politique\/rapport-cour-des-comptes-cheikh-tidiane-dieye-pointe-la-responsabilite-de-macky-sall#breadcrumb","itemListElement":[{"@type":"ListItem","position":1,"name":"Accueil","item":"https:\/\/www.africa-press.net\/senegal\/"},{"@type":"ListItem","position":2,"name":"Rapport Cour des Comptes : Cheikh Tidiane Di\u00e8ye pointe la responsabilit\u00e9 de Macky Sall"}]},{"@type":"WebSite","@id":"https:\/\/www.africa-press.net\/senegal\/#website","url":"https:\/\/www.africa-press.net\/senegal\/","name":"Africa Press | Senegal | Homepage","description":"Just another Africa News Agency Sites site","potentialAction":[{"@type":"SearchAction","target":{"@type":"EntryPoint","urlTemplate":"https:\/\/www.africa-press.net\/senegal\/?s={search_term_string}"},"query-input":{"@type":"PropertyValueSpecification","valueRequired":true,"valueName":"search_term_string"}}],"inLanguage":"fr-FR"},{"@type":"Person","@id":"https:\/\/www.africa-press.net\/senegal\/#\/schema\/person\/2b1cf3cd81a31e3cd26889ca66d677f1","name":"cfeditorfr","url":"https:\/\/www.africa-press.net\/senegal\/author\/cfeditorfr"}]}},"_links":{"self":[{"href":"https:\/\/www.africa-press.net\/senegal\/wp-json\/wp\/v2\/posts\/37322","targetHints":{"allow":["GET"]}}],"collection":[{"href":"https:\/\/www.africa-press.net\/senegal\/wp-json\/wp\/v2\/posts"}],"about":[{"href":"https:\/\/www.africa-press.net\/senegal\/wp-json\/wp\/v2\/types\/post"}],"author":[{"embeddable":true,"href":"https:\/\/www.africa-press.net\/senegal\/wp-json\/wp\/v2\/users\/82"}],"replies":[{"embeddable":true,"href":"https:\/\/www.africa-press.net\/senegal\/wp-json\/wp\/v2\/comments?post=37322"}],"version-history":[{"count":0,"href":"https:\/\/www.africa-press.net\/senegal\/wp-json\/wp\/v2\/posts\/37322\/revisions"}],"wp:featuredmedia":[{"embeddable":true,"href":"https:\/\/www.africa-press.net\/senegal\/wp-json\/wp\/v2\/media\/37321"}],"wp:attachment":[{"href":"https:\/\/www.africa-press.net\/senegal\/wp-json\/wp\/v2\/media?parent=37322"}],"wp:term":[{"taxonomy":"category","embeddable":true,"href":"https:\/\/www.africa-press.net\/senegal\/wp-json\/wp\/v2\/categories?post=37322"},{"taxonomy":"post_tag","embeddable":true,"href":"https:\/\/www.africa-press.net\/senegal\/wp-json\/wp\/v2\/tags?post=37322"}],"curies":[{"name":"wp","href":"https:\/\/api.w.org\/{rel}","templated":true}]}}