{"id":37326,"date":"2022-12-29T11:57:30","date_gmt":"2022-12-29T11:57:30","guid":{"rendered":"https:\/\/www.africa-press.net\/senegal\/politique\/lassemblee-transformee-en-ring-de-boxe"},"modified":"2022-12-29T11:57:30","modified_gmt":"2022-12-29T11:57:30","slug":"lassemblee-transformee-en-ring-de-boxe","status":"publish","type":"post","link":"https:\/\/www.africa-press.net\/senegal\/parties\/lassemblee-transformee-en-ring-de-boxe","title":{"rendered":"L\u2019assembl\u00e9e transform\u00e9e en ring de boxe"},"content":{"rendered":"<p><span style=\"color: #ff6600\"><strong>Africa-Press &#8211; Senegal. <\/strong><\/span>La bagarre opposant Amy Ndiaye par ailleurs maire de Gniby, a\u0300 deux de\u0301pute\u0301s de l\u2019opposition, notamment du PUR, le 1er de\u0301cembre 2022 reste dans les annales de l\u2019Assemble\u0301e nationale. Cette bagarre reste aussi un fait saillant de l\u2019anne\u0301e 2022. La de\u0301claration de la de\u0301pute\u0301e, Amy Ndiaye n\u2019a e\u0301te\u0301 pas, du tout, du gou\u0302t, des de\u0301pute\u0301s de l\u2019opposition. Une sce\u0300ne de tohu-bohu s\u2019empare de l\u2019he\u0301micycle car les deux de\u0301pute\u0301s ne pouvant plus supporter ce qu\u2019ils qualifient d\u2019offense a\u0300 l\u2019encontre de leur guide religieux, Serigne Moustapha Sy. \u00ab\u00a0Mais ou\u0300 sont donc passe\u0301s ces marabouts qui disaient qu&rsquo;ils posse\u0300dent des djinns capables de de\u0301loger le Pre\u0301sident Macky Sall au palais de la Re\u0301publique ? Ou\u0300 sont passe\u0301s ces marabouts politiciens qui disaient que si Khalifa Sall va en prison, ils vont le rejoindre la\u0300-bas ? Ou\u0300 sont donc passe\u0301s ces propos qui n&rsquo;ont pas e\u0301te\u0301 respecte\u0301s ? De\u0301sormais, nous n&rsquo;accepterons plus jamais que des marabouts politiciens attaquent le Pre\u0301sident Macky Sall. Quiconque le fait, nous allons le remettre a\u0300 sa place\u00a0\u00bb, avait clame\u0301 la dame.<\/p>\n<p>Refus de pre\u0301senter des excuses publiques<\/p>\n<p>Apre\u0300s avoir tenu ces propos sur le guide religieux des Moustarchidines, lors du vote du projet de budget du ministe\u0300re de l&rsquo;Inte\u0301rieur, les de\u0301pute\u0301s de l&rsquo;opposition ont forme\u0301 un bloc pour exiger des excuses a\u0300 Amy Ndiaye Gniby. Ainsi, lors de sa prise de parole le de\u0301pute\u0301 Massata Samb a rappele\u0301 les propos de Amy Ndiaye Gniby qu&rsquo;il juge \u00ab\u00a0de\u0301sobligeants\u00a0\u00bb et \u00ab\u00a0irrespectueux\u00a0\u00bb tenus a\u0300 l&rsquo;encontre de son chef religieux et dirigeant de son parti. Il avait aussi demande\u0301 au pre\u0301sident de l&rsquo;Assemble\u0301e nationale, Amadou Mame Diop de rappeler a\u0300 l&rsquo;ordre les de\u0301pute\u0301s de BBY. Se\u0301ance tenante, la parlementaire Amy Ndiaye Gniby s&rsquo;est leve\u0301e pour crier a\u0300 tue-te\u0302te qu&rsquo;elle e\u0301tait l&rsquo;auteure de ces alle\u0301gations. Sans tarder, Massata Samb s&rsquo;est dirige\u0301 vers elle avant de lui donner une gifle. Au me\u0302me moment, le second de\u0301pute\u0301 Mamadou Niang s&rsquo;est lui aussi invite\u0301 a\u0300 la sce\u0300ne en donnant un coup de pied a\u0300 la parlementaire de BBY.<\/p>\n<p>Certificat me\u0301dical et la grossesse de Amy Ndiaye Gniby<\/p>\n<p>Victime de malaise, elle a e\u0301te\u0301 e\u0301vacue\u0301e a\u0300 l\u2019Ho\u0302pital Principal. Le public apprendra qu\u2019elle est en e\u0301tat de grossesse. Pire, l\u2019examen re\u0301ve\u0300le que la de\u0301pute\u0301e pourrait perdre son be\u0301be\u0301 a\u0300 tout moment a\u0300 cause de l\u2019incident.<\/p>\n<p>Les deux de\u0301pute\u0301s du PUR Massata Samb et Mamadou Niang vont devoir re\u0301pondre de leurs actes puisqu&rsquo;ils sont mis a\u0300 la disposition de la Justice. Suite au courrier du pre\u0301sident de l&rsquo;Assemble\u0301e nationale qui a saisi le parquet et la plainte de Amy Ndiaye Gniby, Massata Samb et Mamadou Niang ont e\u0301te\u0301 place\u0301s sous mandat de de\u0301po\u0302t.<\/p>\n<p>Juge\u0301s le 19 de\u0301cembre 2022, pour menace de mort et coups et blessures volontaires contre la de\u0301pute\u0301e de BBY, le procureur a requis une peine de deux ans ferme. Les avocats de la victime ont e\u0301galement re\u0301clame\u0301 500 millions de francs CFA pour dommages et inte\u0301re\u0302ts en faveur de leur cliente. L\u2019affaire est mise en de\u0301libe\u0301re\u0301e.<\/p>\n<p>L&rsquo;affaire Amy Ndiaye Gniby a entrai\u0302ne\u0301 une grande pole\u0301mique au Se\u0301ne\u0301gal. Elle a suscite\u0301 ainsi plusieurs re\u0301actions d&rsquo;hommes politiques et de fe\u0301ministes.<\/p>\n<p>En effet, des acteurs politiques se sont vite invite\u0301s au de\u0301bat. Chacun a voulu de\u0301fendre son camp. Une ve\u0301ritable bataille pour gagner l\u2019opinion entre les de\u0301pute\u0301s de YAW et ceux de BBY.<\/p>\n<p>En outre, les fe\u0301ministes ont e\u0301galement apporte\u0301 leur contribution a\u0300 Amy Ndiaye Gniby en lanc\u0327ant une pe\u0301tition qui vise a\u0300 stopper les violences faites aux femmes au Se\u0301ne\u0301gal.<\/p>\n<p>Plaintes des Moustarchidines contre la de\u0301pute\u0301e Amy Ndiaye Gniby<\/p>\n<p>De leur co\u0302te\u0301, les talibe\u0301s de Serigne Moustapha Sy, guide religieux et dirigeant du parti PUR ont fait la contre-attaque en de\u0301posant des plaintes contre la de\u0301pute\u0301e Amy Ndiaye Gniby. En effet, ces disciples de Serigne Moustapha Sy conside\u0300rent que les \u00ab\u00a0religieux subissent toutes formes de de\u0301rives, ce depuis l&rsquo;arrive\u0301e au pouvoir de Macky Sall\u00a0\u00bb. Ces disciples avancent que les propos du maire de Gniby pourraient de\u0301teindre sur la cohe\u0301sion nationale et par conse\u0301quent, ils ont exige\u0301 des excuses publiques de la de\u0301pute\u0301e et du Chef de l\u2019Etat, Macky Sall qui l\u2019a investie sur la liste de la coalition Benno Bokk Yakaar. Rappelons que cet incident survenu le jeudi 1er de\u0301cembre au sein de l&rsquo;he\u0301micycle durant le vote du projet de budget du ministe\u0300re de la Justice en pre\u0301sence du Garde des Sceaux Ismai\u0308la Madior Fall fait partie des faits les plus marquants de l&rsquo;anne\u0301e 2022.<\/p>\n<p><strong>Pour plus d&rsquo;informations et d&rsquo;analyses sur la <a href=\"https:\/\/www.africa-press.net\/senegal\">Senegal<\/a>, suivez <a href=\"https:\/\/www.africa-press.net\/\">Africa-Press<\/a><\/strong><\/p>\n","protected":false},"excerpt":{"rendered":"<p>Africa-Press &#8211; Senegal. La bagarre opposant Amy Ndiaye par ailleurs maire de Gniby, a\u0300 deux de\u0301pute\u0301s de l\u2019opposition, notamment du PUR, le 1er de\u0301cembre 2022 reste dans les annales de l\u2019Assemble\u0301e nationale. Cette bagarre reste aussi un fait saillant de l\u2019anne\u0301e 2022. La de\u0301claration de la de\u0301pute\u0301e, Amy Ndiaye n\u2019a e\u0301te\u0301 pas, du tout, du [&hellip;]<\/p>\n","protected":false},"author":82,"featured_media":37325,"comment_status":"open","ping_status":"closed","sticky":false,"template":"","format":"standard","meta":{"footnotes":""},"categories":[4,10],"tags":[43,47,44],"class_list":["post-37326","post","type-post","status-publish","format-standard","has-post-thumbnail","hentry","category-parties","category-toutes-les-actualites","tag-africa-press-2","tag-africa-press-senegal","tag-senegal-2"],"yoast_head":"<!-- This site is optimized with the Yoast SEO Premium plugin v26.1 (Yoast SEO v27.0) - https:\/\/yoast.com\/product\/yoast-seo-premium-wordpress\/ -->\n<title>L\u2019assembl\u00e9e transform\u00e9e en ring de boxe - Senegal<\/title>\n<meta name=\"robots\" content=\"index, follow, max-snippet:-1, max-image-preview:large, max-video-preview:-1\" \/>\n<link rel=\"canonical\" href=\"https:\/\/www.africa-press.net\/senegal\/politique\/lassemblee-transformee-en-ring-de-boxe\" \/>\n<meta property=\"og:locale\" content=\"fr_FR\" \/>\n<meta property=\"og:type\" content=\"article\" \/>\n<meta property=\"og:title\" content=\"L\u2019assembl\u00e9e transform\u00e9e en ring de boxe\" \/>\n<meta property=\"og:description\" content=\"Africa-Press &#8211; Senegal. La bagarre opposant Amy Ndiaye par ailleurs maire de Gniby, a\u0300 deux de\u0301pute\u0301s de l\u2019opposition, notamment du PUR, le 1er de\u0301cembre 2022 reste dans les annales de l\u2019Assemble\u0301e nationale. Cette bagarre reste aussi un fait saillant de l\u2019anne\u0301e 2022. La de\u0301claration de la de\u0301pute\u0301e, Amy Ndiaye n\u2019a e\u0301te\u0301 pas, du tout, du [&hellip;]\" \/>\n<meta property=\"og:url\" content=\"https:\/\/www.africa-press.net\/senegal\/politique\/lassemblee-transformee-en-ring-de-boxe\" \/>\n<meta property=\"og:site_name\" content=\"Senegal\" \/>\n<meta property=\"article:published_time\" content=\"2022-12-29T11:57:30+00:00\" \/>\n<meta name=\"author\" content=\"cfeditorfr\" \/>\n<meta name=\"twitter:card\" content=\"summary_large_image\" \/>\n<meta name=\"twitter:label1\" content=\"\u00c9crit par\" \/>\n\t<meta name=\"twitter:data1\" content=\"cfeditorfr\" \/>\n\t<meta name=\"twitter:label2\" content=\"Dur\u00e9e de lecture estim\u00e9e\" \/>\n\t<meta name=\"twitter:data2\" content=\"4 minutes\" \/>\n<script type=\"application\/ld+json\" class=\"yoast-schema-graph\">{\"@context\":\"https:\/\/schema.org\",\"@graph\":[{\"@type\":\"Article\",\"@id\":\"https:\/\/www.africa-press.net\/senegal\/politique\/lassemblee-transformee-en-ring-de-boxe#article\",\"isPartOf\":{\"@id\":\"https:\/\/www.africa-press.net\/senegal\/politique\/lassemblee-transformee-en-ring-de-boxe\"},\"author\":{\"name\":\"cfeditorfr\",\"@id\":\"https:\/\/www.africa-press.net\/senegal\/#\/schema\/person\/2b1cf3cd81a31e3cd26889ca66d677f1\"},\"headline\":\"L\u2019assembl\u00e9e transform\u00e9e en ring de boxe\",\"datePublished\":\"2022-12-29T11:57:30+00:00\",\"mainEntityOfPage\":{\"@id\":\"https:\/\/www.africa-press.net\/senegal\/politique\/lassemblee-transformee-en-ring-de-boxe\"},\"wordCount\":898,\"commentCount\":0,\"image\":{\"@id\":\"https:\/\/www.africa-press.net\/senegal\/politique\/lassemblee-transformee-en-ring-de-boxe#primaryimage\"},\"thumbnailUrl\":\"https:\/\/static.africa-press.net\/senegal\/sites\/13\/2022\/12\/postQueueImg_1672304704.66.jpg\",\"keywords\":[\"Africa Press\",\"Africa Press-Senegal\",\"Senegal\"],\"articleSection\":[\"Parties\",\"Toutes les actualit\u00e9s\"],\"inLanguage\":\"fr-FR\",\"potentialAction\":[{\"@type\":\"CommentAction\",\"name\":\"Comment\",\"target\":[\"https:\/\/www.africa-press.net\/senegal\/politique\/lassemblee-transformee-en-ring-de-boxe#respond\"]}]},{\"@type\":\"WebPage\",\"@id\":\"https:\/\/www.africa-press.net\/senegal\/politique\/lassemblee-transformee-en-ring-de-boxe\",\"url\":\"https:\/\/www.africa-press.net\/senegal\/politique\/lassemblee-transformee-en-ring-de-boxe\",\"name\":\"L\u2019assembl\u00e9e transform\u00e9e en ring de boxe - Senegal\",\"isPartOf\":{\"@id\":\"https:\/\/www.africa-press.net\/senegal\/#website\"},\"primaryImageOfPage\":{\"@id\":\"https:\/\/www.africa-press.net\/senegal\/politique\/lassemblee-transformee-en-ring-de-boxe#primaryimage\"},\"image\":{\"@id\":\"https:\/\/www.africa-press.net\/senegal\/politique\/lassemblee-transformee-en-ring-de-boxe#primaryimage\"},\"thumbnailUrl\":\"https:\/\/static.africa-press.net\/senegal\/sites\/13\/2022\/12\/postQueueImg_1672304704.66.jpg\",\"datePublished\":\"2022-12-29T11:57:30+00:00\",\"author\":{\"@id\":\"https:\/\/www.africa-press.net\/senegal\/#\/schema\/person\/2b1cf3cd81a31e3cd26889ca66d677f1\"},\"breadcrumb\":{\"@id\":\"https:\/\/www.africa-press.net\/senegal\/politique\/lassemblee-transformee-en-ring-de-boxe#breadcrumb\"},\"inLanguage\":\"fr-FR\",\"potentialAction\":[{\"@type\":\"ReadAction\",\"target\":[\"https:\/\/www.africa-press.net\/senegal\/politique\/lassemblee-transformee-en-ring-de-boxe\"]}]},{\"@type\":\"ImageObject\",\"inLanguage\":\"fr-FR\",\"@id\":\"https:\/\/www.africa-press.net\/senegal\/politique\/lassemblee-transformee-en-ring-de-boxe#primaryimage\",\"url\":\"https:\/\/static.africa-press.net\/senegal\/sites\/13\/2022\/12\/postQueueImg_1672304704.66.jpg\",\"contentUrl\":\"https:\/\/static.africa-press.net\/senegal\/sites\/13\/2022\/12\/postQueueImg_1672304704.66.jpg\",\"width\":952,\"height\":468,\"caption\":\"L\u2019assembl\u00e9e transform\u00e9e en ring de boxe\"},{\"@type\":\"BreadcrumbList\",\"@id\":\"https:\/\/www.africa-press.net\/senegal\/politique\/lassemblee-transformee-en-ring-de-boxe#breadcrumb\",\"itemListElement\":[{\"@type\":\"ListItem\",\"position\":1,\"name\":\"Accueil\",\"item\":\"https:\/\/www.africa-press.net\/senegal\/\"},{\"@type\":\"ListItem\",\"position\":2,\"name\":\"L\u2019assembl\u00e9e transform\u00e9e en ring de boxe\"}]},{\"@type\":\"WebSite\",\"@id\":\"https:\/\/www.africa-press.net\/senegal\/#website\",\"url\":\"https:\/\/www.africa-press.net\/senegal\/\",\"name\":\"Africa Press | Senegal | Homepage\",\"description\":\"Just another Africa News Agency Sites site\",\"potentialAction\":[{\"@type\":\"SearchAction\",\"target\":{\"@type\":\"EntryPoint\",\"urlTemplate\":\"https:\/\/www.africa-press.net\/senegal\/?s={search_term_string}\"},\"query-input\":{\"@type\":\"PropertyValueSpecification\",\"valueRequired\":true,\"valueName\":\"search_term_string\"}}],\"inLanguage\":\"fr-FR\"},{\"@type\":\"Person\",\"@id\":\"https:\/\/www.africa-press.net\/senegal\/#\/schema\/person\/2b1cf3cd81a31e3cd26889ca66d677f1\",\"name\":\"cfeditorfr\",\"url\":\"https:\/\/www.africa-press.net\/senegal\/author\/cfeditorfr\"}]}<\/script>\n<!-- \/ Yoast SEO Premium plugin. -->","yoast_head_json":{"title":"L\u2019assembl\u00e9e transform\u00e9e en ring de boxe - Senegal","robots":{"index":"index","follow":"follow","max-snippet":"max-snippet:-1","max-image-preview":"max-image-preview:large","max-video-preview":"max-video-preview:-1"},"canonical":"https:\/\/www.africa-press.net\/senegal\/politique\/lassemblee-transformee-en-ring-de-boxe","og_locale":"fr_FR","og_type":"article","og_title":"L\u2019assembl\u00e9e transform\u00e9e en ring de boxe","og_description":"Africa-Press &#8211; Senegal. La bagarre opposant Amy Ndiaye par ailleurs maire de Gniby, a\u0300 deux de\u0301pute\u0301s de l\u2019opposition, notamment du PUR, le 1er de\u0301cembre 2022 reste dans les annales de l\u2019Assemble\u0301e nationale. Cette bagarre reste aussi un fait saillant de l\u2019anne\u0301e 2022. La de\u0301claration de la de\u0301pute\u0301e, Amy Ndiaye n\u2019a e\u0301te\u0301 pas, du tout, du [&hellip;]","og_url":"https:\/\/www.africa-press.net\/senegal\/politique\/lassemblee-transformee-en-ring-de-boxe","og_site_name":"Senegal","article_published_time":"2022-12-29T11:57:30+00:00","author":"cfeditorfr","twitter_card":"summary_large_image","twitter_misc":{"\u00c9crit par":"cfeditorfr","Dur\u00e9e de lecture estim\u00e9e":"4 minutes"},"schema":{"@context":"https:\/\/schema.org","@graph":[{"@type":"Article","@id":"https:\/\/www.africa-press.net\/senegal\/politique\/lassemblee-transformee-en-ring-de-boxe#article","isPartOf":{"@id":"https:\/\/www.africa-press.net\/senegal\/politique\/lassemblee-transformee-en-ring-de-boxe"},"author":{"name":"cfeditorfr","@id":"https:\/\/www.africa-press.net\/senegal\/#\/schema\/person\/2b1cf3cd81a31e3cd26889ca66d677f1"},"headline":"L\u2019assembl\u00e9e transform\u00e9e en ring de boxe","datePublished":"2022-12-29T11:57:30+00:00","mainEntityOfPage":{"@id":"https:\/\/www.africa-press.net\/senegal\/politique\/lassemblee-transformee-en-ring-de-boxe"},"wordCount":898,"commentCount":0,"image":{"@id":"https:\/\/www.africa-press.net\/senegal\/politique\/lassemblee-transformee-en-ring-de-boxe#primaryimage"},"thumbnailUrl":"https:\/\/static.africa-press.net\/senegal\/sites\/13\/2022\/12\/postQueueImg_1672304704.66.jpg","keywords":["Africa Press","Africa Press-Senegal","Senegal"],"articleSection":["Parties","Toutes les actualit\u00e9s"],"inLanguage":"fr-FR","potentialAction":[{"@type":"CommentAction","name":"Comment","target":["https:\/\/www.africa-press.net\/senegal\/politique\/lassemblee-transformee-en-ring-de-boxe#respond"]}]},{"@type":"WebPage","@id":"https:\/\/www.africa-press.net\/senegal\/politique\/lassemblee-transformee-en-ring-de-boxe","url":"https:\/\/www.africa-press.net\/senegal\/politique\/lassemblee-transformee-en-ring-de-boxe","name":"L\u2019assembl\u00e9e transform\u00e9e en ring de boxe - Senegal","isPartOf":{"@id":"https:\/\/www.africa-press.net\/senegal\/#website"},"primaryImageOfPage":{"@id":"https:\/\/www.africa-press.net\/senegal\/politique\/lassemblee-transformee-en-ring-de-boxe#primaryimage"},"image":{"@id":"https:\/\/www.africa-press.net\/senegal\/politique\/lassemblee-transformee-en-ring-de-boxe#primaryimage"},"thumbnailUrl":"https:\/\/static.africa-press.net\/senegal\/sites\/13\/2022\/12\/postQueueImg_1672304704.66.jpg","datePublished":"2022-12-29T11:57:30+00:00","author":{"@id":"https:\/\/www.africa-press.net\/senegal\/#\/schema\/person\/2b1cf3cd81a31e3cd26889ca66d677f1"},"breadcrumb":{"@id":"https:\/\/www.africa-press.net\/senegal\/politique\/lassemblee-transformee-en-ring-de-boxe#breadcrumb"},"inLanguage":"fr-FR","potentialAction":[{"@type":"ReadAction","target":["https:\/\/www.africa-press.net\/senegal\/politique\/lassemblee-transformee-en-ring-de-boxe"]}]},{"@type":"ImageObject","inLanguage":"fr-FR","@id":"https:\/\/www.africa-press.net\/senegal\/politique\/lassemblee-transformee-en-ring-de-boxe#primaryimage","url":"https:\/\/static.africa-press.net\/senegal\/sites\/13\/2022\/12\/postQueueImg_1672304704.66.jpg","contentUrl":"https:\/\/static.africa-press.net\/senegal\/sites\/13\/2022\/12\/postQueueImg_1672304704.66.jpg","width":952,"height":468,"caption":"L\u2019assembl\u00e9e transform\u00e9e en ring de boxe"},{"@type":"BreadcrumbList","@id":"https:\/\/www.africa-press.net\/senegal\/politique\/lassemblee-transformee-en-ring-de-boxe#breadcrumb","itemListElement":[{"@type":"ListItem","position":1,"name":"Accueil","item":"https:\/\/www.africa-press.net\/senegal\/"},{"@type":"ListItem","position":2,"name":"L\u2019assembl\u00e9e transform\u00e9e en ring de boxe"}]},{"@type":"WebSite","@id":"https:\/\/www.africa-press.net\/senegal\/#website","url":"https:\/\/www.africa-press.net\/senegal\/","name":"Africa Press | Senegal | Homepage","description":"Just another Africa News Agency Sites site","potentialAction":[{"@type":"SearchAction","target":{"@type":"EntryPoint","urlTemplate":"https:\/\/www.africa-press.net\/senegal\/?s={search_term_string}"},"query-input":{"@type":"PropertyValueSpecification","valueRequired":true,"valueName":"search_term_string"}}],"inLanguage":"fr-FR"},{"@type":"Person","@id":"https:\/\/www.africa-press.net\/senegal\/#\/schema\/person\/2b1cf3cd81a31e3cd26889ca66d677f1","name":"cfeditorfr","url":"https:\/\/www.africa-press.net\/senegal\/author\/cfeditorfr"}]}},"_links":{"self":[{"href":"https:\/\/www.africa-press.net\/senegal\/wp-json\/wp\/v2\/posts\/37326","targetHints":{"allow":["GET"]}}],"collection":[{"href":"https:\/\/www.africa-press.net\/senegal\/wp-json\/wp\/v2\/posts"}],"about":[{"href":"https:\/\/www.africa-press.net\/senegal\/wp-json\/wp\/v2\/types\/post"}],"author":[{"embeddable":true,"href":"https:\/\/www.africa-press.net\/senegal\/wp-json\/wp\/v2\/users\/82"}],"replies":[{"embeddable":true,"href":"https:\/\/www.africa-press.net\/senegal\/wp-json\/wp\/v2\/comments?post=37326"}],"version-history":[{"count":0,"href":"https:\/\/www.africa-press.net\/senegal\/wp-json\/wp\/v2\/posts\/37326\/revisions"}],"wp:featuredmedia":[{"embeddable":true,"href":"https:\/\/www.africa-press.net\/senegal\/wp-json\/wp\/v2\/media\/37325"}],"wp:attachment":[{"href":"https:\/\/www.africa-press.net\/senegal\/wp-json\/wp\/v2\/media?parent=37326"}],"wp:term":[{"taxonomy":"category","embeddable":true,"href":"https:\/\/www.africa-press.net\/senegal\/wp-json\/wp\/v2\/categories?post=37326"},{"taxonomy":"post_tag","embeddable":true,"href":"https:\/\/www.africa-press.net\/senegal\/wp-json\/wp\/v2\/tags?post=37326"}],"curies":[{"name":"wp","href":"https:\/\/api.w.org\/{rel}","templated":true}]}}