{"id":37328,"date":"2022-12-29T12:00:19","date_gmt":"2022-12-29T12:00:19","guid":{"rendered":"https:\/\/www.africa-press.net\/senegal\/politique\/station-balneaire-de-abene-et-kafountine-le-maire-david-diatta-sollicite-la-mise-en-oeuvre-rapide-du-projet"},"modified":"2022-12-29T12:00:19","modified_gmt":"2022-12-29T12:00:19","slug":"station-balneaire-de-abene-et-kafountine-le-maire-david-diatta-sollicite-la-mise-en-oeuvre-rapide-du-projet","status":"publish","type":"post","link":"https:\/\/www.africa-press.net\/senegal\/politique\/station-balneaire-de-abene-et-kafountine-le-maire-david-diatta-sollicite-la-mise-en-oeuvre-rapide-du-projet","title":{"rendered":"Station baln\u00e9aire de Ab\u00e9n\u00e9 et Kafountine: Le maire David Diatta sollicite la mise en \u0153uvre rapide du projet"},"content":{"rendered":"<p><span style=\"color: #ff6600\"><strong>Africa-Press &#8211; Senegal. <\/strong><\/span>Je salue le travail que la SAPCO est en train de faire a\u0300 travers ce projet. Ce que je leur demande vraiment, c&rsquo;est c\u0327a aille plus vite, parce qu&rsquo;on en a vraiment besoin. Nous sommes conscients des lenteurs lie\u0301es a\u0300 la proce\u0301dure et autres. Nous sommes vraiment presse\u0301s de voir le jour ou\u0300 ce projet de site balne\u0301aire de Abe\u0301ne\u0301 et de Kafountine\u00a0\u00bb sera re\u0301alise\u0301, intervient David Diatta, maire de Kafountine. Selon lui, la re\u0301alisation de ce projet va fortement contribuer a\u0300 l&rsquo;e\u0301lan de paix.<\/p>\n<p>Le travail aujourd&rsquo;hui sinon le plaidoyer, c&rsquo;est d&rsquo;encourager ceux qui sont toujours he\u0301sitants a\u0300 venir de\u0301couvrir cette zone, dit David Diatta. Il affirme en outre qu&rsquo;il n&rsquo;y a plus d&rsquo;arguments d&rsquo;inse\u0301curite\u0301 qui a contribue\u0301 a\u0300 faire ralentir le secteur du tourisme dans la zone. Plaidant ainsi pour la redynamisation du tourisme au niveau de la commune de Kafountine, David Diatta pre\u0301cise qu&rsquo;il n&rsquo;y a plus lieu de parler de conflit. La paix est maintenant la\u0300 en Casamance, la se\u0301curite\u0301 aussi. Cette inse\u0301curite\u0301 jadis note\u0301e dans la zone a e\u0301te\u0301 a\u0300 l&rsquo;origine de la fermeture de l&rsquo;ae\u0301rodrome de Abe\u0301ne\u0301.<\/p>\n<p>Selon le pre\u0301sident de la jeunesse de Abe\u0301ne\u0301, Ke\u0301ba Sonko, la mise en arre\u0302t de cet ae\u0301rodrome et d&rsquo;autres sites lieux touristiques de la zone (comme le Kalissai\u0302), ont fortement contribue\u0301 a\u0300 la baisse du taux de fre\u0301quentation de touristes dans ce village. L&rsquo;inse\u0301curite\u0301 ne fait plus partie de notre quotidien. C&rsquo;est la se\u0301curite\u0301 qui re\u0300gne ici a\u0300 Abe\u0301ne\u0301, comme cela a toujours e\u0301te\u0301 le cas. L\u2019E\u0301tat doit nous aider et faire tout ce qui est en son pouvoir pour la reprise des activite\u0301s au niveau de l&rsquo;ae\u0301rodrome et la re\u0301ouverture des lieux et sites touristiques ferme\u0301s a\u0300 cause de l&rsquo;inse\u0301curite\u0301. Un plaidoyer du pre\u0301sident de la jeunesse de Abe\u0301ne\u0301 Ke\u0301ba Sonko, qui s&rsquo;exprimait a\u0300 l&rsquo;occasion du lancement du festival de Abe\u0301ne\u0301. Lequel festival vise a\u0300 semer davantage l&rsquo;unite\u0301 dans ce village et ses environs, mais aussi accentuer le de\u0301veloppement de la zone.<\/p>\n<p><strong>Pour plus d&rsquo;informations et d&rsquo;analyses sur la <a href=\"https:\/\/www.africa-press.net\/senegal\">Senegal<\/a>, suivez <a href=\"https:\/\/www.africa-press.net\/\">Africa-Press<\/a><\/strong><\/p>\n","protected":false},"excerpt":{"rendered":"<p>Africa-Press &#8211; Senegal. Je salue le travail que la SAPCO est en train de faire a\u0300 travers ce projet. Ce que je leur demande vraiment, c&rsquo;est c\u0327a aille plus vite, parce qu&rsquo;on en a vraiment besoin. Nous sommes conscients des lenteurs lie\u0301es a\u0300 la proce\u0301dure et autres. Nous sommes vraiment presse\u0301s de voir le jour [&hellip;]<\/p>\n","protected":false},"author":82,"featured_media":37327,"comment_status":"open","ping_status":"closed","sticky":false,"template":"","format":"standard","meta":{"footnotes":""},"categories":[2,10],"tags":[43,47,44],"class_list":["post-37328","post","type-post","status-publish","format-standard","has-post-thumbnail","hentry","category-politique","category-toutes-les-actualites","tag-africa-press-2","tag-africa-press-senegal","tag-senegal-2"],"yoast_head":"<!-- This site is optimized with the Yoast SEO Premium plugin v26.1 (Yoast SEO v27.0) - https:\/\/yoast.com\/product\/yoast-seo-premium-wordpress\/ -->\n<title>Station baln\u00e9aire de Ab\u00e9n\u00e9 et Kafountine: Le maire David Diatta sollicite la mise en \u0153uvre rapide du projet - Senegal<\/title>\n<meta name=\"robots\" content=\"index, follow, max-snippet:-1, max-image-preview:large, max-video-preview:-1\" \/>\n<link rel=\"canonical\" href=\"https:\/\/www.africa-press.net\/senegal\/politique\/station-balneaire-de-abene-et-kafountine-le-maire-david-diatta-sollicite-la-mise-en-oeuvre-rapide-du-projet\" \/>\n<meta property=\"og:locale\" content=\"fr_FR\" \/>\n<meta property=\"og:type\" content=\"article\" \/>\n<meta property=\"og:title\" content=\"Station baln\u00e9aire de Ab\u00e9n\u00e9 et Kafountine: Le maire David Diatta sollicite la mise en \u0153uvre rapide du projet\" \/>\n<meta property=\"og:description\" content=\"Africa-Press &#8211; Senegal. Je salue le travail que la SAPCO est en train de faire a\u0300 travers ce projet. Ce que je leur demande vraiment, c&rsquo;est c\u0327a aille plus vite, parce qu&rsquo;on en a vraiment besoin. Nous sommes conscients des lenteurs lie\u0301es a\u0300 la proce\u0301dure et autres. Nous sommes vraiment presse\u0301s de voir le jour [&hellip;]\" \/>\n<meta property=\"og:url\" content=\"https:\/\/www.africa-press.net\/senegal\/politique\/station-balneaire-de-abene-et-kafountine-le-maire-david-diatta-sollicite-la-mise-en-oeuvre-rapide-du-projet\" \/>\n<meta property=\"og:site_name\" content=\"Senegal\" \/>\n<meta property=\"article:published_time\" content=\"2022-12-29T12:00:19+00:00\" \/>\n<meta name=\"author\" content=\"cfeditorfr\" \/>\n<meta name=\"twitter:card\" content=\"summary_large_image\" \/>\n<meta name=\"twitter:label1\" content=\"\u00c9crit par\" \/>\n\t<meta name=\"twitter:data1\" content=\"cfeditorfr\" \/>\n\t<meta name=\"twitter:label2\" content=\"Dur\u00e9e de lecture estim\u00e9e\" \/>\n\t<meta name=\"twitter:data2\" content=\"2 minutes\" \/>\n<script type=\"application\/ld+json\" class=\"yoast-schema-graph\">{\"@context\":\"https:\/\/schema.org\",\"@graph\":[{\"@type\":\"Article\",\"@id\":\"https:\/\/www.africa-press.net\/senegal\/politique\/station-balneaire-de-abene-et-kafountine-le-maire-david-diatta-sollicite-la-mise-en-oeuvre-rapide-du-projet#article\",\"isPartOf\":{\"@id\":\"https:\/\/www.africa-press.net\/senegal\/politique\/station-balneaire-de-abene-et-kafountine-le-maire-david-diatta-sollicite-la-mise-en-oeuvre-rapide-du-projet\"},\"author\":{\"name\":\"cfeditorfr\",\"@id\":\"https:\/\/www.africa-press.net\/senegal\/#\/schema\/person\/2b1cf3cd81a31e3cd26889ca66d677f1\"},\"headline\":\"Station baln\u00e9aire de Ab\u00e9n\u00e9 et Kafountine: Le maire David Diatta sollicite la mise en \u0153uvre rapide du projet\",\"datePublished\":\"2022-12-29T12:00:19+00:00\",\"mainEntityOfPage\":{\"@id\":\"https:\/\/www.africa-press.net\/senegal\/politique\/station-balneaire-de-abene-et-kafountine-le-maire-david-diatta-sollicite-la-mise-en-oeuvre-rapide-du-projet\"},\"wordCount\":425,\"commentCount\":0,\"image\":{\"@id\":\"https:\/\/www.africa-press.net\/senegal\/politique\/station-balneaire-de-abene-et-kafountine-le-maire-david-diatta-sollicite-la-mise-en-oeuvre-rapide-du-projet#primaryimage\"},\"thumbnailUrl\":\"https:\/\/static.africa-press.net\/senegal\/sites\/13\/2022\/12\/postQueueImg_1672302680.56.jpg\",\"keywords\":[\"Africa Press\",\"Africa Press-Senegal\",\"Senegal\"],\"articleSection\":[\"Politique\",\"Toutes les actualit\u00e9s\"],\"inLanguage\":\"fr-FR\",\"potentialAction\":[{\"@type\":\"CommentAction\",\"name\":\"Comment\",\"target\":[\"https:\/\/www.africa-press.net\/senegal\/politique\/station-balneaire-de-abene-et-kafountine-le-maire-david-diatta-sollicite-la-mise-en-oeuvre-rapide-du-projet#respond\"]}]},{\"@type\":\"WebPage\",\"@id\":\"https:\/\/www.africa-press.net\/senegal\/politique\/station-balneaire-de-abene-et-kafountine-le-maire-david-diatta-sollicite-la-mise-en-oeuvre-rapide-du-projet\",\"url\":\"https:\/\/www.africa-press.net\/senegal\/politique\/station-balneaire-de-abene-et-kafountine-le-maire-david-diatta-sollicite-la-mise-en-oeuvre-rapide-du-projet\",\"name\":\"Station baln\u00e9aire de Ab\u00e9n\u00e9 et Kafountine: Le maire David Diatta sollicite la mise en \u0153uvre rapide du projet - Senegal\",\"isPartOf\":{\"@id\":\"https:\/\/www.africa-press.net\/senegal\/#website\"},\"primaryImageOfPage\":{\"@id\":\"https:\/\/www.africa-press.net\/senegal\/politique\/station-balneaire-de-abene-et-kafountine-le-maire-david-diatta-sollicite-la-mise-en-oeuvre-rapide-du-projet#primaryimage\"},\"image\":{\"@id\":\"https:\/\/www.africa-press.net\/senegal\/politique\/station-balneaire-de-abene-et-kafountine-le-maire-david-diatta-sollicite-la-mise-en-oeuvre-rapide-du-projet#primaryimage\"},\"thumbnailUrl\":\"https:\/\/static.africa-press.net\/senegal\/sites\/13\/2022\/12\/postQueueImg_1672302680.56.jpg\",\"datePublished\":\"2022-12-29T12:00:19+00:00\",\"author\":{\"@id\":\"https:\/\/www.africa-press.net\/senegal\/#\/schema\/person\/2b1cf3cd81a31e3cd26889ca66d677f1\"},\"breadcrumb\":{\"@id\":\"https:\/\/www.africa-press.net\/senegal\/politique\/station-balneaire-de-abene-et-kafountine-le-maire-david-diatta-sollicite-la-mise-en-oeuvre-rapide-du-projet#breadcrumb\"},\"inLanguage\":\"fr-FR\",\"potentialAction\":[{\"@type\":\"ReadAction\",\"target\":[\"https:\/\/www.africa-press.net\/senegal\/politique\/station-balneaire-de-abene-et-kafountine-le-maire-david-diatta-sollicite-la-mise-en-oeuvre-rapide-du-projet\"]}]},{\"@type\":\"ImageObject\",\"inLanguage\":\"fr-FR\",\"@id\":\"https:\/\/www.africa-press.net\/senegal\/politique\/station-balneaire-de-abene-et-kafountine-le-maire-david-diatta-sollicite-la-mise-en-oeuvre-rapide-du-projet#primaryimage\",\"url\":\"https:\/\/static.africa-press.net\/senegal\/sites\/13\/2022\/12\/postQueueImg_1672302680.56.jpg\",\"contentUrl\":\"https:\/\/static.africa-press.net\/senegal\/sites\/13\/2022\/12\/postQueueImg_1672302680.56.jpg\",\"width\":720,\"height\":350,\"caption\":\"Station baln\u00e9aire de Ab\u00e9n\u00e9 et Kafountine: Le maire David Diatta sollicite la mise en \u0153uvre rapide du projet\"},{\"@type\":\"BreadcrumbList\",\"@id\":\"https:\/\/www.africa-press.net\/senegal\/politique\/station-balneaire-de-abene-et-kafountine-le-maire-david-diatta-sollicite-la-mise-en-oeuvre-rapide-du-projet#breadcrumb\",\"itemListElement\":[{\"@type\":\"ListItem\",\"position\":1,\"name\":\"Accueil\",\"item\":\"https:\/\/www.africa-press.net\/senegal\/\"},{\"@type\":\"ListItem\",\"position\":2,\"name\":\"Station baln\u00e9aire de Ab\u00e9n\u00e9 et Kafountine: Le maire David Diatta sollicite la mise en \u0153uvre rapide du projet\"}]},{\"@type\":\"WebSite\",\"@id\":\"https:\/\/www.africa-press.net\/senegal\/#website\",\"url\":\"https:\/\/www.africa-press.net\/senegal\/\",\"name\":\"Africa Press | Senegal | Homepage\",\"description\":\"Just another Africa News Agency Sites site\",\"potentialAction\":[{\"@type\":\"SearchAction\",\"target\":{\"@type\":\"EntryPoint\",\"urlTemplate\":\"https:\/\/www.africa-press.net\/senegal\/?s={search_term_string}\"},\"query-input\":{\"@type\":\"PropertyValueSpecification\",\"valueRequired\":true,\"valueName\":\"search_term_string\"}}],\"inLanguage\":\"fr-FR\"},{\"@type\":\"Person\",\"@id\":\"https:\/\/www.africa-press.net\/senegal\/#\/schema\/person\/2b1cf3cd81a31e3cd26889ca66d677f1\",\"name\":\"cfeditorfr\",\"url\":\"https:\/\/www.africa-press.net\/senegal\/author\/cfeditorfr\"}]}<\/script>\n<!-- \/ Yoast SEO Premium plugin. -->","yoast_head_json":{"title":"Station baln\u00e9aire de Ab\u00e9n\u00e9 et Kafountine: Le maire David Diatta sollicite la mise en \u0153uvre rapide du projet - Senegal","robots":{"index":"index","follow":"follow","max-snippet":"max-snippet:-1","max-image-preview":"max-image-preview:large","max-video-preview":"max-video-preview:-1"},"canonical":"https:\/\/www.africa-press.net\/senegal\/politique\/station-balneaire-de-abene-et-kafountine-le-maire-david-diatta-sollicite-la-mise-en-oeuvre-rapide-du-projet","og_locale":"fr_FR","og_type":"article","og_title":"Station baln\u00e9aire de Ab\u00e9n\u00e9 et Kafountine: Le maire David Diatta sollicite la mise en \u0153uvre rapide du projet","og_description":"Africa-Press &#8211; Senegal. Je salue le travail que la SAPCO est en train de faire a\u0300 travers ce projet. Ce que je leur demande vraiment, c&rsquo;est c\u0327a aille plus vite, parce qu&rsquo;on en a vraiment besoin. Nous sommes conscients des lenteurs lie\u0301es a\u0300 la proce\u0301dure et autres. Nous sommes vraiment presse\u0301s de voir le jour [&hellip;]","og_url":"https:\/\/www.africa-press.net\/senegal\/politique\/station-balneaire-de-abene-et-kafountine-le-maire-david-diatta-sollicite-la-mise-en-oeuvre-rapide-du-projet","og_site_name":"Senegal","article_published_time":"2022-12-29T12:00:19+00:00","author":"cfeditorfr","twitter_card":"summary_large_image","twitter_misc":{"\u00c9crit par":"cfeditorfr","Dur\u00e9e de lecture estim\u00e9e":"2 minutes"},"schema":{"@context":"https:\/\/schema.org","@graph":[{"@type":"Article","@id":"https:\/\/www.africa-press.net\/senegal\/politique\/station-balneaire-de-abene-et-kafountine-le-maire-david-diatta-sollicite-la-mise-en-oeuvre-rapide-du-projet#article","isPartOf":{"@id":"https:\/\/www.africa-press.net\/senegal\/politique\/station-balneaire-de-abene-et-kafountine-le-maire-david-diatta-sollicite-la-mise-en-oeuvre-rapide-du-projet"},"author":{"name":"cfeditorfr","@id":"https:\/\/www.africa-press.net\/senegal\/#\/schema\/person\/2b1cf3cd81a31e3cd26889ca66d677f1"},"headline":"Station baln\u00e9aire de Ab\u00e9n\u00e9 et Kafountine: Le maire David Diatta sollicite la mise en \u0153uvre rapide du projet","datePublished":"2022-12-29T12:00:19+00:00","mainEntityOfPage":{"@id":"https:\/\/www.africa-press.net\/senegal\/politique\/station-balneaire-de-abene-et-kafountine-le-maire-david-diatta-sollicite-la-mise-en-oeuvre-rapide-du-projet"},"wordCount":425,"commentCount":0,"image":{"@id":"https:\/\/www.africa-press.net\/senegal\/politique\/station-balneaire-de-abene-et-kafountine-le-maire-david-diatta-sollicite-la-mise-en-oeuvre-rapide-du-projet#primaryimage"},"thumbnailUrl":"https:\/\/static.africa-press.net\/senegal\/sites\/13\/2022\/12\/postQueueImg_1672302680.56.jpg","keywords":["Africa Press","Africa Press-Senegal","Senegal"],"articleSection":["Politique","Toutes les actualit\u00e9s"],"inLanguage":"fr-FR","potentialAction":[{"@type":"CommentAction","name":"Comment","target":["https:\/\/www.africa-press.net\/senegal\/politique\/station-balneaire-de-abene-et-kafountine-le-maire-david-diatta-sollicite-la-mise-en-oeuvre-rapide-du-projet#respond"]}]},{"@type":"WebPage","@id":"https:\/\/www.africa-press.net\/senegal\/politique\/station-balneaire-de-abene-et-kafountine-le-maire-david-diatta-sollicite-la-mise-en-oeuvre-rapide-du-projet","url":"https:\/\/www.africa-press.net\/senegal\/politique\/station-balneaire-de-abene-et-kafountine-le-maire-david-diatta-sollicite-la-mise-en-oeuvre-rapide-du-projet","name":"Station baln\u00e9aire de Ab\u00e9n\u00e9 et Kafountine: Le maire David Diatta sollicite la mise en \u0153uvre rapide du projet - Senegal","isPartOf":{"@id":"https:\/\/www.africa-press.net\/senegal\/#website"},"primaryImageOfPage":{"@id":"https:\/\/www.africa-press.net\/senegal\/politique\/station-balneaire-de-abene-et-kafountine-le-maire-david-diatta-sollicite-la-mise-en-oeuvre-rapide-du-projet#primaryimage"},"image":{"@id":"https:\/\/www.africa-press.net\/senegal\/politique\/station-balneaire-de-abene-et-kafountine-le-maire-david-diatta-sollicite-la-mise-en-oeuvre-rapide-du-projet#primaryimage"},"thumbnailUrl":"https:\/\/static.africa-press.net\/senegal\/sites\/13\/2022\/12\/postQueueImg_1672302680.56.jpg","datePublished":"2022-12-29T12:00:19+00:00","author":{"@id":"https:\/\/www.africa-press.net\/senegal\/#\/schema\/person\/2b1cf3cd81a31e3cd26889ca66d677f1"},"breadcrumb":{"@id":"https:\/\/www.africa-press.net\/senegal\/politique\/station-balneaire-de-abene-et-kafountine-le-maire-david-diatta-sollicite-la-mise-en-oeuvre-rapide-du-projet#breadcrumb"},"inLanguage":"fr-FR","potentialAction":[{"@type":"ReadAction","target":["https:\/\/www.africa-press.net\/senegal\/politique\/station-balneaire-de-abene-et-kafountine-le-maire-david-diatta-sollicite-la-mise-en-oeuvre-rapide-du-projet"]}]},{"@type":"ImageObject","inLanguage":"fr-FR","@id":"https:\/\/www.africa-press.net\/senegal\/politique\/station-balneaire-de-abene-et-kafountine-le-maire-david-diatta-sollicite-la-mise-en-oeuvre-rapide-du-projet#primaryimage","url":"https:\/\/static.africa-press.net\/senegal\/sites\/13\/2022\/12\/postQueueImg_1672302680.56.jpg","contentUrl":"https:\/\/static.africa-press.net\/senegal\/sites\/13\/2022\/12\/postQueueImg_1672302680.56.jpg","width":720,"height":350,"caption":"Station baln\u00e9aire de Ab\u00e9n\u00e9 et Kafountine: Le maire David Diatta sollicite la mise en \u0153uvre rapide du projet"},{"@type":"BreadcrumbList","@id":"https:\/\/www.africa-press.net\/senegal\/politique\/station-balneaire-de-abene-et-kafountine-le-maire-david-diatta-sollicite-la-mise-en-oeuvre-rapide-du-projet#breadcrumb","itemListElement":[{"@type":"ListItem","position":1,"name":"Accueil","item":"https:\/\/www.africa-press.net\/senegal\/"},{"@type":"ListItem","position":2,"name":"Station baln\u00e9aire de Ab\u00e9n\u00e9 et Kafountine: Le maire David Diatta sollicite la mise en \u0153uvre rapide du projet"}]},{"@type":"WebSite","@id":"https:\/\/www.africa-press.net\/senegal\/#website","url":"https:\/\/www.africa-press.net\/senegal\/","name":"Africa Press | Senegal | Homepage","description":"Just another Africa News Agency Sites site","potentialAction":[{"@type":"SearchAction","target":{"@type":"EntryPoint","urlTemplate":"https:\/\/www.africa-press.net\/senegal\/?s={search_term_string}"},"query-input":{"@type":"PropertyValueSpecification","valueRequired":true,"valueName":"search_term_string"}}],"inLanguage":"fr-FR"},{"@type":"Person","@id":"https:\/\/www.africa-press.net\/senegal\/#\/schema\/person\/2b1cf3cd81a31e3cd26889ca66d677f1","name":"cfeditorfr","url":"https:\/\/www.africa-press.net\/senegal\/author\/cfeditorfr"}]}},"_links":{"self":[{"href":"https:\/\/www.africa-press.net\/senegal\/wp-json\/wp\/v2\/posts\/37328","targetHints":{"allow":["GET"]}}],"collection":[{"href":"https:\/\/www.africa-press.net\/senegal\/wp-json\/wp\/v2\/posts"}],"about":[{"href":"https:\/\/www.africa-press.net\/senegal\/wp-json\/wp\/v2\/types\/post"}],"author":[{"embeddable":true,"href":"https:\/\/www.africa-press.net\/senegal\/wp-json\/wp\/v2\/users\/82"}],"replies":[{"embeddable":true,"href":"https:\/\/www.africa-press.net\/senegal\/wp-json\/wp\/v2\/comments?post=37328"}],"version-history":[{"count":0,"href":"https:\/\/www.africa-press.net\/senegal\/wp-json\/wp\/v2\/posts\/37328\/revisions"}],"wp:featuredmedia":[{"embeddable":true,"href":"https:\/\/www.africa-press.net\/senegal\/wp-json\/wp\/v2\/media\/37327"}],"wp:attachment":[{"href":"https:\/\/www.africa-press.net\/senegal\/wp-json\/wp\/v2\/media?parent=37328"}],"wp:term":[{"taxonomy":"category","embeddable":true,"href":"https:\/\/www.africa-press.net\/senegal\/wp-json\/wp\/v2\/categories?post=37328"},{"taxonomy":"post_tag","embeddable":true,"href":"https:\/\/www.africa-press.net\/senegal\/wp-json\/wp\/v2\/tags?post=37328"}],"curies":[{"name":"wp","href":"https:\/\/api.w.org\/{rel}","templated":true}]}}