{"id":37402,"date":"2022-12-30T19:59:20","date_gmt":"2022-12-30T19:59:20","guid":{"rendered":"https:\/\/www.africa-press.net\/senegal\/politique\/tops-et-les-flops-le-palmares-politique-de-lannee-2022"},"modified":"2022-12-30T19:59:20","modified_gmt":"2022-12-30T19:59:20","slug":"tops-et-les-flops-le-palmares-politique-de-lannee-2022","status":"publish","type":"post","link":"https:\/\/www.africa-press.net\/senegal\/dossiers\/tops-et-les-flops-le-palmares-politique-de-lannee-2022","title":{"rendered":"Tops et les flops : le palmar\u00e8s politique de l\u2019ann\u00e9e 2022"},"content":{"rendered":"<p><b>Par: Thiebeu NDIAYE<\/b><\/p>\n<p><span style=\"color: #ff6600\"><strong>Africa-Press &#8211; Senegal. <\/strong><\/span>Les e\u0301ve\u0301nements politiques auront marque\u0301 l\u2019agenda re\u0301publicain et tenu en haleine les se\u0301ne\u0301galais ces 365 derniers jours. Avec deux scrutins aux relents de primaire de 2024 (pre\u0301sidentielle) a\u0302prement dispute\u0301s (les locales du 23 janvier et les le\u0301gislatives du 31 juillet) la classe politique se\u0301ne\u0301galaise n\u2019a pas du tout cho\u0302me\u0301 cette anne\u0301e.<\/p>\n<p>Ces joutes e\u0301lectorales ont e\u0301te\u0301 une vraie Be\u0301re\u0301zina pour le pouvoir qui a perdu plusieurs bastions e\u0301lectoraux sous les flots de\u0301vastateurs de la vague \u00ab Yewwi Askan wi \u00bb. Celle-ci a d\u2019abord de\u0301ferle\u0301 sur les communes Beige-marrons le 23 janvier dernier, avant de s\u2019abattre sur la place Soweto ou\u0300 elle a avale\u0301 la moitie\u0301 des sie\u0300ges de l\u2019Assemble\u0301e nationale le 31 juillet dernier, actant ainsi une configuration ine\u0301dite dans l\u2019histoire parlementaire du Se\u0301ne\u0301gal.<\/p>\n<p>Plusieurs acteurs de la sce\u0300ne politique nationale se sont naturellement distingue\u0301s, aussi bien dans la mouvance pre\u0301sidentielle qu\u2019au sein de l\u2019opposition, en apposant une empreinte inde\u0301le\u0301bile sur les annales politiques. D\u2019autres, par contre, ont brille\u0301 par leurs contre-performances. Voici la short-list de tops et de flops de 2022 dresse\u0301e par Seneweb.<\/p>\n<p><b>Tops<\/b><br \/>\n<b>Ousmane Sonko: le chef incontestable de l\u2019opposition<\/b><\/p>\n<p>Il est devenu un virtuose en politique apre\u0300s seulement 8 anne\u0301es de pratique. L\u2019ancien syndicaliste et inspecteur des impo\u0302ts, Ousmane Sonko que rien ne pre\u0301destinait a\u0300 une carrie\u0300re politique est devenu, par la force des choses, le leader incontestable de l\u2019opposition se\u0301ne\u0301galaise et l\u2019a de\u0301montre\u0301 encore une fois cette anne\u0301e. En plus de ses sorties me\u0301diatiques qui affolent la toile et font grimper les records d\u2019audience, Sonko sait gagner des e\u0301lections et en fait gagner e\u0301galement.<\/p>\n<p>En effet, e\u0301lu maire de Ziguinchor sans coup fe\u0301rir face un adversaire de cate\u0301gorie infe\u0301rieure (Benoit Sambou, Benno bokk yakaar), PROS, comme le surnomme affectueusement les \u00ab Patriotes \u00bb, a confirme\u0301 sa supre\u0301matie e\u0301lectorale dans le Sud du pays devenu sa chasse garde\u0301e. E\u0301carte\u0301 des le\u0301gislatives du 31 juillet 2022 (la liste des titulaires de Yaw dont il e\u0301tait a\u0300 la te\u0302te a e\u0301te\u0301 de\u0301clare\u0301e irrecevable), Sonko, en directeur de campagne, a encore fait exploser les urnes pour une razzia de l\u2019inter-coalition Yewwi-Wallu. Avec 80 de\u0301pute\u0301s, l\u2019inter-coalition impose pratiquement la cohabitation a\u0300 la mouvance pre\u0301sidentielle.<\/p>\n<p>A travers ces performances et un capital sympathie qui a grimpe\u0301 avec la nouvelle tournure assez favorable prise par l\u2019affaire du pre\u0301sume\u0301 viol qui l\u2019oppose a\u0300 la masseuse Adji Sarr, Ousmane Sonko a de\u0301ja\u0300 composte\u0301 son ticket pour la pre\u0301sidentielle de 2024.<\/p>\n<p><b>Barthe\u0301le\u0301my Dias : Le nouveau \u00ab Jaraaf \u00bb de Dakar<\/b><\/p>\n<p>Comme un geyser, Barthe\u0301le\u0301my Dias a e\u0301te\u0301 propulse\u0301, le 23 janvier dernier, sur le toit de la capitale se\u0301ne\u0301galaise, la forteresse imprenable depuis 2009 pour les diffe\u0301rents re\u0301gimes. Le maire de Mermoz\/Sacre\u0301-C\u0153ur a douche\u0301 les espoirs d\u2019Abdoulaye Diouf Sarr, tout puissant ministre de la sante\u0301 et candidat de Benno bokk yakaar qui a e\u0301te\u0301 lamine\u0301 jusque dans son propre centre de vote.<\/p>\n<p>Cependant, Dias-fils a du\u0302 batailler ferme au sein de la coalition Yewwi Askan wi ou\u0300 sa candidature au de\u0301triment de Soham El Wardini, maire sortant, avait souleve\u0301 une grosse pole\u0301mique. Finalement, le poulain de Khalifa Sall a impose\u0301 sa candidature et a re\u0301ussi a\u0300 de\u0301crocher l\u2019e\u0301charpe de maire de la capitale se\u0301ne\u0301galaise.<\/p>\n<p>Le 31 juillet 2022, bis repetita ! Te\u0302te de la liste de\u0301partementale de Dakar de l\u2019inter-coalition Yewwi-Wallu, Barth remet c\u0327a en coiffant au poteau la liste de Bby drive\u0301e par Alioune Ndoye, son ex fre\u0300re socialiste. Il devient ainsi, le nouveau \u00ab Jaraaf \u00bb (titre de chef de la communaute\u0301 Le\u0301bou) de Dakar.<\/p>\n<p><b>Victorine Nde\u0300ye : La Superwoman de Niaguis !<\/b><\/p>\n<p>C\u2019est souvent aux plus braves que revient l\u2019honneur de porter l\u2019e\u0301tendard. Au sud du pays, c\u2019est a\u0300 une femme qu\u2019est revenue la charge de de\u0301fendre les couleurs de Benno bokk yakaar. Nouvelle dans la sce\u0300ne politique nationale, l\u2019he\u0301roi\u0308ne de Niaguis, Victorine Anquiche Ndeye ne fait pas pa\u0302le figure. Re\u0301cemment sortie de l\u2019ombre, l\u2019ancienne directrice des ressources financie\u0300res du Groupe Futures Me\u0301dias (Gfm) devenue secre\u0301taire d\u2019Etat charge\u0301e du logement, s\u2019est faite une place de choix sous les projecteurs.<\/p>\n<p>Elle e\u0301crit les premie\u0300res pages de sa carrie\u0300re politique le 23 janvier 2022 en devenant la premie\u0300re femme e\u0301lue maire dans la re\u0301gion de Ziguinchor. L\u2019e\u0301dile de la commune de Niaguis (localite\u0301 situe\u0301e a\u0300 quelques kilome\u0300tres de Ziguinchor) force le respect dans sa formation politique. E\u0301tant un des rares responsables de la mouvance pre\u0301sidentielle a\u0300 s\u2019e\u0302tre impose\u0301 aux locales, Victorine a e\u0301te\u0301 choisie pour porter la liste de\u0301partementale de Bby aux le\u0301gislatives.<\/p>\n<p>Me\u0302me si les re\u0301sultats finaux issus des urnes n\u2019ont pas e\u0301pouse\u0301 les contours de ses v\u0153ux, la dame de 47 ans a marque\u0301 les esprits par son sens de la de\u0301mocratie et par son incarnation d\u2019une politique a\u0300 visage humain. Le de\u0301bat te\u0301le\u0301vise\u0301 a\u0300 laquelle elle s\u2019est livre\u0301e avec son adversaire Guy Marius Sagna restera sans doute grave\u0301 dans le marbre.<\/p>\n<p><b>Ahmed Ai\u0308dara : Le nouvel \u00ab homme fort \u00bb de Gue\u0301diawaye<\/b><\/p>\n<p>Il a de\u0301joue\u0301 tous les pronostics le 23 janvier 2022. Tous ceux qui avaient mise\u0301 sur son adversaire, Aliou Sall (fre\u0300re du pre\u0301sident et maire sortant de Gue\u0301diawaye), ont perdu. Son profil est certes atypique mais Ahmed Ai\u0308dara est bel et bien le maire e\u0301lu de Gue\u0301diawaye. L\u2019ancien pre\u0301sentateur de la Revue de presse a\u0300 la Rfm puis a\u0300 Sen Tv vient de re\u0301aliser une entre\u0301e fracassante dans la politique en re\u0301ussissant lors de son coup d\u2019essai la\u0300 ou\u0300 des vieux briscards ont toujours e\u0301choue\u0301. Il faut dire que l\u2019animateur de la matinale de faits-divers Teuss (sur Sen Tv) a surfe\u0301 sur la vague Yewwi Askan wi et sur son aura grandissant.<\/p>\n<p>Et comme pour prouver a\u0300 ses de\u0301tracteurs qu\u2019il n\u2019a pas e\u0301te\u0301 e\u0301lu par de\u0301faut, Ai\u0308dara re\u0301e\u0301dite l\u2019exploit en portant la liste de\u0301partementale de l\u2019inter-coalition Yewwi-Wallu a\u0300 Gue\u0301diawaye ou\u0300 il a encore ope\u0301re\u0301 une razzia dans tout le de\u0301partement. Convaincu qu\u2019aucun re\u0302ve n\u2019est fou si on se donne les moyens de le re\u0301aliser, Ahmed Ai\u0308dara a brigue\u0301, en vain, le perchoir de l\u2019assemble\u0301e nationale malgre\u0301 les injonctions de Yaw qui avait choisi Barthe\u0301le\u0301my Dias. Le nouvel homme fort de Gue\u0301diawaye qui a marque\u0301 l\u2019anne\u0301e 2022, poursuit son re\u0302ve fou.<\/p>\n<p><b>Aly Ngouille Ndiaye : La revanche d\u2019un banni<\/b><\/p>\n<p>Son e\u0301viction du gouvernement, le 1er novembre 2020, a eu l\u2019effet d\u2019un couperet. Touche\u0301 de plein fouet par cette de\u0301cision pre\u0301sidentielle a\u0300 laquelle il ne s\u2019attendait point, Aly Ngouille Ndiaye est retourne\u0301 en hibernation dans sa base en pre\u0301parant son retour en force. La traverse\u0301e du de\u0301sert n\u2019a pas dure\u0301 puisque le maire sortant de la commune de Lingue\u0300re a conserve\u0301 son sie\u0300ge le 23 janvier dernier la\u0300 ou\u0300 beaucoup de ses camarades de parti ont subi la de\u0301ferlante Yewwi Askan wi.<\/p>\n<p>Te\u0302te de la liste de\u0301partementale de Bby a\u0300 Lingue\u0300re, Aly Ngouille s\u2019e\u0301rige en mai\u0302tre inconteste\u0301 du Djolof en remportant les le\u0301gislatives du 31 juillet 2022. Le banni signe ainsi son retour au gouvernement. Il a, en effet, e\u0301te\u0301 nomme\u0301 en septembre, ministre de l\u2019Agriculture.<\/p>\n<p><b>Les Flops<\/b><br \/>\n<b>Idrissa Seck : Un \u00ab mbourou ak soow \u00bb au gou\u0302t amer<\/b><\/p>\n<p>Le Damel en herbe de Thie\u0300s, Idrissa Seck, a de\u0301finitivement perdu son tro\u0302ne. Apre\u0300s avoir essuye\u0301 des hue\u0301es dans son centre de vote lors des dernie\u0300res e\u0301lections locales du 23 janvier 2022, le Rewmiste en chef qui avait fait de Thie\u0300s son bastion, a encore rec\u0327u une se\u0301ve\u0300re claque lors des le\u0301gislatives du 31 juillet.<\/p>\n<p>Les Thiessois n\u2019ont visiblement pas dige\u0301re\u0301 sa volte-face de novembre 2020 quand le leader de Rewmi, tre\u0300s adule\u0301, est alle\u0301 s\u2019allier avec le pre\u0301sident Macky Sall. Depuis, il ne cesse de subir les foudres des thiessois jusque dans les urnes. Au de\u0301partement de Thie\u0300s ou\u0300 il avait la charge d\u2019impulser la dynamique unitaire dans la coalition Benno Bokk Yakaar pour une victoire au soir du 31 juillet 2022, les chiffres issus des urnes te\u0301moignent d\u2019un cinglant revers.<\/p>\n<p>Une e\u0301nie\u0300me de\u0301ba\u0302cle du \u00ab mbourou ak soow \u00bb au gou\u0302t amer.<\/p>\n<p><b>Aminata Toure\u0301 : Pas assez \u2018\u2019Mimi\u2019\u2019 pour le perchoir<\/b><\/p>\n<p>Une douche froide: c\u2019est ce que Aminata Toure\u0301, te\u0302te de liste de Benno Bokk Yakaar aux le\u0301gislatives du 31 juillet 2022, a rec\u0327u comme re\u0301compense apre\u0300s services rendus. Alors qu\u2019elle s\u2019attendait a\u0300 s\u2019installer confortablement au perchoir de l\u2019assemble\u0301e nationale comme pre\u0301sidente du parlement apre\u0300s une victoire e\u0301trique\u0301e, l\u2019ancienne pre\u0301sidente du conseil e\u0301conomique, social et environnemental a eu la surprise de sa vie. A 15 minutes de la pre\u0301sentation du candidat de Bby a\u0300 la pre\u0301sidence de l\u2019assemble\u0301e le 12 septembre dernier, elle rec\u0327oit un appel du pre\u0301sident de Bby, Macky Sall l\u2019informant que son choix s\u2019est finalement tourne\u0301 sur Amadou Mame Diop.<\/p>\n<p>Comme en 2014, l\u2019ancienne cheffe du gouvernement est retourne\u0301e en disgra\u0302ce. Il faut dire que la carrie\u0300re politique de l\u2019ancienne Trotskiste du MSU, directrice de campagne de Landing Savane\u0301 a\u0300 la pre\u0301sidentielle de 1993, ressemble a\u0300 des montagnes russes. Une alternance interminable de gra\u0302ce et de disgra\u0302ce. Cette fois-ci, celle qui de\u0301fendait la vision politique du pre\u0301sident Macky Sall s\u2019est retrouve\u0301e dans une de\u0301licate posture d\u2019opposante.<\/p>\n<p><b>Abdoulaye Diouf Sarr : Un cas \u00ab communautaire \u00bb<\/b><\/p>\n<p>C\u2019est sans doute le banni de l\u2019anne\u0301e 2022 ! En plus de ses de\u0301ba\u0302cles politiques aux e\u0301lections locales ou\u0300 il a perdu son fauteuil de maire et Yoff et la bataille de Dakar, l\u2019ancien ministre de la Sante\u0301 et de l\u2019Action sociale est accable\u0301 par les scandales financiers de la gestion de la Covid-19 et les nombreux drames dans les structures me\u0301dicales qui ont marque\u0301 l\u2019anne\u0301e.<\/p>\n<p>En effet, le re\u0301cent rapport de la Cour des Comptes le place au c\u0153ur du carnage financier des 1000 milliards du fonds Force Covid-19. Auparavant, le puissant candidat malheureux a\u0300 la course pour la mairie de Dakar a e\u0301te\u0301 e\u0301jecte\u0301 du gouvernement suite a\u0300 l\u2019incendie de la maternite\u0301 de l\u2019ho\u0302pital Mame Abdou Aziz Sy de Tivaouane qui a cou\u0302te\u0301 la vie a\u0300 11 be\u0301be\u0301s selon les chiffres officiels. Un drame de trop que Diouf Sarr a paye\u0301 cash.<\/p>\n<p>E\u0301lu de\u0301pute\u0301 sur la liste nationale de Bby, l\u2019ex maire de Yoff qui voulait prendre la voie de la re\u0301bellion, est devenu pratiquement aphone&#8230;comme un \u00ab cas communautaire.<\/p>\n<p><b>Abdourahmane Diouf : Poids lourd professionnel, poids plume e\u0301lectoral<\/b><\/p>\n<p>Les e\u0301lections le\u0301gislatives de 2022 e\u0301taient une occasion pour Dr Abdourahmane Diouf d\u2019e\u0301crire une nouvelle page dans sa trajectoire politique. Apre\u0300s avoir rompu avec le Rewmi de Idrissa Seck ou\u0300 il e\u0301tait le nume\u0301ro 2, le docteur en droit et expert en ne\u0301gociations commerciales internationales a de\u0301cide\u0301 de faire cavalier seul en lanc\u0327ant son propre parti : Awale\u0301 les jambars.<\/p>\n<p>S\u2019e\u0301tant joint a\u0300 Thierno Alassane Sall et Thierno Bocoum dans l\u2019initiative Aar Se\u0301ne\u0301gal, la te\u0302te de liste de\u0301partementale de Rufisque a rate\u0301 son premier test. Il n\u2019a pas re\u0301ussi a\u0300 convaincre l\u2019e\u0301lectorat Rufisquois. Son background et sa verve n\u2019ont pas pese\u0301 sur la balance.<\/p>\n<p>L\u2019ancien Directeur ge\u0301ne\u0301ral du Club des investisseurs se\u0301ne\u0301galais (Cis), malgre\u0301 son Cv qui fait pa\u0302lir plus d\u2019un, s\u2019est re\u0301ve\u0301le\u0301 e\u0302tre un poids plume e\u0301lectoral. Son exemple de\u0301montre, si besoin en e\u0301tait encore, que sous nos tropiques, la politique n&rsquo;est pas une affaire de Cv bale\u0300ze, mais pluto\u0302t un contact permanent avec la base. Une lec\u0327on que le candidat de Awale\u0301 pour la pre\u0301sidentielle de 2024 gagnerait a\u0300 bien mai\u0302triser.<\/p>\n<p>Les deux de\u0301pute\u0301s du Pur : Jackie Chan et Bruce Lee a\u0300 l\u2019he\u0301micycle<\/p>\n<p>S\u2019il fallait de\u0301cerner le prix de la plus grosse bourde, les deux de\u0301pute\u0301s Massata Samb et Mamadou Niang du Pur caracoleraient en te\u0302te. Et pour cause ! Lors du marathon budge\u0301taire le 1er de\u0301cembre dernier, ils s\u2019en sont violemment pris a\u0300 leur colle\u0300gue, la de\u0301pute\u0301e de Benno Bokk Yakaar, Ami Ndiaye. En effet, lasse\u0301s de ruminer leur cole\u0300re apre\u0300s les propos juge\u0301s irre\u0301ve\u0301rencieux profe\u0301re\u0301s par la de\u0301pute\u0301e a\u0300 l\u2019e\u0301gard de leur guide religieux Serigne Moustapha Sy, les deux disciples ont laisse\u0301 exploser leur fureur.<\/p>\n<p>Arre\u0302te\u0301s suite aux violents coups porte\u0301s sur la jeune dame, les deux parlementaires place\u0301s sous mandat de de\u0301po\u0302t et qui ont de\u0301ja\u0300 comparu, croupissent toujours en prison en attendant le de\u0301libe\u0301re\u0301. Pre\u0301vu lundi dernier, 26 de\u0301cembre 2022, celui-ci a e\u0301te\u0301 renvoye\u0301 jusqu\u2019au mois de janvier prochain. Si le juge suit le re\u0301quisitoire du parquet, Jackie Chan et Bruce Lee du Pur risquent deux ans de prison fermes.<\/p>\n<p><strong>Pour plus d&rsquo;informations et d&rsquo;analyses sur la <a href=\"https:\/\/www.africa-press.net\/senegal\">Senegal<\/a>, suivez <a href=\"https:\/\/www.africa-press.net\/\">Africa-Press<\/a><\/strong><\/p>\n","protected":false},"excerpt":{"rendered":"<p>Par: Thiebeu NDIAYE Africa-Press &#8211; Senegal. Les e\u0301ve\u0301nements politiques auront marque\u0301 l\u2019agenda re\u0301publicain et tenu en haleine les se\u0301ne\u0301galais ces 365 derniers jours. Avec deux scrutins aux relents de primaire de 2024 (pre\u0301sidentielle) a\u0302prement dispute\u0301s (les locales du 23 janvier et les le\u0301gislatives du 31 juillet) la classe politique se\u0301ne\u0301galaise n\u2019a pas du tout cho\u0302me\u0301 [&hellip;]<\/p>\n","protected":false},"author":82,"featured_media":37401,"comment_status":"open","ping_status":"closed","sticky":false,"template":"","format":"standard","meta":{"footnotes":""},"categories":[7,10],"tags":[43,47,44],"class_list":["post-37402","post","type-post","status-publish","format-standard","has-post-thumbnail","hentry","category-dossiers","category-toutes-les-actualites","tag-africa-press-2","tag-africa-press-senegal","tag-senegal-2"],"yoast_head":"<!-- This site is optimized with the Yoast SEO Premium plugin v26.1 (Yoast SEO v27.0) - https:\/\/yoast.com\/product\/yoast-seo-premium-wordpress\/ -->\n<title>Tops et les flops : le palmar\u00e8s politique de l\u2019ann\u00e9e 2022 - Senegal<\/title>\n<meta name=\"robots\" content=\"index, follow, max-snippet:-1, max-image-preview:large, max-video-preview:-1\" \/>\n<link rel=\"canonical\" href=\"https:\/\/www.africa-press.net\/senegal\/politique\/tops-et-les-flops-le-palmares-politique-de-lannee-2022\" \/>\n<meta property=\"og:locale\" content=\"fr_FR\" \/>\n<meta property=\"og:type\" content=\"article\" \/>\n<meta property=\"og:title\" content=\"Tops et les flops : le palmar\u00e8s politique de l\u2019ann\u00e9e 2022\" \/>\n<meta property=\"og:description\" content=\"Par: Thiebeu NDIAYE Africa-Press &#8211; Senegal. Les e\u0301ve\u0301nements politiques auront marque\u0301 l\u2019agenda re\u0301publicain et tenu en haleine les se\u0301ne\u0301galais ces 365 derniers jours. Avec deux scrutins aux relents de primaire de 2024 (pre\u0301sidentielle) a\u0302prement dispute\u0301s (les locales du 23 janvier et les le\u0301gislatives du 31 juillet) la classe politique se\u0301ne\u0301galaise n\u2019a pas du tout cho\u0302me\u0301 [&hellip;]\" \/>\n<meta property=\"og:url\" content=\"https:\/\/www.africa-press.net\/senegal\/politique\/tops-et-les-flops-le-palmares-politique-de-lannee-2022\" \/>\n<meta property=\"og:site_name\" content=\"Senegal\" \/>\n<meta property=\"article:published_time\" content=\"2022-12-30T19:59:20+00:00\" \/>\n<meta name=\"author\" content=\"cfeditorfr\" \/>\n<meta name=\"twitter:card\" content=\"summary_large_image\" \/>\n<meta name=\"twitter:label1\" content=\"\u00c9crit par\" \/>\n\t<meta name=\"twitter:data1\" content=\"cfeditorfr\" \/>\n\t<meta name=\"twitter:label2\" content=\"Dur\u00e9e de lecture estim\u00e9e\" \/>\n\t<meta name=\"twitter:data2\" content=\"12 minutes\" \/>\n<script type=\"application\/ld+json\" class=\"yoast-schema-graph\">{\"@context\":\"https:\/\/schema.org\",\"@graph\":[{\"@type\":\"Article\",\"@id\":\"https:\/\/www.africa-press.net\/senegal\/politique\/tops-et-les-flops-le-palmares-politique-de-lannee-2022#article\",\"isPartOf\":{\"@id\":\"https:\/\/www.africa-press.net\/senegal\/politique\/tops-et-les-flops-le-palmares-politique-de-lannee-2022\"},\"author\":{\"name\":\"cfeditorfr\",\"@id\":\"https:\/\/www.africa-press.net\/senegal\/#\/schema\/person\/2b1cf3cd81a31e3cd26889ca66d677f1\"},\"headline\":\"Tops et les flops : le palmar\u00e8s politique de l\u2019ann\u00e9e 2022\",\"datePublished\":\"2022-12-30T19:59:20+00:00\",\"mainEntityOfPage\":{\"@id\":\"https:\/\/www.africa-press.net\/senegal\/politique\/tops-et-les-flops-le-palmares-politique-de-lannee-2022\"},\"wordCount\":2359,\"commentCount\":0,\"image\":{\"@id\":\"https:\/\/www.africa-press.net\/senegal\/politique\/tops-et-les-flops-le-palmares-politique-de-lannee-2022#primaryimage\"},\"thumbnailUrl\":\"https:\/\/static.africa-press.net\/senegal\/sites\/13\/2022\/12\/postQueueImg_1672417864.17.jpg\",\"keywords\":[\"Africa Press\",\"Africa Press-Senegal\",\"Senegal\"],\"articleSection\":[\"Dossiers\",\"Toutes les actualit\u00e9s\"],\"inLanguage\":\"fr-FR\",\"potentialAction\":[{\"@type\":\"CommentAction\",\"name\":\"Comment\",\"target\":[\"https:\/\/www.africa-press.net\/senegal\/politique\/tops-et-les-flops-le-palmares-politique-de-lannee-2022#respond\"]}]},{\"@type\":\"WebPage\",\"@id\":\"https:\/\/www.africa-press.net\/senegal\/politique\/tops-et-les-flops-le-palmares-politique-de-lannee-2022\",\"url\":\"https:\/\/www.africa-press.net\/senegal\/politique\/tops-et-les-flops-le-palmares-politique-de-lannee-2022\",\"name\":\"Tops et les flops : le palmar\u00e8s politique de l\u2019ann\u00e9e 2022 - Senegal\",\"isPartOf\":{\"@id\":\"https:\/\/www.africa-press.net\/senegal\/#website\"},\"primaryImageOfPage\":{\"@id\":\"https:\/\/www.africa-press.net\/senegal\/politique\/tops-et-les-flops-le-palmares-politique-de-lannee-2022#primaryimage\"},\"image\":{\"@id\":\"https:\/\/www.africa-press.net\/senegal\/politique\/tops-et-les-flops-le-palmares-politique-de-lannee-2022#primaryimage\"},\"thumbnailUrl\":\"https:\/\/static.africa-press.net\/senegal\/sites\/13\/2022\/12\/postQueueImg_1672417864.17.jpg\",\"datePublished\":\"2022-12-30T19:59:20+00:00\",\"author\":{\"@id\":\"https:\/\/www.africa-press.net\/senegal\/#\/schema\/person\/2b1cf3cd81a31e3cd26889ca66d677f1\"},\"breadcrumb\":{\"@id\":\"https:\/\/www.africa-press.net\/senegal\/politique\/tops-et-les-flops-le-palmares-politique-de-lannee-2022#breadcrumb\"},\"inLanguage\":\"fr-FR\",\"potentialAction\":[{\"@type\":\"ReadAction\",\"target\":[\"https:\/\/www.africa-press.net\/senegal\/politique\/tops-et-les-flops-le-palmares-politique-de-lannee-2022\"]}]},{\"@type\":\"ImageObject\",\"inLanguage\":\"fr-FR\",\"@id\":\"https:\/\/www.africa-press.net\/senegal\/politique\/tops-et-les-flops-le-palmares-politique-de-lannee-2022#primaryimage\",\"url\":\"https:\/\/static.africa-press.net\/senegal\/sites\/13\/2022\/12\/postQueueImg_1672417864.17.jpg\",\"contentUrl\":\"https:\/\/static.africa-press.net\/senegal\/sites\/13\/2022\/12\/postQueueImg_1672417864.17.jpg\",\"width\":612,\"height\":298,\"caption\":\"Tops et les flops : le palmar\u00e8s politique de l\u2019ann\u00e9e 2022\"},{\"@type\":\"BreadcrumbList\",\"@id\":\"https:\/\/www.africa-press.net\/senegal\/politique\/tops-et-les-flops-le-palmares-politique-de-lannee-2022#breadcrumb\",\"itemListElement\":[{\"@type\":\"ListItem\",\"position\":1,\"name\":\"Accueil\",\"item\":\"https:\/\/www.africa-press.net\/senegal\/\"},{\"@type\":\"ListItem\",\"position\":2,\"name\":\"Tops et les flops : le palmar\u00e8s politique de l\u2019ann\u00e9e 2022\"}]},{\"@type\":\"WebSite\",\"@id\":\"https:\/\/www.africa-press.net\/senegal\/#website\",\"url\":\"https:\/\/www.africa-press.net\/senegal\/\",\"name\":\"Africa Press | Senegal | Homepage\",\"description\":\"Just another Africa News Agency Sites site\",\"potentialAction\":[{\"@type\":\"SearchAction\",\"target\":{\"@type\":\"EntryPoint\",\"urlTemplate\":\"https:\/\/www.africa-press.net\/senegal\/?s={search_term_string}\"},\"query-input\":{\"@type\":\"PropertyValueSpecification\",\"valueRequired\":true,\"valueName\":\"search_term_string\"}}],\"inLanguage\":\"fr-FR\"},{\"@type\":\"Person\",\"@id\":\"https:\/\/www.africa-press.net\/senegal\/#\/schema\/person\/2b1cf3cd81a31e3cd26889ca66d677f1\",\"name\":\"cfeditorfr\",\"url\":\"https:\/\/www.africa-press.net\/senegal\/author\/cfeditorfr\"}]}<\/script>\n<!-- \/ Yoast SEO Premium plugin. -->","yoast_head_json":{"title":"Tops et les flops : le palmar\u00e8s politique de l\u2019ann\u00e9e 2022 - Senegal","robots":{"index":"index","follow":"follow","max-snippet":"max-snippet:-1","max-image-preview":"max-image-preview:large","max-video-preview":"max-video-preview:-1"},"canonical":"https:\/\/www.africa-press.net\/senegal\/politique\/tops-et-les-flops-le-palmares-politique-de-lannee-2022","og_locale":"fr_FR","og_type":"article","og_title":"Tops et les flops : le palmar\u00e8s politique de l\u2019ann\u00e9e 2022","og_description":"Par: Thiebeu NDIAYE Africa-Press &#8211; Senegal. Les e\u0301ve\u0301nements politiques auront marque\u0301 l\u2019agenda re\u0301publicain et tenu en haleine les se\u0301ne\u0301galais ces 365 derniers jours. Avec deux scrutins aux relents de primaire de 2024 (pre\u0301sidentielle) a\u0302prement dispute\u0301s (les locales du 23 janvier et les le\u0301gislatives du 31 juillet) la classe politique se\u0301ne\u0301galaise n\u2019a pas du tout cho\u0302me\u0301 [&hellip;]","og_url":"https:\/\/www.africa-press.net\/senegal\/politique\/tops-et-les-flops-le-palmares-politique-de-lannee-2022","og_site_name":"Senegal","article_published_time":"2022-12-30T19:59:20+00:00","author":"cfeditorfr","twitter_card":"summary_large_image","twitter_misc":{"\u00c9crit par":"cfeditorfr","Dur\u00e9e de lecture estim\u00e9e":"12 minutes"},"schema":{"@context":"https:\/\/schema.org","@graph":[{"@type":"Article","@id":"https:\/\/www.africa-press.net\/senegal\/politique\/tops-et-les-flops-le-palmares-politique-de-lannee-2022#article","isPartOf":{"@id":"https:\/\/www.africa-press.net\/senegal\/politique\/tops-et-les-flops-le-palmares-politique-de-lannee-2022"},"author":{"name":"cfeditorfr","@id":"https:\/\/www.africa-press.net\/senegal\/#\/schema\/person\/2b1cf3cd81a31e3cd26889ca66d677f1"},"headline":"Tops et les flops : le palmar\u00e8s politique de l\u2019ann\u00e9e 2022","datePublished":"2022-12-30T19:59:20+00:00","mainEntityOfPage":{"@id":"https:\/\/www.africa-press.net\/senegal\/politique\/tops-et-les-flops-le-palmares-politique-de-lannee-2022"},"wordCount":2359,"commentCount":0,"image":{"@id":"https:\/\/www.africa-press.net\/senegal\/politique\/tops-et-les-flops-le-palmares-politique-de-lannee-2022#primaryimage"},"thumbnailUrl":"https:\/\/static.africa-press.net\/senegal\/sites\/13\/2022\/12\/postQueueImg_1672417864.17.jpg","keywords":["Africa Press","Africa Press-Senegal","Senegal"],"articleSection":["Dossiers","Toutes les actualit\u00e9s"],"inLanguage":"fr-FR","potentialAction":[{"@type":"CommentAction","name":"Comment","target":["https:\/\/www.africa-press.net\/senegal\/politique\/tops-et-les-flops-le-palmares-politique-de-lannee-2022#respond"]}]},{"@type":"WebPage","@id":"https:\/\/www.africa-press.net\/senegal\/politique\/tops-et-les-flops-le-palmares-politique-de-lannee-2022","url":"https:\/\/www.africa-press.net\/senegal\/politique\/tops-et-les-flops-le-palmares-politique-de-lannee-2022","name":"Tops et les flops : le palmar\u00e8s politique de l\u2019ann\u00e9e 2022 - Senegal","isPartOf":{"@id":"https:\/\/www.africa-press.net\/senegal\/#website"},"primaryImageOfPage":{"@id":"https:\/\/www.africa-press.net\/senegal\/politique\/tops-et-les-flops-le-palmares-politique-de-lannee-2022#primaryimage"},"image":{"@id":"https:\/\/www.africa-press.net\/senegal\/politique\/tops-et-les-flops-le-palmares-politique-de-lannee-2022#primaryimage"},"thumbnailUrl":"https:\/\/static.africa-press.net\/senegal\/sites\/13\/2022\/12\/postQueueImg_1672417864.17.jpg","datePublished":"2022-12-30T19:59:20+00:00","author":{"@id":"https:\/\/www.africa-press.net\/senegal\/#\/schema\/person\/2b1cf3cd81a31e3cd26889ca66d677f1"},"breadcrumb":{"@id":"https:\/\/www.africa-press.net\/senegal\/politique\/tops-et-les-flops-le-palmares-politique-de-lannee-2022#breadcrumb"},"inLanguage":"fr-FR","potentialAction":[{"@type":"ReadAction","target":["https:\/\/www.africa-press.net\/senegal\/politique\/tops-et-les-flops-le-palmares-politique-de-lannee-2022"]}]},{"@type":"ImageObject","inLanguage":"fr-FR","@id":"https:\/\/www.africa-press.net\/senegal\/politique\/tops-et-les-flops-le-palmares-politique-de-lannee-2022#primaryimage","url":"https:\/\/static.africa-press.net\/senegal\/sites\/13\/2022\/12\/postQueueImg_1672417864.17.jpg","contentUrl":"https:\/\/static.africa-press.net\/senegal\/sites\/13\/2022\/12\/postQueueImg_1672417864.17.jpg","width":612,"height":298,"caption":"Tops et les flops : le palmar\u00e8s politique de l\u2019ann\u00e9e 2022"},{"@type":"BreadcrumbList","@id":"https:\/\/www.africa-press.net\/senegal\/politique\/tops-et-les-flops-le-palmares-politique-de-lannee-2022#breadcrumb","itemListElement":[{"@type":"ListItem","position":1,"name":"Accueil","item":"https:\/\/www.africa-press.net\/senegal\/"},{"@type":"ListItem","position":2,"name":"Tops et les flops : le palmar\u00e8s politique de l\u2019ann\u00e9e 2022"}]},{"@type":"WebSite","@id":"https:\/\/www.africa-press.net\/senegal\/#website","url":"https:\/\/www.africa-press.net\/senegal\/","name":"Africa Press | Senegal | Homepage","description":"Just another Africa News Agency Sites site","potentialAction":[{"@type":"SearchAction","target":{"@type":"EntryPoint","urlTemplate":"https:\/\/www.africa-press.net\/senegal\/?s={search_term_string}"},"query-input":{"@type":"PropertyValueSpecification","valueRequired":true,"valueName":"search_term_string"}}],"inLanguage":"fr-FR"},{"@type":"Person","@id":"https:\/\/www.africa-press.net\/senegal\/#\/schema\/person\/2b1cf3cd81a31e3cd26889ca66d677f1","name":"cfeditorfr","url":"https:\/\/www.africa-press.net\/senegal\/author\/cfeditorfr"}]}},"_links":{"self":[{"href":"https:\/\/www.africa-press.net\/senegal\/wp-json\/wp\/v2\/posts\/37402","targetHints":{"allow":["GET"]}}],"collection":[{"href":"https:\/\/www.africa-press.net\/senegal\/wp-json\/wp\/v2\/posts"}],"about":[{"href":"https:\/\/www.africa-press.net\/senegal\/wp-json\/wp\/v2\/types\/post"}],"author":[{"embeddable":true,"href":"https:\/\/www.africa-press.net\/senegal\/wp-json\/wp\/v2\/users\/82"}],"replies":[{"embeddable":true,"href":"https:\/\/www.africa-press.net\/senegal\/wp-json\/wp\/v2\/comments?post=37402"}],"version-history":[{"count":0,"href":"https:\/\/www.africa-press.net\/senegal\/wp-json\/wp\/v2\/posts\/37402\/revisions"}],"wp:featuredmedia":[{"embeddable":true,"href":"https:\/\/www.africa-press.net\/senegal\/wp-json\/wp\/v2\/media\/37401"}],"wp:attachment":[{"href":"https:\/\/www.africa-press.net\/senegal\/wp-json\/wp\/v2\/media?parent=37402"}],"wp:term":[{"taxonomy":"category","embeddable":true,"href":"https:\/\/www.africa-press.net\/senegal\/wp-json\/wp\/v2\/categories?post=37402"},{"taxonomy":"post_tag","embeddable":true,"href":"https:\/\/www.africa-press.net\/senegal\/wp-json\/wp\/v2\/tags?post=37402"}],"curies":[{"name":"wp","href":"https:\/\/api.w.org\/{rel}","templated":true}]}}