{"id":37404,"date":"2022-12-30T20:01:23","date_gmt":"2022-12-30T20:01:23","guid":{"rendered":"https:\/\/www.africa-press.net\/senegal\/politique\/2022-la-faillite-de-la-classe-politique-senegalaise-par-adama-ndiaye"},"modified":"2022-12-30T20:01:23","modified_gmt":"2022-12-30T20:01:23","slug":"2022-la-faillite-de-la-classe-politique-senegalaise-par-adama-ndiaye","status":"publish","type":"post","link":"https:\/\/www.africa-press.net\/senegal\/dossiers\/2022-la-faillite-de-la-classe-politique-senegalaise-par-adama-ndiaye","title":{"rendered":"2022, la faillite de la classe politique s\u00e9n\u00e9galaise (Par Adama NDIAYE)"},"content":{"rendered":"<p><b>Par Adama NDIAYE<\/b><\/p>\n<p><span style=\"color: #ff6600\"><strong>Africa-Press &#8211; Senegal. <\/strong><\/span>L\u2019anne\u0301e 2022 a e\u0301te\u0301 e\u0301panouissante voire me\u0302me magique pour beaucoup de citoyens se\u0301ne\u0301galais pris individuellement. Certains ont de\u0301croche\u0301 le job de leur re\u0302ve, d\u2019autres trouve\u0301 l\u2019amour d\u2019une vie, d\u2019autres encore ve\u0301cu des expe\u0301riences inoubliables, et voyage\u0301 dans des endroits inattendus. Nous avons tous eu, c\u0327a et la\u0300, nos moments de bonheur inte\u0301rieur, de plaisirs intimes, qui resteront grave\u0301s dans nos c\u0153urs et esprits a\u0300 l\u2019heure de refermer cette anne\u0301e. Mais conce\u0301dons que, quel qu&rsquo;ait pu pu e\u0302tre l\u2019intensite\u0301 de ces moments de grande joie, nous avons e\u0301galement e\u0301te\u0301 &#8211; a\u0300 moins d\u2019e\u0302tre incroyablement centre\u0301 sur soi-me\u0302me et sourd au bruit du monde &#8211; e\u0301branle\u0301s, choque\u0301s, attriste\u0301s par l\u2019e\u0301tat de notre Nation.<\/p>\n<p>Le Se\u0301ne\u0301gal va mal. Il est dans un e\u0301tat comateux sur un grabat. Les maux gangre\u0300nent le corps national, et point de reme\u0300de a\u0300 l\u2019horizon. Point de me\u0301decin, non plus, a\u0300 son chevet capable de lui administrer le traitement qu\u2019il faut. Si le pays est dans cet E\u0301tat, ce n\u2019est pas tant a\u0300 cause des Se\u0301ne\u0301galais que de leurs e\u0301lites politiques.<\/p>\n<p>Tout autour de ce corps, se groupent des hommes politiques discre\u0301dite\u0301s, des marchands d\u2019illusion et des apprentis sorciers. Toute une camarilla qui n\u2019est mue que par le maintien ou la conque\u0302te du pouvoir.<\/p>\n<p>Ces condottieri, sans foi ni loi, ont mis le pays a\u0300 terre, viole\u0301 ses institutions et sa respectabilite\u0301, et repousse\u0301 toujours plus loin les limites de l\u2019abject et de l\u2019inde\u0301cence.<\/p>\n<p>D\u2019un co\u0302te\u0301, un pouvoir ploutocrate, accroupi sur ses privile\u0300ges et si peu soucieux de l\u2019e\u0301thique, qu\u2019il a, comme qui dirait, perdu le bon sens et la mesure. Ainsi apre\u0300s les terribles re\u0301ve\u0301lations du Rapport de la Cour comptes, qui ont mis a\u0300 nu des irre\u0301gularite\u0301s dans la gestion des fonds de\u0301die\u0301s a\u0300 la riposte contre le covi-19, il a invente\u0301 un concept jusque-la\u0300 ine\u0301dit : le seuil de tole\u0301rance en termes de mal gouvernance. \u201cCirculez, ce n\u2019est que 6 milliards, apre\u0300s tout\u201d, nous a balance\u0301 en quelque sorte le Gouvernement. On n\u2019est pas loin du fameux \u201cQu\u2019ils mangent de la brioche\u201d qu\u2019aurait prononce\u0301 -les historiens sont partage\u0301s sur l\u2019authenticite\u0301- la Reine Marie Antoinette a\u0300 ceux qui lui disaient que le peuple de Paris manquait de pain. En France, c\u0327a a contribue\u0301 a\u0300 instaurer un climat insurrectionnel, au Se\u0301ne\u0301gal, les m\u0153urs semblant plus police\u0301es, l\u2019indignation est plus ou moins contenue. Comme si le peuple se\u0301ne\u0301galais e\u0301tait tellement e\u0301mousse\u0301 par des anne\u0301es de scandales politico-financiers, qu\u2019il a perdu le sens du sursaut citoyen.<\/p>\n<p>De l\u2019autre co\u0302te\u0301, une opposition, celle incarne\u0301e par Yewwi Askan Wi, sectaire, intole\u0301rante, de\u0301magogue, si persuade\u0301e de sa le\u0301gitimite\u0301 et de sa destine\u0301e manifeste qu\u2019elle foule au pied les principes les plus e\u0301le\u0301mentaires. Opposition qui, a\u0300 plusieurs reprises, nous a montre\u0301 a\u0300 l\u2019Assemble\u0301e nationale un visage tre\u0300s inquie\u0301tant. Ce qui ne pre\u0301sage rien de bon pour l\u2019avenir. L\u2019affaire Amy Ndiaye, du nom de la de\u0301pute\u0301 de la majorite\u0301 pre\u0301sidentielle brutalise\u0301e dans l&rsquo;he\u0301micycle, le 1er de\u0301cembre dernier par deux parlementaires de YAW, a e\u0301te\u0301 un re\u0301ve\u0301lateur. Aucun membre de la confe\u0301rence des leaders de ce mouvement n\u2019a condamne\u0301 l\u2019agression d\u2019Amy Ndiaye ni formule\u0301 de remontrances contre les de\u0301pute\u0301s violents. Le comble de l&rsquo;ignominie fut atteint lorsqu\u2019un de leurs leaders, Barthe\u0301le\u0301my Dias, maire de Dakar, e\u0301mit des commentaires scandaleux sur l\u2019auteur de la grossesse de Amy Ndiaye.<\/p>\n<p>Pris en tenaille entre ces deux po\u0302les, beaucoup de Se\u0301ne\u0301galais sont de\u0301sempare\u0301s. A quels saints vont-ils bien pouvoir se vouer alors que la pre\u0301sidentielle de 2024 approche, se demandent-ils inquiets ? Qui pour nous sortir du marasme politique et intellectuel ambiant ? Qui pour redonner un peu de sacralite\u0301 a\u0300 nos institutions ?<\/p>\n<p>L\u2019e\u0301mergence d\u2019un nouvel homme providentiel e\u0301tant hypothe\u0301tique, espe\u0301rons que cette classe politique, qui a e\u0301te\u0301 si de\u0301sastreuse, si pathe\u0301tique et si peu consciente des re\u0301els enjeux de l\u2019heure, se ressaisisse.<\/p>\n<p>Voila\u0300 le v\u0153u que je formule, en cette fin d\u2019anne\u0301e.<\/p>\n<p><strong>Pour plus d&rsquo;informations et d&rsquo;analyses sur la <a href=\"https:\/\/www.africa-press.net\/senegal\">Senegal<\/a>, suivez <a href=\"https:\/\/www.africa-press.net\/\">Africa-Press<\/a><\/strong><\/p>\n","protected":false},"excerpt":{"rendered":"<p>Par Adama NDIAYE Africa-Press &#8211; Senegal. L\u2019anne\u0301e 2022 a e\u0301te\u0301 e\u0301panouissante voire me\u0302me magique pour beaucoup de citoyens se\u0301ne\u0301galais pris individuellement. Certains ont de\u0301croche\u0301 le job de leur re\u0302ve, d\u2019autres trouve\u0301 l\u2019amour d\u2019une vie, d\u2019autres encore ve\u0301cu des expe\u0301riences inoubliables, et voyage\u0301 dans des endroits inattendus. Nous avons tous eu, c\u0327a et la\u0300, nos moments [&hellip;]<\/p>\n","protected":false},"author":82,"featured_media":37403,"comment_status":"open","ping_status":"closed","sticky":false,"template":"","format":"standard","meta":{"footnotes":""},"categories":[7,10],"tags":[43,47,44],"class_list":["post-37404","post","type-post","status-publish","format-standard","has-post-thumbnail","hentry","category-dossiers","category-toutes-les-actualites","tag-africa-press-2","tag-africa-press-senegal","tag-senegal-2"],"yoast_head":"<!-- This site is optimized with the Yoast SEO Premium plugin v26.1 (Yoast SEO v27.0) - https:\/\/yoast.com\/product\/yoast-seo-premium-wordpress\/ -->\n<title>2022, la faillite de la classe politique s\u00e9n\u00e9galaise (Par Adama NDIAYE) - Senegal<\/title>\n<meta name=\"robots\" content=\"index, follow, max-snippet:-1, max-image-preview:large, max-video-preview:-1\" \/>\n<link rel=\"canonical\" href=\"https:\/\/www.africa-press.net\/senegal\/politique\/2022-la-faillite-de-la-classe-politique-senegalaise-par-adama-ndiaye\" \/>\n<meta property=\"og:locale\" content=\"fr_FR\" \/>\n<meta property=\"og:type\" content=\"article\" \/>\n<meta property=\"og:title\" content=\"2022, la faillite de la classe politique s\u00e9n\u00e9galaise (Par Adama NDIAYE)\" \/>\n<meta property=\"og:description\" content=\"Par Adama NDIAYE Africa-Press &#8211; Senegal. L\u2019anne\u0301e 2022 a e\u0301te\u0301 e\u0301panouissante voire me\u0302me magique pour beaucoup de citoyens se\u0301ne\u0301galais pris individuellement. Certains ont de\u0301croche\u0301 le job de leur re\u0302ve, d\u2019autres trouve\u0301 l\u2019amour d\u2019une vie, d\u2019autres encore ve\u0301cu des expe\u0301riences inoubliables, et voyage\u0301 dans des endroits inattendus. Nous avons tous eu, c\u0327a et la\u0300, nos moments [&hellip;]\" \/>\n<meta property=\"og:url\" content=\"https:\/\/www.africa-press.net\/senegal\/politique\/2022-la-faillite-de-la-classe-politique-senegalaise-par-adama-ndiaye\" \/>\n<meta property=\"og:site_name\" content=\"Senegal\" \/>\n<meta property=\"article:published_time\" content=\"2022-12-30T20:01:23+00:00\" \/>\n<meta name=\"author\" content=\"cfeditorfr\" \/>\n<meta name=\"twitter:card\" content=\"summary_large_image\" \/>\n<meta name=\"twitter:label1\" content=\"\u00c9crit par\" \/>\n\t<meta name=\"twitter:data1\" content=\"cfeditorfr\" \/>\n\t<meta name=\"twitter:label2\" content=\"Dur\u00e9e de lecture estim\u00e9e\" \/>\n\t<meta name=\"twitter:data2\" content=\"4 minutes\" \/>\n<script type=\"application\/ld+json\" class=\"yoast-schema-graph\">{\"@context\":\"https:\/\/schema.org\",\"@graph\":[{\"@type\":\"Article\",\"@id\":\"https:\/\/www.africa-press.net\/senegal\/politique\/2022-la-faillite-de-la-classe-politique-senegalaise-par-adama-ndiaye#article\",\"isPartOf\":{\"@id\":\"https:\/\/www.africa-press.net\/senegal\/politique\/2022-la-faillite-de-la-classe-politique-senegalaise-par-adama-ndiaye\"},\"author\":{\"name\":\"cfeditorfr\",\"@id\":\"https:\/\/www.africa-press.net\/senegal\/#\/schema\/person\/2b1cf3cd81a31e3cd26889ca66d677f1\"},\"headline\":\"2022, la faillite de la classe politique s\u00e9n\u00e9galaise (Par Adama NDIAYE)\",\"datePublished\":\"2022-12-30T20:01:23+00:00\",\"mainEntityOfPage\":{\"@id\":\"https:\/\/www.africa-press.net\/senegal\/politique\/2022-la-faillite-de-la-classe-politique-senegalaise-par-adama-ndiaye\"},\"wordCount\":808,\"commentCount\":0,\"image\":{\"@id\":\"https:\/\/www.africa-press.net\/senegal\/politique\/2022-la-faillite-de-la-classe-politique-senegalaise-par-adama-ndiaye#primaryimage\"},\"thumbnailUrl\":\"https:\/\/static.africa-press.net\/senegal\/sites\/13\/2022\/12\/postQueueImg_1672417932.03.jpg\",\"keywords\":[\"Africa Press\",\"Africa Press-Senegal\",\"Senegal\"],\"articleSection\":[\"Dossiers\",\"Toutes les actualit\u00e9s\"],\"inLanguage\":\"fr-FR\",\"potentialAction\":[{\"@type\":\"CommentAction\",\"name\":\"Comment\",\"target\":[\"https:\/\/www.africa-press.net\/senegal\/politique\/2022-la-faillite-de-la-classe-politique-senegalaise-par-adama-ndiaye#respond\"]}]},{\"@type\":\"WebPage\",\"@id\":\"https:\/\/www.africa-press.net\/senegal\/politique\/2022-la-faillite-de-la-classe-politique-senegalaise-par-adama-ndiaye\",\"url\":\"https:\/\/www.africa-press.net\/senegal\/politique\/2022-la-faillite-de-la-classe-politique-senegalaise-par-adama-ndiaye\",\"name\":\"2022, la faillite de la classe politique s\u00e9n\u00e9galaise (Par Adama NDIAYE) - Senegal\",\"isPartOf\":{\"@id\":\"https:\/\/www.africa-press.net\/senegal\/#website\"},\"primaryImageOfPage\":{\"@id\":\"https:\/\/www.africa-press.net\/senegal\/politique\/2022-la-faillite-de-la-classe-politique-senegalaise-par-adama-ndiaye#primaryimage\"},\"image\":{\"@id\":\"https:\/\/www.africa-press.net\/senegal\/politique\/2022-la-faillite-de-la-classe-politique-senegalaise-par-adama-ndiaye#primaryimage\"},\"thumbnailUrl\":\"https:\/\/static.africa-press.net\/senegal\/sites\/13\/2022\/12\/postQueueImg_1672417932.03.jpg\",\"datePublished\":\"2022-12-30T20:01:23+00:00\",\"author\":{\"@id\":\"https:\/\/www.africa-press.net\/senegal\/#\/schema\/person\/2b1cf3cd81a31e3cd26889ca66d677f1\"},\"breadcrumb\":{\"@id\":\"https:\/\/www.africa-press.net\/senegal\/politique\/2022-la-faillite-de-la-classe-politique-senegalaise-par-adama-ndiaye#breadcrumb\"},\"inLanguage\":\"fr-FR\",\"potentialAction\":[{\"@type\":\"ReadAction\",\"target\":[\"https:\/\/www.africa-press.net\/senegal\/politique\/2022-la-faillite-de-la-classe-politique-senegalaise-par-adama-ndiaye\"]}]},{\"@type\":\"ImageObject\",\"inLanguage\":\"fr-FR\",\"@id\":\"https:\/\/www.africa-press.net\/senegal\/politique\/2022-la-faillite-de-la-classe-politique-senegalaise-par-adama-ndiaye#primaryimage\",\"url\":\"https:\/\/static.africa-press.net\/senegal\/sites\/13\/2022\/12\/postQueueImg_1672417932.03.jpg\",\"contentUrl\":\"https:\/\/static.africa-press.net\/senegal\/sites\/13\/2022\/12\/postQueueImg_1672417932.03.jpg\",\"width\":720,\"height\":350,\"caption\":\"2022, la faillite de la classe politique s\u00e9n\u00e9galaise (Par Adama NDIAYE)\"},{\"@type\":\"BreadcrumbList\",\"@id\":\"https:\/\/www.africa-press.net\/senegal\/politique\/2022-la-faillite-de-la-classe-politique-senegalaise-par-adama-ndiaye#breadcrumb\",\"itemListElement\":[{\"@type\":\"ListItem\",\"position\":1,\"name\":\"Accueil\",\"item\":\"https:\/\/www.africa-press.net\/senegal\/\"},{\"@type\":\"ListItem\",\"position\":2,\"name\":\"2022, la faillite de la classe politique s\u00e9n\u00e9galaise (Par Adama NDIAYE)\"}]},{\"@type\":\"WebSite\",\"@id\":\"https:\/\/www.africa-press.net\/senegal\/#website\",\"url\":\"https:\/\/www.africa-press.net\/senegal\/\",\"name\":\"Africa Press | Senegal | Homepage\",\"description\":\"Just another Africa News Agency Sites site\",\"potentialAction\":[{\"@type\":\"SearchAction\",\"target\":{\"@type\":\"EntryPoint\",\"urlTemplate\":\"https:\/\/www.africa-press.net\/senegal\/?s={search_term_string}\"},\"query-input\":{\"@type\":\"PropertyValueSpecification\",\"valueRequired\":true,\"valueName\":\"search_term_string\"}}],\"inLanguage\":\"fr-FR\"},{\"@type\":\"Person\",\"@id\":\"https:\/\/www.africa-press.net\/senegal\/#\/schema\/person\/2b1cf3cd81a31e3cd26889ca66d677f1\",\"name\":\"cfeditorfr\",\"url\":\"https:\/\/www.africa-press.net\/senegal\/author\/cfeditorfr\"}]}<\/script>\n<!-- \/ Yoast SEO Premium plugin. -->","yoast_head_json":{"title":"2022, la faillite de la classe politique s\u00e9n\u00e9galaise (Par Adama NDIAYE) - Senegal","robots":{"index":"index","follow":"follow","max-snippet":"max-snippet:-1","max-image-preview":"max-image-preview:large","max-video-preview":"max-video-preview:-1"},"canonical":"https:\/\/www.africa-press.net\/senegal\/politique\/2022-la-faillite-de-la-classe-politique-senegalaise-par-adama-ndiaye","og_locale":"fr_FR","og_type":"article","og_title":"2022, la faillite de la classe politique s\u00e9n\u00e9galaise (Par Adama NDIAYE)","og_description":"Par Adama NDIAYE Africa-Press &#8211; Senegal. L\u2019anne\u0301e 2022 a e\u0301te\u0301 e\u0301panouissante voire me\u0302me magique pour beaucoup de citoyens se\u0301ne\u0301galais pris individuellement. Certains ont de\u0301croche\u0301 le job de leur re\u0302ve, d\u2019autres trouve\u0301 l\u2019amour d\u2019une vie, d\u2019autres encore ve\u0301cu des expe\u0301riences inoubliables, et voyage\u0301 dans des endroits inattendus. Nous avons tous eu, c\u0327a et la\u0300, nos moments [&hellip;]","og_url":"https:\/\/www.africa-press.net\/senegal\/politique\/2022-la-faillite-de-la-classe-politique-senegalaise-par-adama-ndiaye","og_site_name":"Senegal","article_published_time":"2022-12-30T20:01:23+00:00","author":"cfeditorfr","twitter_card":"summary_large_image","twitter_misc":{"\u00c9crit par":"cfeditorfr","Dur\u00e9e de lecture estim\u00e9e":"4 minutes"},"schema":{"@context":"https:\/\/schema.org","@graph":[{"@type":"Article","@id":"https:\/\/www.africa-press.net\/senegal\/politique\/2022-la-faillite-de-la-classe-politique-senegalaise-par-adama-ndiaye#article","isPartOf":{"@id":"https:\/\/www.africa-press.net\/senegal\/politique\/2022-la-faillite-de-la-classe-politique-senegalaise-par-adama-ndiaye"},"author":{"name":"cfeditorfr","@id":"https:\/\/www.africa-press.net\/senegal\/#\/schema\/person\/2b1cf3cd81a31e3cd26889ca66d677f1"},"headline":"2022, la faillite de la classe politique s\u00e9n\u00e9galaise (Par Adama NDIAYE)","datePublished":"2022-12-30T20:01:23+00:00","mainEntityOfPage":{"@id":"https:\/\/www.africa-press.net\/senegal\/politique\/2022-la-faillite-de-la-classe-politique-senegalaise-par-adama-ndiaye"},"wordCount":808,"commentCount":0,"image":{"@id":"https:\/\/www.africa-press.net\/senegal\/politique\/2022-la-faillite-de-la-classe-politique-senegalaise-par-adama-ndiaye#primaryimage"},"thumbnailUrl":"https:\/\/static.africa-press.net\/senegal\/sites\/13\/2022\/12\/postQueueImg_1672417932.03.jpg","keywords":["Africa Press","Africa Press-Senegal","Senegal"],"articleSection":["Dossiers","Toutes les actualit\u00e9s"],"inLanguage":"fr-FR","potentialAction":[{"@type":"CommentAction","name":"Comment","target":["https:\/\/www.africa-press.net\/senegal\/politique\/2022-la-faillite-de-la-classe-politique-senegalaise-par-adama-ndiaye#respond"]}]},{"@type":"WebPage","@id":"https:\/\/www.africa-press.net\/senegal\/politique\/2022-la-faillite-de-la-classe-politique-senegalaise-par-adama-ndiaye","url":"https:\/\/www.africa-press.net\/senegal\/politique\/2022-la-faillite-de-la-classe-politique-senegalaise-par-adama-ndiaye","name":"2022, la faillite de la classe politique s\u00e9n\u00e9galaise (Par Adama NDIAYE) - Senegal","isPartOf":{"@id":"https:\/\/www.africa-press.net\/senegal\/#website"},"primaryImageOfPage":{"@id":"https:\/\/www.africa-press.net\/senegal\/politique\/2022-la-faillite-de-la-classe-politique-senegalaise-par-adama-ndiaye#primaryimage"},"image":{"@id":"https:\/\/www.africa-press.net\/senegal\/politique\/2022-la-faillite-de-la-classe-politique-senegalaise-par-adama-ndiaye#primaryimage"},"thumbnailUrl":"https:\/\/static.africa-press.net\/senegal\/sites\/13\/2022\/12\/postQueueImg_1672417932.03.jpg","datePublished":"2022-12-30T20:01:23+00:00","author":{"@id":"https:\/\/www.africa-press.net\/senegal\/#\/schema\/person\/2b1cf3cd81a31e3cd26889ca66d677f1"},"breadcrumb":{"@id":"https:\/\/www.africa-press.net\/senegal\/politique\/2022-la-faillite-de-la-classe-politique-senegalaise-par-adama-ndiaye#breadcrumb"},"inLanguage":"fr-FR","potentialAction":[{"@type":"ReadAction","target":["https:\/\/www.africa-press.net\/senegal\/politique\/2022-la-faillite-de-la-classe-politique-senegalaise-par-adama-ndiaye"]}]},{"@type":"ImageObject","inLanguage":"fr-FR","@id":"https:\/\/www.africa-press.net\/senegal\/politique\/2022-la-faillite-de-la-classe-politique-senegalaise-par-adama-ndiaye#primaryimage","url":"https:\/\/static.africa-press.net\/senegal\/sites\/13\/2022\/12\/postQueueImg_1672417932.03.jpg","contentUrl":"https:\/\/static.africa-press.net\/senegal\/sites\/13\/2022\/12\/postQueueImg_1672417932.03.jpg","width":720,"height":350,"caption":"2022, la faillite de la classe politique s\u00e9n\u00e9galaise (Par Adama NDIAYE)"},{"@type":"BreadcrumbList","@id":"https:\/\/www.africa-press.net\/senegal\/politique\/2022-la-faillite-de-la-classe-politique-senegalaise-par-adama-ndiaye#breadcrumb","itemListElement":[{"@type":"ListItem","position":1,"name":"Accueil","item":"https:\/\/www.africa-press.net\/senegal\/"},{"@type":"ListItem","position":2,"name":"2022, la faillite de la classe politique s\u00e9n\u00e9galaise (Par Adama NDIAYE)"}]},{"@type":"WebSite","@id":"https:\/\/www.africa-press.net\/senegal\/#website","url":"https:\/\/www.africa-press.net\/senegal\/","name":"Africa Press | Senegal | Homepage","description":"Just another Africa News Agency Sites site","potentialAction":[{"@type":"SearchAction","target":{"@type":"EntryPoint","urlTemplate":"https:\/\/www.africa-press.net\/senegal\/?s={search_term_string}"},"query-input":{"@type":"PropertyValueSpecification","valueRequired":true,"valueName":"search_term_string"}}],"inLanguage":"fr-FR"},{"@type":"Person","@id":"https:\/\/www.africa-press.net\/senegal\/#\/schema\/person\/2b1cf3cd81a31e3cd26889ca66d677f1","name":"cfeditorfr","url":"https:\/\/www.africa-press.net\/senegal\/author\/cfeditorfr"}]}},"_links":{"self":[{"href":"https:\/\/www.africa-press.net\/senegal\/wp-json\/wp\/v2\/posts\/37404","targetHints":{"allow":["GET"]}}],"collection":[{"href":"https:\/\/www.africa-press.net\/senegal\/wp-json\/wp\/v2\/posts"}],"about":[{"href":"https:\/\/www.africa-press.net\/senegal\/wp-json\/wp\/v2\/types\/post"}],"author":[{"embeddable":true,"href":"https:\/\/www.africa-press.net\/senegal\/wp-json\/wp\/v2\/users\/82"}],"replies":[{"embeddable":true,"href":"https:\/\/www.africa-press.net\/senegal\/wp-json\/wp\/v2\/comments?post=37404"}],"version-history":[{"count":0,"href":"https:\/\/www.africa-press.net\/senegal\/wp-json\/wp\/v2\/posts\/37404\/revisions"}],"wp:featuredmedia":[{"embeddable":true,"href":"https:\/\/www.africa-press.net\/senegal\/wp-json\/wp\/v2\/media\/37403"}],"wp:attachment":[{"href":"https:\/\/www.africa-press.net\/senegal\/wp-json\/wp\/v2\/media?parent=37404"}],"wp:term":[{"taxonomy":"category","embeddable":true,"href":"https:\/\/www.africa-press.net\/senegal\/wp-json\/wp\/v2\/categories?post=37404"},{"taxonomy":"post_tag","embeddable":true,"href":"https:\/\/www.africa-press.net\/senegal\/wp-json\/wp\/v2\/tags?post=37404"}],"curies":[{"name":"wp","href":"https:\/\/api.w.org\/{rel}","templated":true}]}}