{"id":37406,"date":"2022-12-30T20:02:35","date_gmt":"2022-12-30T20:02:35","guid":{"rendered":"https:\/\/www.africa-press.net\/senegal\/politique\/rapport-cour-des-comptes-amadou-ba-entre-en-scene"},"modified":"2022-12-30T20:02:35","modified_gmt":"2022-12-30T20:02:35","slug":"rapport-cour-des-comptes-amadou-ba-entre-en-scene","status":"publish","type":"post","link":"https:\/\/www.africa-press.net\/senegal\/politique\/rapport-cour-des-comptes-amadou-ba-entre-en-scene","title":{"rendered":"Rapport Cour des comptes : Amadou BA entre en sc\u00e8ne"},"content":{"rendered":"<p><span style=\"color: #ff6600\"><strong>Africa-Press &#8211; Senegal. <\/strong><\/span>La mission de\u0301minage se poursuit. Apre\u0300s les e\u0301le\u0301ments de re\u0301ponse fournis par le gouvernement lors d\u2019une rencontre pre\u0301side\u0301e par le ministre des Finances, Mamadou Moustapha BA, la ministre des Affaires e\u0301trange\u0300res, Me Ai\u0308ssata Tall Sall avait la lourde ta\u0302che d\u2019aller s\u2019expliquer aupre\u0300s des partenaires, des diplomates accre\u0301dite\u0301s a\u0300 Dakar, afin de les convaincre de la \u00ab transparence \u00bb du gouvernement suite a\u0300 la publication du rapport de la Cour des comptes sur la gestion des Fonds de la Force Covid, assorti de douze demandes d\u2019ouverture d\u2019une information judiciaire contre des agents suspecte\u0301s de de\u0301tournement de l\u2019argent public.<\/p>\n<p>Des organisations de la socie\u0301te\u0301 civile telles que ONG 3D, Y\u2019en a marre, Africa Jom Center, Frapp ont fini de sonner la mobilisation pour un rassemblement pre\u0301vu ce vendredi 30 De\u0301cembre a\u0300 15 heures, avec comme slogan \u00ab\u00a0Sunuy milliards du rees\u00a0\u00bb, pour exiger des poursuites.<\/p>\n<p>\u00ab Plusieurs Se\u0301ne\u0301galais ont perdu la vie a\u0300 cause de l&rsquo;insuffisance de mate\u0301riel durant la pe\u0301riode de pande\u0301mie, au moment ou\u0300, d\u2019autres se permettaient de de\u0301tourner les fonds de\u0301die\u0301s a\u0300 la lutte, ce qui est inadmissible \u00bb, avait tonne\u0301 Aliou Sane\u0301, du Mouvement Y\u2019en a marre, lors du point de presse.<\/p>\n<p>Le Premier ministre Amadou BA entre en sce\u0300ne pour tenter de de\u0301samorcer la bombe. Selon LeQuotidien, le chef du gouvernement va recevoir la socie\u0301te\u0301 civile mardi prochain, 3 janvier 2023, pour une se\u0301ance d\u2019explications. Ce, avant de continuer avec les partenaires techniques et financiers.<\/p>\n<p><strong>Pour plus d&rsquo;informations et d&rsquo;analyses sur la <a href=\"https:\/\/www.africa-press.net\/senegal\">Senegal<\/a>, suivez <a href=\"https:\/\/www.africa-press.net\/\">Africa-Press<\/a><\/strong><\/p>\n","protected":false},"excerpt":{"rendered":"<p>Africa-Press &#8211; Senegal. La mission de\u0301minage se poursuit. Apre\u0300s les e\u0301le\u0301ments de re\u0301ponse fournis par le gouvernement lors d\u2019une rencontre pre\u0301side\u0301e par le ministre des Finances, Mamadou Moustapha BA, la ministre des Affaires e\u0301trange\u0300res, Me Ai\u0308ssata Tall Sall avait la lourde ta\u0302che d\u2019aller s\u2019expliquer aupre\u0300s des partenaires, des diplomates accre\u0301dite\u0301s a\u0300 Dakar, afin de les [&hellip;]<\/p>\n","protected":false},"author":82,"featured_media":37405,"comment_status":"open","ping_status":"closed","sticky":false,"template":"","format":"standard","meta":{"footnotes":""},"categories":[2,20,10],"tags":[43,47,44],"class_list":["post-37406","post","type-post","status-publish","format-standard","has-post-thumbnail","hentry","category-politique","category-top-nouvelles","category-toutes-les-actualites","tag-africa-press-2","tag-africa-press-senegal","tag-senegal-2"],"yoast_head":"<!-- This site is optimized with the Yoast SEO Premium plugin v26.1 (Yoast SEO v27.0) - https:\/\/yoast.com\/product\/yoast-seo-premium-wordpress\/ -->\n<title>Rapport Cour des comptes : Amadou BA entre en sc\u00e8ne - Senegal<\/title>\n<meta name=\"robots\" content=\"index, follow, max-snippet:-1, max-image-preview:large, max-video-preview:-1\" \/>\n<link rel=\"canonical\" href=\"https:\/\/www.africa-press.net\/senegal\/politique\/rapport-cour-des-comptes-amadou-ba-entre-en-scene\" \/>\n<meta property=\"og:locale\" content=\"fr_FR\" \/>\n<meta property=\"og:type\" content=\"article\" \/>\n<meta property=\"og:title\" content=\"Rapport Cour des comptes : Amadou BA entre en sc\u00e8ne\" \/>\n<meta property=\"og:description\" content=\"Africa-Press &#8211; Senegal. La mission de\u0301minage se poursuit. Apre\u0300s les e\u0301le\u0301ments de re\u0301ponse fournis par le gouvernement lors d\u2019une rencontre pre\u0301side\u0301e par le ministre des Finances, Mamadou Moustapha BA, la ministre des Affaires e\u0301trange\u0300res, Me Ai\u0308ssata Tall Sall avait la lourde ta\u0302che d\u2019aller s\u2019expliquer aupre\u0300s des partenaires, des diplomates accre\u0301dite\u0301s a\u0300 Dakar, afin de les [&hellip;]\" \/>\n<meta property=\"og:url\" content=\"https:\/\/www.africa-press.net\/senegal\/politique\/rapport-cour-des-comptes-amadou-ba-entre-en-scene\" \/>\n<meta property=\"og:site_name\" content=\"Senegal\" \/>\n<meta property=\"article:published_time\" content=\"2022-12-30T20:02:35+00:00\" \/>\n<meta name=\"author\" content=\"cfeditorfr\" \/>\n<meta name=\"twitter:card\" content=\"summary_large_image\" \/>\n<meta name=\"twitter:label1\" content=\"\u00c9crit par\" \/>\n\t<meta name=\"twitter:data1\" content=\"cfeditorfr\" \/>\n\t<meta name=\"twitter:label2\" content=\"Dur\u00e9e de lecture estim\u00e9e\" \/>\n\t<meta name=\"twitter:data2\" content=\"1 minute\" \/>\n<script type=\"application\/ld+json\" class=\"yoast-schema-graph\">{\"@context\":\"https:\/\/schema.org\",\"@graph\":[{\"@type\":\"Article\",\"@id\":\"https:\/\/www.africa-press.net\/senegal\/politique\/rapport-cour-des-comptes-amadou-ba-entre-en-scene#article\",\"isPartOf\":{\"@id\":\"https:\/\/www.africa-press.net\/senegal\/politique\/rapport-cour-des-comptes-amadou-ba-entre-en-scene\"},\"author\":{\"name\":\"cfeditorfr\",\"@id\":\"https:\/\/www.africa-press.net\/senegal\/#\/schema\/person\/2b1cf3cd81a31e3cd26889ca66d677f1\"},\"headline\":\"Rapport Cour des comptes : Amadou BA entre en sc\u00e8ne\",\"datePublished\":\"2022-12-30T20:02:35+00:00\",\"mainEntityOfPage\":{\"@id\":\"https:\/\/www.africa-press.net\/senegal\/politique\/rapport-cour-des-comptes-amadou-ba-entre-en-scene\"},\"wordCount\":296,\"commentCount\":0,\"image\":{\"@id\":\"https:\/\/www.africa-press.net\/senegal\/politique\/rapport-cour-des-comptes-amadou-ba-entre-en-scene#primaryimage\"},\"thumbnailUrl\":\"https:\/\/static.africa-press.net\/senegal\/sites\/13\/2022\/12\/postQueueImg_1672417971.22.jpg\",\"keywords\":[\"Africa Press\",\"Africa Press-Senegal\",\"Senegal\"],\"articleSection\":[\"Politique\",\"Top Nouvelles\",\"Toutes les actualit\u00e9s\"],\"inLanguage\":\"fr-FR\",\"potentialAction\":[{\"@type\":\"CommentAction\",\"name\":\"Comment\",\"target\":[\"https:\/\/www.africa-press.net\/senegal\/politique\/rapport-cour-des-comptes-amadou-ba-entre-en-scene#respond\"]}]},{\"@type\":\"WebPage\",\"@id\":\"https:\/\/www.africa-press.net\/senegal\/politique\/rapport-cour-des-comptes-amadou-ba-entre-en-scene\",\"url\":\"https:\/\/www.africa-press.net\/senegal\/politique\/rapport-cour-des-comptes-amadou-ba-entre-en-scene\",\"name\":\"Rapport Cour des comptes : Amadou BA entre en sc\u00e8ne - Senegal\",\"isPartOf\":{\"@id\":\"https:\/\/www.africa-press.net\/senegal\/#website\"},\"primaryImageOfPage\":{\"@id\":\"https:\/\/www.africa-press.net\/senegal\/politique\/rapport-cour-des-comptes-amadou-ba-entre-en-scene#primaryimage\"},\"image\":{\"@id\":\"https:\/\/www.africa-press.net\/senegal\/politique\/rapport-cour-des-comptes-amadou-ba-entre-en-scene#primaryimage\"},\"thumbnailUrl\":\"https:\/\/static.africa-press.net\/senegal\/sites\/13\/2022\/12\/postQueueImg_1672417971.22.jpg\",\"datePublished\":\"2022-12-30T20:02:35+00:00\",\"author\":{\"@id\":\"https:\/\/www.africa-press.net\/senegal\/#\/schema\/person\/2b1cf3cd81a31e3cd26889ca66d677f1\"},\"breadcrumb\":{\"@id\":\"https:\/\/www.africa-press.net\/senegal\/politique\/rapport-cour-des-comptes-amadou-ba-entre-en-scene#breadcrumb\"},\"inLanguage\":\"fr-FR\",\"potentialAction\":[{\"@type\":\"ReadAction\",\"target\":[\"https:\/\/www.africa-press.net\/senegal\/politique\/rapport-cour-des-comptes-amadou-ba-entre-en-scene\"]}]},{\"@type\":\"ImageObject\",\"inLanguage\":\"fr-FR\",\"@id\":\"https:\/\/www.africa-press.net\/senegal\/politique\/rapport-cour-des-comptes-amadou-ba-entre-en-scene#primaryimage\",\"url\":\"https:\/\/static.africa-press.net\/senegal\/sites\/13\/2022\/12\/postQueueImg_1672417971.22.jpg\",\"contentUrl\":\"https:\/\/static.africa-press.net\/senegal\/sites\/13\/2022\/12\/postQueueImg_1672417971.22.jpg\",\"width\":720,\"height\":350,\"caption\":\"Rapport Cour des comptes : Amadou BA entre en sc\u00e8ne\"},{\"@type\":\"BreadcrumbList\",\"@id\":\"https:\/\/www.africa-press.net\/senegal\/politique\/rapport-cour-des-comptes-amadou-ba-entre-en-scene#breadcrumb\",\"itemListElement\":[{\"@type\":\"ListItem\",\"position\":1,\"name\":\"Accueil\",\"item\":\"https:\/\/www.africa-press.net\/senegal\/\"},{\"@type\":\"ListItem\",\"position\":2,\"name\":\"Rapport Cour des comptes : Amadou BA entre en sc\u00e8ne\"}]},{\"@type\":\"WebSite\",\"@id\":\"https:\/\/www.africa-press.net\/senegal\/#website\",\"url\":\"https:\/\/www.africa-press.net\/senegal\/\",\"name\":\"Africa Press | Senegal | Homepage\",\"description\":\"Just another Africa News Agency Sites site\",\"potentialAction\":[{\"@type\":\"SearchAction\",\"target\":{\"@type\":\"EntryPoint\",\"urlTemplate\":\"https:\/\/www.africa-press.net\/senegal\/?s={search_term_string}\"},\"query-input\":{\"@type\":\"PropertyValueSpecification\",\"valueRequired\":true,\"valueName\":\"search_term_string\"}}],\"inLanguage\":\"fr-FR\"},{\"@type\":\"Person\",\"@id\":\"https:\/\/www.africa-press.net\/senegal\/#\/schema\/person\/2b1cf3cd81a31e3cd26889ca66d677f1\",\"name\":\"cfeditorfr\",\"url\":\"https:\/\/www.africa-press.net\/senegal\/author\/cfeditorfr\"}]}<\/script>\n<!-- \/ Yoast SEO Premium plugin. -->","yoast_head_json":{"title":"Rapport Cour des comptes : Amadou BA entre en sc\u00e8ne - Senegal","robots":{"index":"index","follow":"follow","max-snippet":"max-snippet:-1","max-image-preview":"max-image-preview:large","max-video-preview":"max-video-preview:-1"},"canonical":"https:\/\/www.africa-press.net\/senegal\/politique\/rapport-cour-des-comptes-amadou-ba-entre-en-scene","og_locale":"fr_FR","og_type":"article","og_title":"Rapport Cour des comptes : Amadou BA entre en sc\u00e8ne","og_description":"Africa-Press &#8211; Senegal. La mission de\u0301minage se poursuit. Apre\u0300s les e\u0301le\u0301ments de re\u0301ponse fournis par le gouvernement lors d\u2019une rencontre pre\u0301side\u0301e par le ministre des Finances, Mamadou Moustapha BA, la ministre des Affaires e\u0301trange\u0300res, Me Ai\u0308ssata Tall Sall avait la lourde ta\u0302che d\u2019aller s\u2019expliquer aupre\u0300s des partenaires, des diplomates accre\u0301dite\u0301s a\u0300 Dakar, afin de les [&hellip;]","og_url":"https:\/\/www.africa-press.net\/senegal\/politique\/rapport-cour-des-comptes-amadou-ba-entre-en-scene","og_site_name":"Senegal","article_published_time":"2022-12-30T20:02:35+00:00","author":"cfeditorfr","twitter_card":"summary_large_image","twitter_misc":{"\u00c9crit par":"cfeditorfr","Dur\u00e9e de lecture estim\u00e9e":"1 minute"},"schema":{"@context":"https:\/\/schema.org","@graph":[{"@type":"Article","@id":"https:\/\/www.africa-press.net\/senegal\/politique\/rapport-cour-des-comptes-amadou-ba-entre-en-scene#article","isPartOf":{"@id":"https:\/\/www.africa-press.net\/senegal\/politique\/rapport-cour-des-comptes-amadou-ba-entre-en-scene"},"author":{"name":"cfeditorfr","@id":"https:\/\/www.africa-press.net\/senegal\/#\/schema\/person\/2b1cf3cd81a31e3cd26889ca66d677f1"},"headline":"Rapport Cour des comptes : Amadou BA entre en sc\u00e8ne","datePublished":"2022-12-30T20:02:35+00:00","mainEntityOfPage":{"@id":"https:\/\/www.africa-press.net\/senegal\/politique\/rapport-cour-des-comptes-amadou-ba-entre-en-scene"},"wordCount":296,"commentCount":0,"image":{"@id":"https:\/\/www.africa-press.net\/senegal\/politique\/rapport-cour-des-comptes-amadou-ba-entre-en-scene#primaryimage"},"thumbnailUrl":"https:\/\/static.africa-press.net\/senegal\/sites\/13\/2022\/12\/postQueueImg_1672417971.22.jpg","keywords":["Africa Press","Africa Press-Senegal","Senegal"],"articleSection":["Politique","Top Nouvelles","Toutes les actualit\u00e9s"],"inLanguage":"fr-FR","potentialAction":[{"@type":"CommentAction","name":"Comment","target":["https:\/\/www.africa-press.net\/senegal\/politique\/rapport-cour-des-comptes-amadou-ba-entre-en-scene#respond"]}]},{"@type":"WebPage","@id":"https:\/\/www.africa-press.net\/senegal\/politique\/rapport-cour-des-comptes-amadou-ba-entre-en-scene","url":"https:\/\/www.africa-press.net\/senegal\/politique\/rapport-cour-des-comptes-amadou-ba-entre-en-scene","name":"Rapport Cour des comptes : Amadou BA entre en sc\u00e8ne - Senegal","isPartOf":{"@id":"https:\/\/www.africa-press.net\/senegal\/#website"},"primaryImageOfPage":{"@id":"https:\/\/www.africa-press.net\/senegal\/politique\/rapport-cour-des-comptes-amadou-ba-entre-en-scene#primaryimage"},"image":{"@id":"https:\/\/www.africa-press.net\/senegal\/politique\/rapport-cour-des-comptes-amadou-ba-entre-en-scene#primaryimage"},"thumbnailUrl":"https:\/\/static.africa-press.net\/senegal\/sites\/13\/2022\/12\/postQueueImg_1672417971.22.jpg","datePublished":"2022-12-30T20:02:35+00:00","author":{"@id":"https:\/\/www.africa-press.net\/senegal\/#\/schema\/person\/2b1cf3cd81a31e3cd26889ca66d677f1"},"breadcrumb":{"@id":"https:\/\/www.africa-press.net\/senegal\/politique\/rapport-cour-des-comptes-amadou-ba-entre-en-scene#breadcrumb"},"inLanguage":"fr-FR","potentialAction":[{"@type":"ReadAction","target":["https:\/\/www.africa-press.net\/senegal\/politique\/rapport-cour-des-comptes-amadou-ba-entre-en-scene"]}]},{"@type":"ImageObject","inLanguage":"fr-FR","@id":"https:\/\/www.africa-press.net\/senegal\/politique\/rapport-cour-des-comptes-amadou-ba-entre-en-scene#primaryimage","url":"https:\/\/static.africa-press.net\/senegal\/sites\/13\/2022\/12\/postQueueImg_1672417971.22.jpg","contentUrl":"https:\/\/static.africa-press.net\/senegal\/sites\/13\/2022\/12\/postQueueImg_1672417971.22.jpg","width":720,"height":350,"caption":"Rapport Cour des comptes : Amadou BA entre en sc\u00e8ne"},{"@type":"BreadcrumbList","@id":"https:\/\/www.africa-press.net\/senegal\/politique\/rapport-cour-des-comptes-amadou-ba-entre-en-scene#breadcrumb","itemListElement":[{"@type":"ListItem","position":1,"name":"Accueil","item":"https:\/\/www.africa-press.net\/senegal\/"},{"@type":"ListItem","position":2,"name":"Rapport Cour des comptes : Amadou BA entre en sc\u00e8ne"}]},{"@type":"WebSite","@id":"https:\/\/www.africa-press.net\/senegal\/#website","url":"https:\/\/www.africa-press.net\/senegal\/","name":"Africa Press | Senegal | Homepage","description":"Just another Africa News Agency Sites site","potentialAction":[{"@type":"SearchAction","target":{"@type":"EntryPoint","urlTemplate":"https:\/\/www.africa-press.net\/senegal\/?s={search_term_string}"},"query-input":{"@type":"PropertyValueSpecification","valueRequired":true,"valueName":"search_term_string"}}],"inLanguage":"fr-FR"},{"@type":"Person","@id":"https:\/\/www.africa-press.net\/senegal\/#\/schema\/person\/2b1cf3cd81a31e3cd26889ca66d677f1","name":"cfeditorfr","url":"https:\/\/www.africa-press.net\/senegal\/author\/cfeditorfr"}]}},"_links":{"self":[{"href":"https:\/\/www.africa-press.net\/senegal\/wp-json\/wp\/v2\/posts\/37406","targetHints":{"allow":["GET"]}}],"collection":[{"href":"https:\/\/www.africa-press.net\/senegal\/wp-json\/wp\/v2\/posts"}],"about":[{"href":"https:\/\/www.africa-press.net\/senegal\/wp-json\/wp\/v2\/types\/post"}],"author":[{"embeddable":true,"href":"https:\/\/www.africa-press.net\/senegal\/wp-json\/wp\/v2\/users\/82"}],"replies":[{"embeddable":true,"href":"https:\/\/www.africa-press.net\/senegal\/wp-json\/wp\/v2\/comments?post=37406"}],"version-history":[{"count":0,"href":"https:\/\/www.africa-press.net\/senegal\/wp-json\/wp\/v2\/posts\/37406\/revisions"}],"wp:featuredmedia":[{"embeddable":true,"href":"https:\/\/www.africa-press.net\/senegal\/wp-json\/wp\/v2\/media\/37405"}],"wp:attachment":[{"href":"https:\/\/www.africa-press.net\/senegal\/wp-json\/wp\/v2\/media?parent=37406"}],"wp:term":[{"taxonomy":"category","embeddable":true,"href":"https:\/\/www.africa-press.net\/senegal\/wp-json\/wp\/v2\/categories?post=37406"},{"taxonomy":"post_tag","embeddable":true,"href":"https:\/\/www.africa-press.net\/senegal\/wp-json\/wp\/v2\/tags?post=37406"}],"curies":[{"name":"wp","href":"https:\/\/api.w.org\/{rel}","templated":true}]}}