{"id":37411,"date":"2022-12-30T20:04:53","date_gmt":"2022-12-30T20:04:53","guid":{"rendered":"https:\/\/www.africa-press.net\/senegal\/politique\/assassinat-de-omar-lamine-badji-16-ans-apres-la-famille-toujours-engagee-pour-leclatement-de-la-verite"},"modified":"2022-12-30T20:04:53","modified_gmt":"2022-12-30T20:04:53","slug":"assassinat-de-omar-lamine-badji-16-ans-apres-la-famille-toujours-engagee-pour-leclatement-de-la-verite","status":"publish","type":"post","link":"https:\/\/www.africa-press.net\/senegal\/politique\/assassinat-de-omar-lamine-badji-16-ans-apres-la-famille-toujours-engagee-pour-leclatement-de-la-verite","title":{"rendered":"Assassinat de Omar Lamine Badji : 16 ans apr\u00e8s, la famille toujours engag\u00e9e pour l&rsquo;\u00e9clatement de la v\u00e9rit\u00e9"},"content":{"rendered":"<p><span style=\"color: #ff6600\"><strong>Africa-Press &#8211; Senegal. <\/strong><\/span>Le 30 de\u0301cembre 2006, Omar Lamine Badji a\u0300 l&rsquo;e\u0301poque pre\u0301sident du Conseil re\u0301gional de Ziguinchor a e\u0301te\u0301 assassine\u0301 dans son domicile a\u0300 Sindian, par un groupe d&rsquo;individus arme\u0301s, non identifie\u0301s. 16 ans apre\u0300s, sa famille affiche toujours son engouement a\u0300 ce que la ve\u0301rite\u0301 e\u0301clate et que les ve\u0301ritables auteurs ou commanditaires de cet assassinat soient traduits en justice.<\/p>\n<p>Selon Seydou Badji, porte-parole de la famille et coordonnateur de l&rsquo;anniversaire de l&rsquo;assassinat de Omar Lamine Badji, ils sont de\u0301c\u0327us (les membres de la famille ainsi que tous ceux qui suivent ce dossier et qui ne veulent pas que celui-ci soit range\u0301 aux oubliettes). Ces derniers joints par nos confre\u0300res de Zig FM, affirment que depuis cet e\u0301ve\u0300nement tragique, \u00ab\u00a0ce que fait la justice est tre\u0300s insuffisant. Les assises du 26 janvier 2015, ont e\u0301te\u0301 un simulacre de justice. Des gens juge\u0301s par contumace se prome\u0300nent encore. Certains qui ont e\u0301te\u0301 mis aux arre\u0302ts, libe\u0301re\u0301s sans que la famille soit informe\u0301e\u00a0\u00bb.<\/p>\n<p>Ainsi, le porte-parole de la famille demande a\u0300 ce que la justice se\u0301ne\u0301galaise arre\u0302te les mis en cause. Selon lui, l&rsquo;E\u0301tat par le truchement de ses de\u0301membrements passe outre les questions de justice pour vouloir re\u0301gler de\u0301finitivement et enterrer ce dossier de Omar Lamine Badji. Seydou Badji de pre\u0301ciser qu&rsquo;ils ne savent pas ce qui est re\u0301serve\u0301 a\u0300 ce dossier. La famille selon son porte-parole informe qu&rsquo;elle reste toujours dans cette dynamique de re\u0301clamer justice. Elle tient a\u0300 informer l\u2019opinion nationale comme internationale qu&rsquo;elle ne pense pas abandonner ce dossier. Et appelle l&rsquo;E\u0301tat a\u0300 les aider a\u0300 de\u0301passer cette e\u0301tape de deuil.<\/p>\n<p><strong>Pour plus d&rsquo;informations et d&rsquo;analyses sur la <a href=\"https:\/\/www.africa-press.net\/senegal\">Senegal<\/a>, suivez <a href=\"https:\/\/www.africa-press.net\/\">Africa-Press<\/a><\/strong><\/p>\n","protected":false},"excerpt":{"rendered":"<p>Africa-Press &#8211; Senegal. Le 30 de\u0301cembre 2006, Omar Lamine Badji a\u0300 l&rsquo;e\u0301poque pre\u0301sident du Conseil re\u0301gional de Ziguinchor a e\u0301te\u0301 assassine\u0301 dans son domicile a\u0300 Sindian, par un groupe d&rsquo;individus arme\u0301s, non identifie\u0301s. 16 ans apre\u0300s, sa famille affiche toujours son engouement a\u0300 ce que la ve\u0301rite\u0301 e\u0301clate et que les ve\u0301ritables auteurs ou commanditaires [&hellip;]<\/p>\n","protected":false},"author":82,"featured_media":37410,"comment_status":"open","ping_status":"closed","sticky":false,"template":"","format":"standard","meta":{"footnotes":""},"categories":[2,10],"tags":[43,47,44],"class_list":["post-37411","post","type-post","status-publish","format-standard","has-post-thumbnail","hentry","category-politique","category-toutes-les-actualites","tag-africa-press-2","tag-africa-press-senegal","tag-senegal-2"],"yoast_head":"<!-- This site is optimized with the Yoast SEO Premium plugin v26.1 (Yoast SEO v27.0) - https:\/\/yoast.com\/product\/yoast-seo-premium-wordpress\/ -->\n<title>Assassinat de Omar Lamine Badji : 16 ans apr\u00e8s, la famille toujours engag\u00e9e pour l&#039;\u00e9clatement de la v\u00e9rit\u00e9 - Senegal<\/title>\n<meta name=\"robots\" content=\"index, follow, max-snippet:-1, max-image-preview:large, max-video-preview:-1\" \/>\n<link rel=\"canonical\" href=\"https:\/\/www.africa-press.net\/senegal\/politique\/assassinat-de-omar-lamine-badji-16-ans-apres-la-famille-toujours-engagee-pour-leclatement-de-la-verite\" \/>\n<meta property=\"og:locale\" content=\"fr_FR\" \/>\n<meta property=\"og:type\" content=\"article\" \/>\n<meta property=\"og:title\" content=\"Assassinat de Omar Lamine Badji : 16 ans apr\u00e8s, la famille toujours engag\u00e9e pour l&#039;\u00e9clatement de la v\u00e9rit\u00e9\" \/>\n<meta property=\"og:description\" content=\"Africa-Press &#8211; Senegal. Le 30 de\u0301cembre 2006, Omar Lamine Badji a\u0300 l&rsquo;e\u0301poque pre\u0301sident du Conseil re\u0301gional de Ziguinchor a e\u0301te\u0301 assassine\u0301 dans son domicile a\u0300 Sindian, par un groupe d&rsquo;individus arme\u0301s, non identifie\u0301s. 16 ans apre\u0300s, sa famille affiche toujours son engouement a\u0300 ce que la ve\u0301rite\u0301 e\u0301clate et que les ve\u0301ritables auteurs ou commanditaires [&hellip;]\" \/>\n<meta property=\"og:url\" content=\"https:\/\/www.africa-press.net\/senegal\/politique\/assassinat-de-omar-lamine-badji-16-ans-apres-la-famille-toujours-engagee-pour-leclatement-de-la-verite\" \/>\n<meta property=\"og:site_name\" content=\"Senegal\" \/>\n<meta property=\"article:published_time\" content=\"2022-12-30T20:04:53+00:00\" \/>\n<meta name=\"author\" content=\"cfeditorfr\" \/>\n<meta name=\"twitter:card\" content=\"summary_large_image\" \/>\n<meta name=\"twitter:label1\" content=\"\u00c9crit par\" \/>\n\t<meta name=\"twitter:data1\" content=\"cfeditorfr\" \/>\n\t<meta name=\"twitter:label2\" content=\"Dur\u00e9e de lecture estim\u00e9e\" \/>\n\t<meta name=\"twitter:data2\" content=\"2 minutes\" \/>\n<script type=\"application\/ld+json\" class=\"yoast-schema-graph\">{\"@context\":\"https:\/\/schema.org\",\"@graph\":[{\"@type\":\"Article\",\"@id\":\"https:\/\/www.africa-press.net\/senegal\/politique\/assassinat-de-omar-lamine-badji-16-ans-apres-la-famille-toujours-engagee-pour-leclatement-de-la-verite#article\",\"isPartOf\":{\"@id\":\"https:\/\/www.africa-press.net\/senegal\/politique\/assassinat-de-omar-lamine-badji-16-ans-apres-la-famille-toujours-engagee-pour-leclatement-de-la-verite\"},\"author\":{\"name\":\"cfeditorfr\",\"@id\":\"https:\/\/www.africa-press.net\/senegal\/#\/schema\/person\/2b1cf3cd81a31e3cd26889ca66d677f1\"},\"headline\":\"Assassinat de Omar Lamine Badji : 16 ans apr\u00e8s, la famille toujours engag\u00e9e pour l&rsquo;\u00e9clatement de la v\u00e9rit\u00e9\",\"datePublished\":\"2022-12-30T20:04:53+00:00\",\"mainEntityOfPage\":{\"@id\":\"https:\/\/www.africa-press.net\/senegal\/politique\/assassinat-de-omar-lamine-badji-16-ans-apres-la-famille-toujours-engagee-pour-leclatement-de-la-verite\"},\"wordCount\":340,\"commentCount\":0,\"image\":{\"@id\":\"https:\/\/www.africa-press.net\/senegal\/politique\/assassinat-de-omar-lamine-badji-16-ans-apres-la-famille-toujours-engagee-pour-leclatement-de-la-verite#primaryimage\"},\"thumbnailUrl\":\"https:\/\/static.africa-press.net\/senegal\/sites\/13\/2022\/12\/postQueueImg_1672418100.35.jpg\",\"keywords\":[\"Africa Press\",\"Africa Press-Senegal\",\"Senegal\"],\"articleSection\":[\"Politique\",\"Toutes les actualit\u00e9s\"],\"inLanguage\":\"fr-FR\",\"potentialAction\":[{\"@type\":\"CommentAction\",\"name\":\"Comment\",\"target\":[\"https:\/\/www.africa-press.net\/senegal\/politique\/assassinat-de-omar-lamine-badji-16-ans-apres-la-famille-toujours-engagee-pour-leclatement-de-la-verite#respond\"]}]},{\"@type\":\"WebPage\",\"@id\":\"https:\/\/www.africa-press.net\/senegal\/politique\/assassinat-de-omar-lamine-badji-16-ans-apres-la-famille-toujours-engagee-pour-leclatement-de-la-verite\",\"url\":\"https:\/\/www.africa-press.net\/senegal\/politique\/assassinat-de-omar-lamine-badji-16-ans-apres-la-famille-toujours-engagee-pour-leclatement-de-la-verite\",\"name\":\"Assassinat de Omar Lamine Badji : 16 ans apr\u00e8s, la famille toujours engag\u00e9e pour l'\u00e9clatement de la v\u00e9rit\u00e9 - Senegal\",\"isPartOf\":{\"@id\":\"https:\/\/www.africa-press.net\/senegal\/#website\"},\"primaryImageOfPage\":{\"@id\":\"https:\/\/www.africa-press.net\/senegal\/politique\/assassinat-de-omar-lamine-badji-16-ans-apres-la-famille-toujours-engagee-pour-leclatement-de-la-verite#primaryimage\"},\"image\":{\"@id\":\"https:\/\/www.africa-press.net\/senegal\/politique\/assassinat-de-omar-lamine-badji-16-ans-apres-la-famille-toujours-engagee-pour-leclatement-de-la-verite#primaryimage\"},\"thumbnailUrl\":\"https:\/\/static.africa-press.net\/senegal\/sites\/13\/2022\/12\/postQueueImg_1672418100.35.jpg\",\"datePublished\":\"2022-12-30T20:04:53+00:00\",\"author\":{\"@id\":\"https:\/\/www.africa-press.net\/senegal\/#\/schema\/person\/2b1cf3cd81a31e3cd26889ca66d677f1\"},\"breadcrumb\":{\"@id\":\"https:\/\/www.africa-press.net\/senegal\/politique\/assassinat-de-omar-lamine-badji-16-ans-apres-la-famille-toujours-engagee-pour-leclatement-de-la-verite#breadcrumb\"},\"inLanguage\":\"fr-FR\",\"potentialAction\":[{\"@type\":\"ReadAction\",\"target\":[\"https:\/\/www.africa-press.net\/senegal\/politique\/assassinat-de-omar-lamine-badji-16-ans-apres-la-famille-toujours-engagee-pour-leclatement-de-la-verite\"]}]},{\"@type\":\"ImageObject\",\"inLanguage\":\"fr-FR\",\"@id\":\"https:\/\/www.africa-press.net\/senegal\/politique\/assassinat-de-omar-lamine-badji-16-ans-apres-la-famille-toujours-engagee-pour-leclatement-de-la-verite#primaryimage\",\"url\":\"https:\/\/static.africa-press.net\/senegal\/sites\/13\/2022\/12\/postQueueImg_1672418100.35.jpg\",\"contentUrl\":\"https:\/\/static.africa-press.net\/senegal\/sites\/13\/2022\/12\/postQueueImg_1672418100.35.jpg\",\"width\":720,\"height\":350,\"caption\":\"Assassinat de Omar Lamine Badji : 16 ans apr\u00e8s, la famille toujours engag\u00e9e pour l'\u00e9clatement de la v\u00e9rit\u00e9\"},{\"@type\":\"BreadcrumbList\",\"@id\":\"https:\/\/www.africa-press.net\/senegal\/politique\/assassinat-de-omar-lamine-badji-16-ans-apres-la-famille-toujours-engagee-pour-leclatement-de-la-verite#breadcrumb\",\"itemListElement\":[{\"@type\":\"ListItem\",\"position\":1,\"name\":\"Accueil\",\"item\":\"https:\/\/www.africa-press.net\/senegal\/\"},{\"@type\":\"ListItem\",\"position\":2,\"name\":\"Assassinat de Omar Lamine Badji : 16 ans apr\u00e8s, la famille toujours engag\u00e9e pour l&rsquo;\u00e9clatement de la v\u00e9rit\u00e9\"}]},{\"@type\":\"WebSite\",\"@id\":\"https:\/\/www.africa-press.net\/senegal\/#website\",\"url\":\"https:\/\/www.africa-press.net\/senegal\/\",\"name\":\"Africa Press | Senegal | Homepage\",\"description\":\"Just another Africa News Agency Sites site\",\"potentialAction\":[{\"@type\":\"SearchAction\",\"target\":{\"@type\":\"EntryPoint\",\"urlTemplate\":\"https:\/\/www.africa-press.net\/senegal\/?s={search_term_string}\"},\"query-input\":{\"@type\":\"PropertyValueSpecification\",\"valueRequired\":true,\"valueName\":\"search_term_string\"}}],\"inLanguage\":\"fr-FR\"},{\"@type\":\"Person\",\"@id\":\"https:\/\/www.africa-press.net\/senegal\/#\/schema\/person\/2b1cf3cd81a31e3cd26889ca66d677f1\",\"name\":\"cfeditorfr\",\"url\":\"https:\/\/www.africa-press.net\/senegal\/author\/cfeditorfr\"}]}<\/script>\n<!-- \/ Yoast SEO Premium plugin. -->","yoast_head_json":{"title":"Assassinat de Omar Lamine Badji : 16 ans apr\u00e8s, la famille toujours engag\u00e9e pour l'\u00e9clatement de la v\u00e9rit\u00e9 - Senegal","robots":{"index":"index","follow":"follow","max-snippet":"max-snippet:-1","max-image-preview":"max-image-preview:large","max-video-preview":"max-video-preview:-1"},"canonical":"https:\/\/www.africa-press.net\/senegal\/politique\/assassinat-de-omar-lamine-badji-16-ans-apres-la-famille-toujours-engagee-pour-leclatement-de-la-verite","og_locale":"fr_FR","og_type":"article","og_title":"Assassinat de Omar Lamine Badji : 16 ans apr\u00e8s, la famille toujours engag\u00e9e pour l'\u00e9clatement de la v\u00e9rit\u00e9","og_description":"Africa-Press &#8211; Senegal. Le 30 de\u0301cembre 2006, Omar Lamine Badji a\u0300 l&rsquo;e\u0301poque pre\u0301sident du Conseil re\u0301gional de Ziguinchor a e\u0301te\u0301 assassine\u0301 dans son domicile a\u0300 Sindian, par un groupe d&rsquo;individus arme\u0301s, non identifie\u0301s. 16 ans apre\u0300s, sa famille affiche toujours son engouement a\u0300 ce que la ve\u0301rite\u0301 e\u0301clate et que les ve\u0301ritables auteurs ou commanditaires [&hellip;]","og_url":"https:\/\/www.africa-press.net\/senegal\/politique\/assassinat-de-omar-lamine-badji-16-ans-apres-la-famille-toujours-engagee-pour-leclatement-de-la-verite","og_site_name":"Senegal","article_published_time":"2022-12-30T20:04:53+00:00","author":"cfeditorfr","twitter_card":"summary_large_image","twitter_misc":{"\u00c9crit par":"cfeditorfr","Dur\u00e9e de lecture estim\u00e9e":"2 minutes"},"schema":{"@context":"https:\/\/schema.org","@graph":[{"@type":"Article","@id":"https:\/\/www.africa-press.net\/senegal\/politique\/assassinat-de-omar-lamine-badji-16-ans-apres-la-famille-toujours-engagee-pour-leclatement-de-la-verite#article","isPartOf":{"@id":"https:\/\/www.africa-press.net\/senegal\/politique\/assassinat-de-omar-lamine-badji-16-ans-apres-la-famille-toujours-engagee-pour-leclatement-de-la-verite"},"author":{"name":"cfeditorfr","@id":"https:\/\/www.africa-press.net\/senegal\/#\/schema\/person\/2b1cf3cd81a31e3cd26889ca66d677f1"},"headline":"Assassinat de Omar Lamine Badji : 16 ans apr\u00e8s, la famille toujours engag\u00e9e pour l&rsquo;\u00e9clatement de la v\u00e9rit\u00e9","datePublished":"2022-12-30T20:04:53+00:00","mainEntityOfPage":{"@id":"https:\/\/www.africa-press.net\/senegal\/politique\/assassinat-de-omar-lamine-badji-16-ans-apres-la-famille-toujours-engagee-pour-leclatement-de-la-verite"},"wordCount":340,"commentCount":0,"image":{"@id":"https:\/\/www.africa-press.net\/senegal\/politique\/assassinat-de-omar-lamine-badji-16-ans-apres-la-famille-toujours-engagee-pour-leclatement-de-la-verite#primaryimage"},"thumbnailUrl":"https:\/\/static.africa-press.net\/senegal\/sites\/13\/2022\/12\/postQueueImg_1672418100.35.jpg","keywords":["Africa Press","Africa Press-Senegal","Senegal"],"articleSection":["Politique","Toutes les actualit\u00e9s"],"inLanguage":"fr-FR","potentialAction":[{"@type":"CommentAction","name":"Comment","target":["https:\/\/www.africa-press.net\/senegal\/politique\/assassinat-de-omar-lamine-badji-16-ans-apres-la-famille-toujours-engagee-pour-leclatement-de-la-verite#respond"]}]},{"@type":"WebPage","@id":"https:\/\/www.africa-press.net\/senegal\/politique\/assassinat-de-omar-lamine-badji-16-ans-apres-la-famille-toujours-engagee-pour-leclatement-de-la-verite","url":"https:\/\/www.africa-press.net\/senegal\/politique\/assassinat-de-omar-lamine-badji-16-ans-apres-la-famille-toujours-engagee-pour-leclatement-de-la-verite","name":"Assassinat de Omar Lamine Badji : 16 ans apr\u00e8s, la famille toujours engag\u00e9e pour l'\u00e9clatement de la v\u00e9rit\u00e9 - Senegal","isPartOf":{"@id":"https:\/\/www.africa-press.net\/senegal\/#website"},"primaryImageOfPage":{"@id":"https:\/\/www.africa-press.net\/senegal\/politique\/assassinat-de-omar-lamine-badji-16-ans-apres-la-famille-toujours-engagee-pour-leclatement-de-la-verite#primaryimage"},"image":{"@id":"https:\/\/www.africa-press.net\/senegal\/politique\/assassinat-de-omar-lamine-badji-16-ans-apres-la-famille-toujours-engagee-pour-leclatement-de-la-verite#primaryimage"},"thumbnailUrl":"https:\/\/static.africa-press.net\/senegal\/sites\/13\/2022\/12\/postQueueImg_1672418100.35.jpg","datePublished":"2022-12-30T20:04:53+00:00","author":{"@id":"https:\/\/www.africa-press.net\/senegal\/#\/schema\/person\/2b1cf3cd81a31e3cd26889ca66d677f1"},"breadcrumb":{"@id":"https:\/\/www.africa-press.net\/senegal\/politique\/assassinat-de-omar-lamine-badji-16-ans-apres-la-famille-toujours-engagee-pour-leclatement-de-la-verite#breadcrumb"},"inLanguage":"fr-FR","potentialAction":[{"@type":"ReadAction","target":["https:\/\/www.africa-press.net\/senegal\/politique\/assassinat-de-omar-lamine-badji-16-ans-apres-la-famille-toujours-engagee-pour-leclatement-de-la-verite"]}]},{"@type":"ImageObject","inLanguage":"fr-FR","@id":"https:\/\/www.africa-press.net\/senegal\/politique\/assassinat-de-omar-lamine-badji-16-ans-apres-la-famille-toujours-engagee-pour-leclatement-de-la-verite#primaryimage","url":"https:\/\/static.africa-press.net\/senegal\/sites\/13\/2022\/12\/postQueueImg_1672418100.35.jpg","contentUrl":"https:\/\/static.africa-press.net\/senegal\/sites\/13\/2022\/12\/postQueueImg_1672418100.35.jpg","width":720,"height":350,"caption":"Assassinat de Omar Lamine Badji : 16 ans apr\u00e8s, la famille toujours engag\u00e9e pour l'\u00e9clatement de la v\u00e9rit\u00e9"},{"@type":"BreadcrumbList","@id":"https:\/\/www.africa-press.net\/senegal\/politique\/assassinat-de-omar-lamine-badji-16-ans-apres-la-famille-toujours-engagee-pour-leclatement-de-la-verite#breadcrumb","itemListElement":[{"@type":"ListItem","position":1,"name":"Accueil","item":"https:\/\/www.africa-press.net\/senegal\/"},{"@type":"ListItem","position":2,"name":"Assassinat de Omar Lamine Badji : 16 ans apr\u00e8s, la famille toujours engag\u00e9e pour l&rsquo;\u00e9clatement de la v\u00e9rit\u00e9"}]},{"@type":"WebSite","@id":"https:\/\/www.africa-press.net\/senegal\/#website","url":"https:\/\/www.africa-press.net\/senegal\/","name":"Africa Press | Senegal | Homepage","description":"Just another Africa News Agency Sites site","potentialAction":[{"@type":"SearchAction","target":{"@type":"EntryPoint","urlTemplate":"https:\/\/www.africa-press.net\/senegal\/?s={search_term_string}"},"query-input":{"@type":"PropertyValueSpecification","valueRequired":true,"valueName":"search_term_string"}}],"inLanguage":"fr-FR"},{"@type":"Person","@id":"https:\/\/www.africa-press.net\/senegal\/#\/schema\/person\/2b1cf3cd81a31e3cd26889ca66d677f1","name":"cfeditorfr","url":"https:\/\/www.africa-press.net\/senegal\/author\/cfeditorfr"}]}},"_links":{"self":[{"href":"https:\/\/www.africa-press.net\/senegal\/wp-json\/wp\/v2\/posts\/37411","targetHints":{"allow":["GET"]}}],"collection":[{"href":"https:\/\/www.africa-press.net\/senegal\/wp-json\/wp\/v2\/posts"}],"about":[{"href":"https:\/\/www.africa-press.net\/senegal\/wp-json\/wp\/v2\/types\/post"}],"author":[{"embeddable":true,"href":"https:\/\/www.africa-press.net\/senegal\/wp-json\/wp\/v2\/users\/82"}],"replies":[{"embeddable":true,"href":"https:\/\/www.africa-press.net\/senegal\/wp-json\/wp\/v2\/comments?post=37411"}],"version-history":[{"count":0,"href":"https:\/\/www.africa-press.net\/senegal\/wp-json\/wp\/v2\/posts\/37411\/revisions"}],"wp:featuredmedia":[{"embeddable":true,"href":"https:\/\/www.africa-press.net\/senegal\/wp-json\/wp\/v2\/media\/37410"}],"wp:attachment":[{"href":"https:\/\/www.africa-press.net\/senegal\/wp-json\/wp\/v2\/media?parent=37411"}],"wp:term":[{"taxonomy":"category","embeddable":true,"href":"https:\/\/www.africa-press.net\/senegal\/wp-json\/wp\/v2\/categories?post=37411"},{"taxonomy":"post_tag","embeddable":true,"href":"https:\/\/www.africa-press.net\/senegal\/wp-json\/wp\/v2\/tags?post=37411"}],"curies":[{"name":"wp","href":"https:\/\/api.w.org\/{rel}","templated":true}]}}