{"id":37413,"date":"2022-12-30T20:05:14","date_gmt":"2022-12-30T20:05:14","guid":{"rendered":"https:\/\/www.africa-press.net\/senegal\/politique\/rassemblement-de-la-societe-civile-la-manifestation-autorisee"},"modified":"2022-12-30T20:05:14","modified_gmt":"2022-12-30T20:05:14","slug":"rassemblement-de-la-societe-civile-la-manifestation-autorisee","status":"publish","type":"post","link":"https:\/\/www.africa-press.net\/senegal\/politique\/rassemblement-de-la-societe-civile-la-manifestation-autorisee","title":{"rendered":"Rassemblement de la soci\u00e9t\u00e9 civile : La manifestation autoris\u00e9e"},"content":{"rendered":"<p><span style=\"color: #ff6600\"><strong>Africa-Press &#8211; Senegal. <\/strong><\/span>Le pre\u0301fet de Dakar Mor Talla Tine vient d&rsquo;autoriser le rassemblement de la socie\u0301te\u0301 civile. La de\u0301cision tombe juste apre\u0300s le point de presse des organisateurs appelant a\u0300 une large mobilisation. Ledit rassemblement va se tenir ce vendredi 30 de\u0301cembre a\u0300 la place de la Nation, a\u0300 partir de 15h.<\/p>\n<p>La socie\u0301te\u0301 civile entend e\u0301lever la voix pour re\u0301clamer des poursuites judiciaires apre\u0300s la publication du rapport de la Cour des Comptes sur la gestion des fonds COVID. Un rapport qui fait e\u0301tat de plusieurs malversations.<\/p>\n<p><strong>Pour plus d&rsquo;informations et d&rsquo;analyses sur la <a href=\"https:\/\/www.africa-press.net\/senegal\">Senegal<\/a>, suivez <a href=\"https:\/\/www.africa-press.net\/\">Africa-Press<\/a><\/strong><\/p>\n","protected":false},"excerpt":{"rendered":"<p>Africa-Press &#8211; Senegal. Le pre\u0301fet de Dakar Mor Talla Tine vient d&rsquo;autoriser le rassemblement de la socie\u0301te\u0301 civile. La de\u0301cision tombe juste apre\u0300s le point de presse des organisateurs appelant a\u0300 une large mobilisation. Ledit rassemblement va se tenir ce vendredi 30 de\u0301cembre a\u0300 la place de la Nation, a\u0300 partir de 15h. La socie\u0301te\u0301 [&hellip;]<\/p>\n","protected":false},"author":82,"featured_media":37412,"comment_status":"open","ping_status":"closed","sticky":false,"template":"","format":"standard","meta":{"footnotes":""},"categories":[2,20,10],"tags":[43,47,44],"class_list":["post-37413","post","type-post","status-publish","format-standard","has-post-thumbnail","hentry","category-politique","category-top-nouvelles","category-toutes-les-actualites","tag-africa-press-2","tag-africa-press-senegal","tag-senegal-2"],"yoast_head":"<!-- This site is optimized with the Yoast SEO Premium plugin v26.1 (Yoast SEO v27.0) - https:\/\/yoast.com\/product\/yoast-seo-premium-wordpress\/ -->\n<title>Rassemblement de la soci\u00e9t\u00e9 civile : La manifestation autoris\u00e9e - Senegal<\/title>\n<meta name=\"robots\" content=\"index, follow, max-snippet:-1, max-image-preview:large, max-video-preview:-1\" \/>\n<link rel=\"canonical\" href=\"https:\/\/www.africa-press.net\/senegal\/politique\/rassemblement-de-la-societe-civile-la-manifestation-autorisee\" \/>\n<meta property=\"og:locale\" content=\"fr_FR\" \/>\n<meta property=\"og:type\" content=\"article\" \/>\n<meta property=\"og:title\" content=\"Rassemblement de la soci\u00e9t\u00e9 civile : La manifestation autoris\u00e9e\" \/>\n<meta property=\"og:description\" content=\"Africa-Press &#8211; Senegal. Le pre\u0301fet de Dakar Mor Talla Tine vient d&rsquo;autoriser le rassemblement de la socie\u0301te\u0301 civile. La de\u0301cision tombe juste apre\u0300s le point de presse des organisateurs appelant a\u0300 une large mobilisation. Ledit rassemblement va se tenir ce vendredi 30 de\u0301cembre a\u0300 la place de la Nation, a\u0300 partir de 15h. La socie\u0301te\u0301 [&hellip;]\" \/>\n<meta property=\"og:url\" content=\"https:\/\/www.africa-press.net\/senegal\/politique\/rassemblement-de-la-societe-civile-la-manifestation-autorisee\" \/>\n<meta property=\"og:site_name\" content=\"Senegal\" \/>\n<meta property=\"article:published_time\" content=\"2022-12-30T20:05:14+00:00\" \/>\n<meta name=\"author\" content=\"cfeditorfr\" \/>\n<meta name=\"twitter:card\" content=\"summary_large_image\" \/>\n<meta name=\"twitter:label1\" content=\"\u00c9crit par\" \/>\n\t<meta name=\"twitter:data1\" content=\"cfeditorfr\" \/>\n\t<meta name=\"twitter:label2\" content=\"Dur\u00e9e de lecture estim\u00e9e\" \/>\n\t<meta name=\"twitter:data2\" content=\"1 minute\" \/>\n<script type=\"application\/ld+json\" class=\"yoast-schema-graph\">{\"@context\":\"https:\/\/schema.org\",\"@graph\":[{\"@type\":\"Article\",\"@id\":\"https:\/\/www.africa-press.net\/senegal\/politique\/rassemblement-de-la-societe-civile-la-manifestation-autorisee#article\",\"isPartOf\":{\"@id\":\"https:\/\/www.africa-press.net\/senegal\/politique\/rassemblement-de-la-societe-civile-la-manifestation-autorisee\"},\"author\":{\"name\":\"cfeditorfr\",\"@id\":\"https:\/\/www.africa-press.net\/senegal\/#\/schema\/person\/2b1cf3cd81a31e3cd26889ca66d677f1\"},\"headline\":\"Rassemblement de la soci\u00e9t\u00e9 civile : La manifestation autoris\u00e9e\",\"datePublished\":\"2022-12-30T20:05:14+00:00\",\"mainEntityOfPage\":{\"@id\":\"https:\/\/www.africa-press.net\/senegal\/politique\/rassemblement-de-la-societe-civile-la-manifestation-autorisee\"},\"wordCount\":121,\"commentCount\":0,\"image\":{\"@id\":\"https:\/\/www.africa-press.net\/senegal\/politique\/rassemblement-de-la-societe-civile-la-manifestation-autorisee#primaryimage\"},\"thumbnailUrl\":\"https:\/\/static.africa-press.net\/senegal\/sites\/13\/2022\/12\/postQueueImg_1672418121.19.jpg\",\"keywords\":[\"Africa Press\",\"Africa Press-Senegal\",\"Senegal\"],\"articleSection\":[\"Politique\",\"Top Nouvelles\",\"Toutes les actualit\u00e9s\"],\"inLanguage\":\"fr-FR\",\"potentialAction\":[{\"@type\":\"CommentAction\",\"name\":\"Comment\",\"target\":[\"https:\/\/www.africa-press.net\/senegal\/politique\/rassemblement-de-la-societe-civile-la-manifestation-autorisee#respond\"]}]},{\"@type\":\"WebPage\",\"@id\":\"https:\/\/www.africa-press.net\/senegal\/politique\/rassemblement-de-la-societe-civile-la-manifestation-autorisee\",\"url\":\"https:\/\/www.africa-press.net\/senegal\/politique\/rassemblement-de-la-societe-civile-la-manifestation-autorisee\",\"name\":\"Rassemblement de la soci\u00e9t\u00e9 civile : La manifestation autoris\u00e9e - Senegal\",\"isPartOf\":{\"@id\":\"https:\/\/www.africa-press.net\/senegal\/#website\"},\"primaryImageOfPage\":{\"@id\":\"https:\/\/www.africa-press.net\/senegal\/politique\/rassemblement-de-la-societe-civile-la-manifestation-autorisee#primaryimage\"},\"image\":{\"@id\":\"https:\/\/www.africa-press.net\/senegal\/politique\/rassemblement-de-la-societe-civile-la-manifestation-autorisee#primaryimage\"},\"thumbnailUrl\":\"https:\/\/static.africa-press.net\/senegal\/sites\/13\/2022\/12\/postQueueImg_1672418121.19.jpg\",\"datePublished\":\"2022-12-30T20:05:14+00:00\",\"author\":{\"@id\":\"https:\/\/www.africa-press.net\/senegal\/#\/schema\/person\/2b1cf3cd81a31e3cd26889ca66d677f1\"},\"breadcrumb\":{\"@id\":\"https:\/\/www.africa-press.net\/senegal\/politique\/rassemblement-de-la-societe-civile-la-manifestation-autorisee#breadcrumb\"},\"inLanguage\":\"fr-FR\",\"potentialAction\":[{\"@type\":\"ReadAction\",\"target\":[\"https:\/\/www.africa-press.net\/senegal\/politique\/rassemblement-de-la-societe-civile-la-manifestation-autorisee\"]}]},{\"@type\":\"ImageObject\",\"inLanguage\":\"fr-FR\",\"@id\":\"https:\/\/www.africa-press.net\/senegal\/politique\/rassemblement-de-la-societe-civile-la-manifestation-autorisee#primaryimage\",\"url\":\"https:\/\/static.africa-press.net\/senegal\/sites\/13\/2022\/12\/postQueueImg_1672418121.19.jpg\",\"contentUrl\":\"https:\/\/static.africa-press.net\/senegal\/sites\/13\/2022\/12\/postQueueImg_1672418121.19.jpg\",\"width\":720,\"height\":350,\"caption\":\"Rassemblement de la soci\u00e9t\u00e9 civile : La manifestation autoris\u00e9e\"},{\"@type\":\"BreadcrumbList\",\"@id\":\"https:\/\/www.africa-press.net\/senegal\/politique\/rassemblement-de-la-societe-civile-la-manifestation-autorisee#breadcrumb\",\"itemListElement\":[{\"@type\":\"ListItem\",\"position\":1,\"name\":\"Accueil\",\"item\":\"https:\/\/www.africa-press.net\/senegal\/\"},{\"@type\":\"ListItem\",\"position\":2,\"name\":\"Rassemblement de la soci\u00e9t\u00e9 civile : La manifestation autoris\u00e9e\"}]},{\"@type\":\"WebSite\",\"@id\":\"https:\/\/www.africa-press.net\/senegal\/#website\",\"url\":\"https:\/\/www.africa-press.net\/senegal\/\",\"name\":\"Africa Press | Senegal | Homepage\",\"description\":\"Just another Africa News Agency Sites site\",\"potentialAction\":[{\"@type\":\"SearchAction\",\"target\":{\"@type\":\"EntryPoint\",\"urlTemplate\":\"https:\/\/www.africa-press.net\/senegal\/?s={search_term_string}\"},\"query-input\":{\"@type\":\"PropertyValueSpecification\",\"valueRequired\":true,\"valueName\":\"search_term_string\"}}],\"inLanguage\":\"fr-FR\"},{\"@type\":\"Person\",\"@id\":\"https:\/\/www.africa-press.net\/senegal\/#\/schema\/person\/2b1cf3cd81a31e3cd26889ca66d677f1\",\"name\":\"cfeditorfr\",\"url\":\"https:\/\/www.africa-press.net\/senegal\/author\/cfeditorfr\"}]}<\/script>\n<!-- \/ Yoast SEO Premium plugin. -->","yoast_head_json":{"title":"Rassemblement de la soci\u00e9t\u00e9 civile : La manifestation autoris\u00e9e - Senegal","robots":{"index":"index","follow":"follow","max-snippet":"max-snippet:-1","max-image-preview":"max-image-preview:large","max-video-preview":"max-video-preview:-1"},"canonical":"https:\/\/www.africa-press.net\/senegal\/politique\/rassemblement-de-la-societe-civile-la-manifestation-autorisee","og_locale":"fr_FR","og_type":"article","og_title":"Rassemblement de la soci\u00e9t\u00e9 civile : La manifestation autoris\u00e9e","og_description":"Africa-Press &#8211; Senegal. Le pre\u0301fet de Dakar Mor Talla Tine vient d&rsquo;autoriser le rassemblement de la socie\u0301te\u0301 civile. La de\u0301cision tombe juste apre\u0300s le point de presse des organisateurs appelant a\u0300 une large mobilisation. Ledit rassemblement va se tenir ce vendredi 30 de\u0301cembre a\u0300 la place de la Nation, a\u0300 partir de 15h. La socie\u0301te\u0301 [&hellip;]","og_url":"https:\/\/www.africa-press.net\/senegal\/politique\/rassemblement-de-la-societe-civile-la-manifestation-autorisee","og_site_name":"Senegal","article_published_time":"2022-12-30T20:05:14+00:00","author":"cfeditorfr","twitter_card":"summary_large_image","twitter_misc":{"\u00c9crit par":"cfeditorfr","Dur\u00e9e de lecture estim\u00e9e":"1 minute"},"schema":{"@context":"https:\/\/schema.org","@graph":[{"@type":"Article","@id":"https:\/\/www.africa-press.net\/senegal\/politique\/rassemblement-de-la-societe-civile-la-manifestation-autorisee#article","isPartOf":{"@id":"https:\/\/www.africa-press.net\/senegal\/politique\/rassemblement-de-la-societe-civile-la-manifestation-autorisee"},"author":{"name":"cfeditorfr","@id":"https:\/\/www.africa-press.net\/senegal\/#\/schema\/person\/2b1cf3cd81a31e3cd26889ca66d677f1"},"headline":"Rassemblement de la soci\u00e9t\u00e9 civile : La manifestation autoris\u00e9e","datePublished":"2022-12-30T20:05:14+00:00","mainEntityOfPage":{"@id":"https:\/\/www.africa-press.net\/senegal\/politique\/rassemblement-de-la-societe-civile-la-manifestation-autorisee"},"wordCount":121,"commentCount":0,"image":{"@id":"https:\/\/www.africa-press.net\/senegal\/politique\/rassemblement-de-la-societe-civile-la-manifestation-autorisee#primaryimage"},"thumbnailUrl":"https:\/\/static.africa-press.net\/senegal\/sites\/13\/2022\/12\/postQueueImg_1672418121.19.jpg","keywords":["Africa Press","Africa Press-Senegal","Senegal"],"articleSection":["Politique","Top Nouvelles","Toutes les actualit\u00e9s"],"inLanguage":"fr-FR","potentialAction":[{"@type":"CommentAction","name":"Comment","target":["https:\/\/www.africa-press.net\/senegal\/politique\/rassemblement-de-la-societe-civile-la-manifestation-autorisee#respond"]}]},{"@type":"WebPage","@id":"https:\/\/www.africa-press.net\/senegal\/politique\/rassemblement-de-la-societe-civile-la-manifestation-autorisee","url":"https:\/\/www.africa-press.net\/senegal\/politique\/rassemblement-de-la-societe-civile-la-manifestation-autorisee","name":"Rassemblement de la soci\u00e9t\u00e9 civile : La manifestation autoris\u00e9e - Senegal","isPartOf":{"@id":"https:\/\/www.africa-press.net\/senegal\/#website"},"primaryImageOfPage":{"@id":"https:\/\/www.africa-press.net\/senegal\/politique\/rassemblement-de-la-societe-civile-la-manifestation-autorisee#primaryimage"},"image":{"@id":"https:\/\/www.africa-press.net\/senegal\/politique\/rassemblement-de-la-societe-civile-la-manifestation-autorisee#primaryimage"},"thumbnailUrl":"https:\/\/static.africa-press.net\/senegal\/sites\/13\/2022\/12\/postQueueImg_1672418121.19.jpg","datePublished":"2022-12-30T20:05:14+00:00","author":{"@id":"https:\/\/www.africa-press.net\/senegal\/#\/schema\/person\/2b1cf3cd81a31e3cd26889ca66d677f1"},"breadcrumb":{"@id":"https:\/\/www.africa-press.net\/senegal\/politique\/rassemblement-de-la-societe-civile-la-manifestation-autorisee#breadcrumb"},"inLanguage":"fr-FR","potentialAction":[{"@type":"ReadAction","target":["https:\/\/www.africa-press.net\/senegal\/politique\/rassemblement-de-la-societe-civile-la-manifestation-autorisee"]}]},{"@type":"ImageObject","inLanguage":"fr-FR","@id":"https:\/\/www.africa-press.net\/senegal\/politique\/rassemblement-de-la-societe-civile-la-manifestation-autorisee#primaryimage","url":"https:\/\/static.africa-press.net\/senegal\/sites\/13\/2022\/12\/postQueueImg_1672418121.19.jpg","contentUrl":"https:\/\/static.africa-press.net\/senegal\/sites\/13\/2022\/12\/postQueueImg_1672418121.19.jpg","width":720,"height":350,"caption":"Rassemblement de la soci\u00e9t\u00e9 civile : La manifestation autoris\u00e9e"},{"@type":"BreadcrumbList","@id":"https:\/\/www.africa-press.net\/senegal\/politique\/rassemblement-de-la-societe-civile-la-manifestation-autorisee#breadcrumb","itemListElement":[{"@type":"ListItem","position":1,"name":"Accueil","item":"https:\/\/www.africa-press.net\/senegal\/"},{"@type":"ListItem","position":2,"name":"Rassemblement de la soci\u00e9t\u00e9 civile : La manifestation autoris\u00e9e"}]},{"@type":"WebSite","@id":"https:\/\/www.africa-press.net\/senegal\/#website","url":"https:\/\/www.africa-press.net\/senegal\/","name":"Africa Press | Senegal | Homepage","description":"Just another Africa News Agency Sites site","potentialAction":[{"@type":"SearchAction","target":{"@type":"EntryPoint","urlTemplate":"https:\/\/www.africa-press.net\/senegal\/?s={search_term_string}"},"query-input":{"@type":"PropertyValueSpecification","valueRequired":true,"valueName":"search_term_string"}}],"inLanguage":"fr-FR"},{"@type":"Person","@id":"https:\/\/www.africa-press.net\/senegal\/#\/schema\/person\/2b1cf3cd81a31e3cd26889ca66d677f1","name":"cfeditorfr","url":"https:\/\/www.africa-press.net\/senegal\/author\/cfeditorfr"}]}},"_links":{"self":[{"href":"https:\/\/www.africa-press.net\/senegal\/wp-json\/wp\/v2\/posts\/37413","targetHints":{"allow":["GET"]}}],"collection":[{"href":"https:\/\/www.africa-press.net\/senegal\/wp-json\/wp\/v2\/posts"}],"about":[{"href":"https:\/\/www.africa-press.net\/senegal\/wp-json\/wp\/v2\/types\/post"}],"author":[{"embeddable":true,"href":"https:\/\/www.africa-press.net\/senegal\/wp-json\/wp\/v2\/users\/82"}],"replies":[{"embeddable":true,"href":"https:\/\/www.africa-press.net\/senegal\/wp-json\/wp\/v2\/comments?post=37413"}],"version-history":[{"count":0,"href":"https:\/\/www.africa-press.net\/senegal\/wp-json\/wp\/v2\/posts\/37413\/revisions"}],"wp:featuredmedia":[{"embeddable":true,"href":"https:\/\/www.africa-press.net\/senegal\/wp-json\/wp\/v2\/media\/37412"}],"wp:attachment":[{"href":"https:\/\/www.africa-press.net\/senegal\/wp-json\/wp\/v2\/media?parent=37413"}],"wp:term":[{"taxonomy":"category","embeddable":true,"href":"https:\/\/www.africa-press.net\/senegal\/wp-json\/wp\/v2\/categories?post=37413"},{"taxonomy":"post_tag","embeddable":true,"href":"https:\/\/www.africa-press.net\/senegal\/wp-json\/wp\/v2\/tags?post=37413"}],"curies":[{"name":"wp","href":"https:\/\/api.w.org\/{rel}","templated":true}]}}