{"id":37417,"date":"2022-12-31T17:18:50","date_gmt":"2022-12-31T17:18:50","guid":{"rendered":"https:\/\/www.africa-press.net\/senegal\/politique\/allegresse-a-dakar-tout-un-pays-foot-de-joie"},"modified":"2022-12-31T17:18:50","modified_gmt":"2022-12-31T17:18:50","slug":"allegresse-a-dakar-tout-un-pays-foot-de-joie","status":"publish","type":"post","link":"https:\/\/www.africa-press.net\/senegal\/toutes-les-actualites\/allegresse-a-dakar-tout-un-pays-foot-de-joie","title":{"rendered":"All\u00e9gresse \u00e0 Dakar : Tout un pays foot de joie"},"content":{"rendered":"<p><span style=\"color: #ff6600\"><strong>Africa-Press &#8211; Senegal. <\/strong><\/span>Apre\u0300s le sacre des Lions a\u0300 Yaounde\u0301, Dakar, comme un volcan en effusion, a explose\u0301 de joie. Pour tout un Peuple, cette victoire marque la fin d\u2019une e\u0301poque faite de de\u0301faites et de de\u0301ceptions.<\/p>\n<p>Apre\u0300s le tir victorieux de Sadio Mane\u0301 au bout de la se\u0301ance des tirs au but face a\u0300 l\u2019Egypte, Dakar explose. Ef\u00adfusion de joie partout&#8230; De Ouakam, ou\u0300 il y avait une Fan-zone, au centre-ville en passant par les quartiers de Mermoz, Point E, Fass, Me\u0301dina, l\u2019ambiance e\u0301tait a\u0300 son paroxysme, apre\u0300s la victoire de l\u2019Equipe nationale de football. Am\u00adbiance de dingue. Du jamais vu. C\u2019e\u0301tait l\u2019extase au Monu\u00adment de la Renaissance : des larmes de joie, des cris de bonheur, une mare\u0301e humaine plonge\u0301e dans la fe\u0301licite\u0301. Apre\u0300s avoir connu des campagnes de\u0301cevantes, parfois traumatisantes, chahute\u0301s par des supporters des autres pays champions d\u2019Afrique, les supporters se\u0301ne\u0301galais savourent cet ins\u00adtant sans retenue.<\/p>\n<p>Avec le retour des Lions de\u0300s le lendemain du sacre, ils prolongent le plaisir pendant des heures dans les rues de la capitale. Apre\u0300s avoir atterri a\u0300 l\u2019ae\u0301roport Senghor, Cisse\u0301 et ses hommes mettent plus 8 heures pour rejoindre le Palais pre\u0301sentiel ou\u0300 ils ont e\u0301te\u0301 rec\u0327us par Macky Sall. En visite d\u2019Etat aux Comores, le Pre\u0301sident Sall a du\u0302 e\u0301courter son se\u0301jour pour recevoir les he\u0301ros. Cette Can est entre\u0301e dans le coffre des e\u0301ternels souvenirs. Ce fut une belle nuit d\u2019e\u0301motion. A l\u2019ombre des he\u0301ros.<\/p>\n<p><strong>Pour plus d&rsquo;informations et d&rsquo;analyses sur la <a href=\"https:\/\/www.africa-press.net\/senegal\">Senegal<\/a>, suivez <a href=\"https:\/\/www.africa-press.net\/\">Africa-Press<\/a><\/strong><\/p>\n","protected":false},"excerpt":{"rendered":"<p>Africa-Press &#8211; Senegal. Apre\u0300s le sacre des Lions a\u0300 Yaounde\u0301, Dakar, comme un volcan en effusion, a explose\u0301 de joie. Pour tout un Peuple, cette victoire marque la fin d\u2019une e\u0301poque faite de de\u0301faites et de de\u0301ceptions. Apre\u0300s le tir victorieux de Sadio Mane\u0301 au bout de la se\u0301ance des tirs au but face a\u0300 [&hellip;]<\/p>\n","protected":false},"author":82,"featured_media":37416,"comment_status":"open","ping_status":"closed","sticky":false,"template":"","format":"standard","meta":{"footnotes":""},"categories":[21,10],"tags":[43,47,44],"class_list":["post-37417","post","type-post","status-publish","format-standard","has-post-thumbnail","hentry","category-communaute","category-toutes-les-actualites","tag-africa-press-2","tag-africa-press-senegal","tag-senegal-2"],"yoast_head":"<!-- This site is optimized with the Yoast SEO Premium plugin v26.1 (Yoast SEO v27.0) - https:\/\/yoast.com\/product\/yoast-seo-premium-wordpress\/ -->\n<title>All\u00e9gresse \u00e0 Dakar : Tout un pays foot de joie - Senegal<\/title>\n<meta name=\"robots\" content=\"index, follow, max-snippet:-1, max-image-preview:large, max-video-preview:-1\" \/>\n<link rel=\"canonical\" href=\"https:\/\/www.africa-press.net\/senegal\/politique\/allegresse-a-dakar-tout-un-pays-foot-de-joie\" \/>\n<meta property=\"og:locale\" content=\"fr_FR\" \/>\n<meta property=\"og:type\" content=\"article\" \/>\n<meta property=\"og:title\" content=\"All\u00e9gresse \u00e0 Dakar : Tout un pays foot de joie\" \/>\n<meta property=\"og:description\" content=\"Africa-Press &#8211; Senegal. Apre\u0300s le sacre des Lions a\u0300 Yaounde\u0301, Dakar, comme un volcan en effusion, a explose\u0301 de joie. Pour tout un Peuple, cette victoire marque la fin d\u2019une e\u0301poque faite de de\u0301faites et de de\u0301ceptions. Apre\u0300s le tir victorieux de Sadio Mane\u0301 au bout de la se\u0301ance des tirs au but face a\u0300 [&hellip;]\" \/>\n<meta property=\"og:url\" content=\"https:\/\/www.africa-press.net\/senegal\/politique\/allegresse-a-dakar-tout-un-pays-foot-de-joie\" \/>\n<meta property=\"og:site_name\" content=\"Senegal\" \/>\n<meta property=\"article:published_time\" content=\"2022-12-31T17:18:50+00:00\" \/>\n<meta name=\"author\" content=\"cfeditorfr\" \/>\n<meta name=\"twitter:card\" content=\"summary_large_image\" \/>\n<meta name=\"twitter:label1\" content=\"\u00c9crit par\" \/>\n\t<meta name=\"twitter:data1\" content=\"cfeditorfr\" \/>\n\t<meta name=\"twitter:label2\" content=\"Dur\u00e9e de lecture estim\u00e9e\" \/>\n\t<meta name=\"twitter:data2\" content=\"1 minute\" \/>\n<script type=\"application\/ld+json\" class=\"yoast-schema-graph\">{\"@context\":\"https:\/\/schema.org\",\"@graph\":[{\"@type\":\"Article\",\"@id\":\"https:\/\/www.africa-press.net\/senegal\/politique\/allegresse-a-dakar-tout-un-pays-foot-de-joie#article\",\"isPartOf\":{\"@id\":\"https:\/\/www.africa-press.net\/senegal\/politique\/allegresse-a-dakar-tout-un-pays-foot-de-joie\"},\"author\":{\"name\":\"cfeditorfr\",\"@id\":\"https:\/\/www.africa-press.net\/senegal\/#\/schema\/person\/2b1cf3cd81a31e3cd26889ca66d677f1\"},\"headline\":\"All\u00e9gresse \u00e0 Dakar : Tout un pays foot de joie\",\"datePublished\":\"2022-12-31T17:18:50+00:00\",\"mainEntityOfPage\":{\"@id\":\"https:\/\/www.africa-press.net\/senegal\/politique\/allegresse-a-dakar-tout-un-pays-foot-de-joie\"},\"wordCount\":303,\"commentCount\":0,\"image\":{\"@id\":\"https:\/\/www.africa-press.net\/senegal\/politique\/allegresse-a-dakar-tout-un-pays-foot-de-joie#primaryimage\"},\"thumbnailUrl\":\"https:\/\/static.africa-press.net\/senegal\/sites\/13\/2022\/12\/postQueueImg_1672494792.38.jpg\",\"keywords\":[\"Africa Press\",\"Africa Press-Senegal\",\"Senegal\"],\"articleSection\":[\"Communaut\u00e9\",\"Toutes les actualit\u00e9s\"],\"inLanguage\":\"fr-FR\",\"potentialAction\":[{\"@type\":\"CommentAction\",\"name\":\"Comment\",\"target\":[\"https:\/\/www.africa-press.net\/senegal\/politique\/allegresse-a-dakar-tout-un-pays-foot-de-joie#respond\"]}]},{\"@type\":\"WebPage\",\"@id\":\"https:\/\/www.africa-press.net\/senegal\/politique\/allegresse-a-dakar-tout-un-pays-foot-de-joie\",\"url\":\"https:\/\/www.africa-press.net\/senegal\/politique\/allegresse-a-dakar-tout-un-pays-foot-de-joie\",\"name\":\"All\u00e9gresse \u00e0 Dakar : Tout un pays foot de joie - Senegal\",\"isPartOf\":{\"@id\":\"https:\/\/www.africa-press.net\/senegal\/#website\"},\"primaryImageOfPage\":{\"@id\":\"https:\/\/www.africa-press.net\/senegal\/politique\/allegresse-a-dakar-tout-un-pays-foot-de-joie#primaryimage\"},\"image\":{\"@id\":\"https:\/\/www.africa-press.net\/senegal\/politique\/allegresse-a-dakar-tout-un-pays-foot-de-joie#primaryimage\"},\"thumbnailUrl\":\"https:\/\/static.africa-press.net\/senegal\/sites\/13\/2022\/12\/postQueueImg_1672494792.38.jpg\",\"datePublished\":\"2022-12-31T17:18:50+00:00\",\"author\":{\"@id\":\"https:\/\/www.africa-press.net\/senegal\/#\/schema\/person\/2b1cf3cd81a31e3cd26889ca66d677f1\"},\"breadcrumb\":{\"@id\":\"https:\/\/www.africa-press.net\/senegal\/politique\/allegresse-a-dakar-tout-un-pays-foot-de-joie#breadcrumb\"},\"inLanguage\":\"fr-FR\",\"potentialAction\":[{\"@type\":\"ReadAction\",\"target\":[\"https:\/\/www.africa-press.net\/senegal\/politique\/allegresse-a-dakar-tout-un-pays-foot-de-joie\"]}]},{\"@type\":\"ImageObject\",\"inLanguage\":\"fr-FR\",\"@id\":\"https:\/\/www.africa-press.net\/senegal\/politique\/allegresse-a-dakar-tout-un-pays-foot-de-joie#primaryimage\",\"url\":\"https:\/\/static.africa-press.net\/senegal\/sites\/13\/2022\/12\/postQueueImg_1672494792.38.jpg\",\"contentUrl\":\"https:\/\/static.africa-press.net\/senegal\/sites\/13\/2022\/12\/postQueueImg_1672494792.38.jpg\",\"width\":600,\"height\":398,\"caption\":\"All\u00e9gresse \u00e0 Dakar : Tout un pays foot de joie\"},{\"@type\":\"BreadcrumbList\",\"@id\":\"https:\/\/www.africa-press.net\/senegal\/politique\/allegresse-a-dakar-tout-un-pays-foot-de-joie#breadcrumb\",\"itemListElement\":[{\"@type\":\"ListItem\",\"position\":1,\"name\":\"Accueil\",\"item\":\"https:\/\/www.africa-press.net\/senegal\/\"},{\"@type\":\"ListItem\",\"position\":2,\"name\":\"All\u00e9gresse \u00e0 Dakar : Tout un pays foot de joie\"}]},{\"@type\":\"WebSite\",\"@id\":\"https:\/\/www.africa-press.net\/senegal\/#website\",\"url\":\"https:\/\/www.africa-press.net\/senegal\/\",\"name\":\"Africa Press | Senegal | Homepage\",\"description\":\"Just another Africa News Agency Sites site\",\"potentialAction\":[{\"@type\":\"SearchAction\",\"target\":{\"@type\":\"EntryPoint\",\"urlTemplate\":\"https:\/\/www.africa-press.net\/senegal\/?s={search_term_string}\"},\"query-input\":{\"@type\":\"PropertyValueSpecification\",\"valueRequired\":true,\"valueName\":\"search_term_string\"}}],\"inLanguage\":\"fr-FR\"},{\"@type\":\"Person\",\"@id\":\"https:\/\/www.africa-press.net\/senegal\/#\/schema\/person\/2b1cf3cd81a31e3cd26889ca66d677f1\",\"name\":\"cfeditorfr\",\"url\":\"https:\/\/www.africa-press.net\/senegal\/author\/cfeditorfr\"}]}<\/script>\n<!-- \/ Yoast SEO Premium plugin. -->","yoast_head_json":{"title":"All\u00e9gresse \u00e0 Dakar : Tout un pays foot de joie - Senegal","robots":{"index":"index","follow":"follow","max-snippet":"max-snippet:-1","max-image-preview":"max-image-preview:large","max-video-preview":"max-video-preview:-1"},"canonical":"https:\/\/www.africa-press.net\/senegal\/politique\/allegresse-a-dakar-tout-un-pays-foot-de-joie","og_locale":"fr_FR","og_type":"article","og_title":"All\u00e9gresse \u00e0 Dakar : Tout un pays foot de joie","og_description":"Africa-Press &#8211; Senegal. Apre\u0300s le sacre des Lions a\u0300 Yaounde\u0301, Dakar, comme un volcan en effusion, a explose\u0301 de joie. Pour tout un Peuple, cette victoire marque la fin d\u2019une e\u0301poque faite de de\u0301faites et de de\u0301ceptions. Apre\u0300s le tir victorieux de Sadio Mane\u0301 au bout de la se\u0301ance des tirs au but face a\u0300 [&hellip;]","og_url":"https:\/\/www.africa-press.net\/senegal\/politique\/allegresse-a-dakar-tout-un-pays-foot-de-joie","og_site_name":"Senegal","article_published_time":"2022-12-31T17:18:50+00:00","author":"cfeditorfr","twitter_card":"summary_large_image","twitter_misc":{"\u00c9crit par":"cfeditorfr","Dur\u00e9e de lecture estim\u00e9e":"1 minute"},"schema":{"@context":"https:\/\/schema.org","@graph":[{"@type":"Article","@id":"https:\/\/www.africa-press.net\/senegal\/politique\/allegresse-a-dakar-tout-un-pays-foot-de-joie#article","isPartOf":{"@id":"https:\/\/www.africa-press.net\/senegal\/politique\/allegresse-a-dakar-tout-un-pays-foot-de-joie"},"author":{"name":"cfeditorfr","@id":"https:\/\/www.africa-press.net\/senegal\/#\/schema\/person\/2b1cf3cd81a31e3cd26889ca66d677f1"},"headline":"All\u00e9gresse \u00e0 Dakar : Tout un pays foot de joie","datePublished":"2022-12-31T17:18:50+00:00","mainEntityOfPage":{"@id":"https:\/\/www.africa-press.net\/senegal\/politique\/allegresse-a-dakar-tout-un-pays-foot-de-joie"},"wordCount":303,"commentCount":0,"image":{"@id":"https:\/\/www.africa-press.net\/senegal\/politique\/allegresse-a-dakar-tout-un-pays-foot-de-joie#primaryimage"},"thumbnailUrl":"https:\/\/static.africa-press.net\/senegal\/sites\/13\/2022\/12\/postQueueImg_1672494792.38.jpg","keywords":["Africa Press","Africa Press-Senegal","Senegal"],"articleSection":["Communaut\u00e9","Toutes les actualit\u00e9s"],"inLanguage":"fr-FR","potentialAction":[{"@type":"CommentAction","name":"Comment","target":["https:\/\/www.africa-press.net\/senegal\/politique\/allegresse-a-dakar-tout-un-pays-foot-de-joie#respond"]}]},{"@type":"WebPage","@id":"https:\/\/www.africa-press.net\/senegal\/politique\/allegresse-a-dakar-tout-un-pays-foot-de-joie","url":"https:\/\/www.africa-press.net\/senegal\/politique\/allegresse-a-dakar-tout-un-pays-foot-de-joie","name":"All\u00e9gresse \u00e0 Dakar : Tout un pays foot de joie - Senegal","isPartOf":{"@id":"https:\/\/www.africa-press.net\/senegal\/#website"},"primaryImageOfPage":{"@id":"https:\/\/www.africa-press.net\/senegal\/politique\/allegresse-a-dakar-tout-un-pays-foot-de-joie#primaryimage"},"image":{"@id":"https:\/\/www.africa-press.net\/senegal\/politique\/allegresse-a-dakar-tout-un-pays-foot-de-joie#primaryimage"},"thumbnailUrl":"https:\/\/static.africa-press.net\/senegal\/sites\/13\/2022\/12\/postQueueImg_1672494792.38.jpg","datePublished":"2022-12-31T17:18:50+00:00","author":{"@id":"https:\/\/www.africa-press.net\/senegal\/#\/schema\/person\/2b1cf3cd81a31e3cd26889ca66d677f1"},"breadcrumb":{"@id":"https:\/\/www.africa-press.net\/senegal\/politique\/allegresse-a-dakar-tout-un-pays-foot-de-joie#breadcrumb"},"inLanguage":"fr-FR","potentialAction":[{"@type":"ReadAction","target":["https:\/\/www.africa-press.net\/senegal\/politique\/allegresse-a-dakar-tout-un-pays-foot-de-joie"]}]},{"@type":"ImageObject","inLanguage":"fr-FR","@id":"https:\/\/www.africa-press.net\/senegal\/politique\/allegresse-a-dakar-tout-un-pays-foot-de-joie#primaryimage","url":"https:\/\/static.africa-press.net\/senegal\/sites\/13\/2022\/12\/postQueueImg_1672494792.38.jpg","contentUrl":"https:\/\/static.africa-press.net\/senegal\/sites\/13\/2022\/12\/postQueueImg_1672494792.38.jpg","width":600,"height":398,"caption":"All\u00e9gresse \u00e0 Dakar : Tout un pays foot de joie"},{"@type":"BreadcrumbList","@id":"https:\/\/www.africa-press.net\/senegal\/politique\/allegresse-a-dakar-tout-un-pays-foot-de-joie#breadcrumb","itemListElement":[{"@type":"ListItem","position":1,"name":"Accueil","item":"https:\/\/www.africa-press.net\/senegal\/"},{"@type":"ListItem","position":2,"name":"All\u00e9gresse \u00e0 Dakar : Tout un pays foot de joie"}]},{"@type":"WebSite","@id":"https:\/\/www.africa-press.net\/senegal\/#website","url":"https:\/\/www.africa-press.net\/senegal\/","name":"Africa Press | Senegal | Homepage","description":"Just another Africa News Agency Sites site","potentialAction":[{"@type":"SearchAction","target":{"@type":"EntryPoint","urlTemplate":"https:\/\/www.africa-press.net\/senegal\/?s={search_term_string}"},"query-input":{"@type":"PropertyValueSpecification","valueRequired":true,"valueName":"search_term_string"}}],"inLanguage":"fr-FR"},{"@type":"Person","@id":"https:\/\/www.africa-press.net\/senegal\/#\/schema\/person\/2b1cf3cd81a31e3cd26889ca66d677f1","name":"cfeditorfr","url":"https:\/\/www.africa-press.net\/senegal\/author\/cfeditorfr"}]}},"_links":{"self":[{"href":"https:\/\/www.africa-press.net\/senegal\/wp-json\/wp\/v2\/posts\/37417","targetHints":{"allow":["GET"]}}],"collection":[{"href":"https:\/\/www.africa-press.net\/senegal\/wp-json\/wp\/v2\/posts"}],"about":[{"href":"https:\/\/www.africa-press.net\/senegal\/wp-json\/wp\/v2\/types\/post"}],"author":[{"embeddable":true,"href":"https:\/\/www.africa-press.net\/senegal\/wp-json\/wp\/v2\/users\/82"}],"replies":[{"embeddable":true,"href":"https:\/\/www.africa-press.net\/senegal\/wp-json\/wp\/v2\/comments?post=37417"}],"version-history":[{"count":0,"href":"https:\/\/www.africa-press.net\/senegal\/wp-json\/wp\/v2\/posts\/37417\/revisions"}],"wp:featuredmedia":[{"embeddable":true,"href":"https:\/\/www.africa-press.net\/senegal\/wp-json\/wp\/v2\/media\/37416"}],"wp:attachment":[{"href":"https:\/\/www.africa-press.net\/senegal\/wp-json\/wp\/v2\/media?parent=37417"}],"wp:term":[{"taxonomy":"category","embeddable":true,"href":"https:\/\/www.africa-press.net\/senegal\/wp-json\/wp\/v2\/categories?post=37417"},{"taxonomy":"post_tag","embeddable":true,"href":"https:\/\/www.africa-press.net\/senegal\/wp-json\/wp\/v2\/tags?post=37417"}],"curies":[{"name":"wp","href":"https:\/\/api.w.org\/{rel}","templated":true}]}}