{"id":37419,"date":"2022-12-31T18:58:39","date_gmt":"2022-12-31T18:58:39","guid":{"rendered":"https:\/\/www.africa-press.net\/senegal\/politique\/pape-djibril-fall-active-la-carte-judiciaire"},"modified":"2022-12-31T18:58:39","modified_gmt":"2022-12-31T18:58:39","slug":"pape-djibril-fall-active-la-carte-judiciaire","status":"publish","type":"post","link":"https:\/\/www.africa-press.net\/senegal\/politique\/pape-djibril-fall-active-la-carte-judiciaire","title":{"rendered":"Pape Djibril Fall active la carte judiciaire"},"content":{"rendered":"<p><span style=\"color: #ff6600\"><strong>Africa-Press &#8211; Senegal. <\/strong><\/span>Apre\u0300s l\u2019incident survenu, hier, a\u0300 la Place de la Nation, le Pape Djibril Fall, compte engager des poursuites judiciaires a\u0300 l\u2019encontre des manifestants qui s\u2019en sont pris a\u0300 lui. Il l\u2019a annonce\u0301, ce samedi matin, lors d\u2019une confe\u0301rence de presse. Pour Pape Djibril Fall, il est hors de question de laisser passer \u00ab ces actes barbares d\u2019une autre e\u0301poque \u00bb.<\/p>\n<p>Dans sa de\u0301claration, il condamne\u0301 avec la dernie\u0300re e\u0301nergie ces \u201cactes ignobles\u201d qu\u2019il qualifie de \u201cviolence inoui\u0308e\u201d et de \u201ctentative d\u2019assassinat\u201d.<\/p>\n<p>Ainsi, le de\u0301pute\u0301 a saisi un pool d&rsquo;avocats pour engager des poursuites judiciaires pour donner suite a\u0300 cette affaire.<\/p>\n<p><strong>Pour plus d&rsquo;informations et d&rsquo;analyses sur la <a href=\"https:\/\/www.africa-press.net\/senegal\">Senegal<\/a>, suivez <a href=\"https:\/\/www.africa-press.net\/\">Africa-Press<\/a><\/strong><\/p>\n","protected":false},"excerpt":{"rendered":"<p>Africa-Press &#8211; Senegal. Apre\u0300s l\u2019incident survenu, hier, a\u0300 la Place de la Nation, le Pape Djibril Fall, compte engager des poursuites judiciaires a\u0300 l\u2019encontre des manifestants qui s\u2019en sont pris a\u0300 lui. Il l\u2019a annonce\u0301, ce samedi matin, lors d\u2019une confe\u0301rence de presse. Pour Pape Djibril Fall, il est hors de question de laisser passer [&hellip;]<\/p>\n","protected":false},"author":82,"featured_media":37418,"comment_status":"open","ping_status":"closed","sticky":false,"template":"","format":"standard","meta":{"footnotes":""},"categories":[2,10],"tags":[43,47,44],"class_list":["post-37419","post","type-post","status-publish","format-standard","has-post-thumbnail","hentry","category-politique","category-toutes-les-actualites","tag-africa-press-2","tag-africa-press-senegal","tag-senegal-2"],"yoast_head":"<!-- This site is optimized with the Yoast SEO Premium plugin v26.1 (Yoast SEO v27.0) - https:\/\/yoast.com\/product\/yoast-seo-premium-wordpress\/ -->\n<title>Pape Djibril Fall active la carte judiciaire - Senegal<\/title>\n<meta name=\"robots\" content=\"index, follow, max-snippet:-1, max-image-preview:large, max-video-preview:-1\" \/>\n<link rel=\"canonical\" href=\"https:\/\/www.africa-press.net\/senegal\/politique\/pape-djibril-fall-active-la-carte-judiciaire\" \/>\n<meta property=\"og:locale\" content=\"fr_FR\" \/>\n<meta property=\"og:type\" content=\"article\" \/>\n<meta property=\"og:title\" content=\"Pape Djibril Fall active la carte judiciaire\" \/>\n<meta property=\"og:description\" content=\"Africa-Press &#8211; Senegal. Apre\u0300s l\u2019incident survenu, hier, a\u0300 la Place de la Nation, le Pape Djibril Fall, compte engager des poursuites judiciaires a\u0300 l\u2019encontre des manifestants qui s\u2019en sont pris a\u0300 lui. Il l\u2019a annonce\u0301, ce samedi matin, lors d\u2019une confe\u0301rence de presse. Pour Pape Djibril Fall, il est hors de question de laisser passer [&hellip;]\" \/>\n<meta property=\"og:url\" content=\"https:\/\/www.africa-press.net\/senegal\/politique\/pape-djibril-fall-active-la-carte-judiciaire\" \/>\n<meta property=\"og:site_name\" content=\"Senegal\" \/>\n<meta property=\"article:published_time\" content=\"2022-12-31T18:58:39+00:00\" \/>\n<meta name=\"author\" content=\"cfeditorfr\" \/>\n<meta name=\"twitter:card\" content=\"summary_large_image\" \/>\n<meta name=\"twitter:label1\" content=\"\u00c9crit par\" \/>\n\t<meta name=\"twitter:data1\" content=\"cfeditorfr\" \/>\n\t<meta name=\"twitter:label2\" content=\"Dur\u00e9e de lecture estim\u00e9e\" \/>\n\t<meta name=\"twitter:data2\" content=\"1 minute\" \/>\n<script type=\"application\/ld+json\" class=\"yoast-schema-graph\">{\"@context\":\"https:\/\/schema.org\",\"@graph\":[{\"@type\":\"Article\",\"@id\":\"https:\/\/www.africa-press.net\/senegal\/politique\/pape-djibril-fall-active-la-carte-judiciaire#article\",\"isPartOf\":{\"@id\":\"https:\/\/www.africa-press.net\/senegal\/politique\/pape-djibril-fall-active-la-carte-judiciaire\"},\"author\":{\"name\":\"cfeditorfr\",\"@id\":\"https:\/\/www.africa-press.net\/senegal\/#\/schema\/person\/2b1cf3cd81a31e3cd26889ca66d677f1\"},\"headline\":\"Pape Djibril Fall active la carte judiciaire\",\"datePublished\":\"2022-12-31T18:58:39+00:00\",\"mainEntityOfPage\":{\"@id\":\"https:\/\/www.africa-press.net\/senegal\/politique\/pape-djibril-fall-active-la-carte-judiciaire\"},\"wordCount\":137,\"commentCount\":0,\"image\":{\"@id\":\"https:\/\/www.africa-press.net\/senegal\/politique\/pape-djibril-fall-active-la-carte-judiciaire#primaryimage\"},\"thumbnailUrl\":\"https:\/\/static.africa-press.net\/senegal\/sites\/13\/2022\/12\/postQueueImg_1672500541.64.jpg\",\"keywords\":[\"Africa Press\",\"Africa Press-Senegal\",\"Senegal\"],\"articleSection\":[\"Politique\",\"Toutes les actualit\u00e9s\"],\"inLanguage\":\"fr-FR\",\"potentialAction\":[{\"@type\":\"CommentAction\",\"name\":\"Comment\",\"target\":[\"https:\/\/www.africa-press.net\/senegal\/politique\/pape-djibril-fall-active-la-carte-judiciaire#respond\"]}]},{\"@type\":\"WebPage\",\"@id\":\"https:\/\/www.africa-press.net\/senegal\/politique\/pape-djibril-fall-active-la-carte-judiciaire\",\"url\":\"https:\/\/www.africa-press.net\/senegal\/politique\/pape-djibril-fall-active-la-carte-judiciaire\",\"name\":\"Pape Djibril Fall active la carte judiciaire - Senegal\",\"isPartOf\":{\"@id\":\"https:\/\/www.africa-press.net\/senegal\/#website\"},\"primaryImageOfPage\":{\"@id\":\"https:\/\/www.africa-press.net\/senegal\/politique\/pape-djibril-fall-active-la-carte-judiciaire#primaryimage\"},\"image\":{\"@id\":\"https:\/\/www.africa-press.net\/senegal\/politique\/pape-djibril-fall-active-la-carte-judiciaire#primaryimage\"},\"thumbnailUrl\":\"https:\/\/static.africa-press.net\/senegal\/sites\/13\/2022\/12\/postQueueImg_1672500541.64.jpg\",\"datePublished\":\"2022-12-31T18:58:39+00:00\",\"author\":{\"@id\":\"https:\/\/www.africa-press.net\/senegal\/#\/schema\/person\/2b1cf3cd81a31e3cd26889ca66d677f1\"},\"breadcrumb\":{\"@id\":\"https:\/\/www.africa-press.net\/senegal\/politique\/pape-djibril-fall-active-la-carte-judiciaire#breadcrumb\"},\"inLanguage\":\"fr-FR\",\"potentialAction\":[{\"@type\":\"ReadAction\",\"target\":[\"https:\/\/www.africa-press.net\/senegal\/politique\/pape-djibril-fall-active-la-carte-judiciaire\"]}]},{\"@type\":\"ImageObject\",\"inLanguage\":\"fr-FR\",\"@id\":\"https:\/\/www.africa-press.net\/senegal\/politique\/pape-djibril-fall-active-la-carte-judiciaire#primaryimage\",\"url\":\"https:\/\/static.africa-press.net\/senegal\/sites\/13\/2022\/12\/postQueueImg_1672500541.64.jpg\",\"contentUrl\":\"https:\/\/static.africa-press.net\/senegal\/sites\/13\/2022\/12\/postQueueImg_1672500541.64.jpg\",\"width\":720,\"height\":350,\"caption\":\"Pape Djibril Fall active la carte judiciaire\"},{\"@type\":\"BreadcrumbList\",\"@id\":\"https:\/\/www.africa-press.net\/senegal\/politique\/pape-djibril-fall-active-la-carte-judiciaire#breadcrumb\",\"itemListElement\":[{\"@type\":\"ListItem\",\"position\":1,\"name\":\"Accueil\",\"item\":\"https:\/\/www.africa-press.net\/senegal\/\"},{\"@type\":\"ListItem\",\"position\":2,\"name\":\"Pape Djibril Fall active la carte judiciaire\"}]},{\"@type\":\"WebSite\",\"@id\":\"https:\/\/www.africa-press.net\/senegal\/#website\",\"url\":\"https:\/\/www.africa-press.net\/senegal\/\",\"name\":\"Africa Press | Senegal | Homepage\",\"description\":\"Just another Africa News Agency Sites site\",\"potentialAction\":[{\"@type\":\"SearchAction\",\"target\":{\"@type\":\"EntryPoint\",\"urlTemplate\":\"https:\/\/www.africa-press.net\/senegal\/?s={search_term_string}\"},\"query-input\":{\"@type\":\"PropertyValueSpecification\",\"valueRequired\":true,\"valueName\":\"search_term_string\"}}],\"inLanguage\":\"fr-FR\"},{\"@type\":\"Person\",\"@id\":\"https:\/\/www.africa-press.net\/senegal\/#\/schema\/person\/2b1cf3cd81a31e3cd26889ca66d677f1\",\"name\":\"cfeditorfr\",\"url\":\"https:\/\/www.africa-press.net\/senegal\/author\/cfeditorfr\"}]}<\/script>\n<!-- \/ Yoast SEO Premium plugin. -->","yoast_head_json":{"title":"Pape Djibril Fall active la carte judiciaire - Senegal","robots":{"index":"index","follow":"follow","max-snippet":"max-snippet:-1","max-image-preview":"max-image-preview:large","max-video-preview":"max-video-preview:-1"},"canonical":"https:\/\/www.africa-press.net\/senegal\/politique\/pape-djibril-fall-active-la-carte-judiciaire","og_locale":"fr_FR","og_type":"article","og_title":"Pape Djibril Fall active la carte judiciaire","og_description":"Africa-Press &#8211; Senegal. Apre\u0300s l\u2019incident survenu, hier, a\u0300 la Place de la Nation, le Pape Djibril Fall, compte engager des poursuites judiciaires a\u0300 l\u2019encontre des manifestants qui s\u2019en sont pris a\u0300 lui. Il l\u2019a annonce\u0301, ce samedi matin, lors d\u2019une confe\u0301rence de presse. Pour Pape Djibril Fall, il est hors de question de laisser passer [&hellip;]","og_url":"https:\/\/www.africa-press.net\/senegal\/politique\/pape-djibril-fall-active-la-carte-judiciaire","og_site_name":"Senegal","article_published_time":"2022-12-31T18:58:39+00:00","author":"cfeditorfr","twitter_card":"summary_large_image","twitter_misc":{"\u00c9crit par":"cfeditorfr","Dur\u00e9e de lecture estim\u00e9e":"1 minute"},"schema":{"@context":"https:\/\/schema.org","@graph":[{"@type":"Article","@id":"https:\/\/www.africa-press.net\/senegal\/politique\/pape-djibril-fall-active-la-carte-judiciaire#article","isPartOf":{"@id":"https:\/\/www.africa-press.net\/senegal\/politique\/pape-djibril-fall-active-la-carte-judiciaire"},"author":{"name":"cfeditorfr","@id":"https:\/\/www.africa-press.net\/senegal\/#\/schema\/person\/2b1cf3cd81a31e3cd26889ca66d677f1"},"headline":"Pape Djibril Fall active la carte judiciaire","datePublished":"2022-12-31T18:58:39+00:00","mainEntityOfPage":{"@id":"https:\/\/www.africa-press.net\/senegal\/politique\/pape-djibril-fall-active-la-carte-judiciaire"},"wordCount":137,"commentCount":0,"image":{"@id":"https:\/\/www.africa-press.net\/senegal\/politique\/pape-djibril-fall-active-la-carte-judiciaire#primaryimage"},"thumbnailUrl":"https:\/\/static.africa-press.net\/senegal\/sites\/13\/2022\/12\/postQueueImg_1672500541.64.jpg","keywords":["Africa Press","Africa Press-Senegal","Senegal"],"articleSection":["Politique","Toutes les actualit\u00e9s"],"inLanguage":"fr-FR","potentialAction":[{"@type":"CommentAction","name":"Comment","target":["https:\/\/www.africa-press.net\/senegal\/politique\/pape-djibril-fall-active-la-carte-judiciaire#respond"]}]},{"@type":"WebPage","@id":"https:\/\/www.africa-press.net\/senegal\/politique\/pape-djibril-fall-active-la-carte-judiciaire","url":"https:\/\/www.africa-press.net\/senegal\/politique\/pape-djibril-fall-active-la-carte-judiciaire","name":"Pape Djibril Fall active la carte judiciaire - Senegal","isPartOf":{"@id":"https:\/\/www.africa-press.net\/senegal\/#website"},"primaryImageOfPage":{"@id":"https:\/\/www.africa-press.net\/senegal\/politique\/pape-djibril-fall-active-la-carte-judiciaire#primaryimage"},"image":{"@id":"https:\/\/www.africa-press.net\/senegal\/politique\/pape-djibril-fall-active-la-carte-judiciaire#primaryimage"},"thumbnailUrl":"https:\/\/static.africa-press.net\/senegal\/sites\/13\/2022\/12\/postQueueImg_1672500541.64.jpg","datePublished":"2022-12-31T18:58:39+00:00","author":{"@id":"https:\/\/www.africa-press.net\/senegal\/#\/schema\/person\/2b1cf3cd81a31e3cd26889ca66d677f1"},"breadcrumb":{"@id":"https:\/\/www.africa-press.net\/senegal\/politique\/pape-djibril-fall-active-la-carte-judiciaire#breadcrumb"},"inLanguage":"fr-FR","potentialAction":[{"@type":"ReadAction","target":["https:\/\/www.africa-press.net\/senegal\/politique\/pape-djibril-fall-active-la-carte-judiciaire"]}]},{"@type":"ImageObject","inLanguage":"fr-FR","@id":"https:\/\/www.africa-press.net\/senegal\/politique\/pape-djibril-fall-active-la-carte-judiciaire#primaryimage","url":"https:\/\/static.africa-press.net\/senegal\/sites\/13\/2022\/12\/postQueueImg_1672500541.64.jpg","contentUrl":"https:\/\/static.africa-press.net\/senegal\/sites\/13\/2022\/12\/postQueueImg_1672500541.64.jpg","width":720,"height":350,"caption":"Pape Djibril Fall active la carte judiciaire"},{"@type":"BreadcrumbList","@id":"https:\/\/www.africa-press.net\/senegal\/politique\/pape-djibril-fall-active-la-carte-judiciaire#breadcrumb","itemListElement":[{"@type":"ListItem","position":1,"name":"Accueil","item":"https:\/\/www.africa-press.net\/senegal\/"},{"@type":"ListItem","position":2,"name":"Pape Djibril Fall active la carte judiciaire"}]},{"@type":"WebSite","@id":"https:\/\/www.africa-press.net\/senegal\/#website","url":"https:\/\/www.africa-press.net\/senegal\/","name":"Africa Press | Senegal | Homepage","description":"Just another Africa News Agency Sites site","potentialAction":[{"@type":"SearchAction","target":{"@type":"EntryPoint","urlTemplate":"https:\/\/www.africa-press.net\/senegal\/?s={search_term_string}"},"query-input":{"@type":"PropertyValueSpecification","valueRequired":true,"valueName":"search_term_string"}}],"inLanguage":"fr-FR"},{"@type":"Person","@id":"https:\/\/www.africa-press.net\/senegal\/#\/schema\/person\/2b1cf3cd81a31e3cd26889ca66d677f1","name":"cfeditorfr","url":"https:\/\/www.africa-press.net\/senegal\/author\/cfeditorfr"}]}},"_links":{"self":[{"href":"https:\/\/www.africa-press.net\/senegal\/wp-json\/wp\/v2\/posts\/37419","targetHints":{"allow":["GET"]}}],"collection":[{"href":"https:\/\/www.africa-press.net\/senegal\/wp-json\/wp\/v2\/posts"}],"about":[{"href":"https:\/\/www.africa-press.net\/senegal\/wp-json\/wp\/v2\/types\/post"}],"author":[{"embeddable":true,"href":"https:\/\/www.africa-press.net\/senegal\/wp-json\/wp\/v2\/users\/82"}],"replies":[{"embeddable":true,"href":"https:\/\/www.africa-press.net\/senegal\/wp-json\/wp\/v2\/comments?post=37419"}],"version-history":[{"count":0,"href":"https:\/\/www.africa-press.net\/senegal\/wp-json\/wp\/v2\/posts\/37419\/revisions"}],"wp:featuredmedia":[{"embeddable":true,"href":"https:\/\/www.africa-press.net\/senegal\/wp-json\/wp\/v2\/media\/37418"}],"wp:attachment":[{"href":"https:\/\/www.africa-press.net\/senegal\/wp-json\/wp\/v2\/media?parent=37419"}],"wp:term":[{"taxonomy":"category","embeddable":true,"href":"https:\/\/www.africa-press.net\/senegal\/wp-json\/wp\/v2\/categories?post=37419"},{"taxonomy":"post_tag","embeddable":true,"href":"https:\/\/www.africa-press.net\/senegal\/wp-json\/wp\/v2\/tags?post=37419"}],"curies":[{"name":"wp","href":"https:\/\/api.w.org\/{rel}","templated":true}]}}