{"id":37421,"date":"2022-12-31T18:59:55","date_gmt":"2022-12-31T18:59:55","guid":{"rendered":"https:\/\/www.africa-press.net\/senegal\/politique\/macky-en-2022-entre-splendeurs-diplomatiques-et-miseres-interieures"},"modified":"2022-12-31T18:59:55","modified_gmt":"2022-12-31T18:59:55","slug":"macky-en-2022-entre-splendeurs-diplomatiques-et-miseres-interieures","status":"publish","type":"post","link":"https:\/\/www.africa-press.net\/senegal\/politique\/macky-en-2022-entre-splendeurs-diplomatiques-et-miseres-interieures","title":{"rendered":"Macky en 2022 : Entre splendeurs diplomatiques et mis\u00e8res int\u00e9rieures"},"content":{"rendered":"<p><span style=\"color: #ff6600\"><strong>Africa-Press &#8211; Senegal. <\/strong><\/span>Alors qu\u2019il s\u2019appre\u0302te a\u0300 clo\u0302turer l\u2019anne\u0301e par son traditionnel discours a\u0300 la Nation, Seneweb revient sur l\u2019anne\u0301e du Pre\u0301sident de la Re\u0301publique, qui fort de son statut de chef de l\u2019Union africaine, a multiplie\u0301 les initiatives diplomatiques, non sans succe\u0300s. Sur le plan inte\u0301rieur, en revanche, l&rsquo;anne\u0301e fut rude, malgre\u0301 le volontarisme affiche\u0301 sur le terrain social.<\/p>\n<p>Le Pre\u0301sident ame\u0301ricain, Richard Nixon, avait de\u0301clare\u0301 que la politique inte\u0301rieure l\u2019inte\u0301ressait \u201cautant que la construction d\u2019un abri de jardin dans la ville de Peoria\u201d. En 2022, le Pre\u0301sident de la Re\u0301publique du Se\u0301ne\u0301gal, Macky Sall, aurait pu faire sienne cette boutade. Intronise\u0301 le samedi 5 fe\u0301vrier 2022 a\u0300 la te\u0302te de l\u2019Union africaine, le chef de l\u2019E\u0301tat a multiplie\u0301 les rendez-vous diplomatiques partout dans le monde, donnant parfois l\u2019impression a\u0300 certains de ses concitoyens d\u2019e\u0302tre un Pre\u0301sident de\u0301connecte\u0301 voire hors-sol. A\u0300 sa de\u0301charge, Macky Sall avait d\u2019emble\u0301e annonce\u0301 la couleur sur ses re\u0301elles intentions. \u00ab\u00a0L\u2019Afrique est plus que jamais de\u0301cide\u0301e a\u0300 prendre son destin en mains\u00a0\u00bb, a de\u0301clare\u0301 le dirigeant lors de son discours inaugural a\u0300 la te\u0302te de l\u2019UA, promettant d\u2019\u0153uvrer a\u0300 la mise en place de \u00ab\u00a0partenariats re\u0301nove\u0301s, plus justes et plus e\u0301quitables\u00a0\u00bb avec les partenaires internationaux. \u201cJe suis venu dire que nous n\u2019ignorons pas l\u2019Afrique des proble\u0300mes, qu\u2019il faut pacifier et stabiliser, mais il existe aussi une Afrique des solutions, forte de ses ressources naturelles, humaines et agricoles, dote\u0301e de gouvernements a\u0300 la ta\u0302che, d\u2019une jeunesse vibrante et cre\u0301ative, qui innove, entreprends et re\u0301ussit, rappelait-il quelques mois plus tard a\u0300 la tribune de l\u2019ONU. Cette Afrique des solutions souhaite engager avec tous ses partenaires des rapports re\u0301invente\u0301s \u201c.<\/p>\n<p>Tout au long de ses diffe\u0301rents pe\u0301riples, il a notamment re\u0301ite\u0301re\u0301 son appel a\u0300 une re\u0301forme de la gouvernance mondiale dont il a de\u0301plore\u0301 les \u00ab\u00a0incohe\u0301rences\u00a0\u00bb, lors de la la 8e\u0300me e\u0301dition du Forum international de Dakar. Le chef de l&rsquo;Etat se\u0301ne\u0301galais a critique\u0301 les insuffisances d&rsquo;organisations comme le Conseil de se\u0301curite\u0301 de l&rsquo;ONU ou le G20 en e\u0301nume\u0301rant les sombres re\u0301alite\u0301s auxquelles est confronte\u0301e l&rsquo;Afrique: propagation jihadiste, conse\u0301quences des crises climatique et sanitaire et de la guerre en Ukraine, recrudescence des coups d&rsquo;Etat. \u00ab\u00a0Pour inspirer confiance et adhe\u0301sion, le multilate\u0301ralisme doit servir les inte\u0301re\u0302ts de tous\u00a0\u00bb, sous peine de \u00ab\u00a0perdre la le\u0301gitimite\u0301 et l\u2019autorite\u0301 attache\u0301es a\u0300 son autorite\u0301\u00a0\u00bb, a-t-il pre\u0301venu. Pour rectifier le tir, le Pre\u0301sident de l&rsquo;UA a martele\u0301 un leitmotiv : l\u2019inte\u0301gration de l\u2019Afrique au G20 et au Conseil de se\u0301curite\u0301 de l\u2019ONU. \u201cL\u2019Afrique reste un partenaire incontournable sur la sce\u0300ne internationale. Elle est la 8e\u0300me puissance e\u0301conomique par son PIB, posse\u0300de plus de 60 % des terres arables avec une population estime\u0301e a\u0300 pre\u0300s de 2,5 milliards d\u2019ici 2050, a-t-il souligne\u0301, a\u0300 l\u2019occasion du sommet du G20 (15 au 16 novembre) qui s\u2019est tenu a\u0300 Bali, en Indone\u0301sie. Elle peut par conse\u0301quent nourrir une juste ambition d\u2019e\u0302tre inte\u0301gre\u0301e comme un membre permanent au Forum du G20 et j\u2019aimerai inviter mes pairs a\u0300 y proce\u0301der \u00bb.<\/p>\n<p>Succe\u0300s diplomatiques<\/p>\n<p>Ces appels re\u0301pe\u0301te\u0301s, s\u2019ils ne se sont pas encore concre\u0301tise\u0301s dans les faits, ont rec\u0327u des soutiens de poids. Celui de Joe Biden, notamment, Pre\u0301sident des E\u0301tats-Unis. \u00ab\u00a0Les E\u0301tats-Unis sont a\u0300 fond pour l&rsquo;Afrique et avec l&rsquo;Afrique\u201d, a-t-il de\u0301clare\u0301 le 15 de\u0301cembre lors du sommet E\u0301tats-Unis-Afrique. \u00ab\u00a0L&rsquo;Afrique doit e\u0302tre a\u0300 la table dans chaque salle \u2013 dans chaque salle ou\u0300 l&rsquo;on discute des de\u0301fis mondiaux \u2013 et dans toutes les institutions\u00a0\u00bb, a encore souligne\u0301 Joe Biden en citant expresse\u0301ment le Conseil de se\u0301curite\u0301 de l&rsquo;ONU et le G20 \u2013 qui regroupe les principales puissances e\u0301conomiques du monde.<\/p>\n<p>Emmanuel Macron, e\u0301galement, a accueilli favorablement les appels du pied de Macky Sall. \u00ab\u00a0Je soutiens l&rsquo;inte\u0301gration pleine et entie\u0300re de l&rsquo;Union africaine au G20, a-t-il de\u0301clare\u0301 le 16 juin a\u0300 Bali. \u00ab\u00a0Nous ne pouvons pas demander a\u0300 ces pays de soutenir le multilate\u0301ralisme, si celui-ci n&rsquo;est pas en capacite\u0301 de re\u0301pondre a\u0300 leurs urgences vitales\u00a0\u00bb.<\/p>\n<p>Autre soutien de poids, celui du pre\u0301sident chinois, Xi Jinping : \u201cAvoir une vie heureuse est l&rsquo;aspiration commune de tous les pays et la modernisation n&rsquo;est pas le privile\u0300ge d&rsquo;un seul pays. Les pays en avance doivent aider since\u0300rement les autres a\u0300 se de\u0301velopper et fournir plus de biens publics mondiaux. Les grands pays doivent assumer les responsabilite\u0301s qui leur incombent et donner le meilleur d&rsquo;eux-me\u0302mes pour la cause du de\u0301veloppement mondial\u201d.<\/p>\n<p>Difficulte\u0301s inte\u0301rieures<\/p>\n<p>Des succe\u0300s relatifs qui contrastent avec une situation inte\u0301rieure complique\u0301e, symbolise\u0301e notamment par un climat politico-social tendu (3 morts lors de manifestations le 17 juin) et deux e\u0301lections, les locales puis les le\u0301gislatives, lors desquelles son camp a laisse\u0301 beaucoup de plumes.<\/p>\n<p>Pour reprendre un peu la main, le chef de l\u2019E\u0301tat a nomme\u0301 un gouvernement, le 17 octobre, pour amorcer le dernier virage vers 2024. Principale de\u0301cision, le retour dans l\u2019architecture institutionnelle d\u2019un Premier ministre, en l\u2019occurrence Amadou Ba. Dans un discours prononce\u0301 la veille de l\u2019officialisation de cette nomination, Macky Sall indique les grandes orientations de ce gouvernement : \u00ab Les mesures d&rsquo;alle\u0300gement du cou\u0302t de la vie et le soutien a\u0300 l&#8217;emploi et a\u0300 l&rsquo;entrepreneuriat des jeunes, la lutte contre les inondations, la cherte\u0301 du loyer resteront pour moi la priorite\u0301 des priorite\u0301s.De larges concertations sont pre\u0301vues avec toutes les parties prenantes, notamment les associations de consommateurs et les commerc\u0327ants .<\/p>\n<p>\u00ab Les mesures d&rsquo;alle\u0300gement du cou\u0302t de la vie et le soutien a\u0300 l&#8217;emploi et a\u0300 l&rsquo;entrepreneuriat des jeunes, la lutte contre les inondations, la cherte\u0301 du loyer resteront pour moi la priorite\u0301 des priorite\u0301s.De larges concertations sont pre\u0301vues avec toutes les parties prenantes, notamment les associations de consommateurs et les commerc\u0327ants .<\/p>\n<p>Cela s\u2019est concre\u0301tise\u0301, quelques mois plus tard, par des mesures de baisse relatives notamment au logement, au riz, a\u0300 l&rsquo;huile, au sucre et aux fournitures scolaires.<\/p>\n<p>La baisse est de 5% pour les loyers de plus de 500.000 FCFA , de 10% pour ceux allant de 300.000 FCFA a\u0300 500.000 FCFA et de 20% pour ceux infe\u0301rieurs ou e\u0301gaux a\u0300 300.000 FCFA.<\/p>\n<p>Face aux re\u0301calcitrants, les autorite\u0301s ont annonce\u0301 le recrutement de jeunes pour faire respecter les prix alors que des consommateurs ont exprime\u0301 leur doutes sur l&rsquo;effectivite\u0301 de ces nouvelles mesures du fait des re\u0301ticences des commerc\u0327ants.<\/p>\n<p>Toujours est-il que ce virage social devrait s\u2019accentuer en 2023, et le chef de l\u2019E\u0301tat sera beaucoup plus pre\u0301sent dans les affaires inte\u0301rieures. L&rsquo;anne\u0301e sera moins internationale pour Macky Sall d\u2019autant que son mandat comme Pre\u0301sident de l\u2019Union africaine s\u2019ache\u0300ve en fe\u0301vrier prochain.<\/p>\n<p><strong>Pour plus d&rsquo;informations et d&rsquo;analyses sur la <a href=\"https:\/\/www.africa-press.net\/senegal\">Senegal<\/a>, suivez <a href=\"https:\/\/www.africa-press.net\/\">Africa-Press<\/a><\/strong><\/p>\n","protected":false},"excerpt":{"rendered":"<p>Africa-Press &#8211; Senegal. Alors qu\u2019il s\u2019appre\u0302te a\u0300 clo\u0302turer l\u2019anne\u0301e par son traditionnel discours a\u0300 la Nation, Seneweb revient sur l\u2019anne\u0301e du Pre\u0301sident de la Re\u0301publique, qui fort de son statut de chef de l\u2019Union africaine, a multiplie\u0301 les initiatives diplomatiques, non sans succe\u0300s. Sur le plan inte\u0301rieur, en revanche, l&rsquo;anne\u0301e fut rude, malgre\u0301 le volontarisme [&hellip;]<\/p>\n","protected":false},"author":82,"featured_media":37420,"comment_status":"open","ping_status":"closed","sticky":false,"template":"","format":"standard","meta":{"footnotes":""},"categories":[2,20,10],"tags":[43,47,44],"class_list":["post-37421","post","type-post","status-publish","format-standard","has-post-thumbnail","hentry","category-politique","category-top-nouvelles","category-toutes-les-actualites","tag-africa-press-2","tag-africa-press-senegal","tag-senegal-2"],"yoast_head":"<!-- This site is optimized with the Yoast SEO Premium plugin v26.1 (Yoast SEO v27.0) - https:\/\/yoast.com\/product\/yoast-seo-premium-wordpress\/ -->\n<title>Macky en 2022 : Entre splendeurs diplomatiques et mis\u00e8res int\u00e9rieures - Senegal<\/title>\n<meta name=\"robots\" content=\"index, follow, max-snippet:-1, max-image-preview:large, max-video-preview:-1\" \/>\n<link rel=\"canonical\" href=\"https:\/\/www.africa-press.net\/senegal\/politique\/macky-en-2022-entre-splendeurs-diplomatiques-et-miseres-interieures\" \/>\n<meta property=\"og:locale\" content=\"fr_FR\" \/>\n<meta property=\"og:type\" content=\"article\" \/>\n<meta property=\"og:title\" content=\"Macky en 2022 : Entre splendeurs diplomatiques et mis\u00e8res int\u00e9rieures\" \/>\n<meta property=\"og:description\" content=\"Africa-Press &#8211; Senegal. Alors qu\u2019il s\u2019appre\u0302te a\u0300 clo\u0302turer l\u2019anne\u0301e par son traditionnel discours a\u0300 la Nation, Seneweb revient sur l\u2019anne\u0301e du Pre\u0301sident de la Re\u0301publique, qui fort de son statut de chef de l\u2019Union africaine, a multiplie\u0301 les initiatives diplomatiques, non sans succe\u0300s. Sur le plan inte\u0301rieur, en revanche, l&rsquo;anne\u0301e fut rude, malgre\u0301 le volontarisme [&hellip;]\" \/>\n<meta property=\"og:url\" content=\"https:\/\/www.africa-press.net\/senegal\/politique\/macky-en-2022-entre-splendeurs-diplomatiques-et-miseres-interieures\" \/>\n<meta property=\"og:site_name\" content=\"Senegal\" \/>\n<meta property=\"article:published_time\" content=\"2022-12-31T18:59:55+00:00\" \/>\n<meta name=\"author\" content=\"cfeditorfr\" \/>\n<meta name=\"twitter:card\" content=\"summary_large_image\" \/>\n<meta name=\"twitter:label1\" content=\"\u00c9crit par\" \/>\n\t<meta name=\"twitter:data1\" content=\"cfeditorfr\" \/>\n\t<meta name=\"twitter:label2\" content=\"Dur\u00e9e de lecture estim\u00e9e\" \/>\n\t<meta name=\"twitter:data2\" content=\"6 minutes\" \/>\n<script type=\"application\/ld+json\" class=\"yoast-schema-graph\">{\"@context\":\"https:\/\/schema.org\",\"@graph\":[{\"@type\":\"Article\",\"@id\":\"https:\/\/www.africa-press.net\/senegal\/politique\/macky-en-2022-entre-splendeurs-diplomatiques-et-miseres-interieures#article\",\"isPartOf\":{\"@id\":\"https:\/\/www.africa-press.net\/senegal\/politique\/macky-en-2022-entre-splendeurs-diplomatiques-et-miseres-interieures\"},\"author\":{\"name\":\"cfeditorfr\",\"@id\":\"https:\/\/www.africa-press.net\/senegal\/#\/schema\/person\/2b1cf3cd81a31e3cd26889ca66d677f1\"},\"headline\":\"Macky en 2022 : Entre splendeurs diplomatiques et mis\u00e8res int\u00e9rieures\",\"datePublished\":\"2022-12-31T18:59:55+00:00\",\"mainEntityOfPage\":{\"@id\":\"https:\/\/www.africa-press.net\/senegal\/politique\/macky-en-2022-entre-splendeurs-diplomatiques-et-miseres-interieures\"},\"wordCount\":1271,\"commentCount\":0,\"image\":{\"@id\":\"https:\/\/www.africa-press.net\/senegal\/politique\/macky-en-2022-entre-splendeurs-diplomatiques-et-miseres-interieures#primaryimage\"},\"thumbnailUrl\":\"https:\/\/static.africa-press.net\/senegal\/sites\/13\/2022\/12\/postQueueImg_1672500616.26.jpg\",\"keywords\":[\"Africa Press\",\"Africa Press-Senegal\",\"Senegal\"],\"articleSection\":[\"Politique\",\"Top Nouvelles\",\"Toutes les actualit\u00e9s\"],\"inLanguage\":\"fr-FR\",\"potentialAction\":[{\"@type\":\"CommentAction\",\"name\":\"Comment\",\"target\":[\"https:\/\/www.africa-press.net\/senegal\/politique\/macky-en-2022-entre-splendeurs-diplomatiques-et-miseres-interieures#respond\"]}]},{\"@type\":\"WebPage\",\"@id\":\"https:\/\/www.africa-press.net\/senegal\/politique\/macky-en-2022-entre-splendeurs-diplomatiques-et-miseres-interieures\",\"url\":\"https:\/\/www.africa-press.net\/senegal\/politique\/macky-en-2022-entre-splendeurs-diplomatiques-et-miseres-interieures\",\"name\":\"Macky en 2022 : Entre splendeurs diplomatiques et mis\u00e8res int\u00e9rieures - Senegal\",\"isPartOf\":{\"@id\":\"https:\/\/www.africa-press.net\/senegal\/#website\"},\"primaryImageOfPage\":{\"@id\":\"https:\/\/www.africa-press.net\/senegal\/politique\/macky-en-2022-entre-splendeurs-diplomatiques-et-miseres-interieures#primaryimage\"},\"image\":{\"@id\":\"https:\/\/www.africa-press.net\/senegal\/politique\/macky-en-2022-entre-splendeurs-diplomatiques-et-miseres-interieures#primaryimage\"},\"thumbnailUrl\":\"https:\/\/static.africa-press.net\/senegal\/sites\/13\/2022\/12\/postQueueImg_1672500616.26.jpg\",\"datePublished\":\"2022-12-31T18:59:55+00:00\",\"author\":{\"@id\":\"https:\/\/www.africa-press.net\/senegal\/#\/schema\/person\/2b1cf3cd81a31e3cd26889ca66d677f1\"},\"breadcrumb\":{\"@id\":\"https:\/\/www.africa-press.net\/senegal\/politique\/macky-en-2022-entre-splendeurs-diplomatiques-et-miseres-interieures#breadcrumb\"},\"inLanguage\":\"fr-FR\",\"potentialAction\":[{\"@type\":\"ReadAction\",\"target\":[\"https:\/\/www.africa-press.net\/senegal\/politique\/macky-en-2022-entre-splendeurs-diplomatiques-et-miseres-interieures\"]}]},{\"@type\":\"ImageObject\",\"inLanguage\":\"fr-FR\",\"@id\":\"https:\/\/www.africa-press.net\/senegal\/politique\/macky-en-2022-entre-splendeurs-diplomatiques-et-miseres-interieures#primaryimage\",\"url\":\"https:\/\/static.africa-press.net\/senegal\/sites\/13\/2022\/12\/postQueueImg_1672500616.26.jpg\",\"contentUrl\":\"https:\/\/static.africa-press.net\/senegal\/sites\/13\/2022\/12\/postQueueImg_1672500616.26.jpg\",\"width\":720,\"height\":350,\"caption\":\"Macky en 2022 : Entre splendeurs diplomatiques et mis\u00e8res int\u00e9rieures\"},{\"@type\":\"BreadcrumbList\",\"@id\":\"https:\/\/www.africa-press.net\/senegal\/politique\/macky-en-2022-entre-splendeurs-diplomatiques-et-miseres-interieures#breadcrumb\",\"itemListElement\":[{\"@type\":\"ListItem\",\"position\":1,\"name\":\"Accueil\",\"item\":\"https:\/\/www.africa-press.net\/senegal\/\"},{\"@type\":\"ListItem\",\"position\":2,\"name\":\"Macky en 2022 : Entre splendeurs diplomatiques et mis\u00e8res int\u00e9rieures\"}]},{\"@type\":\"WebSite\",\"@id\":\"https:\/\/www.africa-press.net\/senegal\/#website\",\"url\":\"https:\/\/www.africa-press.net\/senegal\/\",\"name\":\"Africa Press | Senegal | Homepage\",\"description\":\"Just another Africa News Agency Sites site\",\"potentialAction\":[{\"@type\":\"SearchAction\",\"target\":{\"@type\":\"EntryPoint\",\"urlTemplate\":\"https:\/\/www.africa-press.net\/senegal\/?s={search_term_string}\"},\"query-input\":{\"@type\":\"PropertyValueSpecification\",\"valueRequired\":true,\"valueName\":\"search_term_string\"}}],\"inLanguage\":\"fr-FR\"},{\"@type\":\"Person\",\"@id\":\"https:\/\/www.africa-press.net\/senegal\/#\/schema\/person\/2b1cf3cd81a31e3cd26889ca66d677f1\",\"name\":\"cfeditorfr\",\"url\":\"https:\/\/www.africa-press.net\/senegal\/author\/cfeditorfr\"}]}<\/script>\n<!-- \/ Yoast SEO Premium plugin. -->","yoast_head_json":{"title":"Macky en 2022 : Entre splendeurs diplomatiques et mis\u00e8res int\u00e9rieures - Senegal","robots":{"index":"index","follow":"follow","max-snippet":"max-snippet:-1","max-image-preview":"max-image-preview:large","max-video-preview":"max-video-preview:-1"},"canonical":"https:\/\/www.africa-press.net\/senegal\/politique\/macky-en-2022-entre-splendeurs-diplomatiques-et-miseres-interieures","og_locale":"fr_FR","og_type":"article","og_title":"Macky en 2022 : Entre splendeurs diplomatiques et mis\u00e8res int\u00e9rieures","og_description":"Africa-Press &#8211; Senegal. Alors qu\u2019il s\u2019appre\u0302te a\u0300 clo\u0302turer l\u2019anne\u0301e par son traditionnel discours a\u0300 la Nation, Seneweb revient sur l\u2019anne\u0301e du Pre\u0301sident de la Re\u0301publique, qui fort de son statut de chef de l\u2019Union africaine, a multiplie\u0301 les initiatives diplomatiques, non sans succe\u0300s. Sur le plan inte\u0301rieur, en revanche, l&rsquo;anne\u0301e fut rude, malgre\u0301 le volontarisme [&hellip;]","og_url":"https:\/\/www.africa-press.net\/senegal\/politique\/macky-en-2022-entre-splendeurs-diplomatiques-et-miseres-interieures","og_site_name":"Senegal","article_published_time":"2022-12-31T18:59:55+00:00","author":"cfeditorfr","twitter_card":"summary_large_image","twitter_misc":{"\u00c9crit par":"cfeditorfr","Dur\u00e9e de lecture estim\u00e9e":"6 minutes"},"schema":{"@context":"https:\/\/schema.org","@graph":[{"@type":"Article","@id":"https:\/\/www.africa-press.net\/senegal\/politique\/macky-en-2022-entre-splendeurs-diplomatiques-et-miseres-interieures#article","isPartOf":{"@id":"https:\/\/www.africa-press.net\/senegal\/politique\/macky-en-2022-entre-splendeurs-diplomatiques-et-miseres-interieures"},"author":{"name":"cfeditorfr","@id":"https:\/\/www.africa-press.net\/senegal\/#\/schema\/person\/2b1cf3cd81a31e3cd26889ca66d677f1"},"headline":"Macky en 2022 : Entre splendeurs diplomatiques et mis\u00e8res int\u00e9rieures","datePublished":"2022-12-31T18:59:55+00:00","mainEntityOfPage":{"@id":"https:\/\/www.africa-press.net\/senegal\/politique\/macky-en-2022-entre-splendeurs-diplomatiques-et-miseres-interieures"},"wordCount":1271,"commentCount":0,"image":{"@id":"https:\/\/www.africa-press.net\/senegal\/politique\/macky-en-2022-entre-splendeurs-diplomatiques-et-miseres-interieures#primaryimage"},"thumbnailUrl":"https:\/\/static.africa-press.net\/senegal\/sites\/13\/2022\/12\/postQueueImg_1672500616.26.jpg","keywords":["Africa Press","Africa Press-Senegal","Senegal"],"articleSection":["Politique","Top Nouvelles","Toutes les actualit\u00e9s"],"inLanguage":"fr-FR","potentialAction":[{"@type":"CommentAction","name":"Comment","target":["https:\/\/www.africa-press.net\/senegal\/politique\/macky-en-2022-entre-splendeurs-diplomatiques-et-miseres-interieures#respond"]}]},{"@type":"WebPage","@id":"https:\/\/www.africa-press.net\/senegal\/politique\/macky-en-2022-entre-splendeurs-diplomatiques-et-miseres-interieures","url":"https:\/\/www.africa-press.net\/senegal\/politique\/macky-en-2022-entre-splendeurs-diplomatiques-et-miseres-interieures","name":"Macky en 2022 : Entre splendeurs diplomatiques et mis\u00e8res int\u00e9rieures - Senegal","isPartOf":{"@id":"https:\/\/www.africa-press.net\/senegal\/#website"},"primaryImageOfPage":{"@id":"https:\/\/www.africa-press.net\/senegal\/politique\/macky-en-2022-entre-splendeurs-diplomatiques-et-miseres-interieures#primaryimage"},"image":{"@id":"https:\/\/www.africa-press.net\/senegal\/politique\/macky-en-2022-entre-splendeurs-diplomatiques-et-miseres-interieures#primaryimage"},"thumbnailUrl":"https:\/\/static.africa-press.net\/senegal\/sites\/13\/2022\/12\/postQueueImg_1672500616.26.jpg","datePublished":"2022-12-31T18:59:55+00:00","author":{"@id":"https:\/\/www.africa-press.net\/senegal\/#\/schema\/person\/2b1cf3cd81a31e3cd26889ca66d677f1"},"breadcrumb":{"@id":"https:\/\/www.africa-press.net\/senegal\/politique\/macky-en-2022-entre-splendeurs-diplomatiques-et-miseres-interieures#breadcrumb"},"inLanguage":"fr-FR","potentialAction":[{"@type":"ReadAction","target":["https:\/\/www.africa-press.net\/senegal\/politique\/macky-en-2022-entre-splendeurs-diplomatiques-et-miseres-interieures"]}]},{"@type":"ImageObject","inLanguage":"fr-FR","@id":"https:\/\/www.africa-press.net\/senegal\/politique\/macky-en-2022-entre-splendeurs-diplomatiques-et-miseres-interieures#primaryimage","url":"https:\/\/static.africa-press.net\/senegal\/sites\/13\/2022\/12\/postQueueImg_1672500616.26.jpg","contentUrl":"https:\/\/static.africa-press.net\/senegal\/sites\/13\/2022\/12\/postQueueImg_1672500616.26.jpg","width":720,"height":350,"caption":"Macky en 2022 : Entre splendeurs diplomatiques et mis\u00e8res int\u00e9rieures"},{"@type":"BreadcrumbList","@id":"https:\/\/www.africa-press.net\/senegal\/politique\/macky-en-2022-entre-splendeurs-diplomatiques-et-miseres-interieures#breadcrumb","itemListElement":[{"@type":"ListItem","position":1,"name":"Accueil","item":"https:\/\/www.africa-press.net\/senegal\/"},{"@type":"ListItem","position":2,"name":"Macky en 2022 : Entre splendeurs diplomatiques et mis\u00e8res int\u00e9rieures"}]},{"@type":"WebSite","@id":"https:\/\/www.africa-press.net\/senegal\/#website","url":"https:\/\/www.africa-press.net\/senegal\/","name":"Africa Press | Senegal | Homepage","description":"Just another Africa News Agency Sites site","potentialAction":[{"@type":"SearchAction","target":{"@type":"EntryPoint","urlTemplate":"https:\/\/www.africa-press.net\/senegal\/?s={search_term_string}"},"query-input":{"@type":"PropertyValueSpecification","valueRequired":true,"valueName":"search_term_string"}}],"inLanguage":"fr-FR"},{"@type":"Person","@id":"https:\/\/www.africa-press.net\/senegal\/#\/schema\/person\/2b1cf3cd81a31e3cd26889ca66d677f1","name":"cfeditorfr","url":"https:\/\/www.africa-press.net\/senegal\/author\/cfeditorfr"}]}},"_links":{"self":[{"href":"https:\/\/www.africa-press.net\/senegal\/wp-json\/wp\/v2\/posts\/37421","targetHints":{"allow":["GET"]}}],"collection":[{"href":"https:\/\/www.africa-press.net\/senegal\/wp-json\/wp\/v2\/posts"}],"about":[{"href":"https:\/\/www.africa-press.net\/senegal\/wp-json\/wp\/v2\/types\/post"}],"author":[{"embeddable":true,"href":"https:\/\/www.africa-press.net\/senegal\/wp-json\/wp\/v2\/users\/82"}],"replies":[{"embeddable":true,"href":"https:\/\/www.africa-press.net\/senegal\/wp-json\/wp\/v2\/comments?post=37421"}],"version-history":[{"count":0,"href":"https:\/\/www.africa-press.net\/senegal\/wp-json\/wp\/v2\/posts\/37421\/revisions"}],"wp:featuredmedia":[{"embeddable":true,"href":"https:\/\/www.africa-press.net\/senegal\/wp-json\/wp\/v2\/media\/37420"}],"wp:attachment":[{"href":"https:\/\/www.africa-press.net\/senegal\/wp-json\/wp\/v2\/media?parent=37421"}],"wp:term":[{"taxonomy":"category","embeddable":true,"href":"https:\/\/www.africa-press.net\/senegal\/wp-json\/wp\/v2\/categories?post=37421"},{"taxonomy":"post_tag","embeddable":true,"href":"https:\/\/www.africa-press.net\/senegal\/wp-json\/wp\/v2\/tags?post=37421"}],"curies":[{"name":"wp","href":"https:\/\/api.w.org\/{rel}","templated":true}]}}