{"id":37669,"date":"2023-01-06T20:23:05","date_gmt":"2023-01-06T20:23:05","guid":{"rendered":"https:\/\/www.africa-press.net\/senegal\/politique\/ousmane-sonko-sur-le-probable-3e-mandat-de-macky-cest-une-honte-pour-le-senegal-et-pour-lafrique"},"modified":"2023-01-06T21:26:17","modified_gmt":"2023-01-06T21:26:17","slug":"ousmane-sonko-sur-le-probable-3e-mandat-de-macky-cest-une-honte-pour-le-senegal-et-pour-lafrique","status":"publish","type":"post","link":"https:\/\/www.africa-press.net\/senegal\/politique\/ousmane-sonko-sur-le-probable-3e-mandat-de-macky-cest-une-honte-pour-le-senegal-et-pour-lafrique","title":{"rendered":"Ousmane Sonko sur le probable 3e mandat de Macky : \u00ab C\u2019est une honte pour le S\u00e9n\u00e9gal et pour l\u2019Afrique\u2026 \u00bb"},"content":{"rendered":"<p><span style=\"color: #ff6600\"><strong>Africa-Press &#8211; Senegal. <\/strong><\/span>La question du probable 3e mandat de Macky Sall a e\u0301te\u0301 e\u0301voque\u0301e lors de l\u2019entretien que le leader de Pastef, Ousmane Sonko a accorde\u0301, ce vendredi 6 janvier 2023, a\u0300 France 24 et Rfi. A ce propos, Sonko estime que \u00ab c\u2019est une honte pour le Se\u0301ne\u0301gal et pour l\u2019Afrique que ce genre de de\u0301bat ne se pose que chez nous \u00bb.<\/p>\n<p>\u00ab Quand on a gouverne\u0301 de la manie\u0300re qu\u2019il l\u2019a fait avec des scandales a\u0300 la pelle impliquant ses proches : ses beaux-fre\u0300res, ses fre\u0300res, ses parents, tous ces gens qu\u2019il a me\u0302le\u0301s a\u0300 sa gouvernance.<\/p>\n<p>Quand on a gouverne\u0301 dans la brimade en instrumentalisant la justice, on a toujours peur des lendemains \u00bb, a de\u0301clare\u0301 Ousmane Sonko sur France 24. Sur le plan juridique, soutient l\u2019opposant, le Pre\u0301sident Macky Sall ne peut en aucun cas pre\u0301tendre a\u0300 un troisie\u0300me mandat.<\/p>\n<p>\u00ab Les constitutionnalistes se\u0301ne\u0301galais sont unanimes. La question de la dure\u0301e des mandats n\u2019a rien a\u0300 voir avec la limitation des mandats.<\/p>\n<p>\u2018Nul ne peut exercer plus de deux mandats conse\u0301cutifs\u2019 cette phrase re\u0301sume la question. Le moment venu, le peuple Se\u0301ne\u0301galais, aura son mot a\u0300 dire \u00bb, conclut-il.<\/p>\n<p><strong>Pour plus d&rsquo;informations et d&rsquo;analyses sur la <a href=\"https:\/\/www.africa-press.net\/senegal\">Senegal<\/a>, suivez <a href=\"https:\/\/www.africa-press.net\/\">Africa-Press<\/a><\/strong><\/p>\n","protected":false},"excerpt":{"rendered":"<p>Africa-Press &#8211; Senegal. La question du probable 3e mandat de Macky Sall a e\u0301te\u0301 e\u0301voque\u0301e lors de l\u2019entretien que le leader de Pastef, Ousmane Sonko a accorde\u0301, ce vendredi 6 janvier 2023, a\u0300 France 24 et Rfi. A ce propos, Sonko estime que \u00ab c\u2019est une honte pour le Se\u0301ne\u0301gal et pour l\u2019Afrique que ce [&hellip;]<\/p>\n","protected":false},"author":82,"featured_media":37668,"comment_status":"open","ping_status":"closed","sticky":false,"template":"","format":"standard","meta":{"footnotes":""},"categories":[2,20,10],"tags":[43,47,44],"class_list":["post-37669","post","type-post","status-publish","format-standard","has-post-thumbnail","hentry","category-politique","category-top-nouvelles","category-toutes-les-actualites","tag-africa-press-2","tag-africa-press-senegal","tag-senegal-2"],"yoast_head":"<!-- This site is optimized with the Yoast SEO Premium plugin v26.1 (Yoast SEO v27.0) - https:\/\/yoast.com\/product\/yoast-seo-premium-wordpress\/ -->\n<title>Ousmane Sonko sur le probable 3e mandat de Macky : \u00ab C\u2019est une honte pour le S\u00e9n\u00e9gal et pour l\u2019Afrique\u2026 \u00bb - Senegal<\/title>\n<meta name=\"description\" content=\"La question du probable 3e mandat de Macky Sall a e\u0301te\u0301 e\u0301voque\u0301e lors de l\u2019entretien que le leader de Pastef, Ousmane S ...\" \/>\n<meta name=\"robots\" content=\"index, follow, max-snippet:-1, max-image-preview:large, max-video-preview:-1\" \/>\n<link rel=\"canonical\" href=\"https:\/\/www.africa-press.net\/senegal\/politique\/ousmane-sonko-sur-le-probable-3e-mandat-de-macky-cest-une-honte-pour-le-senegal-et-pour-lafrique\" \/>\n<meta property=\"og:locale\" content=\"fr_FR\" \/>\n<meta property=\"og:type\" content=\"article\" \/>\n<meta property=\"og:title\" content=\"Ousmane Sonko sur le probable 3e mandat de Macky : \u00ab C\u2019est une honte pour le S\u00e9n\u00e9gal et pour l\u2019Afrique\u2026 \u00bb\" \/>\n<meta property=\"og:description\" content=\"La question du probable 3e mandat de Macky Sall a e\u0301te\u0301 e\u0301voque\u0301e lors de l\u2019entretien que le leader de Pastef, Ousmane S ...\" \/>\n<meta property=\"og:url\" content=\"https:\/\/www.africa-press.net\/senegal\/politique\/ousmane-sonko-sur-le-probable-3e-mandat-de-macky-cest-une-honte-pour-le-senegal-et-pour-lafrique\" \/>\n<meta property=\"og:site_name\" content=\"Senegal\" \/>\n<meta property=\"article:published_time\" content=\"2023-01-06T20:23:05+00:00\" \/>\n<meta property=\"article:modified_time\" content=\"2023-01-06T21:26:17+00:00\" \/>\n<meta property=\"og:image\" content=\"https:\/\/static.africa-press.net\/senegal\/sites\/13\/2023\/01\/postQueueImg_1673023998.63.jpg\" \/>\n\t<meta property=\"og:image:width\" content=\"720\" \/>\n\t<meta property=\"og:image:height\" content=\"350\" \/>\n\t<meta property=\"og:image:type\" content=\"image\/jpeg\" \/>\n<meta name=\"author\" content=\"cfeditorfr\" \/>\n<meta name=\"twitter:card\" content=\"summary_large_image\" \/>\n<meta name=\"twitter:label1\" content=\"\u00c9crit par\" \/>\n\t<meta name=\"twitter:data1\" content=\"cfeditorfr\" \/>\n\t<meta name=\"twitter:label2\" content=\"Dur\u00e9e de lecture estim\u00e9e\" \/>\n\t<meta name=\"twitter:data2\" content=\"2 minutes\" \/>\n<script type=\"application\/ld+json\" class=\"yoast-schema-graph\">{\"@context\":\"https:\/\/schema.org\",\"@graph\":[{\"@type\":\"Article\",\"@id\":\"https:\/\/www.africa-press.net\/senegal\/politique\/ousmane-sonko-sur-le-probable-3e-mandat-de-macky-cest-une-honte-pour-le-senegal-et-pour-lafrique#article\",\"isPartOf\":{\"@id\":\"https:\/\/www.africa-press.net\/senegal\/politique\/ousmane-sonko-sur-le-probable-3e-mandat-de-macky-cest-une-honte-pour-le-senegal-et-pour-lafrique\"},\"author\":{\"name\":\"cfeditorfr\",\"@id\":\"https:\/\/www.africa-press.net\/senegal\/#\/schema\/person\/2b1cf3cd81a31e3cd26889ca66d677f1\"},\"headline\":\"Ousmane Sonko sur le probable 3e mandat de Macky : \u00ab C\u2019est une honte pour le S\u00e9n\u00e9gal et pour l\u2019Afrique\u2026 \u00bb\",\"datePublished\":\"2023-01-06T20:23:05+00:00\",\"dateModified\":\"2023-01-06T21:26:17+00:00\",\"mainEntityOfPage\":{\"@id\":\"https:\/\/www.africa-press.net\/senegal\/politique\/ousmane-sonko-sur-le-probable-3e-mandat-de-macky-cest-une-honte-pour-le-senegal-et-pour-lafrique\"},\"wordCount\":248,\"commentCount\":0,\"image\":{\"@id\":\"https:\/\/www.africa-press.net\/senegal\/politique\/ousmane-sonko-sur-le-probable-3e-mandat-de-macky-cest-une-honte-pour-le-senegal-et-pour-lafrique#primaryimage\"},\"thumbnailUrl\":\"https:\/\/static.africa-press.net\/senegal\/sites\/13\/2023\/01\/postQueueImg_1673023998.63.jpg\",\"keywords\":[\"Africa Press\",\"Africa Press-Senegal\",\"Senegal\"],\"articleSection\":[\"Politique\",\"Top Nouvelles\",\"Toutes les actualit\u00e9s\"],\"inLanguage\":\"fr-FR\",\"potentialAction\":[{\"@type\":\"CommentAction\",\"name\":\"Comment\",\"target\":[\"https:\/\/www.africa-press.net\/senegal\/politique\/ousmane-sonko-sur-le-probable-3e-mandat-de-macky-cest-une-honte-pour-le-senegal-et-pour-lafrique#respond\"]}]},{\"@type\":\"WebPage\",\"@id\":\"https:\/\/www.africa-press.net\/senegal\/politique\/ousmane-sonko-sur-le-probable-3e-mandat-de-macky-cest-une-honte-pour-le-senegal-et-pour-lafrique\",\"url\":\"https:\/\/www.africa-press.net\/senegal\/politique\/ousmane-sonko-sur-le-probable-3e-mandat-de-macky-cest-une-honte-pour-le-senegal-et-pour-lafrique\",\"name\":\"Ousmane Sonko sur le probable 3e mandat de Macky : \u00ab C\u2019est une honte pour le S\u00e9n\u00e9gal et pour l\u2019Afrique\u2026 \u00bb - Senegal\",\"isPartOf\":{\"@id\":\"https:\/\/www.africa-press.net\/senegal\/#website\"},\"primaryImageOfPage\":{\"@id\":\"https:\/\/www.africa-press.net\/senegal\/politique\/ousmane-sonko-sur-le-probable-3e-mandat-de-macky-cest-une-honte-pour-le-senegal-et-pour-lafrique#primaryimage\"},\"image\":{\"@id\":\"https:\/\/www.africa-press.net\/senegal\/politique\/ousmane-sonko-sur-le-probable-3e-mandat-de-macky-cest-une-honte-pour-le-senegal-et-pour-lafrique#primaryimage\"},\"thumbnailUrl\":\"https:\/\/static.africa-press.net\/senegal\/sites\/13\/2023\/01\/postQueueImg_1673023998.63.jpg\",\"datePublished\":\"2023-01-06T20:23:05+00:00\",\"dateModified\":\"2023-01-06T21:26:17+00:00\",\"author\":{\"@id\":\"https:\/\/www.africa-press.net\/senegal\/#\/schema\/person\/2b1cf3cd81a31e3cd26889ca66d677f1\"},\"description\":\"La question du probable 3e mandat de Macky Sall a e\u0301te\u0301 e\u0301voque\u0301e lors de l\u2019entretien que le leader de Pastef, Ousmane S ...\",\"breadcrumb\":{\"@id\":\"https:\/\/www.africa-press.net\/senegal\/politique\/ousmane-sonko-sur-le-probable-3e-mandat-de-macky-cest-une-honte-pour-le-senegal-et-pour-lafrique#breadcrumb\"},\"inLanguage\":\"fr-FR\",\"potentialAction\":[{\"@type\":\"ReadAction\",\"target\":[\"https:\/\/www.africa-press.net\/senegal\/politique\/ousmane-sonko-sur-le-probable-3e-mandat-de-macky-cest-une-honte-pour-le-senegal-et-pour-lafrique\"]}]},{\"@type\":\"ImageObject\",\"inLanguage\":\"fr-FR\",\"@id\":\"https:\/\/www.africa-press.net\/senegal\/politique\/ousmane-sonko-sur-le-probable-3e-mandat-de-macky-cest-une-honte-pour-le-senegal-et-pour-lafrique#primaryimage\",\"url\":\"https:\/\/static.africa-press.net\/senegal\/sites\/13\/2023\/01\/postQueueImg_1673023998.63.jpg\",\"contentUrl\":\"https:\/\/static.africa-press.net\/senegal\/sites\/13\/2023\/01\/postQueueImg_1673023998.63.jpg\",\"width\":720,\"height\":350,\"caption\":\"Ousmane Sonko sur le probable 3e mandat de Macky : \u00ab C\u2019est une honte pour le S\u00e9n\u00e9gal et pour l\u2019Afrique\u2026 \u00bb\"},{\"@type\":\"BreadcrumbList\",\"@id\":\"https:\/\/www.africa-press.net\/senegal\/politique\/ousmane-sonko-sur-le-probable-3e-mandat-de-macky-cest-une-honte-pour-le-senegal-et-pour-lafrique#breadcrumb\",\"itemListElement\":[{\"@type\":\"ListItem\",\"position\":1,\"name\":\"Accueil\",\"item\":\"https:\/\/www.africa-press.net\/senegal\/\"},{\"@type\":\"ListItem\",\"position\":2,\"name\":\"Ousmane Sonko sur le probable 3e mandat de Macky : \u00ab C\u2019est une honte pour le S\u00e9n\u00e9gal et pour l\u2019Afrique\u2026 \u00bb\"}]},{\"@type\":\"WebSite\",\"@id\":\"https:\/\/www.africa-press.net\/senegal\/#website\",\"url\":\"https:\/\/www.africa-press.net\/senegal\/\",\"name\":\"Africa Press | Senegal | Homepage\",\"description\":\"Just another Africa News Agency Sites site\",\"potentialAction\":[{\"@type\":\"SearchAction\",\"target\":{\"@type\":\"EntryPoint\",\"urlTemplate\":\"https:\/\/www.africa-press.net\/senegal\/?s={search_term_string}\"},\"query-input\":{\"@type\":\"PropertyValueSpecification\",\"valueRequired\":true,\"valueName\":\"search_term_string\"}}],\"inLanguage\":\"fr-FR\"},{\"@type\":\"Person\",\"@id\":\"https:\/\/www.africa-press.net\/senegal\/#\/schema\/person\/2b1cf3cd81a31e3cd26889ca66d677f1\",\"name\":\"cfeditorfr\",\"url\":\"https:\/\/www.africa-press.net\/senegal\/author\/cfeditorfr\"}]}<\/script>\n<!-- \/ Yoast SEO Premium plugin. -->","yoast_head_json":{"title":"Ousmane Sonko sur le probable 3e mandat de Macky : \u00ab C\u2019est une honte pour le S\u00e9n\u00e9gal et pour l\u2019Afrique\u2026 \u00bb - Senegal","description":"La question du probable 3e mandat de Macky Sall a e\u0301te\u0301 e\u0301voque\u0301e lors de l\u2019entretien que le leader de Pastef, Ousmane S ...","robots":{"index":"index","follow":"follow","max-snippet":"max-snippet:-1","max-image-preview":"max-image-preview:large","max-video-preview":"max-video-preview:-1"},"canonical":"https:\/\/www.africa-press.net\/senegal\/politique\/ousmane-sonko-sur-le-probable-3e-mandat-de-macky-cest-une-honte-pour-le-senegal-et-pour-lafrique","og_locale":"fr_FR","og_type":"article","og_title":"Ousmane Sonko sur le probable 3e mandat de Macky : \u00ab C\u2019est une honte pour le S\u00e9n\u00e9gal et pour l\u2019Afrique\u2026 \u00bb","og_description":"La question du probable 3e mandat de Macky Sall a e\u0301te\u0301 e\u0301voque\u0301e lors de l\u2019entretien que le leader de Pastef, Ousmane S ...","og_url":"https:\/\/www.africa-press.net\/senegal\/politique\/ousmane-sonko-sur-le-probable-3e-mandat-de-macky-cest-une-honte-pour-le-senegal-et-pour-lafrique","og_site_name":"Senegal","article_published_time":"2023-01-06T20:23:05+00:00","article_modified_time":"2023-01-06T21:26:17+00:00","og_image":[{"width":720,"height":350,"url":"https:\/\/static.africa-press.net\/senegal\/sites\/13\/2023\/01\/postQueueImg_1673023998.63.jpg","type":"image\/jpeg"}],"author":"cfeditorfr","twitter_card":"summary_large_image","twitter_misc":{"\u00c9crit par":"cfeditorfr","Dur\u00e9e de lecture estim\u00e9e":"2 minutes"},"schema":{"@context":"https:\/\/schema.org","@graph":[{"@type":"Article","@id":"https:\/\/www.africa-press.net\/senegal\/politique\/ousmane-sonko-sur-le-probable-3e-mandat-de-macky-cest-une-honte-pour-le-senegal-et-pour-lafrique#article","isPartOf":{"@id":"https:\/\/www.africa-press.net\/senegal\/politique\/ousmane-sonko-sur-le-probable-3e-mandat-de-macky-cest-une-honte-pour-le-senegal-et-pour-lafrique"},"author":{"name":"cfeditorfr","@id":"https:\/\/www.africa-press.net\/senegal\/#\/schema\/person\/2b1cf3cd81a31e3cd26889ca66d677f1"},"headline":"Ousmane Sonko sur le probable 3e mandat de Macky : \u00ab C\u2019est une honte pour le S\u00e9n\u00e9gal et pour l\u2019Afrique\u2026 \u00bb","datePublished":"2023-01-06T20:23:05+00:00","dateModified":"2023-01-06T21:26:17+00:00","mainEntityOfPage":{"@id":"https:\/\/www.africa-press.net\/senegal\/politique\/ousmane-sonko-sur-le-probable-3e-mandat-de-macky-cest-une-honte-pour-le-senegal-et-pour-lafrique"},"wordCount":248,"commentCount":0,"image":{"@id":"https:\/\/www.africa-press.net\/senegal\/politique\/ousmane-sonko-sur-le-probable-3e-mandat-de-macky-cest-une-honte-pour-le-senegal-et-pour-lafrique#primaryimage"},"thumbnailUrl":"https:\/\/static.africa-press.net\/senegal\/sites\/13\/2023\/01\/postQueueImg_1673023998.63.jpg","keywords":["Africa Press","Africa Press-Senegal","Senegal"],"articleSection":["Politique","Top Nouvelles","Toutes les actualit\u00e9s"],"inLanguage":"fr-FR","potentialAction":[{"@type":"CommentAction","name":"Comment","target":["https:\/\/www.africa-press.net\/senegal\/politique\/ousmane-sonko-sur-le-probable-3e-mandat-de-macky-cest-une-honte-pour-le-senegal-et-pour-lafrique#respond"]}]},{"@type":"WebPage","@id":"https:\/\/www.africa-press.net\/senegal\/politique\/ousmane-sonko-sur-le-probable-3e-mandat-de-macky-cest-une-honte-pour-le-senegal-et-pour-lafrique","url":"https:\/\/www.africa-press.net\/senegal\/politique\/ousmane-sonko-sur-le-probable-3e-mandat-de-macky-cest-une-honte-pour-le-senegal-et-pour-lafrique","name":"Ousmane Sonko sur le probable 3e mandat de Macky : \u00ab C\u2019est une honte pour le S\u00e9n\u00e9gal et pour l\u2019Afrique\u2026 \u00bb - Senegal","isPartOf":{"@id":"https:\/\/www.africa-press.net\/senegal\/#website"},"primaryImageOfPage":{"@id":"https:\/\/www.africa-press.net\/senegal\/politique\/ousmane-sonko-sur-le-probable-3e-mandat-de-macky-cest-une-honte-pour-le-senegal-et-pour-lafrique#primaryimage"},"image":{"@id":"https:\/\/www.africa-press.net\/senegal\/politique\/ousmane-sonko-sur-le-probable-3e-mandat-de-macky-cest-une-honte-pour-le-senegal-et-pour-lafrique#primaryimage"},"thumbnailUrl":"https:\/\/static.africa-press.net\/senegal\/sites\/13\/2023\/01\/postQueueImg_1673023998.63.jpg","datePublished":"2023-01-06T20:23:05+00:00","dateModified":"2023-01-06T21:26:17+00:00","author":{"@id":"https:\/\/www.africa-press.net\/senegal\/#\/schema\/person\/2b1cf3cd81a31e3cd26889ca66d677f1"},"description":"La question du probable 3e mandat de Macky Sall a e\u0301te\u0301 e\u0301voque\u0301e lors de l\u2019entretien que le leader de Pastef, Ousmane S ...","breadcrumb":{"@id":"https:\/\/www.africa-press.net\/senegal\/politique\/ousmane-sonko-sur-le-probable-3e-mandat-de-macky-cest-une-honte-pour-le-senegal-et-pour-lafrique#breadcrumb"},"inLanguage":"fr-FR","potentialAction":[{"@type":"ReadAction","target":["https:\/\/www.africa-press.net\/senegal\/politique\/ousmane-sonko-sur-le-probable-3e-mandat-de-macky-cest-une-honte-pour-le-senegal-et-pour-lafrique"]}]},{"@type":"ImageObject","inLanguage":"fr-FR","@id":"https:\/\/www.africa-press.net\/senegal\/politique\/ousmane-sonko-sur-le-probable-3e-mandat-de-macky-cest-une-honte-pour-le-senegal-et-pour-lafrique#primaryimage","url":"https:\/\/static.africa-press.net\/senegal\/sites\/13\/2023\/01\/postQueueImg_1673023998.63.jpg","contentUrl":"https:\/\/static.africa-press.net\/senegal\/sites\/13\/2023\/01\/postQueueImg_1673023998.63.jpg","width":720,"height":350,"caption":"Ousmane Sonko sur le probable 3e mandat de Macky : \u00ab C\u2019est une honte pour le S\u00e9n\u00e9gal et pour l\u2019Afrique\u2026 \u00bb"},{"@type":"BreadcrumbList","@id":"https:\/\/www.africa-press.net\/senegal\/politique\/ousmane-sonko-sur-le-probable-3e-mandat-de-macky-cest-une-honte-pour-le-senegal-et-pour-lafrique#breadcrumb","itemListElement":[{"@type":"ListItem","position":1,"name":"Accueil","item":"https:\/\/www.africa-press.net\/senegal\/"},{"@type":"ListItem","position":2,"name":"Ousmane Sonko sur le probable 3e mandat de Macky : \u00ab C\u2019est une honte pour le S\u00e9n\u00e9gal et pour l\u2019Afrique\u2026 \u00bb"}]},{"@type":"WebSite","@id":"https:\/\/www.africa-press.net\/senegal\/#website","url":"https:\/\/www.africa-press.net\/senegal\/","name":"Africa Press | Senegal | Homepage","description":"Just another Africa News Agency Sites site","potentialAction":[{"@type":"SearchAction","target":{"@type":"EntryPoint","urlTemplate":"https:\/\/www.africa-press.net\/senegal\/?s={search_term_string}"},"query-input":{"@type":"PropertyValueSpecification","valueRequired":true,"valueName":"search_term_string"}}],"inLanguage":"fr-FR"},{"@type":"Person","@id":"https:\/\/www.africa-press.net\/senegal\/#\/schema\/person\/2b1cf3cd81a31e3cd26889ca66d677f1","name":"cfeditorfr","url":"https:\/\/www.africa-press.net\/senegal\/author\/cfeditorfr"}]}},"_links":{"self":[{"href":"https:\/\/www.africa-press.net\/senegal\/wp-json\/wp\/v2\/posts\/37669","targetHints":{"allow":["GET"]}}],"collection":[{"href":"https:\/\/www.africa-press.net\/senegal\/wp-json\/wp\/v2\/posts"}],"about":[{"href":"https:\/\/www.africa-press.net\/senegal\/wp-json\/wp\/v2\/types\/post"}],"author":[{"embeddable":true,"href":"https:\/\/www.africa-press.net\/senegal\/wp-json\/wp\/v2\/users\/82"}],"replies":[{"embeddable":true,"href":"https:\/\/www.africa-press.net\/senegal\/wp-json\/wp\/v2\/comments?post=37669"}],"version-history":[{"count":0,"href":"https:\/\/www.africa-press.net\/senegal\/wp-json\/wp\/v2\/posts\/37669\/revisions"}],"wp:featuredmedia":[{"embeddable":true,"href":"https:\/\/www.africa-press.net\/senegal\/wp-json\/wp\/v2\/media\/37668"}],"wp:attachment":[{"href":"https:\/\/www.africa-press.net\/senegal\/wp-json\/wp\/v2\/media?parent=37669"}],"wp:term":[{"taxonomy":"category","embeddable":true,"href":"https:\/\/www.africa-press.net\/senegal\/wp-json\/wp\/v2\/categories?post=37669"},{"taxonomy":"post_tag","embeddable":true,"href":"https:\/\/www.africa-press.net\/senegal\/wp-json\/wp\/v2\/tags?post=37669"}],"curies":[{"name":"wp","href":"https:\/\/api.w.org\/{rel}","templated":true}]}}