{"id":37672,"date":"2023-01-06T20:23:40","date_gmt":"2023-01-06T20:23:40","guid":{"rendered":"https:\/\/www.africa-press.net\/senegal\/politique\/ousmane-sonko-macky-sall-est-minoritaire-et-minorise-au-senegal"},"modified":"2023-01-06T21:27:07","modified_gmt":"2023-01-06T21:27:07","slug":"ousmane-sonko-macky-sall-est-minoritaire-et-minorise-au-senegal","status":"publish","type":"post","link":"https:\/\/www.africa-press.net\/senegal\/politique\/ousmane-sonko-macky-sall-est-minoritaire-et-minorise-au-senegal","title":{"rendered":"Ousmane Sonko : \u00ab Macky Sall est minoritaire et minoris\u00e9 au S\u00e9n\u00e9gal \u00bb"},"content":{"rendered":"<p><span style=\"color: #ff6600\"><strong>Africa-Press &#8211; Senegal. <\/strong><\/span>Dans un entretien accorde\u0301 a\u0300 France 24, ce vendredi 6 janvier 2023, Ousmane Sonko a vertement critique\u0301 l\u2019inimitie\u0301 que le pre\u0301sident de la Re\u0301publique Macky Sall entretient avec son opposition. L\u2019opposant qui de\u0301peint la situation calamiteuse qui pre\u0301vaut dans la sce\u0300ne politique se\u0301ne\u0301galaise, pointe la responsabilite\u0301 du chef de l\u2019Etat. \u00ab Depuis que Macky Sall est pre\u0301sident de la Re\u0301publique, on assiste a\u0300 un phe\u0301nome\u0300ne ine\u0301dit. C\u2019est la premie\u0300re fois qu\u2019un pre\u0301sident de la Re\u0301publique choisit qui doit aller a\u0300 une e\u0301lection \u00bb, a de\u0301nonce\u0301 Sonko sur France 24.<\/p>\n<p>Selon lui, c\u2019est convaincu qu\u2019il est minoritaire que le pre\u0301sident Sall s\u2019en prend a\u0300 ses opposants pour ane\u0301antir leur carrie\u0300re. \u00ab Il sait qu\u2019il ne pe\u0300se plus absolument rien au Se\u0301ne\u0301gal. Il est passe\u0301 de 65% de score en 2012 a\u0300 46% lors des dernie\u0300res e\u0301lections le\u0301gislatives. C\u2019est-a\u0300-dire qu\u2019il est minoritaire et minorise\u0301 dans ce pays. Il sait que tous les Se\u0301ne\u0301galais lui ont tourne\u0301 le dos a\u0300 cause de sa gouvernance calamiteuse. Mais aujourd\u2019hui sa strate\u0301gie c\u2019est de communiquer sur l\u2019international. De se pre\u0301senter comme le seul capable de diriger le Se\u0301ne\u0301gal, de ge\u0301rer les inte\u0301re\u0302ts internationaux, d\u2019assurer une stabilite\u0301 du Se\u0301ne\u0301gal dans un contexte sous re\u0301gional et re\u0301gional extre\u0302mement perturbe\u0301 \u00bb, fulmine-t-il.<\/p>\n<p>Malheureusement, regrette Sonko, \u00ab ce discours semble passer \u00bb. \u00ab Aujourd&rsquo;hui, Macky Sall pre\u0301sente son opposition a\u0300 la communaute\u0301 internationale comme une opposition irresponsable, terroriste qui veut de\u0301stabiliser le pays. Une opposition qui serait contre les inte\u0301re\u0302ts des occidentaux \u00bb, ajoute le maire de Ziguinchor qui jure qu\u2019il n\u2019en est rien. \u00ab L\u2019opposition se\u0301ne\u0301galaise est responsable et ouverte au monde \u00bb, rassure-t-il.<\/p>\n<p><strong>Pour plus d&rsquo;informations et d&rsquo;analyses sur la <a href=\"https:\/\/www.africa-press.net\/senegal\">Senegal<\/a>, suivez <a href=\"https:\/\/www.africa-press.net\/\">Africa-Press<\/a><\/strong><\/p>\n","protected":false},"excerpt":{"rendered":"<p>Africa-Press &#8211; Senegal. Dans un entretien accorde\u0301 a\u0300 France 24, ce vendredi 6 janvier 2023, Ousmane Sonko a vertement critique\u0301 l\u2019inimitie\u0301 que le pre\u0301sident de la Re\u0301publique Macky Sall entretient avec son opposition. L\u2019opposant qui de\u0301peint la situation calamiteuse qui pre\u0301vaut dans la sce\u0300ne politique se\u0301ne\u0301galaise, pointe la responsabilite\u0301 du chef de l\u2019Etat. \u00ab Depuis [&hellip;]<\/p>\n","protected":false},"author":82,"featured_media":37671,"comment_status":"open","ping_status":"closed","sticky":false,"template":"","format":"standard","meta":{"footnotes":""},"categories":[2,10],"tags":[43,47,44],"class_list":["post-37672","post","type-post","status-publish","format-standard","has-post-thumbnail","hentry","category-politique","category-toutes-les-actualites","tag-africa-press-2","tag-africa-press-senegal","tag-senegal-2"],"yoast_head":"<!-- This site is optimized with the Yoast SEO Premium plugin v26.1 (Yoast SEO v27.0) - https:\/\/yoast.com\/product\/yoast-seo-premium-wordpress\/ -->\n<title>Ousmane Sonko : \u00ab Macky Sall est minoritaire et minoris\u00e9 au S\u00e9n\u00e9gal \u00bb - Senegal<\/title>\n<meta name=\"description\" content=\"Dans un entretien accorde\u0301 a\u0300 France 24, ce vendredi 6 janvier 2023, Ousmane Sonko a vertement critique\u0301 l\u2019inimitie\u0301 que ...\" \/>\n<meta name=\"robots\" content=\"index, follow, max-snippet:-1, max-image-preview:large, max-video-preview:-1\" \/>\n<link rel=\"canonical\" href=\"https:\/\/www.africa-press.net\/senegal\/politique\/ousmane-sonko-macky-sall-est-minoritaire-et-minorise-au-senegal\" \/>\n<meta property=\"og:locale\" content=\"fr_FR\" \/>\n<meta property=\"og:type\" content=\"article\" \/>\n<meta property=\"og:title\" content=\"Ousmane Sonko : \u00ab Macky Sall est minoritaire et minoris\u00e9 au S\u00e9n\u00e9gal \u00bb\" \/>\n<meta property=\"og:description\" content=\"Dans un entretien accorde\u0301 a\u0300 France 24, ce vendredi 6 janvier 2023, Ousmane Sonko a vertement critique\u0301 l\u2019inimitie\u0301 que ...\" \/>\n<meta property=\"og:url\" content=\"https:\/\/www.africa-press.net\/senegal\/politique\/ousmane-sonko-macky-sall-est-minoritaire-et-minorise-au-senegal\" \/>\n<meta property=\"og:site_name\" content=\"Senegal\" \/>\n<meta property=\"article:published_time\" content=\"2023-01-06T20:23:40+00:00\" \/>\n<meta property=\"article:modified_time\" content=\"2023-01-06T21:27:07+00:00\" \/>\n<meta property=\"og:image\" content=\"https:\/\/static.africa-press.net\/senegal\/sites\/13\/2023\/01\/postQueueImg_1673024031.34.jpg\" \/>\n\t<meta property=\"og:image:width\" content=\"720\" \/>\n\t<meta property=\"og:image:height\" content=\"350\" \/>\n\t<meta property=\"og:image:type\" content=\"image\/jpeg\" \/>\n<meta name=\"author\" content=\"cfeditorfr\" \/>\n<meta name=\"twitter:card\" content=\"summary_large_image\" \/>\n<meta name=\"twitter:label1\" content=\"\u00c9crit par\" \/>\n\t<meta name=\"twitter:data1\" content=\"cfeditorfr\" \/>\n\t<meta name=\"twitter:label2\" content=\"Dur\u00e9e de lecture estim\u00e9e\" \/>\n\t<meta name=\"twitter:data2\" content=\"2 minutes\" \/>\n<script type=\"application\/ld+json\" class=\"yoast-schema-graph\">{\"@context\":\"https:\/\/schema.org\",\"@graph\":[{\"@type\":\"Article\",\"@id\":\"https:\/\/www.africa-press.net\/senegal\/politique\/ousmane-sonko-macky-sall-est-minoritaire-et-minorise-au-senegal#article\",\"isPartOf\":{\"@id\":\"https:\/\/www.africa-press.net\/senegal\/politique\/ousmane-sonko-macky-sall-est-minoritaire-et-minorise-au-senegal\"},\"author\":{\"name\":\"cfeditorfr\",\"@id\":\"https:\/\/www.africa-press.net\/senegal\/#\/schema\/person\/2b1cf3cd81a31e3cd26889ca66d677f1\"},\"headline\":\"Ousmane Sonko : \u00ab Macky Sall est minoritaire et minoris\u00e9 au S\u00e9n\u00e9gal \u00bb\",\"datePublished\":\"2023-01-06T20:23:40+00:00\",\"dateModified\":\"2023-01-06T21:27:07+00:00\",\"mainEntityOfPage\":{\"@id\":\"https:\/\/www.africa-press.net\/senegal\/politique\/ousmane-sonko-macky-sall-est-minoritaire-et-minorise-au-senegal\"},\"wordCount\":341,\"commentCount\":0,\"image\":{\"@id\":\"https:\/\/www.africa-press.net\/senegal\/politique\/ousmane-sonko-macky-sall-est-minoritaire-et-minorise-au-senegal#primaryimage\"},\"thumbnailUrl\":\"https:\/\/static.africa-press.net\/senegal\/sites\/13\/2023\/01\/postQueueImg_1673024031.34.jpg\",\"keywords\":[\"Africa Press\",\"Africa Press-Senegal\",\"Senegal\"],\"articleSection\":[\"Politique\",\"Toutes les actualit\u00e9s\"],\"inLanguage\":\"fr-FR\",\"potentialAction\":[{\"@type\":\"CommentAction\",\"name\":\"Comment\",\"target\":[\"https:\/\/www.africa-press.net\/senegal\/politique\/ousmane-sonko-macky-sall-est-minoritaire-et-minorise-au-senegal#respond\"]}]},{\"@type\":\"WebPage\",\"@id\":\"https:\/\/www.africa-press.net\/senegal\/politique\/ousmane-sonko-macky-sall-est-minoritaire-et-minorise-au-senegal\",\"url\":\"https:\/\/www.africa-press.net\/senegal\/politique\/ousmane-sonko-macky-sall-est-minoritaire-et-minorise-au-senegal\",\"name\":\"Ousmane Sonko : \u00ab Macky Sall est minoritaire et minoris\u00e9 au S\u00e9n\u00e9gal \u00bb - Senegal\",\"isPartOf\":{\"@id\":\"https:\/\/www.africa-press.net\/senegal\/#website\"},\"primaryImageOfPage\":{\"@id\":\"https:\/\/www.africa-press.net\/senegal\/politique\/ousmane-sonko-macky-sall-est-minoritaire-et-minorise-au-senegal#primaryimage\"},\"image\":{\"@id\":\"https:\/\/www.africa-press.net\/senegal\/politique\/ousmane-sonko-macky-sall-est-minoritaire-et-minorise-au-senegal#primaryimage\"},\"thumbnailUrl\":\"https:\/\/static.africa-press.net\/senegal\/sites\/13\/2023\/01\/postQueueImg_1673024031.34.jpg\",\"datePublished\":\"2023-01-06T20:23:40+00:00\",\"dateModified\":\"2023-01-06T21:27:07+00:00\",\"author\":{\"@id\":\"https:\/\/www.africa-press.net\/senegal\/#\/schema\/person\/2b1cf3cd81a31e3cd26889ca66d677f1\"},\"description\":\"Dans un entretien accorde\u0301 a\u0300 France 24, ce vendredi 6 janvier 2023, Ousmane Sonko a vertement critique\u0301 l\u2019inimitie\u0301 que ...\",\"breadcrumb\":{\"@id\":\"https:\/\/www.africa-press.net\/senegal\/politique\/ousmane-sonko-macky-sall-est-minoritaire-et-minorise-au-senegal#breadcrumb\"},\"inLanguage\":\"fr-FR\",\"potentialAction\":[{\"@type\":\"ReadAction\",\"target\":[\"https:\/\/www.africa-press.net\/senegal\/politique\/ousmane-sonko-macky-sall-est-minoritaire-et-minorise-au-senegal\"]}]},{\"@type\":\"ImageObject\",\"inLanguage\":\"fr-FR\",\"@id\":\"https:\/\/www.africa-press.net\/senegal\/politique\/ousmane-sonko-macky-sall-est-minoritaire-et-minorise-au-senegal#primaryimage\",\"url\":\"https:\/\/static.africa-press.net\/senegal\/sites\/13\/2023\/01\/postQueueImg_1673024031.34.jpg\",\"contentUrl\":\"https:\/\/static.africa-press.net\/senegal\/sites\/13\/2023\/01\/postQueueImg_1673024031.34.jpg\",\"width\":720,\"height\":350,\"caption\":\"Ousmane Sonko : \u00ab Macky Sall est minoritaire et minoris\u00e9 au S\u00e9n\u00e9gal \u00bb\"},{\"@type\":\"BreadcrumbList\",\"@id\":\"https:\/\/www.africa-press.net\/senegal\/politique\/ousmane-sonko-macky-sall-est-minoritaire-et-minorise-au-senegal#breadcrumb\",\"itemListElement\":[{\"@type\":\"ListItem\",\"position\":1,\"name\":\"Accueil\",\"item\":\"https:\/\/www.africa-press.net\/senegal\/\"},{\"@type\":\"ListItem\",\"position\":2,\"name\":\"Ousmane Sonko : \u00ab Macky Sall est minoritaire et minoris\u00e9 au S\u00e9n\u00e9gal \u00bb\"}]},{\"@type\":\"WebSite\",\"@id\":\"https:\/\/www.africa-press.net\/senegal\/#website\",\"url\":\"https:\/\/www.africa-press.net\/senegal\/\",\"name\":\"Africa Press | Senegal | Homepage\",\"description\":\"Just another Africa News Agency Sites site\",\"potentialAction\":[{\"@type\":\"SearchAction\",\"target\":{\"@type\":\"EntryPoint\",\"urlTemplate\":\"https:\/\/www.africa-press.net\/senegal\/?s={search_term_string}\"},\"query-input\":{\"@type\":\"PropertyValueSpecification\",\"valueRequired\":true,\"valueName\":\"search_term_string\"}}],\"inLanguage\":\"fr-FR\"},{\"@type\":\"Person\",\"@id\":\"https:\/\/www.africa-press.net\/senegal\/#\/schema\/person\/2b1cf3cd81a31e3cd26889ca66d677f1\",\"name\":\"cfeditorfr\",\"url\":\"https:\/\/www.africa-press.net\/senegal\/author\/cfeditorfr\"}]}<\/script>\n<!-- \/ Yoast SEO Premium plugin. -->","yoast_head_json":{"title":"Ousmane Sonko : \u00ab Macky Sall est minoritaire et minoris\u00e9 au S\u00e9n\u00e9gal \u00bb - Senegal","description":"Dans un entretien accorde\u0301 a\u0300 France 24, ce vendredi 6 janvier 2023, Ousmane Sonko a vertement critique\u0301 l\u2019inimitie\u0301 que ...","robots":{"index":"index","follow":"follow","max-snippet":"max-snippet:-1","max-image-preview":"max-image-preview:large","max-video-preview":"max-video-preview:-1"},"canonical":"https:\/\/www.africa-press.net\/senegal\/politique\/ousmane-sonko-macky-sall-est-minoritaire-et-minorise-au-senegal","og_locale":"fr_FR","og_type":"article","og_title":"Ousmane Sonko : \u00ab Macky Sall est minoritaire et minoris\u00e9 au S\u00e9n\u00e9gal \u00bb","og_description":"Dans un entretien accorde\u0301 a\u0300 France 24, ce vendredi 6 janvier 2023, Ousmane Sonko a vertement critique\u0301 l\u2019inimitie\u0301 que ...","og_url":"https:\/\/www.africa-press.net\/senegal\/politique\/ousmane-sonko-macky-sall-est-minoritaire-et-minorise-au-senegal","og_site_name":"Senegal","article_published_time":"2023-01-06T20:23:40+00:00","article_modified_time":"2023-01-06T21:27:07+00:00","og_image":[{"width":720,"height":350,"url":"https:\/\/static.africa-press.net\/senegal\/sites\/13\/2023\/01\/postQueueImg_1673024031.34.jpg","type":"image\/jpeg"}],"author":"cfeditorfr","twitter_card":"summary_large_image","twitter_misc":{"\u00c9crit par":"cfeditorfr","Dur\u00e9e de lecture estim\u00e9e":"2 minutes"},"schema":{"@context":"https:\/\/schema.org","@graph":[{"@type":"Article","@id":"https:\/\/www.africa-press.net\/senegal\/politique\/ousmane-sonko-macky-sall-est-minoritaire-et-minorise-au-senegal#article","isPartOf":{"@id":"https:\/\/www.africa-press.net\/senegal\/politique\/ousmane-sonko-macky-sall-est-minoritaire-et-minorise-au-senegal"},"author":{"name":"cfeditorfr","@id":"https:\/\/www.africa-press.net\/senegal\/#\/schema\/person\/2b1cf3cd81a31e3cd26889ca66d677f1"},"headline":"Ousmane Sonko : \u00ab Macky Sall est minoritaire et minoris\u00e9 au S\u00e9n\u00e9gal \u00bb","datePublished":"2023-01-06T20:23:40+00:00","dateModified":"2023-01-06T21:27:07+00:00","mainEntityOfPage":{"@id":"https:\/\/www.africa-press.net\/senegal\/politique\/ousmane-sonko-macky-sall-est-minoritaire-et-minorise-au-senegal"},"wordCount":341,"commentCount":0,"image":{"@id":"https:\/\/www.africa-press.net\/senegal\/politique\/ousmane-sonko-macky-sall-est-minoritaire-et-minorise-au-senegal#primaryimage"},"thumbnailUrl":"https:\/\/static.africa-press.net\/senegal\/sites\/13\/2023\/01\/postQueueImg_1673024031.34.jpg","keywords":["Africa Press","Africa Press-Senegal","Senegal"],"articleSection":["Politique","Toutes les actualit\u00e9s"],"inLanguage":"fr-FR","potentialAction":[{"@type":"CommentAction","name":"Comment","target":["https:\/\/www.africa-press.net\/senegal\/politique\/ousmane-sonko-macky-sall-est-minoritaire-et-minorise-au-senegal#respond"]}]},{"@type":"WebPage","@id":"https:\/\/www.africa-press.net\/senegal\/politique\/ousmane-sonko-macky-sall-est-minoritaire-et-minorise-au-senegal","url":"https:\/\/www.africa-press.net\/senegal\/politique\/ousmane-sonko-macky-sall-est-minoritaire-et-minorise-au-senegal","name":"Ousmane Sonko : \u00ab Macky Sall est minoritaire et minoris\u00e9 au S\u00e9n\u00e9gal \u00bb - Senegal","isPartOf":{"@id":"https:\/\/www.africa-press.net\/senegal\/#website"},"primaryImageOfPage":{"@id":"https:\/\/www.africa-press.net\/senegal\/politique\/ousmane-sonko-macky-sall-est-minoritaire-et-minorise-au-senegal#primaryimage"},"image":{"@id":"https:\/\/www.africa-press.net\/senegal\/politique\/ousmane-sonko-macky-sall-est-minoritaire-et-minorise-au-senegal#primaryimage"},"thumbnailUrl":"https:\/\/static.africa-press.net\/senegal\/sites\/13\/2023\/01\/postQueueImg_1673024031.34.jpg","datePublished":"2023-01-06T20:23:40+00:00","dateModified":"2023-01-06T21:27:07+00:00","author":{"@id":"https:\/\/www.africa-press.net\/senegal\/#\/schema\/person\/2b1cf3cd81a31e3cd26889ca66d677f1"},"description":"Dans un entretien accorde\u0301 a\u0300 France 24, ce vendredi 6 janvier 2023, Ousmane Sonko a vertement critique\u0301 l\u2019inimitie\u0301 que ...","breadcrumb":{"@id":"https:\/\/www.africa-press.net\/senegal\/politique\/ousmane-sonko-macky-sall-est-minoritaire-et-minorise-au-senegal#breadcrumb"},"inLanguage":"fr-FR","potentialAction":[{"@type":"ReadAction","target":["https:\/\/www.africa-press.net\/senegal\/politique\/ousmane-sonko-macky-sall-est-minoritaire-et-minorise-au-senegal"]}]},{"@type":"ImageObject","inLanguage":"fr-FR","@id":"https:\/\/www.africa-press.net\/senegal\/politique\/ousmane-sonko-macky-sall-est-minoritaire-et-minorise-au-senegal#primaryimage","url":"https:\/\/static.africa-press.net\/senegal\/sites\/13\/2023\/01\/postQueueImg_1673024031.34.jpg","contentUrl":"https:\/\/static.africa-press.net\/senegal\/sites\/13\/2023\/01\/postQueueImg_1673024031.34.jpg","width":720,"height":350,"caption":"Ousmane Sonko : \u00ab Macky Sall est minoritaire et minoris\u00e9 au S\u00e9n\u00e9gal \u00bb"},{"@type":"BreadcrumbList","@id":"https:\/\/www.africa-press.net\/senegal\/politique\/ousmane-sonko-macky-sall-est-minoritaire-et-minorise-au-senegal#breadcrumb","itemListElement":[{"@type":"ListItem","position":1,"name":"Accueil","item":"https:\/\/www.africa-press.net\/senegal\/"},{"@type":"ListItem","position":2,"name":"Ousmane Sonko : \u00ab Macky Sall est minoritaire et minoris\u00e9 au S\u00e9n\u00e9gal \u00bb"}]},{"@type":"WebSite","@id":"https:\/\/www.africa-press.net\/senegal\/#website","url":"https:\/\/www.africa-press.net\/senegal\/","name":"Africa Press | Senegal | Homepage","description":"Just another Africa News Agency Sites site","potentialAction":[{"@type":"SearchAction","target":{"@type":"EntryPoint","urlTemplate":"https:\/\/www.africa-press.net\/senegal\/?s={search_term_string}"},"query-input":{"@type":"PropertyValueSpecification","valueRequired":true,"valueName":"search_term_string"}}],"inLanguage":"fr-FR"},{"@type":"Person","@id":"https:\/\/www.africa-press.net\/senegal\/#\/schema\/person\/2b1cf3cd81a31e3cd26889ca66d677f1","name":"cfeditorfr","url":"https:\/\/www.africa-press.net\/senegal\/author\/cfeditorfr"}]}},"_links":{"self":[{"href":"https:\/\/www.africa-press.net\/senegal\/wp-json\/wp\/v2\/posts\/37672","targetHints":{"allow":["GET"]}}],"collection":[{"href":"https:\/\/www.africa-press.net\/senegal\/wp-json\/wp\/v2\/posts"}],"about":[{"href":"https:\/\/www.africa-press.net\/senegal\/wp-json\/wp\/v2\/types\/post"}],"author":[{"embeddable":true,"href":"https:\/\/www.africa-press.net\/senegal\/wp-json\/wp\/v2\/users\/82"}],"replies":[{"embeddable":true,"href":"https:\/\/www.africa-press.net\/senegal\/wp-json\/wp\/v2\/comments?post=37672"}],"version-history":[{"count":0,"href":"https:\/\/www.africa-press.net\/senegal\/wp-json\/wp\/v2\/posts\/37672\/revisions"}],"wp:featuredmedia":[{"embeddable":true,"href":"https:\/\/www.africa-press.net\/senegal\/wp-json\/wp\/v2\/media\/37671"}],"wp:attachment":[{"href":"https:\/\/www.africa-press.net\/senegal\/wp-json\/wp\/v2\/media?parent=37672"}],"wp:term":[{"taxonomy":"category","embeddable":true,"href":"https:\/\/www.africa-press.net\/senegal\/wp-json\/wp\/v2\/categories?post=37672"},{"taxonomy":"post_tag","embeddable":true,"href":"https:\/\/www.africa-press.net\/senegal\/wp-json\/wp\/v2\/tags?post=37672"}],"curies":[{"name":"wp","href":"https:\/\/api.w.org\/{rel}","templated":true}]}}