{"id":37675,"date":"2023-01-06T20:24:18","date_gmt":"2023-01-06T20:24:18","guid":{"rendered":"https:\/\/www.africa-press.net\/senegal\/politique\/ousmane-sonko-sur-la-france-nous-avons-un-discours-qui-peut-gener"},"modified":"2023-01-06T21:28:09","modified_gmt":"2023-01-06T21:28:09","slug":"ousmane-sonko-sur-la-france-nous-avons-un-discours-qui-peut-gener","status":"publish","type":"post","link":"https:\/\/www.africa-press.net\/senegal\/politique\/ousmane-sonko-sur-la-france-nous-avons-un-discours-qui-peut-gener","title":{"rendered":"Ousmane Sonko sur la France : \u00abNous avons un discours qui peut g\u00eaner\u00bb"},"content":{"rendered":"<p><span style=\"color: #ff6600\"><strong>Africa-Press &#8211; Senegal. <\/strong><\/span>Le candidat a\u0300 l\u2019e\u0301lection pre\u0301sidentielle de 2024 a fait face ce vendredi 06 janvier aux journalistes de France 24 et de RFI. Plusieurs sujets ont e\u0301te\u0301 e\u0301voque\u0301s, y compris les rapports entre la France et le Se\u0301ne\u0301gal.<\/p>\n<p>Le leader du Pastef s\u2019est pre\u0302te\u0301 a\u0300 une se\u0301rie de questions notamment les rapports entre la France et le Se\u0301ne\u0301gal. Sur ce sujet, Ousmane Sonko se veut clair. \u00abNous avons e\u0301te\u0301 de\u0301peints comme des antifranc\u0327ais notoires. Nous n\u2019avons rien contre la France et contre aucun autre pays\u00bb, a affirme\u0301 le candidat a\u0300 l\u2019e\u0301lection pre\u0301sidentielle de 2024. Cependant il tient a\u0300 relativiser en affirmant qu\u2019il y a un certain nombre d\u2019actes que la France pose qui leur fait penser en tant qu\u2019opposition de manie\u0300re ge\u0301ne\u0301rale que la France prend fait et cause pour le Pre\u0301sident Macky Sall pour des raisons qui lui sont propres. \u00abNous voulons appeler la France a\u0300 revoir sa position sur ces proble\u0301matiques\u00bb, pro\u0302ne le leader de Pastef.<\/p>\n<p>\u00abNous avons un discours qui peut ge\u0302ner parce que c\u2019est un discours qui appelle a\u0300 une rupture dans les relations\u00bb, a reconnu Ousmane Sonko. Il souligne qu\u2019il y a certes des traditions se\u0301culaires entre les deux pays, mais elles sont assises sur des relations qui ne sont pas totalement roses.<\/p>\n<p><strong>Pour plus d&rsquo;informations et d&rsquo;analyses sur la <a href=\"https:\/\/www.africa-press.net\/senegal\">Senegal<\/a>, suivez <a href=\"https:\/\/www.africa-press.net\/\">Africa-Press<\/a><\/strong><\/p>\n","protected":false},"excerpt":{"rendered":"<p>Africa-Press &#8211; Senegal. Le candidat a\u0300 l\u2019e\u0301lection pre\u0301sidentielle de 2024 a fait face ce vendredi 06 janvier aux journalistes de France 24 et de RFI. Plusieurs sujets ont e\u0301te\u0301 e\u0301voque\u0301s, y compris les rapports entre la France et le Se\u0301ne\u0301gal. Le leader du Pastef s\u2019est pre\u0302te\u0301 a\u0300 une se\u0301rie de questions notamment les rapports entre [&hellip;]<\/p>\n","protected":false},"author":82,"featured_media":37674,"comment_status":"open","ping_status":"closed","sticky":false,"template":"","format":"standard","meta":{"footnotes":""},"categories":[2,10],"tags":[43,47,44],"class_list":["post-37675","post","type-post","status-publish","format-standard","has-post-thumbnail","hentry","category-politique","category-toutes-les-actualites","tag-africa-press-2","tag-africa-press-senegal","tag-senegal-2"],"yoast_head":"<!-- This site is optimized with the Yoast SEO Premium plugin v26.1 (Yoast SEO v27.0) - https:\/\/yoast.com\/product\/yoast-seo-premium-wordpress\/ -->\n<title>Ousmane Sonko sur la France : \u00abNous avons un discours qui peut g\u00eaner\u00bb - Senegal<\/title>\n<meta name=\"description\" content=\"Le candidat a\u0300 l\u2019e\u0301lection pre\u0301sidentielle de 2024 a fait face ce vendredi 06 janvier aux journalistes de France 24 et d ...\" \/>\n<meta name=\"robots\" content=\"index, follow, max-snippet:-1, max-image-preview:large, max-video-preview:-1\" \/>\n<link rel=\"canonical\" href=\"https:\/\/www.africa-press.net\/senegal\/politique\/ousmane-sonko-sur-la-france-nous-avons-un-discours-qui-peut-gener\" \/>\n<meta property=\"og:locale\" content=\"fr_FR\" \/>\n<meta property=\"og:type\" content=\"article\" \/>\n<meta property=\"og:title\" content=\"Ousmane Sonko sur la France : \u00abNous avons un discours qui peut g\u00eaner\u00bb\" \/>\n<meta property=\"og:description\" content=\"Le candidat a\u0300 l\u2019e\u0301lection pre\u0301sidentielle de 2024 a fait face ce vendredi 06 janvier aux journalistes de France 24 et d ...\" \/>\n<meta property=\"og:url\" content=\"https:\/\/www.africa-press.net\/senegal\/politique\/ousmane-sonko-sur-la-france-nous-avons-un-discours-qui-peut-gener\" \/>\n<meta property=\"og:site_name\" content=\"Senegal\" \/>\n<meta property=\"article:published_time\" content=\"2023-01-06T20:24:18+00:00\" \/>\n<meta property=\"article:modified_time\" content=\"2023-01-06T21:28:09+00:00\" \/>\n<meta property=\"og:image\" content=\"https:\/\/static.africa-press.net\/senegal\/sites\/13\/2023\/01\/postQueueImg_1673024066.85.jpg\" \/>\n\t<meta property=\"og:image:width\" content=\"720\" \/>\n\t<meta property=\"og:image:height\" content=\"350\" \/>\n\t<meta property=\"og:image:type\" content=\"image\/jpeg\" \/>\n<meta name=\"author\" content=\"cfeditorfr\" \/>\n<meta name=\"twitter:card\" content=\"summary_large_image\" \/>\n<meta name=\"twitter:label1\" content=\"\u00c9crit par\" \/>\n\t<meta name=\"twitter:data1\" content=\"cfeditorfr\" \/>\n\t<meta name=\"twitter:label2\" content=\"Dur\u00e9e de lecture estim\u00e9e\" \/>\n\t<meta name=\"twitter:data2\" content=\"2 minutes\" \/>\n<script type=\"application\/ld+json\" class=\"yoast-schema-graph\">{\"@context\":\"https:\/\/schema.org\",\"@graph\":[{\"@type\":\"Article\",\"@id\":\"https:\/\/www.africa-press.net\/senegal\/politique\/ousmane-sonko-sur-la-france-nous-avons-un-discours-qui-peut-gener#article\",\"isPartOf\":{\"@id\":\"https:\/\/www.africa-press.net\/senegal\/politique\/ousmane-sonko-sur-la-france-nous-avons-un-discours-qui-peut-gener\"},\"author\":{\"name\":\"cfeditorfr\",\"@id\":\"https:\/\/www.africa-press.net\/senegal\/#\/schema\/person\/2b1cf3cd81a31e3cd26889ca66d677f1\"},\"headline\":\"Ousmane Sonko sur la France : \u00abNous avons un discours qui peut g\u00eaner\u00bb\",\"datePublished\":\"2023-01-06T20:24:18+00:00\",\"dateModified\":\"2023-01-06T21:28:09+00:00\",\"mainEntityOfPage\":{\"@id\":\"https:\/\/www.africa-press.net\/senegal\/politique\/ousmane-sonko-sur-la-france-nous-avons-un-discours-qui-peut-gener\"},\"wordCount\":264,\"commentCount\":0,\"image\":{\"@id\":\"https:\/\/www.africa-press.net\/senegal\/politique\/ousmane-sonko-sur-la-france-nous-avons-un-discours-qui-peut-gener#primaryimage\"},\"thumbnailUrl\":\"https:\/\/static.africa-press.net\/senegal\/sites\/13\/2023\/01\/postQueueImg_1673024066.85.jpg\",\"keywords\":[\"Africa Press\",\"Africa Press-Senegal\",\"Senegal\"],\"articleSection\":[\"Politique\",\"Toutes les actualit\u00e9s\"],\"inLanguage\":\"fr-FR\",\"potentialAction\":[{\"@type\":\"CommentAction\",\"name\":\"Comment\",\"target\":[\"https:\/\/www.africa-press.net\/senegal\/politique\/ousmane-sonko-sur-la-france-nous-avons-un-discours-qui-peut-gener#respond\"]}]},{\"@type\":\"WebPage\",\"@id\":\"https:\/\/www.africa-press.net\/senegal\/politique\/ousmane-sonko-sur-la-france-nous-avons-un-discours-qui-peut-gener\",\"url\":\"https:\/\/www.africa-press.net\/senegal\/politique\/ousmane-sonko-sur-la-france-nous-avons-un-discours-qui-peut-gener\",\"name\":\"Ousmane Sonko sur la France : \u00abNous avons un discours qui peut g\u00eaner\u00bb - Senegal\",\"isPartOf\":{\"@id\":\"https:\/\/www.africa-press.net\/senegal\/#website\"},\"primaryImageOfPage\":{\"@id\":\"https:\/\/www.africa-press.net\/senegal\/politique\/ousmane-sonko-sur-la-france-nous-avons-un-discours-qui-peut-gener#primaryimage\"},\"image\":{\"@id\":\"https:\/\/www.africa-press.net\/senegal\/politique\/ousmane-sonko-sur-la-france-nous-avons-un-discours-qui-peut-gener#primaryimage\"},\"thumbnailUrl\":\"https:\/\/static.africa-press.net\/senegal\/sites\/13\/2023\/01\/postQueueImg_1673024066.85.jpg\",\"datePublished\":\"2023-01-06T20:24:18+00:00\",\"dateModified\":\"2023-01-06T21:28:09+00:00\",\"author\":{\"@id\":\"https:\/\/www.africa-press.net\/senegal\/#\/schema\/person\/2b1cf3cd81a31e3cd26889ca66d677f1\"},\"description\":\"Le candidat a\u0300 l\u2019e\u0301lection pre\u0301sidentielle de 2024 a fait face ce vendredi 06 janvier aux journalistes de France 24 et d ...\",\"breadcrumb\":{\"@id\":\"https:\/\/www.africa-press.net\/senegal\/politique\/ousmane-sonko-sur-la-france-nous-avons-un-discours-qui-peut-gener#breadcrumb\"},\"inLanguage\":\"fr-FR\",\"potentialAction\":[{\"@type\":\"ReadAction\",\"target\":[\"https:\/\/www.africa-press.net\/senegal\/politique\/ousmane-sonko-sur-la-france-nous-avons-un-discours-qui-peut-gener\"]}]},{\"@type\":\"ImageObject\",\"inLanguage\":\"fr-FR\",\"@id\":\"https:\/\/www.africa-press.net\/senegal\/politique\/ousmane-sonko-sur-la-france-nous-avons-un-discours-qui-peut-gener#primaryimage\",\"url\":\"https:\/\/static.africa-press.net\/senegal\/sites\/13\/2023\/01\/postQueueImg_1673024066.85.jpg\",\"contentUrl\":\"https:\/\/static.africa-press.net\/senegal\/sites\/13\/2023\/01\/postQueueImg_1673024066.85.jpg\",\"width\":720,\"height\":350,\"caption\":\"Ousmane Sonko sur la France : \u00abNous avons un discours qui peut g\u00eaner\u00bb\"},{\"@type\":\"BreadcrumbList\",\"@id\":\"https:\/\/www.africa-press.net\/senegal\/politique\/ousmane-sonko-sur-la-france-nous-avons-un-discours-qui-peut-gener#breadcrumb\",\"itemListElement\":[{\"@type\":\"ListItem\",\"position\":1,\"name\":\"Accueil\",\"item\":\"https:\/\/www.africa-press.net\/senegal\/\"},{\"@type\":\"ListItem\",\"position\":2,\"name\":\"Ousmane Sonko sur la France : \u00abNous avons un discours qui peut g\u00eaner\u00bb\"}]},{\"@type\":\"WebSite\",\"@id\":\"https:\/\/www.africa-press.net\/senegal\/#website\",\"url\":\"https:\/\/www.africa-press.net\/senegal\/\",\"name\":\"Africa Press | Senegal | Homepage\",\"description\":\"Just another Africa News Agency Sites site\",\"potentialAction\":[{\"@type\":\"SearchAction\",\"target\":{\"@type\":\"EntryPoint\",\"urlTemplate\":\"https:\/\/www.africa-press.net\/senegal\/?s={search_term_string}\"},\"query-input\":{\"@type\":\"PropertyValueSpecification\",\"valueRequired\":true,\"valueName\":\"search_term_string\"}}],\"inLanguage\":\"fr-FR\"},{\"@type\":\"Person\",\"@id\":\"https:\/\/www.africa-press.net\/senegal\/#\/schema\/person\/2b1cf3cd81a31e3cd26889ca66d677f1\",\"name\":\"cfeditorfr\",\"url\":\"https:\/\/www.africa-press.net\/senegal\/author\/cfeditorfr\"}]}<\/script>\n<!-- \/ Yoast SEO Premium plugin. -->","yoast_head_json":{"title":"Ousmane Sonko sur la France : \u00abNous avons un discours qui peut g\u00eaner\u00bb - Senegal","description":"Le candidat a\u0300 l\u2019e\u0301lection pre\u0301sidentielle de 2024 a fait face ce vendredi 06 janvier aux journalistes de France 24 et d ...","robots":{"index":"index","follow":"follow","max-snippet":"max-snippet:-1","max-image-preview":"max-image-preview:large","max-video-preview":"max-video-preview:-1"},"canonical":"https:\/\/www.africa-press.net\/senegal\/politique\/ousmane-sonko-sur-la-france-nous-avons-un-discours-qui-peut-gener","og_locale":"fr_FR","og_type":"article","og_title":"Ousmane Sonko sur la France : \u00abNous avons un discours qui peut g\u00eaner\u00bb","og_description":"Le candidat a\u0300 l\u2019e\u0301lection pre\u0301sidentielle de 2024 a fait face ce vendredi 06 janvier aux journalistes de France 24 et d ...","og_url":"https:\/\/www.africa-press.net\/senegal\/politique\/ousmane-sonko-sur-la-france-nous-avons-un-discours-qui-peut-gener","og_site_name":"Senegal","article_published_time":"2023-01-06T20:24:18+00:00","article_modified_time":"2023-01-06T21:28:09+00:00","og_image":[{"width":720,"height":350,"url":"https:\/\/static.africa-press.net\/senegal\/sites\/13\/2023\/01\/postQueueImg_1673024066.85.jpg","type":"image\/jpeg"}],"author":"cfeditorfr","twitter_card":"summary_large_image","twitter_misc":{"\u00c9crit par":"cfeditorfr","Dur\u00e9e de lecture estim\u00e9e":"2 minutes"},"schema":{"@context":"https:\/\/schema.org","@graph":[{"@type":"Article","@id":"https:\/\/www.africa-press.net\/senegal\/politique\/ousmane-sonko-sur-la-france-nous-avons-un-discours-qui-peut-gener#article","isPartOf":{"@id":"https:\/\/www.africa-press.net\/senegal\/politique\/ousmane-sonko-sur-la-france-nous-avons-un-discours-qui-peut-gener"},"author":{"name":"cfeditorfr","@id":"https:\/\/www.africa-press.net\/senegal\/#\/schema\/person\/2b1cf3cd81a31e3cd26889ca66d677f1"},"headline":"Ousmane Sonko sur la France : \u00abNous avons un discours qui peut g\u00eaner\u00bb","datePublished":"2023-01-06T20:24:18+00:00","dateModified":"2023-01-06T21:28:09+00:00","mainEntityOfPage":{"@id":"https:\/\/www.africa-press.net\/senegal\/politique\/ousmane-sonko-sur-la-france-nous-avons-un-discours-qui-peut-gener"},"wordCount":264,"commentCount":0,"image":{"@id":"https:\/\/www.africa-press.net\/senegal\/politique\/ousmane-sonko-sur-la-france-nous-avons-un-discours-qui-peut-gener#primaryimage"},"thumbnailUrl":"https:\/\/static.africa-press.net\/senegal\/sites\/13\/2023\/01\/postQueueImg_1673024066.85.jpg","keywords":["Africa Press","Africa Press-Senegal","Senegal"],"articleSection":["Politique","Toutes les actualit\u00e9s"],"inLanguage":"fr-FR","potentialAction":[{"@type":"CommentAction","name":"Comment","target":["https:\/\/www.africa-press.net\/senegal\/politique\/ousmane-sonko-sur-la-france-nous-avons-un-discours-qui-peut-gener#respond"]}]},{"@type":"WebPage","@id":"https:\/\/www.africa-press.net\/senegal\/politique\/ousmane-sonko-sur-la-france-nous-avons-un-discours-qui-peut-gener","url":"https:\/\/www.africa-press.net\/senegal\/politique\/ousmane-sonko-sur-la-france-nous-avons-un-discours-qui-peut-gener","name":"Ousmane Sonko sur la France : \u00abNous avons un discours qui peut g\u00eaner\u00bb - Senegal","isPartOf":{"@id":"https:\/\/www.africa-press.net\/senegal\/#website"},"primaryImageOfPage":{"@id":"https:\/\/www.africa-press.net\/senegal\/politique\/ousmane-sonko-sur-la-france-nous-avons-un-discours-qui-peut-gener#primaryimage"},"image":{"@id":"https:\/\/www.africa-press.net\/senegal\/politique\/ousmane-sonko-sur-la-france-nous-avons-un-discours-qui-peut-gener#primaryimage"},"thumbnailUrl":"https:\/\/static.africa-press.net\/senegal\/sites\/13\/2023\/01\/postQueueImg_1673024066.85.jpg","datePublished":"2023-01-06T20:24:18+00:00","dateModified":"2023-01-06T21:28:09+00:00","author":{"@id":"https:\/\/www.africa-press.net\/senegal\/#\/schema\/person\/2b1cf3cd81a31e3cd26889ca66d677f1"},"description":"Le candidat a\u0300 l\u2019e\u0301lection pre\u0301sidentielle de 2024 a fait face ce vendredi 06 janvier aux journalistes de France 24 et d ...","breadcrumb":{"@id":"https:\/\/www.africa-press.net\/senegal\/politique\/ousmane-sonko-sur-la-france-nous-avons-un-discours-qui-peut-gener#breadcrumb"},"inLanguage":"fr-FR","potentialAction":[{"@type":"ReadAction","target":["https:\/\/www.africa-press.net\/senegal\/politique\/ousmane-sonko-sur-la-france-nous-avons-un-discours-qui-peut-gener"]}]},{"@type":"ImageObject","inLanguage":"fr-FR","@id":"https:\/\/www.africa-press.net\/senegal\/politique\/ousmane-sonko-sur-la-france-nous-avons-un-discours-qui-peut-gener#primaryimage","url":"https:\/\/static.africa-press.net\/senegal\/sites\/13\/2023\/01\/postQueueImg_1673024066.85.jpg","contentUrl":"https:\/\/static.africa-press.net\/senegal\/sites\/13\/2023\/01\/postQueueImg_1673024066.85.jpg","width":720,"height":350,"caption":"Ousmane Sonko sur la France : \u00abNous avons un discours qui peut g\u00eaner\u00bb"},{"@type":"BreadcrumbList","@id":"https:\/\/www.africa-press.net\/senegal\/politique\/ousmane-sonko-sur-la-france-nous-avons-un-discours-qui-peut-gener#breadcrumb","itemListElement":[{"@type":"ListItem","position":1,"name":"Accueil","item":"https:\/\/www.africa-press.net\/senegal\/"},{"@type":"ListItem","position":2,"name":"Ousmane Sonko sur la France : \u00abNous avons un discours qui peut g\u00eaner\u00bb"}]},{"@type":"WebSite","@id":"https:\/\/www.africa-press.net\/senegal\/#website","url":"https:\/\/www.africa-press.net\/senegal\/","name":"Africa Press | Senegal | Homepage","description":"Just another Africa News Agency Sites site","potentialAction":[{"@type":"SearchAction","target":{"@type":"EntryPoint","urlTemplate":"https:\/\/www.africa-press.net\/senegal\/?s={search_term_string}"},"query-input":{"@type":"PropertyValueSpecification","valueRequired":true,"valueName":"search_term_string"}}],"inLanguage":"fr-FR"},{"@type":"Person","@id":"https:\/\/www.africa-press.net\/senegal\/#\/schema\/person\/2b1cf3cd81a31e3cd26889ca66d677f1","name":"cfeditorfr","url":"https:\/\/www.africa-press.net\/senegal\/author\/cfeditorfr"}]}},"_links":{"self":[{"href":"https:\/\/www.africa-press.net\/senegal\/wp-json\/wp\/v2\/posts\/37675","targetHints":{"allow":["GET"]}}],"collection":[{"href":"https:\/\/www.africa-press.net\/senegal\/wp-json\/wp\/v2\/posts"}],"about":[{"href":"https:\/\/www.africa-press.net\/senegal\/wp-json\/wp\/v2\/types\/post"}],"author":[{"embeddable":true,"href":"https:\/\/www.africa-press.net\/senegal\/wp-json\/wp\/v2\/users\/82"}],"replies":[{"embeddable":true,"href":"https:\/\/www.africa-press.net\/senegal\/wp-json\/wp\/v2\/comments?post=37675"}],"version-history":[{"count":0,"href":"https:\/\/www.africa-press.net\/senegal\/wp-json\/wp\/v2\/posts\/37675\/revisions"}],"wp:featuredmedia":[{"embeddable":true,"href":"https:\/\/www.africa-press.net\/senegal\/wp-json\/wp\/v2\/media\/37674"}],"wp:attachment":[{"href":"https:\/\/www.africa-press.net\/senegal\/wp-json\/wp\/v2\/media?parent=37675"}],"wp:term":[{"taxonomy":"category","embeddable":true,"href":"https:\/\/www.africa-press.net\/senegal\/wp-json\/wp\/v2\/categories?post=37675"},{"taxonomy":"post_tag","embeddable":true,"href":"https:\/\/www.africa-press.net\/senegal\/wp-json\/wp\/v2\/tags?post=37675"}],"curies":[{"name":"wp","href":"https:\/\/api.w.org\/{rel}","templated":true}]}}