{"id":37678,"date":"2023-01-06T20:25:49","date_gmt":"2023-01-06T20:25:49","guid":{"rendered":"https:\/\/www.africa-press.net\/senegal\/politique\/invitation-au-palais-presidentiel-les-deputes-yaw-snobent-macky-sall"},"modified":"2023-01-06T21:28:47","modified_gmt":"2023-01-06T21:28:47","slug":"invitation-au-palais-presidentiel-les-deputes-yaw-snobent-macky-sall","status":"publish","type":"post","link":"https:\/\/www.africa-press.net\/senegal\/politique\/invitation-au-palais-presidentiel-les-deputes-yaw-snobent-macky-sall","title":{"rendered":"Invitation au palais pr\u00e9sidentiel : Les d\u00e9put\u00e9s Yaw snobent Macky Sall"},"content":{"rendered":"<p><span style=\"color: #ff6600\"><strong>Africa-Press &#8211; Senegal. <\/strong><\/span>Les de\u0301pute\u0301s du groupe parlementaire Yewwi Askan Wi (Yaw) ont de\u0301cide\u0301 de mettre leur veto sur la ce\u0301re\u0301monie de pre\u0301sentation des v\u0153ux du Nouvel An au palais pre\u0301sidentiel.<\/p>\n<p>Dans une note parvenue a\u0300 Seneweb, les parlementaires justifient leur refus par les nombreux actes hostiles a\u0300 l&rsquo;encontre de l&rsquo;opposition parlementaire cautionne\u0301s par le pre\u0301sident de la Re\u0301publique, en particulier lors de l&rsquo;installation manu militari, par la gendarmerie, du pre\u0301sident de l&rsquo;Assemble\u0301e nationale.<\/p>\n<p>Dans le rapport, ils ajoutent que le groupe parlementaire Yaw a de\u0301ja\u0300 rec\u0327u les v\u0153ux de pre\u0301sident de la Re\u0301publique en de\u0301but d\u2019anne\u0301e, avec l\u2019embastillement des de\u0301pute\u0301s Massata Samb et Mamadou Niang, ce alors qu\u2019une re\u0301solution motive\u0301e de suspension des poursuites avait e\u0301te\u0301 de\u0301pose\u0301e sans suite aupre\u0300s du pre\u0301sident de l\u2019Assemble\u0301e nationale depuis le 12 de\u0301cembre 2022.<\/p>\n<p>Pour rappel, les membres du bureau de l&rsquo;Assemble\u0301e nationale ont e\u0301te\u0301 informe\u0301s que le pre\u0301sident de la Re\u0301publique, Macky Sall, recevra les v\u0153ux du Nouvel An des corps constitue\u0301s au palais de la Re\u0301publique ce vendredi 6 janvier 2023.<\/p>\n<p><strong>Pour plus d&rsquo;informations et d&rsquo;analyses sur la <a href=\"https:\/\/www.africa-press.net\/senegal\">Senegal<\/a>, suivez <a href=\"https:\/\/www.africa-press.net\/\">Africa-Press<\/a><\/strong><\/p>\n","protected":false},"excerpt":{"rendered":"<p>Africa-Press &#8211; Senegal. Les de\u0301pute\u0301s du groupe parlementaire Yewwi Askan Wi (Yaw) ont de\u0301cide\u0301 de mettre leur veto sur la ce\u0301re\u0301monie de pre\u0301sentation des v\u0153ux du Nouvel An au palais pre\u0301sidentiel. Dans une note parvenue a\u0300 Seneweb, les parlementaires justifient leur refus par les nombreux actes hostiles a\u0300 l&rsquo;encontre de l&rsquo;opposition parlementaire cautionne\u0301s par le [&hellip;]<\/p>\n","protected":false},"author":82,"featured_media":37677,"comment_status":"open","ping_status":"closed","sticky":false,"template":"","format":"standard","meta":{"footnotes":""},"categories":[2,10],"tags":[43,47,44],"class_list":["post-37678","post","type-post","status-publish","format-standard","has-post-thumbnail","hentry","category-politique","category-toutes-les-actualites","tag-africa-press-2","tag-africa-press-senegal","tag-senegal-2"],"yoast_head":"<!-- This site is optimized with the Yoast SEO Premium plugin v26.1 (Yoast SEO v27.0) - https:\/\/yoast.com\/product\/yoast-seo-premium-wordpress\/ -->\n<title>Invitation au palais pr\u00e9sidentiel : Les d\u00e9put\u00e9s Yaw snobent Macky Sall - Senegal<\/title>\n<meta name=\"description\" content=\"Les de\u0301pute\u0301s du groupe parlementaire Yewwi Askan Wi (Yaw) ont de\u0301cide\u0301 de mettre leur veto sur la ce\u0301re\u0301monie de pre\u0301se ...\" \/>\n<meta name=\"robots\" content=\"index, follow, max-snippet:-1, max-image-preview:large, max-video-preview:-1\" \/>\n<link rel=\"canonical\" href=\"https:\/\/www.africa-press.net\/senegal\/politique\/invitation-au-palais-presidentiel-les-deputes-yaw-snobent-macky-sall\" \/>\n<meta property=\"og:locale\" content=\"fr_FR\" \/>\n<meta property=\"og:type\" content=\"article\" \/>\n<meta property=\"og:title\" content=\"Invitation au palais pr\u00e9sidentiel : Les d\u00e9put\u00e9s Yaw snobent Macky Sall\" \/>\n<meta property=\"og:description\" content=\"Les de\u0301pute\u0301s du groupe parlementaire Yewwi Askan Wi (Yaw) ont de\u0301cide\u0301 de mettre leur veto sur la ce\u0301re\u0301monie de pre\u0301se ...\" \/>\n<meta property=\"og:url\" content=\"https:\/\/www.africa-press.net\/senegal\/politique\/invitation-au-palais-presidentiel-les-deputes-yaw-snobent-macky-sall\" \/>\n<meta property=\"og:site_name\" content=\"Senegal\" \/>\n<meta property=\"article:published_time\" content=\"2023-01-06T20:25:49+00:00\" \/>\n<meta property=\"article:modified_time\" content=\"2023-01-06T21:28:47+00:00\" \/>\n<meta property=\"og:image\" content=\"https:\/\/static.africa-press.net\/senegal\/sites\/13\/2023\/01\/postQueueImg_1673024156.53.jpg\" \/>\n\t<meta property=\"og:image:width\" content=\"720\" \/>\n\t<meta property=\"og:image:height\" content=\"350\" \/>\n\t<meta property=\"og:image:type\" content=\"image\/jpeg\" \/>\n<meta name=\"author\" content=\"cfeditorfr\" \/>\n<meta name=\"twitter:card\" content=\"summary_large_image\" \/>\n<meta name=\"twitter:label1\" content=\"\u00c9crit par\" \/>\n\t<meta name=\"twitter:data1\" content=\"cfeditorfr\" \/>\n\t<meta name=\"twitter:label2\" content=\"Dur\u00e9e de lecture estim\u00e9e\" \/>\n\t<meta name=\"twitter:data2\" content=\"1 minute\" \/>\n<script type=\"application\/ld+json\" class=\"yoast-schema-graph\">{\"@context\":\"https:\/\/schema.org\",\"@graph\":[{\"@type\":\"Article\",\"@id\":\"https:\/\/www.africa-press.net\/senegal\/politique\/invitation-au-palais-presidentiel-les-deputes-yaw-snobent-macky-sall#article\",\"isPartOf\":{\"@id\":\"https:\/\/www.africa-press.net\/senegal\/politique\/invitation-au-palais-presidentiel-les-deputes-yaw-snobent-macky-sall\"},\"author\":{\"name\":\"cfeditorfr\",\"@id\":\"https:\/\/www.africa-press.net\/senegal\/#\/schema\/person\/2b1cf3cd81a31e3cd26889ca66d677f1\"},\"headline\":\"Invitation au palais pr\u00e9sidentiel : Les d\u00e9put\u00e9s Yaw snobent Macky Sall\",\"datePublished\":\"2023-01-06T20:25:49+00:00\",\"dateModified\":\"2023-01-06T21:28:47+00:00\",\"mainEntityOfPage\":{\"@id\":\"https:\/\/www.africa-press.net\/senegal\/politique\/invitation-au-palais-presidentiel-les-deputes-yaw-snobent-macky-sall\"},\"wordCount\":239,\"commentCount\":0,\"image\":{\"@id\":\"https:\/\/www.africa-press.net\/senegal\/politique\/invitation-au-palais-presidentiel-les-deputes-yaw-snobent-macky-sall#primaryimage\"},\"thumbnailUrl\":\"https:\/\/static.africa-press.net\/senegal\/sites\/13\/2023\/01\/postQueueImg_1673024156.53.jpg\",\"keywords\":[\"Africa Press\",\"Africa Press-Senegal\",\"Senegal\"],\"articleSection\":[\"Politique\",\"Toutes les actualit\u00e9s\"],\"inLanguage\":\"fr-FR\",\"potentialAction\":[{\"@type\":\"CommentAction\",\"name\":\"Comment\",\"target\":[\"https:\/\/www.africa-press.net\/senegal\/politique\/invitation-au-palais-presidentiel-les-deputes-yaw-snobent-macky-sall#respond\"]}]},{\"@type\":\"WebPage\",\"@id\":\"https:\/\/www.africa-press.net\/senegal\/politique\/invitation-au-palais-presidentiel-les-deputes-yaw-snobent-macky-sall\",\"url\":\"https:\/\/www.africa-press.net\/senegal\/politique\/invitation-au-palais-presidentiel-les-deputes-yaw-snobent-macky-sall\",\"name\":\"Invitation au palais pr\u00e9sidentiel : Les d\u00e9put\u00e9s Yaw snobent Macky Sall - Senegal\",\"isPartOf\":{\"@id\":\"https:\/\/www.africa-press.net\/senegal\/#website\"},\"primaryImageOfPage\":{\"@id\":\"https:\/\/www.africa-press.net\/senegal\/politique\/invitation-au-palais-presidentiel-les-deputes-yaw-snobent-macky-sall#primaryimage\"},\"image\":{\"@id\":\"https:\/\/www.africa-press.net\/senegal\/politique\/invitation-au-palais-presidentiel-les-deputes-yaw-snobent-macky-sall#primaryimage\"},\"thumbnailUrl\":\"https:\/\/static.africa-press.net\/senegal\/sites\/13\/2023\/01\/postQueueImg_1673024156.53.jpg\",\"datePublished\":\"2023-01-06T20:25:49+00:00\",\"dateModified\":\"2023-01-06T21:28:47+00:00\",\"author\":{\"@id\":\"https:\/\/www.africa-press.net\/senegal\/#\/schema\/person\/2b1cf3cd81a31e3cd26889ca66d677f1\"},\"description\":\"Les de\u0301pute\u0301s du groupe parlementaire Yewwi Askan Wi (Yaw) ont de\u0301cide\u0301 de mettre leur veto sur la ce\u0301re\u0301monie de pre\u0301se ...\",\"breadcrumb\":{\"@id\":\"https:\/\/www.africa-press.net\/senegal\/politique\/invitation-au-palais-presidentiel-les-deputes-yaw-snobent-macky-sall#breadcrumb\"},\"inLanguage\":\"fr-FR\",\"potentialAction\":[{\"@type\":\"ReadAction\",\"target\":[\"https:\/\/www.africa-press.net\/senegal\/politique\/invitation-au-palais-presidentiel-les-deputes-yaw-snobent-macky-sall\"]}]},{\"@type\":\"ImageObject\",\"inLanguage\":\"fr-FR\",\"@id\":\"https:\/\/www.africa-press.net\/senegal\/politique\/invitation-au-palais-presidentiel-les-deputes-yaw-snobent-macky-sall#primaryimage\",\"url\":\"https:\/\/static.africa-press.net\/senegal\/sites\/13\/2023\/01\/postQueueImg_1673024156.53.jpg\",\"contentUrl\":\"https:\/\/static.africa-press.net\/senegal\/sites\/13\/2023\/01\/postQueueImg_1673024156.53.jpg\",\"width\":720,\"height\":350,\"caption\":\"Invitation au palais pr\u00e9sidentiel : Les d\u00e9put\u00e9s Yaw snobent Macky Sall\"},{\"@type\":\"BreadcrumbList\",\"@id\":\"https:\/\/www.africa-press.net\/senegal\/politique\/invitation-au-palais-presidentiel-les-deputes-yaw-snobent-macky-sall#breadcrumb\",\"itemListElement\":[{\"@type\":\"ListItem\",\"position\":1,\"name\":\"Accueil\",\"item\":\"https:\/\/www.africa-press.net\/senegal\/\"},{\"@type\":\"ListItem\",\"position\":2,\"name\":\"Invitation au palais pr\u00e9sidentiel : Les d\u00e9put\u00e9s Yaw snobent Macky Sall\"}]},{\"@type\":\"WebSite\",\"@id\":\"https:\/\/www.africa-press.net\/senegal\/#website\",\"url\":\"https:\/\/www.africa-press.net\/senegal\/\",\"name\":\"Africa Press | Senegal | Homepage\",\"description\":\"Just another Africa News Agency Sites site\",\"potentialAction\":[{\"@type\":\"SearchAction\",\"target\":{\"@type\":\"EntryPoint\",\"urlTemplate\":\"https:\/\/www.africa-press.net\/senegal\/?s={search_term_string}\"},\"query-input\":{\"@type\":\"PropertyValueSpecification\",\"valueRequired\":true,\"valueName\":\"search_term_string\"}}],\"inLanguage\":\"fr-FR\"},{\"@type\":\"Person\",\"@id\":\"https:\/\/www.africa-press.net\/senegal\/#\/schema\/person\/2b1cf3cd81a31e3cd26889ca66d677f1\",\"name\":\"cfeditorfr\",\"url\":\"https:\/\/www.africa-press.net\/senegal\/author\/cfeditorfr\"}]}<\/script>\n<!-- \/ Yoast SEO Premium plugin. -->","yoast_head_json":{"title":"Invitation au palais pr\u00e9sidentiel : Les d\u00e9put\u00e9s Yaw snobent Macky Sall - Senegal","description":"Les de\u0301pute\u0301s du groupe parlementaire Yewwi Askan Wi (Yaw) ont de\u0301cide\u0301 de mettre leur veto sur la ce\u0301re\u0301monie de pre\u0301se ...","robots":{"index":"index","follow":"follow","max-snippet":"max-snippet:-1","max-image-preview":"max-image-preview:large","max-video-preview":"max-video-preview:-1"},"canonical":"https:\/\/www.africa-press.net\/senegal\/politique\/invitation-au-palais-presidentiel-les-deputes-yaw-snobent-macky-sall","og_locale":"fr_FR","og_type":"article","og_title":"Invitation au palais pr\u00e9sidentiel : Les d\u00e9put\u00e9s Yaw snobent Macky Sall","og_description":"Les de\u0301pute\u0301s du groupe parlementaire Yewwi Askan Wi (Yaw) ont de\u0301cide\u0301 de mettre leur veto sur la ce\u0301re\u0301monie de pre\u0301se ...","og_url":"https:\/\/www.africa-press.net\/senegal\/politique\/invitation-au-palais-presidentiel-les-deputes-yaw-snobent-macky-sall","og_site_name":"Senegal","article_published_time":"2023-01-06T20:25:49+00:00","article_modified_time":"2023-01-06T21:28:47+00:00","og_image":[{"width":720,"height":350,"url":"https:\/\/static.africa-press.net\/senegal\/sites\/13\/2023\/01\/postQueueImg_1673024156.53.jpg","type":"image\/jpeg"}],"author":"cfeditorfr","twitter_card":"summary_large_image","twitter_misc":{"\u00c9crit par":"cfeditorfr","Dur\u00e9e de lecture estim\u00e9e":"1 minute"},"schema":{"@context":"https:\/\/schema.org","@graph":[{"@type":"Article","@id":"https:\/\/www.africa-press.net\/senegal\/politique\/invitation-au-palais-presidentiel-les-deputes-yaw-snobent-macky-sall#article","isPartOf":{"@id":"https:\/\/www.africa-press.net\/senegal\/politique\/invitation-au-palais-presidentiel-les-deputes-yaw-snobent-macky-sall"},"author":{"name":"cfeditorfr","@id":"https:\/\/www.africa-press.net\/senegal\/#\/schema\/person\/2b1cf3cd81a31e3cd26889ca66d677f1"},"headline":"Invitation au palais pr\u00e9sidentiel : Les d\u00e9put\u00e9s Yaw snobent Macky Sall","datePublished":"2023-01-06T20:25:49+00:00","dateModified":"2023-01-06T21:28:47+00:00","mainEntityOfPage":{"@id":"https:\/\/www.africa-press.net\/senegal\/politique\/invitation-au-palais-presidentiel-les-deputes-yaw-snobent-macky-sall"},"wordCount":239,"commentCount":0,"image":{"@id":"https:\/\/www.africa-press.net\/senegal\/politique\/invitation-au-palais-presidentiel-les-deputes-yaw-snobent-macky-sall#primaryimage"},"thumbnailUrl":"https:\/\/static.africa-press.net\/senegal\/sites\/13\/2023\/01\/postQueueImg_1673024156.53.jpg","keywords":["Africa Press","Africa Press-Senegal","Senegal"],"articleSection":["Politique","Toutes les actualit\u00e9s"],"inLanguage":"fr-FR","potentialAction":[{"@type":"CommentAction","name":"Comment","target":["https:\/\/www.africa-press.net\/senegal\/politique\/invitation-au-palais-presidentiel-les-deputes-yaw-snobent-macky-sall#respond"]}]},{"@type":"WebPage","@id":"https:\/\/www.africa-press.net\/senegal\/politique\/invitation-au-palais-presidentiel-les-deputes-yaw-snobent-macky-sall","url":"https:\/\/www.africa-press.net\/senegal\/politique\/invitation-au-palais-presidentiel-les-deputes-yaw-snobent-macky-sall","name":"Invitation au palais pr\u00e9sidentiel : Les d\u00e9put\u00e9s Yaw snobent Macky Sall - Senegal","isPartOf":{"@id":"https:\/\/www.africa-press.net\/senegal\/#website"},"primaryImageOfPage":{"@id":"https:\/\/www.africa-press.net\/senegal\/politique\/invitation-au-palais-presidentiel-les-deputes-yaw-snobent-macky-sall#primaryimage"},"image":{"@id":"https:\/\/www.africa-press.net\/senegal\/politique\/invitation-au-palais-presidentiel-les-deputes-yaw-snobent-macky-sall#primaryimage"},"thumbnailUrl":"https:\/\/static.africa-press.net\/senegal\/sites\/13\/2023\/01\/postQueueImg_1673024156.53.jpg","datePublished":"2023-01-06T20:25:49+00:00","dateModified":"2023-01-06T21:28:47+00:00","author":{"@id":"https:\/\/www.africa-press.net\/senegal\/#\/schema\/person\/2b1cf3cd81a31e3cd26889ca66d677f1"},"description":"Les de\u0301pute\u0301s du groupe parlementaire Yewwi Askan Wi (Yaw) ont de\u0301cide\u0301 de mettre leur veto sur la ce\u0301re\u0301monie de pre\u0301se ...","breadcrumb":{"@id":"https:\/\/www.africa-press.net\/senegal\/politique\/invitation-au-palais-presidentiel-les-deputes-yaw-snobent-macky-sall#breadcrumb"},"inLanguage":"fr-FR","potentialAction":[{"@type":"ReadAction","target":["https:\/\/www.africa-press.net\/senegal\/politique\/invitation-au-palais-presidentiel-les-deputes-yaw-snobent-macky-sall"]}]},{"@type":"ImageObject","inLanguage":"fr-FR","@id":"https:\/\/www.africa-press.net\/senegal\/politique\/invitation-au-palais-presidentiel-les-deputes-yaw-snobent-macky-sall#primaryimage","url":"https:\/\/static.africa-press.net\/senegal\/sites\/13\/2023\/01\/postQueueImg_1673024156.53.jpg","contentUrl":"https:\/\/static.africa-press.net\/senegal\/sites\/13\/2023\/01\/postQueueImg_1673024156.53.jpg","width":720,"height":350,"caption":"Invitation au palais pr\u00e9sidentiel : Les d\u00e9put\u00e9s Yaw snobent Macky Sall"},{"@type":"BreadcrumbList","@id":"https:\/\/www.africa-press.net\/senegal\/politique\/invitation-au-palais-presidentiel-les-deputes-yaw-snobent-macky-sall#breadcrumb","itemListElement":[{"@type":"ListItem","position":1,"name":"Accueil","item":"https:\/\/www.africa-press.net\/senegal\/"},{"@type":"ListItem","position":2,"name":"Invitation au palais pr\u00e9sidentiel : Les d\u00e9put\u00e9s Yaw snobent Macky Sall"}]},{"@type":"WebSite","@id":"https:\/\/www.africa-press.net\/senegal\/#website","url":"https:\/\/www.africa-press.net\/senegal\/","name":"Africa Press | Senegal | Homepage","description":"Just another Africa News Agency Sites site","potentialAction":[{"@type":"SearchAction","target":{"@type":"EntryPoint","urlTemplate":"https:\/\/www.africa-press.net\/senegal\/?s={search_term_string}"},"query-input":{"@type":"PropertyValueSpecification","valueRequired":true,"valueName":"search_term_string"}}],"inLanguage":"fr-FR"},{"@type":"Person","@id":"https:\/\/www.africa-press.net\/senegal\/#\/schema\/person\/2b1cf3cd81a31e3cd26889ca66d677f1","name":"cfeditorfr","url":"https:\/\/www.africa-press.net\/senegal\/author\/cfeditorfr"}]}},"_links":{"self":[{"href":"https:\/\/www.africa-press.net\/senegal\/wp-json\/wp\/v2\/posts\/37678","targetHints":{"allow":["GET"]}}],"collection":[{"href":"https:\/\/www.africa-press.net\/senegal\/wp-json\/wp\/v2\/posts"}],"about":[{"href":"https:\/\/www.africa-press.net\/senegal\/wp-json\/wp\/v2\/types\/post"}],"author":[{"embeddable":true,"href":"https:\/\/www.africa-press.net\/senegal\/wp-json\/wp\/v2\/users\/82"}],"replies":[{"embeddable":true,"href":"https:\/\/www.africa-press.net\/senegal\/wp-json\/wp\/v2\/comments?post=37678"}],"version-history":[{"count":0,"href":"https:\/\/www.africa-press.net\/senegal\/wp-json\/wp\/v2\/posts\/37678\/revisions"}],"wp:featuredmedia":[{"embeddable":true,"href":"https:\/\/www.africa-press.net\/senegal\/wp-json\/wp\/v2\/media\/37677"}],"wp:attachment":[{"href":"https:\/\/www.africa-press.net\/senegal\/wp-json\/wp\/v2\/media?parent=37678"}],"wp:term":[{"taxonomy":"category","embeddable":true,"href":"https:\/\/www.africa-press.net\/senegal\/wp-json\/wp\/v2\/categories?post=37678"},{"taxonomy":"post_tag","embeddable":true,"href":"https:\/\/www.africa-press.net\/senegal\/wp-json\/wp\/v2\/tags?post=37678"}],"curies":[{"name":"wp","href":"https:\/\/api.w.org\/{rel}","templated":true}]}}