{"id":37681,"date":"2023-01-06T20:26:23","date_gmt":"2023-01-06T20:26:23","guid":{"rendered":"https:\/\/www.africa-press.net\/senegal\/politique\/sommation-interpellative-boubacar-camara-apporte-un-dementi"},"modified":"2023-01-06T21:29:28","modified_gmt":"2023-01-06T21:29:28","slug":"sommation-interpellative-boubacar-camara-apporte-un-dementi","status":"publish","type":"post","link":"https:\/\/www.africa-press.net\/senegal\/politique\/sommation-interpellative-boubacar-camara-apporte-un-dementi","title":{"rendered":"Sommation interpellative : Boubacar Camara apporte un d\u00e9menti"},"content":{"rendered":"<p><span style=\"color: #ff6600\"><strong>Africa-Press &#8211; Senegal. <\/strong><\/span>L\u2019information selon laquelle le pre\u0301sident du Conseil d\u2019administration de la Sococim Industries, Boubacar Camara, a rec\u0327u une sommation interpellative est fausse.<\/p>\n<p>L\u2019ancien candidat a\u0300 la dernie\u0300re pre\u0301sidentielle s\u2019est justifie\u0301 a\u0300 travers un post.<\/p>\n<p>\u00abJe n\u2019ai rec\u0327u aucune sommation. Vous avez bien remarque\u0301 que le \u2018\u2019papier\u2019\u2019 qui circule n\u2019a pas e\u0301te\u0301 notifie\u0301 et ne comporte aucune re\u0301ponse. Nous attendons toujours. Mon avocat est Me Mame Gningue\u00bb, a-t-il de\u0301menti dans un tweet.<\/p>\n<p><strong>Pour plus d&rsquo;informations et d&rsquo;analyses sur la <a href=\"https:\/\/www.africa-press.net\/senegal\">Senegal<\/a>, suivez <a href=\"https:\/\/www.africa-press.net\/\">Africa-Press<\/a><\/strong><\/p>\n","protected":false},"excerpt":{"rendered":"<p>Africa-Press &#8211; Senegal. L\u2019information selon laquelle le pre\u0301sident du Conseil d\u2019administration de la Sococim Industries, Boubacar Camara, a rec\u0327u une sommation interpellative est fausse. L\u2019ancien candidat a\u0300 la dernie\u0300re pre\u0301sidentielle s\u2019est justifie\u0301 a\u0300 travers un post. \u00abJe n\u2019ai rec\u0327u aucune sommation. Vous avez bien remarque\u0301 que le \u2018\u2019papier\u2019\u2019 qui circule n\u2019a pas e\u0301te\u0301 notifie\u0301 et [&hellip;]<\/p>\n","protected":false},"author":82,"featured_media":37680,"comment_status":"open","ping_status":"closed","sticky":false,"template":"","format":"standard","meta":{"footnotes":""},"categories":[2,10],"tags":[43,47,44],"class_list":["post-37681","post","type-post","status-publish","format-standard","has-post-thumbnail","hentry","category-politique","category-toutes-les-actualites","tag-africa-press-2","tag-africa-press-senegal","tag-senegal-2"],"yoast_head":"<!-- This site is optimized with the Yoast SEO Premium plugin v26.1 (Yoast SEO v27.0) - https:\/\/yoast.com\/product\/yoast-seo-premium-wordpress\/ -->\n<title>Sommation interpellative : Boubacar Camara apporte un d\u00e9menti - Senegal<\/title>\n<meta name=\"description\" content=\"L\u2019information selon laquelle le pre\u0301sident du Conseil d\u2019administration de la Sococim Industries, Boubacar Camara, a rec\u0327 ...\" \/>\n<meta name=\"robots\" content=\"index, follow, max-snippet:-1, max-image-preview:large, max-video-preview:-1\" \/>\n<link rel=\"canonical\" href=\"https:\/\/www.africa-press.net\/senegal\/politique\/sommation-interpellative-boubacar-camara-apporte-un-dementi\" \/>\n<meta property=\"og:locale\" content=\"fr_FR\" \/>\n<meta property=\"og:type\" content=\"article\" \/>\n<meta property=\"og:title\" content=\"Sommation interpellative : Boubacar Camara apporte un d\u00e9menti\" \/>\n<meta property=\"og:description\" content=\"L\u2019information selon laquelle le pre\u0301sident du Conseil d\u2019administration de la Sococim Industries, Boubacar Camara, a rec\u0327 ...\" \/>\n<meta property=\"og:url\" content=\"https:\/\/www.africa-press.net\/senegal\/politique\/sommation-interpellative-boubacar-camara-apporte-un-dementi\" \/>\n<meta property=\"og:site_name\" content=\"Senegal\" \/>\n<meta property=\"article:published_time\" content=\"2023-01-06T20:26:23+00:00\" \/>\n<meta property=\"article:modified_time\" content=\"2023-01-06T21:29:28+00:00\" \/>\n<meta property=\"og:image\" content=\"https:\/\/static.africa-press.net\/senegal\/sites\/13\/2023\/01\/postQueueImg_1673024193.91.jpg\" \/>\n\t<meta property=\"og:image:width\" content=\"720\" \/>\n\t<meta property=\"og:image:height\" content=\"350\" \/>\n\t<meta property=\"og:image:type\" content=\"image\/jpeg\" \/>\n<meta name=\"author\" content=\"cfeditorfr\" \/>\n<meta name=\"twitter:card\" content=\"summary_large_image\" \/>\n<meta name=\"twitter:label1\" content=\"\u00c9crit par\" \/>\n\t<meta name=\"twitter:data1\" content=\"cfeditorfr\" \/>\n\t<meta name=\"twitter:label2\" content=\"Dur\u00e9e de lecture estim\u00e9e\" \/>\n\t<meta name=\"twitter:data2\" content=\"1 minute\" \/>\n<script type=\"application\/ld+json\" class=\"yoast-schema-graph\">{\"@context\":\"https:\/\/schema.org\",\"@graph\":[{\"@type\":\"Article\",\"@id\":\"https:\/\/www.africa-press.net\/senegal\/politique\/sommation-interpellative-boubacar-camara-apporte-un-dementi#article\",\"isPartOf\":{\"@id\":\"https:\/\/www.africa-press.net\/senegal\/politique\/sommation-interpellative-boubacar-camara-apporte-un-dementi\"},\"author\":{\"name\":\"cfeditorfr\",\"@id\":\"https:\/\/www.africa-press.net\/senegal\/#\/schema\/person\/2b1cf3cd81a31e3cd26889ca66d677f1\"},\"headline\":\"Sommation interpellative : Boubacar Camara apporte un d\u00e9menti\",\"datePublished\":\"2023-01-06T20:26:23+00:00\",\"dateModified\":\"2023-01-06T21:29:28+00:00\",\"mainEntityOfPage\":{\"@id\":\"https:\/\/www.africa-press.net\/senegal\/politique\/sommation-interpellative-boubacar-camara-apporte-un-dementi\"},\"wordCount\":107,\"commentCount\":0,\"image\":{\"@id\":\"https:\/\/www.africa-press.net\/senegal\/politique\/sommation-interpellative-boubacar-camara-apporte-un-dementi#primaryimage\"},\"thumbnailUrl\":\"https:\/\/static.africa-press.net\/senegal\/sites\/13\/2023\/01\/postQueueImg_1673024193.91.jpg\",\"keywords\":[\"Africa Press\",\"Africa Press-Senegal\",\"Senegal\"],\"articleSection\":[\"Politique\",\"Toutes les actualit\u00e9s\"],\"inLanguage\":\"fr-FR\",\"potentialAction\":[{\"@type\":\"CommentAction\",\"name\":\"Comment\",\"target\":[\"https:\/\/www.africa-press.net\/senegal\/politique\/sommation-interpellative-boubacar-camara-apporte-un-dementi#respond\"]}]},{\"@type\":\"WebPage\",\"@id\":\"https:\/\/www.africa-press.net\/senegal\/politique\/sommation-interpellative-boubacar-camara-apporte-un-dementi\",\"url\":\"https:\/\/www.africa-press.net\/senegal\/politique\/sommation-interpellative-boubacar-camara-apporte-un-dementi\",\"name\":\"Sommation interpellative : Boubacar Camara apporte un d\u00e9menti - Senegal\",\"isPartOf\":{\"@id\":\"https:\/\/www.africa-press.net\/senegal\/#website\"},\"primaryImageOfPage\":{\"@id\":\"https:\/\/www.africa-press.net\/senegal\/politique\/sommation-interpellative-boubacar-camara-apporte-un-dementi#primaryimage\"},\"image\":{\"@id\":\"https:\/\/www.africa-press.net\/senegal\/politique\/sommation-interpellative-boubacar-camara-apporte-un-dementi#primaryimage\"},\"thumbnailUrl\":\"https:\/\/static.africa-press.net\/senegal\/sites\/13\/2023\/01\/postQueueImg_1673024193.91.jpg\",\"datePublished\":\"2023-01-06T20:26:23+00:00\",\"dateModified\":\"2023-01-06T21:29:28+00:00\",\"author\":{\"@id\":\"https:\/\/www.africa-press.net\/senegal\/#\/schema\/person\/2b1cf3cd81a31e3cd26889ca66d677f1\"},\"description\":\"L\u2019information selon laquelle le pre\u0301sident du Conseil d\u2019administration de la Sococim Industries, Boubacar Camara, a rec\u0327 ...\",\"breadcrumb\":{\"@id\":\"https:\/\/www.africa-press.net\/senegal\/politique\/sommation-interpellative-boubacar-camara-apporte-un-dementi#breadcrumb\"},\"inLanguage\":\"fr-FR\",\"potentialAction\":[{\"@type\":\"ReadAction\",\"target\":[\"https:\/\/www.africa-press.net\/senegal\/politique\/sommation-interpellative-boubacar-camara-apporte-un-dementi\"]}]},{\"@type\":\"ImageObject\",\"inLanguage\":\"fr-FR\",\"@id\":\"https:\/\/www.africa-press.net\/senegal\/politique\/sommation-interpellative-boubacar-camara-apporte-un-dementi#primaryimage\",\"url\":\"https:\/\/static.africa-press.net\/senegal\/sites\/13\/2023\/01\/postQueueImg_1673024193.91.jpg\",\"contentUrl\":\"https:\/\/static.africa-press.net\/senegal\/sites\/13\/2023\/01\/postQueueImg_1673024193.91.jpg\",\"width\":720,\"height\":350,\"caption\":\"Sommation interpellative : Boubacar Camara apporte un d\u00e9menti\"},{\"@type\":\"BreadcrumbList\",\"@id\":\"https:\/\/www.africa-press.net\/senegal\/politique\/sommation-interpellative-boubacar-camara-apporte-un-dementi#breadcrumb\",\"itemListElement\":[{\"@type\":\"ListItem\",\"position\":1,\"name\":\"Accueil\",\"item\":\"https:\/\/www.africa-press.net\/senegal\/\"},{\"@type\":\"ListItem\",\"position\":2,\"name\":\"Sommation interpellative : Boubacar Camara apporte un d\u00e9menti\"}]},{\"@type\":\"WebSite\",\"@id\":\"https:\/\/www.africa-press.net\/senegal\/#website\",\"url\":\"https:\/\/www.africa-press.net\/senegal\/\",\"name\":\"Africa Press | Senegal | Homepage\",\"description\":\"Just another Africa News Agency Sites site\",\"potentialAction\":[{\"@type\":\"SearchAction\",\"target\":{\"@type\":\"EntryPoint\",\"urlTemplate\":\"https:\/\/www.africa-press.net\/senegal\/?s={search_term_string}\"},\"query-input\":{\"@type\":\"PropertyValueSpecification\",\"valueRequired\":true,\"valueName\":\"search_term_string\"}}],\"inLanguage\":\"fr-FR\"},{\"@type\":\"Person\",\"@id\":\"https:\/\/www.africa-press.net\/senegal\/#\/schema\/person\/2b1cf3cd81a31e3cd26889ca66d677f1\",\"name\":\"cfeditorfr\",\"url\":\"https:\/\/www.africa-press.net\/senegal\/author\/cfeditorfr\"}]}<\/script>\n<!-- \/ Yoast SEO Premium plugin. -->","yoast_head_json":{"title":"Sommation interpellative : Boubacar Camara apporte un d\u00e9menti - Senegal","description":"L\u2019information selon laquelle le pre\u0301sident du Conseil d\u2019administration de la Sococim Industries, Boubacar Camara, a rec\u0327 ...","robots":{"index":"index","follow":"follow","max-snippet":"max-snippet:-1","max-image-preview":"max-image-preview:large","max-video-preview":"max-video-preview:-1"},"canonical":"https:\/\/www.africa-press.net\/senegal\/politique\/sommation-interpellative-boubacar-camara-apporte-un-dementi","og_locale":"fr_FR","og_type":"article","og_title":"Sommation interpellative : Boubacar Camara apporte un d\u00e9menti","og_description":"L\u2019information selon laquelle le pre\u0301sident du Conseil d\u2019administration de la Sococim Industries, Boubacar Camara, a rec\u0327 ...","og_url":"https:\/\/www.africa-press.net\/senegal\/politique\/sommation-interpellative-boubacar-camara-apporte-un-dementi","og_site_name":"Senegal","article_published_time":"2023-01-06T20:26:23+00:00","article_modified_time":"2023-01-06T21:29:28+00:00","og_image":[{"width":720,"height":350,"url":"https:\/\/static.africa-press.net\/senegal\/sites\/13\/2023\/01\/postQueueImg_1673024193.91.jpg","type":"image\/jpeg"}],"author":"cfeditorfr","twitter_card":"summary_large_image","twitter_misc":{"\u00c9crit par":"cfeditorfr","Dur\u00e9e de lecture estim\u00e9e":"1 minute"},"schema":{"@context":"https:\/\/schema.org","@graph":[{"@type":"Article","@id":"https:\/\/www.africa-press.net\/senegal\/politique\/sommation-interpellative-boubacar-camara-apporte-un-dementi#article","isPartOf":{"@id":"https:\/\/www.africa-press.net\/senegal\/politique\/sommation-interpellative-boubacar-camara-apporte-un-dementi"},"author":{"name":"cfeditorfr","@id":"https:\/\/www.africa-press.net\/senegal\/#\/schema\/person\/2b1cf3cd81a31e3cd26889ca66d677f1"},"headline":"Sommation interpellative : Boubacar Camara apporte un d\u00e9menti","datePublished":"2023-01-06T20:26:23+00:00","dateModified":"2023-01-06T21:29:28+00:00","mainEntityOfPage":{"@id":"https:\/\/www.africa-press.net\/senegal\/politique\/sommation-interpellative-boubacar-camara-apporte-un-dementi"},"wordCount":107,"commentCount":0,"image":{"@id":"https:\/\/www.africa-press.net\/senegal\/politique\/sommation-interpellative-boubacar-camara-apporte-un-dementi#primaryimage"},"thumbnailUrl":"https:\/\/static.africa-press.net\/senegal\/sites\/13\/2023\/01\/postQueueImg_1673024193.91.jpg","keywords":["Africa Press","Africa Press-Senegal","Senegal"],"articleSection":["Politique","Toutes les actualit\u00e9s"],"inLanguage":"fr-FR","potentialAction":[{"@type":"CommentAction","name":"Comment","target":["https:\/\/www.africa-press.net\/senegal\/politique\/sommation-interpellative-boubacar-camara-apporte-un-dementi#respond"]}]},{"@type":"WebPage","@id":"https:\/\/www.africa-press.net\/senegal\/politique\/sommation-interpellative-boubacar-camara-apporte-un-dementi","url":"https:\/\/www.africa-press.net\/senegal\/politique\/sommation-interpellative-boubacar-camara-apporte-un-dementi","name":"Sommation interpellative : Boubacar Camara apporte un d\u00e9menti - Senegal","isPartOf":{"@id":"https:\/\/www.africa-press.net\/senegal\/#website"},"primaryImageOfPage":{"@id":"https:\/\/www.africa-press.net\/senegal\/politique\/sommation-interpellative-boubacar-camara-apporte-un-dementi#primaryimage"},"image":{"@id":"https:\/\/www.africa-press.net\/senegal\/politique\/sommation-interpellative-boubacar-camara-apporte-un-dementi#primaryimage"},"thumbnailUrl":"https:\/\/static.africa-press.net\/senegal\/sites\/13\/2023\/01\/postQueueImg_1673024193.91.jpg","datePublished":"2023-01-06T20:26:23+00:00","dateModified":"2023-01-06T21:29:28+00:00","author":{"@id":"https:\/\/www.africa-press.net\/senegal\/#\/schema\/person\/2b1cf3cd81a31e3cd26889ca66d677f1"},"description":"L\u2019information selon laquelle le pre\u0301sident du Conseil d\u2019administration de la Sococim Industries, Boubacar Camara, a rec\u0327 ...","breadcrumb":{"@id":"https:\/\/www.africa-press.net\/senegal\/politique\/sommation-interpellative-boubacar-camara-apporte-un-dementi#breadcrumb"},"inLanguage":"fr-FR","potentialAction":[{"@type":"ReadAction","target":["https:\/\/www.africa-press.net\/senegal\/politique\/sommation-interpellative-boubacar-camara-apporte-un-dementi"]}]},{"@type":"ImageObject","inLanguage":"fr-FR","@id":"https:\/\/www.africa-press.net\/senegal\/politique\/sommation-interpellative-boubacar-camara-apporte-un-dementi#primaryimage","url":"https:\/\/static.africa-press.net\/senegal\/sites\/13\/2023\/01\/postQueueImg_1673024193.91.jpg","contentUrl":"https:\/\/static.africa-press.net\/senegal\/sites\/13\/2023\/01\/postQueueImg_1673024193.91.jpg","width":720,"height":350,"caption":"Sommation interpellative : Boubacar Camara apporte un d\u00e9menti"},{"@type":"BreadcrumbList","@id":"https:\/\/www.africa-press.net\/senegal\/politique\/sommation-interpellative-boubacar-camara-apporte-un-dementi#breadcrumb","itemListElement":[{"@type":"ListItem","position":1,"name":"Accueil","item":"https:\/\/www.africa-press.net\/senegal\/"},{"@type":"ListItem","position":2,"name":"Sommation interpellative : Boubacar Camara apporte un d\u00e9menti"}]},{"@type":"WebSite","@id":"https:\/\/www.africa-press.net\/senegal\/#website","url":"https:\/\/www.africa-press.net\/senegal\/","name":"Africa Press | Senegal | Homepage","description":"Just another Africa News Agency Sites site","potentialAction":[{"@type":"SearchAction","target":{"@type":"EntryPoint","urlTemplate":"https:\/\/www.africa-press.net\/senegal\/?s={search_term_string}"},"query-input":{"@type":"PropertyValueSpecification","valueRequired":true,"valueName":"search_term_string"}}],"inLanguage":"fr-FR"},{"@type":"Person","@id":"https:\/\/www.africa-press.net\/senegal\/#\/schema\/person\/2b1cf3cd81a31e3cd26889ca66d677f1","name":"cfeditorfr","url":"https:\/\/www.africa-press.net\/senegal\/author\/cfeditorfr"}]}},"_links":{"self":[{"href":"https:\/\/www.africa-press.net\/senegal\/wp-json\/wp\/v2\/posts\/37681","targetHints":{"allow":["GET"]}}],"collection":[{"href":"https:\/\/www.africa-press.net\/senegal\/wp-json\/wp\/v2\/posts"}],"about":[{"href":"https:\/\/www.africa-press.net\/senegal\/wp-json\/wp\/v2\/types\/post"}],"author":[{"embeddable":true,"href":"https:\/\/www.africa-press.net\/senegal\/wp-json\/wp\/v2\/users\/82"}],"replies":[{"embeddable":true,"href":"https:\/\/www.africa-press.net\/senegal\/wp-json\/wp\/v2\/comments?post=37681"}],"version-history":[{"count":0,"href":"https:\/\/www.africa-press.net\/senegal\/wp-json\/wp\/v2\/posts\/37681\/revisions"}],"wp:featuredmedia":[{"embeddable":true,"href":"https:\/\/www.africa-press.net\/senegal\/wp-json\/wp\/v2\/media\/37680"}],"wp:attachment":[{"href":"https:\/\/www.africa-press.net\/senegal\/wp-json\/wp\/v2\/media?parent=37681"}],"wp:term":[{"taxonomy":"category","embeddable":true,"href":"https:\/\/www.africa-press.net\/senegal\/wp-json\/wp\/v2\/categories?post=37681"},{"taxonomy":"post_tag","embeddable":true,"href":"https:\/\/www.africa-press.net\/senegal\/wp-json\/wp\/v2\/tags?post=37681"}],"curies":[{"name":"wp","href":"https:\/\/api.w.org\/{rel}","templated":true}]}}