{"id":37684,"date":"2023-01-06T20:30:43","date_gmt":"2023-01-06T20:30:43","guid":{"rendered":"https:\/\/www.africa-press.net\/senegal\/politique\/troisieme-candidature-de-macky-doudou-ndoye-disqualifie-le-conseil-constitutionnel"},"modified":"2023-01-06T21:30:12","modified_gmt":"2023-01-06T21:30:12","slug":"troisieme-candidature-de-macky-doudou-ndoye-disqualifie-le-conseil-constitutionnel","status":"publish","type":"post","link":"https:\/\/www.africa-press.net\/senegal\/politique\/troisieme-candidature-de-macky-doudou-ndoye-disqualifie-le-conseil-constitutionnel","title":{"rendered":"Troisi\u00e8me candidature de Macky : Doudou Ndoye disqualifie le Conseil constitutionnel"},"content":{"rendered":"<p><span style=\"color: #ff6600\"><strong>Africa-Press &#8211; Senegal. <\/strong><\/span>Pour re\u0301gler la question du troisie\u0300me mandat, Me Doudou Ndoye ne fait pas du tout confiance au Conseil constitutionnel. Dans les colonnes de Jeune Afrique, l\u2019ex ministre de la Justice de Abdou Diouf est sceptique sur l\u2019inde\u0301pendance des cinq sages.<\/p>\n<p>\u00ab La meilleure solution serait que Macky Sall ne pre\u0301sente pas sa candidature, estime-t-il. Car s\u2019il la pre\u0301sentait, le Conseil constitutionnel le suivrait.<\/p>\n<p>Or, je dis \u00ab non \u00bb : la de\u0301cision de ce dernier ne ferait pas autorite\u0301, ni morale, ni juridique, ni e\u0301thique. \u00bb \u00abAucun Conseil constitutionnel, au Se\u0301ne\u0301gal, n\u2019irait refuser la candidature de l\u2019homme qui l\u2019a installe\u0301 la\u0300 ! Ce n\u2019est pas possible \u00bb, marte\u0300le-t-il.<\/p>\n<p><strong>Pour plus d&rsquo;informations et d&rsquo;analyses sur la <a href=\"https:\/\/www.africa-press.net\/senegal\">Senegal<\/a>, suivez <a href=\"https:\/\/www.africa-press.net\/\">Africa-Press<\/a><\/strong><\/p>\n","protected":false},"excerpt":{"rendered":"<p>Africa-Press &#8211; Senegal. Pour re\u0301gler la question du troisie\u0300me mandat, Me Doudou Ndoye ne fait pas du tout confiance au Conseil constitutionnel. Dans les colonnes de Jeune Afrique, l\u2019ex ministre de la Justice de Abdou Diouf est sceptique sur l\u2019inde\u0301pendance des cinq sages. \u00ab La meilleure solution serait que Macky Sall ne pre\u0301sente pas sa [&hellip;]<\/p>\n","protected":false},"author":82,"featured_media":37683,"comment_status":"open","ping_status":"closed","sticky":false,"template":"","format":"standard","meta":{"footnotes":""},"categories":[2,10],"tags":[43,47,44],"class_list":["post-37684","post","type-post","status-publish","format-standard","has-post-thumbnail","hentry","category-politique","category-toutes-les-actualites","tag-africa-press-2","tag-africa-press-senegal","tag-senegal-2"],"yoast_head":"<!-- This site is optimized with the Yoast SEO Premium plugin v26.1 (Yoast SEO v27.0) - https:\/\/yoast.com\/product\/yoast-seo-premium-wordpress\/ -->\n<title>Troisi\u00e8me candidature de Macky : Doudou Ndoye disqualifie le Conseil constitutionnel - Senegal<\/title>\n<meta name=\"description\" content=\"Pour re\u0301gler la question du troisie\u0300me mandat, Me Doudou Ndoye ne fait pas du tout confiance au Conseil constitutionnel. ...\" \/>\n<meta name=\"robots\" content=\"index, follow, max-snippet:-1, max-image-preview:large, max-video-preview:-1\" \/>\n<link rel=\"canonical\" href=\"https:\/\/www.africa-press.net\/senegal\/politique\/troisieme-candidature-de-macky-doudou-ndoye-disqualifie-le-conseil-constitutionnel\" \/>\n<meta property=\"og:locale\" content=\"fr_FR\" \/>\n<meta property=\"og:type\" content=\"article\" \/>\n<meta property=\"og:title\" content=\"Troisi\u00e8me candidature de Macky : Doudou Ndoye disqualifie le Conseil constitutionnel\" \/>\n<meta property=\"og:description\" content=\"Pour re\u0301gler la question du troisie\u0300me mandat, Me Doudou Ndoye ne fait pas du tout confiance au Conseil constitutionnel. ...\" \/>\n<meta property=\"og:url\" content=\"https:\/\/www.africa-press.net\/senegal\/politique\/troisieme-candidature-de-macky-doudou-ndoye-disqualifie-le-conseil-constitutionnel\" \/>\n<meta property=\"og:site_name\" content=\"Senegal\" \/>\n<meta property=\"article:published_time\" content=\"2023-01-06T20:30:43+00:00\" \/>\n<meta property=\"article:modified_time\" content=\"2023-01-06T21:30:12+00:00\" \/>\n<meta property=\"og:image\" content=\"https:\/\/static.africa-press.net\/senegal\/sites\/13\/2023\/01\/postQueueImg_1673024544.27.jpg\" \/>\n\t<meta property=\"og:image:width\" content=\"720\" \/>\n\t<meta property=\"og:image:height\" content=\"350\" \/>\n\t<meta property=\"og:image:type\" content=\"image\/jpeg\" \/>\n<meta name=\"author\" content=\"cfeditorfr\" \/>\n<meta name=\"twitter:card\" content=\"summary_large_image\" \/>\n<meta name=\"twitter:label1\" content=\"\u00c9crit par\" \/>\n\t<meta name=\"twitter:data1\" content=\"cfeditorfr\" \/>\n\t<meta name=\"twitter:label2\" content=\"Dur\u00e9e de lecture estim\u00e9e\" \/>\n\t<meta name=\"twitter:data2\" content=\"1 minute\" \/>\n<script type=\"application\/ld+json\" class=\"yoast-schema-graph\">{\"@context\":\"https:\/\/schema.org\",\"@graph\":[{\"@type\":\"Article\",\"@id\":\"https:\/\/www.africa-press.net\/senegal\/politique\/troisieme-candidature-de-macky-doudou-ndoye-disqualifie-le-conseil-constitutionnel#article\",\"isPartOf\":{\"@id\":\"https:\/\/www.africa-press.net\/senegal\/politique\/troisieme-candidature-de-macky-doudou-ndoye-disqualifie-le-conseil-constitutionnel\"},\"author\":{\"name\":\"cfeditorfr\",\"@id\":\"https:\/\/www.africa-press.net\/senegal\/#\/schema\/person\/2b1cf3cd81a31e3cd26889ca66d677f1\"},\"headline\":\"Troisi\u00e8me candidature de Macky : Doudou Ndoye disqualifie le Conseil constitutionnel\",\"datePublished\":\"2023-01-06T20:30:43+00:00\",\"dateModified\":\"2023-01-06T21:30:12+00:00\",\"mainEntityOfPage\":{\"@id\":\"https:\/\/www.africa-press.net\/senegal\/politique\/troisieme-candidature-de-macky-doudou-ndoye-disqualifie-le-conseil-constitutionnel\"},\"wordCount\":144,\"commentCount\":0,\"image\":{\"@id\":\"https:\/\/www.africa-press.net\/senegal\/politique\/troisieme-candidature-de-macky-doudou-ndoye-disqualifie-le-conseil-constitutionnel#primaryimage\"},\"thumbnailUrl\":\"https:\/\/static.africa-press.net\/senegal\/sites\/13\/2023\/01\/postQueueImg_1673024544.27.jpg\",\"keywords\":[\"Africa Press\",\"Africa Press-Senegal\",\"Senegal\"],\"articleSection\":[\"Politique\",\"Toutes les actualit\u00e9s\"],\"inLanguage\":\"fr-FR\",\"potentialAction\":[{\"@type\":\"CommentAction\",\"name\":\"Comment\",\"target\":[\"https:\/\/www.africa-press.net\/senegal\/politique\/troisieme-candidature-de-macky-doudou-ndoye-disqualifie-le-conseil-constitutionnel#respond\"]}]},{\"@type\":\"WebPage\",\"@id\":\"https:\/\/www.africa-press.net\/senegal\/politique\/troisieme-candidature-de-macky-doudou-ndoye-disqualifie-le-conseil-constitutionnel\",\"url\":\"https:\/\/www.africa-press.net\/senegal\/politique\/troisieme-candidature-de-macky-doudou-ndoye-disqualifie-le-conseil-constitutionnel\",\"name\":\"Troisi\u00e8me candidature de Macky : Doudou Ndoye disqualifie le Conseil constitutionnel - Senegal\",\"isPartOf\":{\"@id\":\"https:\/\/www.africa-press.net\/senegal\/#website\"},\"primaryImageOfPage\":{\"@id\":\"https:\/\/www.africa-press.net\/senegal\/politique\/troisieme-candidature-de-macky-doudou-ndoye-disqualifie-le-conseil-constitutionnel#primaryimage\"},\"image\":{\"@id\":\"https:\/\/www.africa-press.net\/senegal\/politique\/troisieme-candidature-de-macky-doudou-ndoye-disqualifie-le-conseil-constitutionnel#primaryimage\"},\"thumbnailUrl\":\"https:\/\/static.africa-press.net\/senegal\/sites\/13\/2023\/01\/postQueueImg_1673024544.27.jpg\",\"datePublished\":\"2023-01-06T20:30:43+00:00\",\"dateModified\":\"2023-01-06T21:30:12+00:00\",\"author\":{\"@id\":\"https:\/\/www.africa-press.net\/senegal\/#\/schema\/person\/2b1cf3cd81a31e3cd26889ca66d677f1\"},\"description\":\"Pour re\u0301gler la question du troisie\u0300me mandat, Me Doudou Ndoye ne fait pas du tout confiance au Conseil constitutionnel. ...\",\"breadcrumb\":{\"@id\":\"https:\/\/www.africa-press.net\/senegal\/politique\/troisieme-candidature-de-macky-doudou-ndoye-disqualifie-le-conseil-constitutionnel#breadcrumb\"},\"inLanguage\":\"fr-FR\",\"potentialAction\":[{\"@type\":\"ReadAction\",\"target\":[\"https:\/\/www.africa-press.net\/senegal\/politique\/troisieme-candidature-de-macky-doudou-ndoye-disqualifie-le-conseil-constitutionnel\"]}]},{\"@type\":\"ImageObject\",\"inLanguage\":\"fr-FR\",\"@id\":\"https:\/\/www.africa-press.net\/senegal\/politique\/troisieme-candidature-de-macky-doudou-ndoye-disqualifie-le-conseil-constitutionnel#primaryimage\",\"url\":\"https:\/\/static.africa-press.net\/senegal\/sites\/13\/2023\/01\/postQueueImg_1673024544.27.jpg\",\"contentUrl\":\"https:\/\/static.africa-press.net\/senegal\/sites\/13\/2023\/01\/postQueueImg_1673024544.27.jpg\",\"width\":720,\"height\":350,\"caption\":\"Troisi\u00e8me candidature de Macky : Doudou Ndoye disqualifie le Conseil constitutionnel\"},{\"@type\":\"BreadcrumbList\",\"@id\":\"https:\/\/www.africa-press.net\/senegal\/politique\/troisieme-candidature-de-macky-doudou-ndoye-disqualifie-le-conseil-constitutionnel#breadcrumb\",\"itemListElement\":[{\"@type\":\"ListItem\",\"position\":1,\"name\":\"Accueil\",\"item\":\"https:\/\/www.africa-press.net\/senegal\/\"},{\"@type\":\"ListItem\",\"position\":2,\"name\":\"Troisi\u00e8me candidature de Macky : Doudou Ndoye disqualifie le Conseil constitutionnel\"}]},{\"@type\":\"WebSite\",\"@id\":\"https:\/\/www.africa-press.net\/senegal\/#website\",\"url\":\"https:\/\/www.africa-press.net\/senegal\/\",\"name\":\"Africa Press | Senegal | Homepage\",\"description\":\"Just another Africa News Agency Sites site\",\"potentialAction\":[{\"@type\":\"SearchAction\",\"target\":{\"@type\":\"EntryPoint\",\"urlTemplate\":\"https:\/\/www.africa-press.net\/senegal\/?s={search_term_string}\"},\"query-input\":{\"@type\":\"PropertyValueSpecification\",\"valueRequired\":true,\"valueName\":\"search_term_string\"}}],\"inLanguage\":\"fr-FR\"},{\"@type\":\"Person\",\"@id\":\"https:\/\/www.africa-press.net\/senegal\/#\/schema\/person\/2b1cf3cd81a31e3cd26889ca66d677f1\",\"name\":\"cfeditorfr\",\"url\":\"https:\/\/www.africa-press.net\/senegal\/author\/cfeditorfr\"}]}<\/script>\n<!-- \/ Yoast SEO Premium plugin. -->","yoast_head_json":{"title":"Troisi\u00e8me candidature de Macky : Doudou Ndoye disqualifie le Conseil constitutionnel - Senegal","description":"Pour re\u0301gler la question du troisie\u0300me mandat, Me Doudou Ndoye ne fait pas du tout confiance au Conseil constitutionnel. ...","robots":{"index":"index","follow":"follow","max-snippet":"max-snippet:-1","max-image-preview":"max-image-preview:large","max-video-preview":"max-video-preview:-1"},"canonical":"https:\/\/www.africa-press.net\/senegal\/politique\/troisieme-candidature-de-macky-doudou-ndoye-disqualifie-le-conseil-constitutionnel","og_locale":"fr_FR","og_type":"article","og_title":"Troisi\u00e8me candidature de Macky : Doudou Ndoye disqualifie le Conseil constitutionnel","og_description":"Pour re\u0301gler la question du troisie\u0300me mandat, Me Doudou Ndoye ne fait pas du tout confiance au Conseil constitutionnel. ...","og_url":"https:\/\/www.africa-press.net\/senegal\/politique\/troisieme-candidature-de-macky-doudou-ndoye-disqualifie-le-conseil-constitutionnel","og_site_name":"Senegal","article_published_time":"2023-01-06T20:30:43+00:00","article_modified_time":"2023-01-06T21:30:12+00:00","og_image":[{"width":720,"height":350,"url":"https:\/\/static.africa-press.net\/senegal\/sites\/13\/2023\/01\/postQueueImg_1673024544.27.jpg","type":"image\/jpeg"}],"author":"cfeditorfr","twitter_card":"summary_large_image","twitter_misc":{"\u00c9crit par":"cfeditorfr","Dur\u00e9e de lecture estim\u00e9e":"1 minute"},"schema":{"@context":"https:\/\/schema.org","@graph":[{"@type":"Article","@id":"https:\/\/www.africa-press.net\/senegal\/politique\/troisieme-candidature-de-macky-doudou-ndoye-disqualifie-le-conseil-constitutionnel#article","isPartOf":{"@id":"https:\/\/www.africa-press.net\/senegal\/politique\/troisieme-candidature-de-macky-doudou-ndoye-disqualifie-le-conseil-constitutionnel"},"author":{"name":"cfeditorfr","@id":"https:\/\/www.africa-press.net\/senegal\/#\/schema\/person\/2b1cf3cd81a31e3cd26889ca66d677f1"},"headline":"Troisi\u00e8me candidature de Macky : Doudou Ndoye disqualifie le Conseil constitutionnel","datePublished":"2023-01-06T20:30:43+00:00","dateModified":"2023-01-06T21:30:12+00:00","mainEntityOfPage":{"@id":"https:\/\/www.africa-press.net\/senegal\/politique\/troisieme-candidature-de-macky-doudou-ndoye-disqualifie-le-conseil-constitutionnel"},"wordCount":144,"commentCount":0,"image":{"@id":"https:\/\/www.africa-press.net\/senegal\/politique\/troisieme-candidature-de-macky-doudou-ndoye-disqualifie-le-conseil-constitutionnel#primaryimage"},"thumbnailUrl":"https:\/\/static.africa-press.net\/senegal\/sites\/13\/2023\/01\/postQueueImg_1673024544.27.jpg","keywords":["Africa Press","Africa Press-Senegal","Senegal"],"articleSection":["Politique","Toutes les actualit\u00e9s"],"inLanguage":"fr-FR","potentialAction":[{"@type":"CommentAction","name":"Comment","target":["https:\/\/www.africa-press.net\/senegal\/politique\/troisieme-candidature-de-macky-doudou-ndoye-disqualifie-le-conseil-constitutionnel#respond"]}]},{"@type":"WebPage","@id":"https:\/\/www.africa-press.net\/senegal\/politique\/troisieme-candidature-de-macky-doudou-ndoye-disqualifie-le-conseil-constitutionnel","url":"https:\/\/www.africa-press.net\/senegal\/politique\/troisieme-candidature-de-macky-doudou-ndoye-disqualifie-le-conseil-constitutionnel","name":"Troisi\u00e8me candidature de Macky : Doudou Ndoye disqualifie le Conseil constitutionnel - Senegal","isPartOf":{"@id":"https:\/\/www.africa-press.net\/senegal\/#website"},"primaryImageOfPage":{"@id":"https:\/\/www.africa-press.net\/senegal\/politique\/troisieme-candidature-de-macky-doudou-ndoye-disqualifie-le-conseil-constitutionnel#primaryimage"},"image":{"@id":"https:\/\/www.africa-press.net\/senegal\/politique\/troisieme-candidature-de-macky-doudou-ndoye-disqualifie-le-conseil-constitutionnel#primaryimage"},"thumbnailUrl":"https:\/\/static.africa-press.net\/senegal\/sites\/13\/2023\/01\/postQueueImg_1673024544.27.jpg","datePublished":"2023-01-06T20:30:43+00:00","dateModified":"2023-01-06T21:30:12+00:00","author":{"@id":"https:\/\/www.africa-press.net\/senegal\/#\/schema\/person\/2b1cf3cd81a31e3cd26889ca66d677f1"},"description":"Pour re\u0301gler la question du troisie\u0300me mandat, Me Doudou Ndoye ne fait pas du tout confiance au Conseil constitutionnel. ...","breadcrumb":{"@id":"https:\/\/www.africa-press.net\/senegal\/politique\/troisieme-candidature-de-macky-doudou-ndoye-disqualifie-le-conseil-constitutionnel#breadcrumb"},"inLanguage":"fr-FR","potentialAction":[{"@type":"ReadAction","target":["https:\/\/www.africa-press.net\/senegal\/politique\/troisieme-candidature-de-macky-doudou-ndoye-disqualifie-le-conseil-constitutionnel"]}]},{"@type":"ImageObject","inLanguage":"fr-FR","@id":"https:\/\/www.africa-press.net\/senegal\/politique\/troisieme-candidature-de-macky-doudou-ndoye-disqualifie-le-conseil-constitutionnel#primaryimage","url":"https:\/\/static.africa-press.net\/senegal\/sites\/13\/2023\/01\/postQueueImg_1673024544.27.jpg","contentUrl":"https:\/\/static.africa-press.net\/senegal\/sites\/13\/2023\/01\/postQueueImg_1673024544.27.jpg","width":720,"height":350,"caption":"Troisi\u00e8me candidature de Macky : Doudou Ndoye disqualifie le Conseil constitutionnel"},{"@type":"BreadcrumbList","@id":"https:\/\/www.africa-press.net\/senegal\/politique\/troisieme-candidature-de-macky-doudou-ndoye-disqualifie-le-conseil-constitutionnel#breadcrumb","itemListElement":[{"@type":"ListItem","position":1,"name":"Accueil","item":"https:\/\/www.africa-press.net\/senegal\/"},{"@type":"ListItem","position":2,"name":"Troisi\u00e8me candidature de Macky : Doudou Ndoye disqualifie le Conseil constitutionnel"}]},{"@type":"WebSite","@id":"https:\/\/www.africa-press.net\/senegal\/#website","url":"https:\/\/www.africa-press.net\/senegal\/","name":"Africa Press | Senegal | Homepage","description":"Just another Africa News Agency Sites site","potentialAction":[{"@type":"SearchAction","target":{"@type":"EntryPoint","urlTemplate":"https:\/\/www.africa-press.net\/senegal\/?s={search_term_string}"},"query-input":{"@type":"PropertyValueSpecification","valueRequired":true,"valueName":"search_term_string"}}],"inLanguage":"fr-FR"},{"@type":"Person","@id":"https:\/\/www.africa-press.net\/senegal\/#\/schema\/person\/2b1cf3cd81a31e3cd26889ca66d677f1","name":"cfeditorfr","url":"https:\/\/www.africa-press.net\/senegal\/author\/cfeditorfr"}]}},"_links":{"self":[{"href":"https:\/\/www.africa-press.net\/senegal\/wp-json\/wp\/v2\/posts\/37684","targetHints":{"allow":["GET"]}}],"collection":[{"href":"https:\/\/www.africa-press.net\/senegal\/wp-json\/wp\/v2\/posts"}],"about":[{"href":"https:\/\/www.africa-press.net\/senegal\/wp-json\/wp\/v2\/types\/post"}],"author":[{"embeddable":true,"href":"https:\/\/www.africa-press.net\/senegal\/wp-json\/wp\/v2\/users\/82"}],"replies":[{"embeddable":true,"href":"https:\/\/www.africa-press.net\/senegal\/wp-json\/wp\/v2\/comments?post=37684"}],"version-history":[{"count":0,"href":"https:\/\/www.africa-press.net\/senegal\/wp-json\/wp\/v2\/posts\/37684\/revisions"}],"wp:featuredmedia":[{"embeddable":true,"href":"https:\/\/www.africa-press.net\/senegal\/wp-json\/wp\/v2\/media\/37683"}],"wp:attachment":[{"href":"https:\/\/www.africa-press.net\/senegal\/wp-json\/wp\/v2\/media?parent=37684"}],"wp:term":[{"taxonomy":"category","embeddable":true,"href":"https:\/\/www.africa-press.net\/senegal\/wp-json\/wp\/v2\/categories?post=37684"},{"taxonomy":"post_tag","embeddable":true,"href":"https:\/\/www.africa-press.net\/senegal\/wp-json\/wp\/v2\/tags?post=37684"}],"curies":[{"name":"wp","href":"https:\/\/api.w.org\/{rel}","templated":true}]}}