{"id":37687,"date":"2023-01-06T20:36:39","date_gmt":"2023-01-06T20:36:39","guid":{"rendered":"https:\/\/www.africa-press.net\/senegal\/politique\/ige-gestion-de-mimi-au-cese-babacar-ba-veut-la-declassification-du-rapport"},"modified":"2023-01-06T21:31:05","modified_gmt":"2023-01-06T21:31:05","slug":"ige-gestion-de-mimi-au-cese-babacar-ba-veut-la-declassification-du-rapport","status":"publish","type":"post","link":"https:\/\/www.africa-press.net\/senegal\/politique\/ige-gestion-de-mimi-au-cese-babacar-ba-veut-la-declassification-du-rapport","title":{"rendered":"IGE \u2013 Gestion de Mimi au Cese : Babacar Ba veut la d\u00e9classification du rapport"},"content":{"rendered":"<p><span style=\"color: #ff6600\"><strong>Africa-Press &#8211; Senegal. <\/strong><\/span>Autant il a re\u0301clame\u0301 Justice pour le rapport de l\u2019Ige, autant le pre\u0301sident du Forum du justiciable souhaite que l\u2019opinion soit informe\u0301e sur le contenu du rapport de l\u2019Ige qui e\u0301pingle Mimi Toure\u0301. Il souhaite donc que ce rapport soit de\u0301classifie\u0301 et rendu public, ou que la Justice s\u2019en saisisse.<\/p>\n<p>Propos recueillis par M. G \u2013 Depuis mardi dernier, Le Quotidien et d\u2019autres journaux ont re\u0301ve\u0301le\u0301 que l\u2019ancienne pre\u0301sidente du Cese, Mme Aminata Toure\u0301, e\u0301tait e\u0301pingle\u0301e par un rapport de l\u2019Inspection ge\u0301ne\u0301rale d\u2019Etat, sur au moins 2 milliards de francs Cfa. Mais on n\u2019a pas entendu la Socie\u0301te\u0301 civile se prononcer sur cette question. Pourrait-on connai\u0302tre la position du Forum du justiciable sur cette affaire ?<\/p>\n<p>La posture du Forum du justiciable est la me\u0302me que celle que nous avions eue lors de la publication du rapport de la Cour des comptes. Ce rapport a e\u0301pingle\u0301 plusieurs autorite\u0301s dans leur gestion des fonds de lutte contre le Covid. Une fois informe\u0301s, nous avons publie\u0301 plusieurs communique\u0301s, et demande\u0301 que toutes les recommandations formule\u0301es par la Cour des comptes soient mises en application, et que les dossiers judiciaires demande\u0301s par la Cour des comptes soient transmis a\u0300 la Justice. Cette posture que nous avions quand il a fallu re\u0301agir sur le rapport de la Cour des comptes, nous l\u2019avons aussi sur le rapport de l\u2019Ige qui aurait e\u0301pingle\u0301 Mme Aminata Toure\u0301.<\/p>\n<p>Il s\u2019agit aujourd\u2019hui, pour la Socie\u0301te\u0301 civile, d\u2019e\u0302tre \u00adcohe\u0301rente dans sa de\u0301marche. Les Se\u0301ne\u0301galais ont besoin \u00add\u2019avoir la meilleure information. On a donc besoin, pour cela, que la Justice se\u00ad saisisse de cette affaire ou que le rapport de l\u2019Ige soit \u00adde\u0301classifie\u0301.<\/p>\n<p>Mme Toure\u0301 a conteste\u0301 les faits et dit qu\u2019elle souhaitait une confrontation publique de tous les 3 pre\u0301sidents du Cese nomme\u0301s par le Pre\u0301sident Macky Sall, a\u0300 savoir Aminata Tall, Idrissa Seck et elle&#8230;<\/p>\n<p>Ce qui nous inte\u0301resse, ce sont sont les alle\u0301gations publie\u0301es dans la presse se\u0301ne\u0301galaise, disant que Mme Aminata Toure\u0301 a e\u0301te\u0301 e\u0301pingle\u0301e par un rapport de l\u2019Ige, sur des montants de plus de 2 milliards. Et en tant que membre d\u2019organisations qui luttent pour la promotion de la bonne gouvernance et la transparence dans la gestion des affaires publiques, nous devons faire un plaidoyer pour que tous les rapports produits par les organes de contro\u0302le de l\u2019Etat soient rendus publics et transmis au procureur. Cela devrait e\u0302tre la norme dans un Etat de Droit. Et je crois que le rapport de la Cour des comptes a donne\u0301 un signal tre\u0300s fort. A ma connaissance, c\u2019est la premie\u0300re fois que l\u2019on voit un organe de contro\u0302le publier un rapport, et que la Socie\u0301te\u0301 civile s\u2019en saisisse et manifeste. Cette me\u0302me de\u0301termination devrait e\u0302tre de mise pour le rapport de l\u2019Ige.<\/p>\n<p>Pourquoi cela ?<\/p>\n<p>Cela devrait permettre de faire le plaidoyer pour que, de\u0301sormais, tous les rapports produits par les organes de contro\u0302le soient transmis au procureur pour que la Justice puisse faire son \u00adtravail.<\/p>\n<p>Donc, nous demandons que l\u2019on transmette le dossier a\u0300 la Justice, ou que le rapport soit de\u0301classifie\u0301 pour que tous les Se\u0301ne\u0301galais se fassent une ide\u0301e. Une fois de plus, c\u2019est une question de cohe\u0301rence. On ne peut pas demander Justice sur le rapport de la Cour des comptes et rester les bras croise\u0301s sur les re\u0301ve\u0301lations du rapport de l\u2019Ige.<\/p>\n<p>Vous e\u0302tes la premie\u0300re organisation de la Socie\u0301te\u0301 civile a\u0300 vous prononcer sur cette affaire. Est-ce que vous comprenez le silence des autres organisations ?<\/p>\n<p>Non, je ne comprends pas. Sans doute ont-elles leurs raisons de ne pas se prononcer, mais nous, de notre co\u0302te\u0301, nous estimons que pour des organisations qui militent pour la promotion de la bonne gouvernance, la \u00adcohe\u0301rence nous dicte de prendre la position que je viens \u00add\u2019indiquer. Mais nous ne disons pas que ce que l\u2019Inspection ge\u0301ne\u0301rale d\u2019Etat a dit sur Mme Toure\u0301 est vrai. C\u2019est la Justice qui le dira. Donc, me\u0302me elle, pour son image, elle a inte\u0301re\u0302t a\u0300 ce que cette affaire soit rapidement \u00ade\u0301lucide\u0301e.<\/p>\n<p><strong>Pour plus d&rsquo;informations et d&rsquo;analyses sur la <a href=\"https:\/\/www.africa-press.net\/senegal\">Senegal<\/a>, suivez <a href=\"https:\/\/www.africa-press.net\/\">Africa-Press<\/a><\/strong><\/p>\n","protected":false},"excerpt":{"rendered":"<p>Africa-Press &#8211; Senegal. Autant il a re\u0301clame\u0301 Justice pour le rapport de l\u2019Ige, autant le pre\u0301sident du Forum du justiciable souhaite que l\u2019opinion soit informe\u0301e sur le contenu du rapport de l\u2019Ige qui e\u0301pingle Mimi Toure\u0301. Il souhaite donc que ce rapport soit de\u0301classifie\u0301 et rendu public, ou que la Justice s\u2019en saisisse. Propos recueillis [&hellip;]<\/p>\n","protected":false},"author":82,"featured_media":37686,"comment_status":"open","ping_status":"closed","sticky":false,"template":"","format":"standard","meta":{"footnotes":""},"categories":[2,10],"tags":[43,47,44],"class_list":["post-37687","post","type-post","status-publish","format-standard","has-post-thumbnail","hentry","category-politique","category-toutes-les-actualites","tag-africa-press-2","tag-africa-press-senegal","tag-senegal-2"],"yoast_head":"<!-- This site is optimized with the Yoast SEO Premium plugin v26.1 (Yoast SEO v27.0) - https:\/\/yoast.com\/product\/yoast-seo-premium-wordpress\/ -->\n<title>IGE \u2013 Gestion de Mimi au Cese : Babacar Ba veut la d\u00e9classification du rapport - Senegal<\/title>\n<meta name=\"description\" content=\"Autant il a re\u0301clame\u0301 Justice pour le rapport de l\u2019Ige, autant le pre\u0301sident du Forum du justiciable souhaite que l\u2019opin ...\" \/>\n<meta name=\"robots\" content=\"index, follow, max-snippet:-1, max-image-preview:large, max-video-preview:-1\" \/>\n<link rel=\"canonical\" href=\"https:\/\/www.africa-press.net\/senegal\/politique\/ige-gestion-de-mimi-au-cese-babacar-ba-veut-la-declassification-du-rapport\" \/>\n<meta property=\"og:locale\" content=\"fr_FR\" \/>\n<meta property=\"og:type\" content=\"article\" \/>\n<meta property=\"og:title\" content=\"IGE \u2013 Gestion de Mimi au Cese : Babacar Ba veut la d\u00e9classification du rapport\" \/>\n<meta property=\"og:description\" content=\"Autant il a re\u0301clame\u0301 Justice pour le rapport de l\u2019Ige, autant le pre\u0301sident du Forum du justiciable souhaite que l\u2019opin ...\" \/>\n<meta property=\"og:url\" content=\"https:\/\/www.africa-press.net\/senegal\/politique\/ige-gestion-de-mimi-au-cese-babacar-ba-veut-la-declassification-du-rapport\" \/>\n<meta property=\"og:site_name\" content=\"Senegal\" \/>\n<meta property=\"article:published_time\" content=\"2023-01-06T20:36:39+00:00\" \/>\n<meta property=\"article:modified_time\" content=\"2023-01-06T21:31:05+00:00\" \/>\n<meta property=\"og:image\" content=\"https:\/\/static.africa-press.net\/senegal\/sites\/13\/2023\/01\/postQueueImg_1673024807.73.jpg\" \/>\n\t<meta property=\"og:image:width\" content=\"720\" \/>\n\t<meta property=\"og:image:height\" content=\"350\" \/>\n\t<meta property=\"og:image:type\" content=\"image\/jpeg\" \/>\n<meta name=\"author\" content=\"cfeditorfr\" \/>\n<meta name=\"twitter:card\" content=\"summary_large_image\" \/>\n<meta name=\"twitter:label1\" content=\"\u00c9crit par\" \/>\n\t<meta name=\"twitter:data1\" content=\"cfeditorfr\" \/>\n\t<meta name=\"twitter:label2\" content=\"Dur\u00e9e de lecture estim\u00e9e\" \/>\n\t<meta name=\"twitter:data2\" content=\"4 minutes\" \/>\n<script type=\"application\/ld+json\" class=\"yoast-schema-graph\">{\"@context\":\"https:\/\/schema.org\",\"@graph\":[{\"@type\":\"Article\",\"@id\":\"https:\/\/www.africa-press.net\/senegal\/politique\/ige-gestion-de-mimi-au-cese-babacar-ba-veut-la-declassification-du-rapport#article\",\"isPartOf\":{\"@id\":\"https:\/\/www.africa-press.net\/senegal\/politique\/ige-gestion-de-mimi-au-cese-babacar-ba-veut-la-declassification-du-rapport\"},\"author\":{\"name\":\"cfeditorfr\",\"@id\":\"https:\/\/www.africa-press.net\/senegal\/#\/schema\/person\/2b1cf3cd81a31e3cd26889ca66d677f1\"},\"headline\":\"IGE \u2013 Gestion de Mimi au Cese : Babacar Ba veut la d\u00e9classification du rapport\",\"datePublished\":\"2023-01-06T20:36:39+00:00\",\"dateModified\":\"2023-01-06T21:31:05+00:00\",\"mainEntityOfPage\":{\"@id\":\"https:\/\/www.africa-press.net\/senegal\/politique\/ige-gestion-de-mimi-au-cese-babacar-ba-veut-la-declassification-du-rapport\"},\"wordCount\":789,\"commentCount\":0,\"image\":{\"@id\":\"https:\/\/www.africa-press.net\/senegal\/politique\/ige-gestion-de-mimi-au-cese-babacar-ba-veut-la-declassification-du-rapport#primaryimage\"},\"thumbnailUrl\":\"https:\/\/static.africa-press.net\/senegal\/sites\/13\/2023\/01\/postQueueImg_1673024807.73.jpg\",\"keywords\":[\"Africa Press\",\"Africa Press-Senegal\",\"Senegal\"],\"articleSection\":[\"Politique\",\"Toutes les actualit\u00e9s\"],\"inLanguage\":\"fr-FR\",\"potentialAction\":[{\"@type\":\"CommentAction\",\"name\":\"Comment\",\"target\":[\"https:\/\/www.africa-press.net\/senegal\/politique\/ige-gestion-de-mimi-au-cese-babacar-ba-veut-la-declassification-du-rapport#respond\"]}]},{\"@type\":\"WebPage\",\"@id\":\"https:\/\/www.africa-press.net\/senegal\/politique\/ige-gestion-de-mimi-au-cese-babacar-ba-veut-la-declassification-du-rapport\",\"url\":\"https:\/\/www.africa-press.net\/senegal\/politique\/ige-gestion-de-mimi-au-cese-babacar-ba-veut-la-declassification-du-rapport\",\"name\":\"IGE \u2013 Gestion de Mimi au Cese : Babacar Ba veut la d\u00e9classification du rapport - Senegal\",\"isPartOf\":{\"@id\":\"https:\/\/www.africa-press.net\/senegal\/#website\"},\"primaryImageOfPage\":{\"@id\":\"https:\/\/www.africa-press.net\/senegal\/politique\/ige-gestion-de-mimi-au-cese-babacar-ba-veut-la-declassification-du-rapport#primaryimage\"},\"image\":{\"@id\":\"https:\/\/www.africa-press.net\/senegal\/politique\/ige-gestion-de-mimi-au-cese-babacar-ba-veut-la-declassification-du-rapport#primaryimage\"},\"thumbnailUrl\":\"https:\/\/static.africa-press.net\/senegal\/sites\/13\/2023\/01\/postQueueImg_1673024807.73.jpg\",\"datePublished\":\"2023-01-06T20:36:39+00:00\",\"dateModified\":\"2023-01-06T21:31:05+00:00\",\"author\":{\"@id\":\"https:\/\/www.africa-press.net\/senegal\/#\/schema\/person\/2b1cf3cd81a31e3cd26889ca66d677f1\"},\"description\":\"Autant il a re\u0301clame\u0301 Justice pour le rapport de l\u2019Ige, autant le pre\u0301sident du Forum du justiciable souhaite que l\u2019opin ...\",\"breadcrumb\":{\"@id\":\"https:\/\/www.africa-press.net\/senegal\/politique\/ige-gestion-de-mimi-au-cese-babacar-ba-veut-la-declassification-du-rapport#breadcrumb\"},\"inLanguage\":\"fr-FR\",\"potentialAction\":[{\"@type\":\"ReadAction\",\"target\":[\"https:\/\/www.africa-press.net\/senegal\/politique\/ige-gestion-de-mimi-au-cese-babacar-ba-veut-la-declassification-du-rapport\"]}]},{\"@type\":\"ImageObject\",\"inLanguage\":\"fr-FR\",\"@id\":\"https:\/\/www.africa-press.net\/senegal\/politique\/ige-gestion-de-mimi-au-cese-babacar-ba-veut-la-declassification-du-rapport#primaryimage\",\"url\":\"https:\/\/static.africa-press.net\/senegal\/sites\/13\/2023\/01\/postQueueImg_1673024807.73.jpg\",\"contentUrl\":\"https:\/\/static.africa-press.net\/senegal\/sites\/13\/2023\/01\/postQueueImg_1673024807.73.jpg\",\"width\":720,\"height\":350,\"caption\":\"IGE \u2013 Gestion de Mimi au Cese : Babacar Ba veut la d\u00e9classification du rapport\"},{\"@type\":\"BreadcrumbList\",\"@id\":\"https:\/\/www.africa-press.net\/senegal\/politique\/ige-gestion-de-mimi-au-cese-babacar-ba-veut-la-declassification-du-rapport#breadcrumb\",\"itemListElement\":[{\"@type\":\"ListItem\",\"position\":1,\"name\":\"Accueil\",\"item\":\"https:\/\/www.africa-press.net\/senegal\/\"},{\"@type\":\"ListItem\",\"position\":2,\"name\":\"IGE \u2013 Gestion de Mimi au Cese : Babacar Ba veut la d\u00e9classification du rapport\"}]},{\"@type\":\"WebSite\",\"@id\":\"https:\/\/www.africa-press.net\/senegal\/#website\",\"url\":\"https:\/\/www.africa-press.net\/senegal\/\",\"name\":\"Africa Press | Senegal | Homepage\",\"description\":\"Just another Africa News Agency Sites site\",\"potentialAction\":[{\"@type\":\"SearchAction\",\"target\":{\"@type\":\"EntryPoint\",\"urlTemplate\":\"https:\/\/www.africa-press.net\/senegal\/?s={search_term_string}\"},\"query-input\":{\"@type\":\"PropertyValueSpecification\",\"valueRequired\":true,\"valueName\":\"search_term_string\"}}],\"inLanguage\":\"fr-FR\"},{\"@type\":\"Person\",\"@id\":\"https:\/\/www.africa-press.net\/senegal\/#\/schema\/person\/2b1cf3cd81a31e3cd26889ca66d677f1\",\"name\":\"cfeditorfr\",\"url\":\"https:\/\/www.africa-press.net\/senegal\/author\/cfeditorfr\"}]}<\/script>\n<!-- \/ Yoast SEO Premium plugin. -->","yoast_head_json":{"title":"IGE \u2013 Gestion de Mimi au Cese : Babacar Ba veut la d\u00e9classification du rapport - Senegal","description":"Autant il a re\u0301clame\u0301 Justice pour le rapport de l\u2019Ige, autant le pre\u0301sident du Forum du justiciable souhaite que l\u2019opin ...","robots":{"index":"index","follow":"follow","max-snippet":"max-snippet:-1","max-image-preview":"max-image-preview:large","max-video-preview":"max-video-preview:-1"},"canonical":"https:\/\/www.africa-press.net\/senegal\/politique\/ige-gestion-de-mimi-au-cese-babacar-ba-veut-la-declassification-du-rapport","og_locale":"fr_FR","og_type":"article","og_title":"IGE \u2013 Gestion de Mimi au Cese : Babacar Ba veut la d\u00e9classification du rapport","og_description":"Autant il a re\u0301clame\u0301 Justice pour le rapport de l\u2019Ige, autant le pre\u0301sident du Forum du justiciable souhaite que l\u2019opin ...","og_url":"https:\/\/www.africa-press.net\/senegal\/politique\/ige-gestion-de-mimi-au-cese-babacar-ba-veut-la-declassification-du-rapport","og_site_name":"Senegal","article_published_time":"2023-01-06T20:36:39+00:00","article_modified_time":"2023-01-06T21:31:05+00:00","og_image":[{"width":720,"height":350,"url":"https:\/\/static.africa-press.net\/senegal\/sites\/13\/2023\/01\/postQueueImg_1673024807.73.jpg","type":"image\/jpeg"}],"author":"cfeditorfr","twitter_card":"summary_large_image","twitter_misc":{"\u00c9crit par":"cfeditorfr","Dur\u00e9e de lecture estim\u00e9e":"4 minutes"},"schema":{"@context":"https:\/\/schema.org","@graph":[{"@type":"Article","@id":"https:\/\/www.africa-press.net\/senegal\/politique\/ige-gestion-de-mimi-au-cese-babacar-ba-veut-la-declassification-du-rapport#article","isPartOf":{"@id":"https:\/\/www.africa-press.net\/senegal\/politique\/ige-gestion-de-mimi-au-cese-babacar-ba-veut-la-declassification-du-rapport"},"author":{"name":"cfeditorfr","@id":"https:\/\/www.africa-press.net\/senegal\/#\/schema\/person\/2b1cf3cd81a31e3cd26889ca66d677f1"},"headline":"IGE \u2013 Gestion de Mimi au Cese : Babacar Ba veut la d\u00e9classification du rapport","datePublished":"2023-01-06T20:36:39+00:00","dateModified":"2023-01-06T21:31:05+00:00","mainEntityOfPage":{"@id":"https:\/\/www.africa-press.net\/senegal\/politique\/ige-gestion-de-mimi-au-cese-babacar-ba-veut-la-declassification-du-rapport"},"wordCount":789,"commentCount":0,"image":{"@id":"https:\/\/www.africa-press.net\/senegal\/politique\/ige-gestion-de-mimi-au-cese-babacar-ba-veut-la-declassification-du-rapport#primaryimage"},"thumbnailUrl":"https:\/\/static.africa-press.net\/senegal\/sites\/13\/2023\/01\/postQueueImg_1673024807.73.jpg","keywords":["Africa Press","Africa Press-Senegal","Senegal"],"articleSection":["Politique","Toutes les actualit\u00e9s"],"inLanguage":"fr-FR","potentialAction":[{"@type":"CommentAction","name":"Comment","target":["https:\/\/www.africa-press.net\/senegal\/politique\/ige-gestion-de-mimi-au-cese-babacar-ba-veut-la-declassification-du-rapport#respond"]}]},{"@type":"WebPage","@id":"https:\/\/www.africa-press.net\/senegal\/politique\/ige-gestion-de-mimi-au-cese-babacar-ba-veut-la-declassification-du-rapport","url":"https:\/\/www.africa-press.net\/senegal\/politique\/ige-gestion-de-mimi-au-cese-babacar-ba-veut-la-declassification-du-rapport","name":"IGE \u2013 Gestion de Mimi au Cese : Babacar Ba veut la d\u00e9classification du rapport - Senegal","isPartOf":{"@id":"https:\/\/www.africa-press.net\/senegal\/#website"},"primaryImageOfPage":{"@id":"https:\/\/www.africa-press.net\/senegal\/politique\/ige-gestion-de-mimi-au-cese-babacar-ba-veut-la-declassification-du-rapport#primaryimage"},"image":{"@id":"https:\/\/www.africa-press.net\/senegal\/politique\/ige-gestion-de-mimi-au-cese-babacar-ba-veut-la-declassification-du-rapport#primaryimage"},"thumbnailUrl":"https:\/\/static.africa-press.net\/senegal\/sites\/13\/2023\/01\/postQueueImg_1673024807.73.jpg","datePublished":"2023-01-06T20:36:39+00:00","dateModified":"2023-01-06T21:31:05+00:00","author":{"@id":"https:\/\/www.africa-press.net\/senegal\/#\/schema\/person\/2b1cf3cd81a31e3cd26889ca66d677f1"},"description":"Autant il a re\u0301clame\u0301 Justice pour le rapport de l\u2019Ige, autant le pre\u0301sident du Forum du justiciable souhaite que l\u2019opin ...","breadcrumb":{"@id":"https:\/\/www.africa-press.net\/senegal\/politique\/ige-gestion-de-mimi-au-cese-babacar-ba-veut-la-declassification-du-rapport#breadcrumb"},"inLanguage":"fr-FR","potentialAction":[{"@type":"ReadAction","target":["https:\/\/www.africa-press.net\/senegal\/politique\/ige-gestion-de-mimi-au-cese-babacar-ba-veut-la-declassification-du-rapport"]}]},{"@type":"ImageObject","inLanguage":"fr-FR","@id":"https:\/\/www.africa-press.net\/senegal\/politique\/ige-gestion-de-mimi-au-cese-babacar-ba-veut-la-declassification-du-rapport#primaryimage","url":"https:\/\/static.africa-press.net\/senegal\/sites\/13\/2023\/01\/postQueueImg_1673024807.73.jpg","contentUrl":"https:\/\/static.africa-press.net\/senegal\/sites\/13\/2023\/01\/postQueueImg_1673024807.73.jpg","width":720,"height":350,"caption":"IGE \u2013 Gestion de Mimi au Cese : Babacar Ba veut la d\u00e9classification du rapport"},{"@type":"BreadcrumbList","@id":"https:\/\/www.africa-press.net\/senegal\/politique\/ige-gestion-de-mimi-au-cese-babacar-ba-veut-la-declassification-du-rapport#breadcrumb","itemListElement":[{"@type":"ListItem","position":1,"name":"Accueil","item":"https:\/\/www.africa-press.net\/senegal\/"},{"@type":"ListItem","position":2,"name":"IGE \u2013 Gestion de Mimi au Cese : Babacar Ba veut la d\u00e9classification du rapport"}]},{"@type":"WebSite","@id":"https:\/\/www.africa-press.net\/senegal\/#website","url":"https:\/\/www.africa-press.net\/senegal\/","name":"Africa Press | Senegal | Homepage","description":"Just another Africa News Agency Sites site","potentialAction":[{"@type":"SearchAction","target":{"@type":"EntryPoint","urlTemplate":"https:\/\/www.africa-press.net\/senegal\/?s={search_term_string}"},"query-input":{"@type":"PropertyValueSpecification","valueRequired":true,"valueName":"search_term_string"}}],"inLanguage":"fr-FR"},{"@type":"Person","@id":"https:\/\/www.africa-press.net\/senegal\/#\/schema\/person\/2b1cf3cd81a31e3cd26889ca66d677f1","name":"cfeditorfr","url":"https:\/\/www.africa-press.net\/senegal\/author\/cfeditorfr"}]}},"_links":{"self":[{"href":"https:\/\/www.africa-press.net\/senegal\/wp-json\/wp\/v2\/posts\/37687","targetHints":{"allow":["GET"]}}],"collection":[{"href":"https:\/\/www.africa-press.net\/senegal\/wp-json\/wp\/v2\/posts"}],"about":[{"href":"https:\/\/www.africa-press.net\/senegal\/wp-json\/wp\/v2\/types\/post"}],"author":[{"embeddable":true,"href":"https:\/\/www.africa-press.net\/senegal\/wp-json\/wp\/v2\/users\/82"}],"replies":[{"embeddable":true,"href":"https:\/\/www.africa-press.net\/senegal\/wp-json\/wp\/v2\/comments?post=37687"}],"version-history":[{"count":0,"href":"https:\/\/www.africa-press.net\/senegal\/wp-json\/wp\/v2\/posts\/37687\/revisions"}],"wp:featuredmedia":[{"embeddable":true,"href":"https:\/\/www.africa-press.net\/senegal\/wp-json\/wp\/v2\/media\/37686"}],"wp:attachment":[{"href":"https:\/\/www.africa-press.net\/senegal\/wp-json\/wp\/v2\/media?parent=37687"}],"wp:term":[{"taxonomy":"category","embeddable":true,"href":"https:\/\/www.africa-press.net\/senegal\/wp-json\/wp\/v2\/categories?post=37687"},{"taxonomy":"post_tag","embeddable":true,"href":"https:\/\/www.africa-press.net\/senegal\/wp-json\/wp\/v2\/tags?post=37687"}],"curies":[{"name":"wp","href":"https:\/\/api.w.org\/{rel}","templated":true}]}}