{"id":37690,"date":"2023-01-06T20:37:25","date_gmt":"2023-01-06T20:37:25","guid":{"rendered":"https:\/\/www.africa-press.net\/senegal\/politique\/troisieme-candidature-un-juriste-donne-deux-arguments-qui-valident-macky-sall"},"modified":"2023-01-06T21:32:05","modified_gmt":"2023-01-06T21:32:05","slug":"troisieme-candidature-un-juriste-donne-deux-arguments-qui-valident-macky-sall","status":"publish","type":"post","link":"https:\/\/www.africa-press.net\/senegal\/politique\/troisieme-candidature-un-juriste-donne-deux-arguments-qui-valident-macky-sall","title":{"rendered":"Troisi\u00e8me candidature : Un juriste donne deux arguments qui valident Macky Sall"},"content":{"rendered":"<p><span style=\"color: #ff6600\"><strong>Africa-Press &#8211; Senegal. <\/strong><\/span>La question de la troisie\u0300me candidature du Pre\u0301sident de la Re\u0301publique, Macky Sall, est le the\u0300me qui va agiter l\u2019anne\u0301e 2023. D\u2019autant plus que le chef de l\u2019E\u0301tat, qui entretient le flou, va devoir se de\u0301voiler au grand jour a\u0300 un an de la pre\u0301sidentielle de 2024.<\/p>\n<p>Lors du symposium organise\u0301 par le Dr Abdourahmane Diouf vendredi dernier, place\u0301 sous le the\u0300me \u00ab Le mandat dans tous ses e\u0301tats \u00bb et sous-titre\u0301 \u00ab L\u2019article 27 de la Constitution sous toutes les coutures , un juriste du nom de Abdoulaye Guisse\u0301 a valide\u0301 la possibilite\u0301 d\u2019une troisie\u0300me candidature de Macky Sall.<\/p>\n<p>Dans les colonnes de Jeune Afrique, Abdourahmane Diouf est revenu sur deux arguments de ce juriste, qui pre\u0301cisons, fut le seul a\u0300 de\u0301fendre cette parmi le lot de spe\u0301cialistes convie\u0301s a\u0300 ce rendez-vous.<\/p>\n<p>Le premier argument qu\u2019il a de\u0301fendu \u201cest lie\u0301 au fait que l\u2019article 27 serait indivisible et qu\u2019on ne saurait donc de\u0301tacher le deuxie\u0300me aline\u0301a, qui pose le principe de la limitation des mandats pre\u0301sidentiels, du premier, qui fixe la dure\u0301e du mandat pre\u0301sidentiel a\u0300 cinq ans\u201d, renseigne Abdourahmane Diouf.<\/p>\n<p>Quant au second argument, le chef de file de Awale\u0301 l\u2019a re\u0301sume\u0301 ainsi : \u201c. \u00ab Selon lui, la re\u0301forme constitutionnelle de 2016- qui a notamment re\u0301duit la dure\u0301e du mandat pre\u0301sidentiel de sept a\u0300 cinq ans \u2013 ne comportait pas, au second aline\u0301a, de disposition expresse incluant le premier mandat de Macky Sall dans le de\u0301compte du nombre de mandats limite\u0301\u201d.<\/p>\n<p>Ce qui plaiderait, a\u0300 l\u2019en croire, pour la the\u0300se selon laquelle le septennat accompli entre 2012 et 2019 ne serait pas comptabilise\u0301 dans le de\u0301compte qui sera e\u0301value\u0301 en 2024. Deux arguments qui ont e\u0301te\u0301 battus en bre\u0300che par les autres pane\u0301listes.<\/p>\n<p><strong>Pour plus d&rsquo;informations et d&rsquo;analyses sur la <a href=\"https:\/\/www.africa-press.net\/senegal\">Senegal<\/a>, suivez <a href=\"https:\/\/www.africa-press.net\/\">Africa-Press<\/a><\/strong><\/p>\n","protected":false},"excerpt":{"rendered":"<p>Africa-Press &#8211; Senegal. La question de la troisie\u0300me candidature du Pre\u0301sident de la Re\u0301publique, Macky Sall, est le the\u0300me qui va agiter l\u2019anne\u0301e 2023. D\u2019autant plus que le chef de l\u2019E\u0301tat, qui entretient le flou, va devoir se de\u0301voiler au grand jour a\u0300 un an de la pre\u0301sidentielle de 2024. Lors du symposium organise\u0301 par [&hellip;]<\/p>\n","protected":false},"author":82,"featured_media":37689,"comment_status":"open","ping_status":"closed","sticky":false,"template":"","format":"standard","meta":{"footnotes":""},"categories":[2,20,10],"tags":[43,47,44],"class_list":["post-37690","post","type-post","status-publish","format-standard","has-post-thumbnail","hentry","category-politique","category-top-nouvelles","category-toutes-les-actualites","tag-africa-press-2","tag-africa-press-senegal","tag-senegal-2"],"yoast_head":"<!-- This site is optimized with the Yoast SEO Premium plugin v26.1 (Yoast SEO v27.0) - https:\/\/yoast.com\/product\/yoast-seo-premium-wordpress\/ -->\n<title>Troisi\u00e8me candidature : Un juriste donne deux arguments qui valident Macky Sall - Senegal<\/title>\n<meta name=\"description\" content=\"La question de la troisie\u0300me candidature du Pre\u0301sident de la Re\u0301publique, Macky Sall, est le the\u0300me qui va agiter l\u2019anne ...\" \/>\n<meta name=\"robots\" content=\"index, follow, max-snippet:-1, max-image-preview:large, max-video-preview:-1\" \/>\n<link rel=\"canonical\" href=\"https:\/\/www.africa-press.net\/senegal\/politique\/troisieme-candidature-un-juriste-donne-deux-arguments-qui-valident-macky-sall\" \/>\n<meta property=\"og:locale\" content=\"fr_FR\" \/>\n<meta property=\"og:type\" content=\"article\" \/>\n<meta property=\"og:title\" content=\"Troisi\u00e8me candidature : Un juriste donne deux arguments qui valident Macky Sall\" \/>\n<meta property=\"og:description\" content=\"La question de la troisie\u0300me candidature du Pre\u0301sident de la Re\u0301publique, Macky Sall, est le the\u0300me qui va agiter l\u2019anne ...\" \/>\n<meta property=\"og:url\" content=\"https:\/\/www.africa-press.net\/senegal\/politique\/troisieme-candidature-un-juriste-donne-deux-arguments-qui-valident-macky-sall\" \/>\n<meta property=\"og:site_name\" content=\"Senegal\" \/>\n<meta property=\"article:published_time\" content=\"2023-01-06T20:37:25+00:00\" \/>\n<meta property=\"article:modified_time\" content=\"2023-01-06T21:32:05+00:00\" \/>\n<meta property=\"og:image\" content=\"https:\/\/static.africa-press.net\/senegal\/sites\/13\/2023\/01\/postQueueImg_1673024868.51.jpg\" \/>\n\t<meta property=\"og:image:width\" content=\"720\" \/>\n\t<meta property=\"og:image:height\" content=\"350\" \/>\n\t<meta property=\"og:image:type\" content=\"image\/jpeg\" \/>\n<meta name=\"author\" content=\"cfeditorfr\" \/>\n<meta name=\"twitter:card\" content=\"summary_large_image\" \/>\n<meta name=\"twitter:label1\" content=\"\u00c9crit par\" \/>\n\t<meta name=\"twitter:data1\" content=\"cfeditorfr\" \/>\n\t<meta name=\"twitter:label2\" content=\"Dur\u00e9e de lecture estim\u00e9e\" \/>\n\t<meta name=\"twitter:data2\" content=\"2 minutes\" \/>\n<script type=\"application\/ld+json\" class=\"yoast-schema-graph\">{\"@context\":\"https:\/\/schema.org\",\"@graph\":[{\"@type\":\"Article\",\"@id\":\"https:\/\/www.africa-press.net\/senegal\/politique\/troisieme-candidature-un-juriste-donne-deux-arguments-qui-valident-macky-sall#article\",\"isPartOf\":{\"@id\":\"https:\/\/www.africa-press.net\/senegal\/politique\/troisieme-candidature-un-juriste-donne-deux-arguments-qui-valident-macky-sall\"},\"author\":{\"name\":\"cfeditorfr\",\"@id\":\"https:\/\/www.africa-press.net\/senegal\/#\/schema\/person\/2b1cf3cd81a31e3cd26889ca66d677f1\"},\"headline\":\"Troisi\u00e8me candidature : Un juriste donne deux arguments qui valident Macky Sall\",\"datePublished\":\"2023-01-06T20:37:25+00:00\",\"dateModified\":\"2023-01-06T21:32:05+00:00\",\"mainEntityOfPage\":{\"@id\":\"https:\/\/www.africa-press.net\/senegal\/politique\/troisieme-candidature-un-juriste-donne-deux-arguments-qui-valident-macky-sall\"},\"wordCount\":343,\"commentCount\":0,\"image\":{\"@id\":\"https:\/\/www.africa-press.net\/senegal\/politique\/troisieme-candidature-un-juriste-donne-deux-arguments-qui-valident-macky-sall#primaryimage\"},\"thumbnailUrl\":\"https:\/\/static.africa-press.net\/senegal\/sites\/13\/2023\/01\/postQueueImg_1673024868.51.jpg\",\"keywords\":[\"Africa Press\",\"Africa Press-Senegal\",\"Senegal\"],\"articleSection\":[\"Politique\",\"Top Nouvelles\",\"Toutes les actualit\u00e9s\"],\"inLanguage\":\"fr-FR\",\"potentialAction\":[{\"@type\":\"CommentAction\",\"name\":\"Comment\",\"target\":[\"https:\/\/www.africa-press.net\/senegal\/politique\/troisieme-candidature-un-juriste-donne-deux-arguments-qui-valident-macky-sall#respond\"]}]},{\"@type\":\"WebPage\",\"@id\":\"https:\/\/www.africa-press.net\/senegal\/politique\/troisieme-candidature-un-juriste-donne-deux-arguments-qui-valident-macky-sall\",\"url\":\"https:\/\/www.africa-press.net\/senegal\/politique\/troisieme-candidature-un-juriste-donne-deux-arguments-qui-valident-macky-sall\",\"name\":\"Troisi\u00e8me candidature : Un juriste donne deux arguments qui valident Macky Sall - Senegal\",\"isPartOf\":{\"@id\":\"https:\/\/www.africa-press.net\/senegal\/#website\"},\"primaryImageOfPage\":{\"@id\":\"https:\/\/www.africa-press.net\/senegal\/politique\/troisieme-candidature-un-juriste-donne-deux-arguments-qui-valident-macky-sall#primaryimage\"},\"image\":{\"@id\":\"https:\/\/www.africa-press.net\/senegal\/politique\/troisieme-candidature-un-juriste-donne-deux-arguments-qui-valident-macky-sall#primaryimage\"},\"thumbnailUrl\":\"https:\/\/static.africa-press.net\/senegal\/sites\/13\/2023\/01\/postQueueImg_1673024868.51.jpg\",\"datePublished\":\"2023-01-06T20:37:25+00:00\",\"dateModified\":\"2023-01-06T21:32:05+00:00\",\"author\":{\"@id\":\"https:\/\/www.africa-press.net\/senegal\/#\/schema\/person\/2b1cf3cd81a31e3cd26889ca66d677f1\"},\"description\":\"La question de la troisie\u0300me candidature du Pre\u0301sident de la Re\u0301publique, Macky Sall, est le the\u0300me qui va agiter l\u2019anne ...\",\"breadcrumb\":{\"@id\":\"https:\/\/www.africa-press.net\/senegal\/politique\/troisieme-candidature-un-juriste-donne-deux-arguments-qui-valident-macky-sall#breadcrumb\"},\"inLanguage\":\"fr-FR\",\"potentialAction\":[{\"@type\":\"ReadAction\",\"target\":[\"https:\/\/www.africa-press.net\/senegal\/politique\/troisieme-candidature-un-juriste-donne-deux-arguments-qui-valident-macky-sall\"]}]},{\"@type\":\"ImageObject\",\"inLanguage\":\"fr-FR\",\"@id\":\"https:\/\/www.africa-press.net\/senegal\/politique\/troisieme-candidature-un-juriste-donne-deux-arguments-qui-valident-macky-sall#primaryimage\",\"url\":\"https:\/\/static.africa-press.net\/senegal\/sites\/13\/2023\/01\/postQueueImg_1673024868.51.jpg\",\"contentUrl\":\"https:\/\/static.africa-press.net\/senegal\/sites\/13\/2023\/01\/postQueueImg_1673024868.51.jpg\",\"width\":720,\"height\":350,\"caption\":\"Troisi\u00e8me candidature : Un juriste donne deux arguments qui valident Macky Sall\"},{\"@type\":\"BreadcrumbList\",\"@id\":\"https:\/\/www.africa-press.net\/senegal\/politique\/troisieme-candidature-un-juriste-donne-deux-arguments-qui-valident-macky-sall#breadcrumb\",\"itemListElement\":[{\"@type\":\"ListItem\",\"position\":1,\"name\":\"Accueil\",\"item\":\"https:\/\/www.africa-press.net\/senegal\/\"},{\"@type\":\"ListItem\",\"position\":2,\"name\":\"Troisi\u00e8me candidature : Un juriste donne deux arguments qui valident Macky Sall\"}]},{\"@type\":\"WebSite\",\"@id\":\"https:\/\/www.africa-press.net\/senegal\/#website\",\"url\":\"https:\/\/www.africa-press.net\/senegal\/\",\"name\":\"Africa Press | Senegal | Homepage\",\"description\":\"Just another Africa News Agency Sites site\",\"potentialAction\":[{\"@type\":\"SearchAction\",\"target\":{\"@type\":\"EntryPoint\",\"urlTemplate\":\"https:\/\/www.africa-press.net\/senegal\/?s={search_term_string}\"},\"query-input\":{\"@type\":\"PropertyValueSpecification\",\"valueRequired\":true,\"valueName\":\"search_term_string\"}}],\"inLanguage\":\"fr-FR\"},{\"@type\":\"Person\",\"@id\":\"https:\/\/www.africa-press.net\/senegal\/#\/schema\/person\/2b1cf3cd81a31e3cd26889ca66d677f1\",\"name\":\"cfeditorfr\",\"url\":\"https:\/\/www.africa-press.net\/senegal\/author\/cfeditorfr\"}]}<\/script>\n<!-- \/ Yoast SEO Premium plugin. -->","yoast_head_json":{"title":"Troisi\u00e8me candidature : Un juriste donne deux arguments qui valident Macky Sall - Senegal","description":"La question de la troisie\u0300me candidature du Pre\u0301sident de la Re\u0301publique, Macky Sall, est le the\u0300me qui va agiter l\u2019anne ...","robots":{"index":"index","follow":"follow","max-snippet":"max-snippet:-1","max-image-preview":"max-image-preview:large","max-video-preview":"max-video-preview:-1"},"canonical":"https:\/\/www.africa-press.net\/senegal\/politique\/troisieme-candidature-un-juriste-donne-deux-arguments-qui-valident-macky-sall","og_locale":"fr_FR","og_type":"article","og_title":"Troisi\u00e8me candidature : Un juriste donne deux arguments qui valident Macky Sall","og_description":"La question de la troisie\u0300me candidature du Pre\u0301sident de la Re\u0301publique, Macky Sall, est le the\u0300me qui va agiter l\u2019anne ...","og_url":"https:\/\/www.africa-press.net\/senegal\/politique\/troisieme-candidature-un-juriste-donne-deux-arguments-qui-valident-macky-sall","og_site_name":"Senegal","article_published_time":"2023-01-06T20:37:25+00:00","article_modified_time":"2023-01-06T21:32:05+00:00","og_image":[{"width":720,"height":350,"url":"https:\/\/static.africa-press.net\/senegal\/sites\/13\/2023\/01\/postQueueImg_1673024868.51.jpg","type":"image\/jpeg"}],"author":"cfeditorfr","twitter_card":"summary_large_image","twitter_misc":{"\u00c9crit par":"cfeditorfr","Dur\u00e9e de lecture estim\u00e9e":"2 minutes"},"schema":{"@context":"https:\/\/schema.org","@graph":[{"@type":"Article","@id":"https:\/\/www.africa-press.net\/senegal\/politique\/troisieme-candidature-un-juriste-donne-deux-arguments-qui-valident-macky-sall#article","isPartOf":{"@id":"https:\/\/www.africa-press.net\/senegal\/politique\/troisieme-candidature-un-juriste-donne-deux-arguments-qui-valident-macky-sall"},"author":{"name":"cfeditorfr","@id":"https:\/\/www.africa-press.net\/senegal\/#\/schema\/person\/2b1cf3cd81a31e3cd26889ca66d677f1"},"headline":"Troisi\u00e8me candidature : Un juriste donne deux arguments qui valident Macky Sall","datePublished":"2023-01-06T20:37:25+00:00","dateModified":"2023-01-06T21:32:05+00:00","mainEntityOfPage":{"@id":"https:\/\/www.africa-press.net\/senegal\/politique\/troisieme-candidature-un-juriste-donne-deux-arguments-qui-valident-macky-sall"},"wordCount":343,"commentCount":0,"image":{"@id":"https:\/\/www.africa-press.net\/senegal\/politique\/troisieme-candidature-un-juriste-donne-deux-arguments-qui-valident-macky-sall#primaryimage"},"thumbnailUrl":"https:\/\/static.africa-press.net\/senegal\/sites\/13\/2023\/01\/postQueueImg_1673024868.51.jpg","keywords":["Africa Press","Africa Press-Senegal","Senegal"],"articleSection":["Politique","Top Nouvelles","Toutes les actualit\u00e9s"],"inLanguage":"fr-FR","potentialAction":[{"@type":"CommentAction","name":"Comment","target":["https:\/\/www.africa-press.net\/senegal\/politique\/troisieme-candidature-un-juriste-donne-deux-arguments-qui-valident-macky-sall#respond"]}]},{"@type":"WebPage","@id":"https:\/\/www.africa-press.net\/senegal\/politique\/troisieme-candidature-un-juriste-donne-deux-arguments-qui-valident-macky-sall","url":"https:\/\/www.africa-press.net\/senegal\/politique\/troisieme-candidature-un-juriste-donne-deux-arguments-qui-valident-macky-sall","name":"Troisi\u00e8me candidature : Un juriste donne deux arguments qui valident Macky Sall - Senegal","isPartOf":{"@id":"https:\/\/www.africa-press.net\/senegal\/#website"},"primaryImageOfPage":{"@id":"https:\/\/www.africa-press.net\/senegal\/politique\/troisieme-candidature-un-juriste-donne-deux-arguments-qui-valident-macky-sall#primaryimage"},"image":{"@id":"https:\/\/www.africa-press.net\/senegal\/politique\/troisieme-candidature-un-juriste-donne-deux-arguments-qui-valident-macky-sall#primaryimage"},"thumbnailUrl":"https:\/\/static.africa-press.net\/senegal\/sites\/13\/2023\/01\/postQueueImg_1673024868.51.jpg","datePublished":"2023-01-06T20:37:25+00:00","dateModified":"2023-01-06T21:32:05+00:00","author":{"@id":"https:\/\/www.africa-press.net\/senegal\/#\/schema\/person\/2b1cf3cd81a31e3cd26889ca66d677f1"},"description":"La question de la troisie\u0300me candidature du Pre\u0301sident de la Re\u0301publique, Macky Sall, est le the\u0300me qui va agiter l\u2019anne ...","breadcrumb":{"@id":"https:\/\/www.africa-press.net\/senegal\/politique\/troisieme-candidature-un-juriste-donne-deux-arguments-qui-valident-macky-sall#breadcrumb"},"inLanguage":"fr-FR","potentialAction":[{"@type":"ReadAction","target":["https:\/\/www.africa-press.net\/senegal\/politique\/troisieme-candidature-un-juriste-donne-deux-arguments-qui-valident-macky-sall"]}]},{"@type":"ImageObject","inLanguage":"fr-FR","@id":"https:\/\/www.africa-press.net\/senegal\/politique\/troisieme-candidature-un-juriste-donne-deux-arguments-qui-valident-macky-sall#primaryimage","url":"https:\/\/static.africa-press.net\/senegal\/sites\/13\/2023\/01\/postQueueImg_1673024868.51.jpg","contentUrl":"https:\/\/static.africa-press.net\/senegal\/sites\/13\/2023\/01\/postQueueImg_1673024868.51.jpg","width":720,"height":350,"caption":"Troisi\u00e8me candidature : Un juriste donne deux arguments qui valident Macky Sall"},{"@type":"BreadcrumbList","@id":"https:\/\/www.africa-press.net\/senegal\/politique\/troisieme-candidature-un-juriste-donne-deux-arguments-qui-valident-macky-sall#breadcrumb","itemListElement":[{"@type":"ListItem","position":1,"name":"Accueil","item":"https:\/\/www.africa-press.net\/senegal\/"},{"@type":"ListItem","position":2,"name":"Troisi\u00e8me candidature : Un juriste donne deux arguments qui valident Macky Sall"}]},{"@type":"WebSite","@id":"https:\/\/www.africa-press.net\/senegal\/#website","url":"https:\/\/www.africa-press.net\/senegal\/","name":"Africa Press | Senegal | Homepage","description":"Just another Africa News Agency Sites site","potentialAction":[{"@type":"SearchAction","target":{"@type":"EntryPoint","urlTemplate":"https:\/\/www.africa-press.net\/senegal\/?s={search_term_string}"},"query-input":{"@type":"PropertyValueSpecification","valueRequired":true,"valueName":"search_term_string"}}],"inLanguage":"fr-FR"},{"@type":"Person","@id":"https:\/\/www.africa-press.net\/senegal\/#\/schema\/person\/2b1cf3cd81a31e3cd26889ca66d677f1","name":"cfeditorfr","url":"https:\/\/www.africa-press.net\/senegal\/author\/cfeditorfr"}]}},"_links":{"self":[{"href":"https:\/\/www.africa-press.net\/senegal\/wp-json\/wp\/v2\/posts\/37690","targetHints":{"allow":["GET"]}}],"collection":[{"href":"https:\/\/www.africa-press.net\/senegal\/wp-json\/wp\/v2\/posts"}],"about":[{"href":"https:\/\/www.africa-press.net\/senegal\/wp-json\/wp\/v2\/types\/post"}],"author":[{"embeddable":true,"href":"https:\/\/www.africa-press.net\/senegal\/wp-json\/wp\/v2\/users\/82"}],"replies":[{"embeddable":true,"href":"https:\/\/www.africa-press.net\/senegal\/wp-json\/wp\/v2\/comments?post=37690"}],"version-history":[{"count":0,"href":"https:\/\/www.africa-press.net\/senegal\/wp-json\/wp\/v2\/posts\/37690\/revisions"}],"wp:featuredmedia":[{"embeddable":true,"href":"https:\/\/www.africa-press.net\/senegal\/wp-json\/wp\/v2\/media\/37689"}],"wp:attachment":[{"href":"https:\/\/www.africa-press.net\/senegal\/wp-json\/wp\/v2\/media?parent=37690"}],"wp:term":[{"taxonomy":"category","embeddable":true,"href":"https:\/\/www.africa-press.net\/senegal\/wp-json\/wp\/v2\/categories?post=37690"},{"taxonomy":"post_tag","embeddable":true,"href":"https:\/\/www.africa-press.net\/senegal\/wp-json\/wp\/v2\/tags?post=37690"}],"curies":[{"name":"wp","href":"https:\/\/api.w.org\/{rel}","templated":true}]}}