{"id":37693,"date":"2023-01-06T20:39:15","date_gmt":"2023-01-06T20:39:15","guid":{"rendered":"https:\/\/www.africa-press.net\/senegal\/politique\/interdiction-de-manifestation-yewwi-askan-wi-se-plie-pour-la-derniere-fois-a-la-decision-du-prefet"},"modified":"2023-01-06T21:33:04","modified_gmt":"2023-01-06T21:33:04","slug":"interdiction-de-manifestation-yewwi-askan-wi-se-plie-pour-la-derniere-fois-a-la-decision-du-prefet","status":"publish","type":"post","link":"https:\/\/www.africa-press.net\/senegal\/politique\/interdiction-de-manifestation-yewwi-askan-wi-se-plie-pour-la-derniere-fois-a-la-decision-du-prefet","title":{"rendered":"Interdiction de manifestation : Yewwi Askan Wi se plie \u00ab\u00a0pour la derni\u00e8re fois\u00a0\u00bb \u00e0 la d\u00e9cision du Pr\u00e9fet"},"content":{"rendered":"<p><span style=\"color: #ff6600\"><strong>Africa-Press &#8211; Senegal. <\/strong><\/span>Leur re\u0301action e\u0301tait tre\u0300s attendue a\u0300 la suite a\u0300 la de\u0301cision du pre\u0301fet d\u2019interdire le rassemblement pre\u0301vu a\u0300 la place de la Nation ex Place de l&rsquo;Obe\u0301lisque.<\/p>\n<p>Dans un communique\u0301, la coalition Yewwi Askan a de\u0301cide\u0301 de se plier a\u0300 cette de\u0301cision pre\u0301fectorale qui \u00ab ne rele\u0300ve que de la volonte\u0301 de Macky Sall, pris de peur et presser de tester son arsenal de re\u0301pression \u00bb, selon elle.<\/p>\n<p>, \u00ab Depuis sa manifestation tre\u0300s re\u0301ussie du 03 avril, sur le me\u0302me lieu, le pre\u0301fet a syste\u0301matiquement refuse\u0301 toutes les de\u0301clarations de manifestation de Yewwi Askan Wi \u00bb, poursuivent Sonko et Cie. La coalition juge donc fallacieux le pre\u0301texte fourni par Mor Talla Tine.<\/p>\n<p>Raison pour laquelle, elle dit avoir \u00ab imme\u0301diatement envoye\u0301 des e\u0301missaires qui ont constate\u0301 que le site peut bien abriter la manifestation me\u0302me si quelques petits trous sont creuse\u0301s c\u0327a-et-la\u0300 durant les dernie\u0300res 48h \u00bb.<\/p>\n<p>Toutefois, la coalition Yewwi Askan wi avertit: \u00ab En acceptant de surseoir pour la dernie\u0300re fois a\u0300 ce rassemblement la coalition Yewwi Askan wi pre\u0301cise qu\u2019elle ne ce\u0301dera plus jamais a\u0300 un refus de l\u2019autorite\u0301 pour quel que motif que ce soit \u00bb.<\/p>\n<p>En outre, la confe\u0301rence des leaders a annonce\u0301 le de\u0301po\u0302t d\u2019une nouvelle de\u0301claration de manifestation pre\u0301vue le vendredi 13 janvier. Yewwi Askan demande ainsi au peuple se\u0301ne\u0301galais de \u00ab rester mobilise\u0301 pour faire face a\u0300 Macky Sall afin de mettre un terme a\u0300 son re\u0301gime pre\u0301dateur et tyrannique \u00bb.<\/p>\n<p><strong>Pour plus d&rsquo;informations et d&rsquo;analyses sur la <a href=\"https:\/\/www.africa-press.net\/senegal\">Senegal<\/a>, suivez <a href=\"https:\/\/www.africa-press.net\/\">Africa-Press<\/a><\/strong><\/p>\n","protected":false},"excerpt":{"rendered":"<p>Africa-Press &#8211; Senegal. Leur re\u0301action e\u0301tait tre\u0300s attendue a\u0300 la suite a\u0300 la de\u0301cision du pre\u0301fet d\u2019interdire le rassemblement pre\u0301vu a\u0300 la place de la Nation ex Place de l&rsquo;Obe\u0301lisque. Dans un communique\u0301, la coalition Yewwi Askan a de\u0301cide\u0301 de se plier a\u0300 cette de\u0301cision pre\u0301fectorale qui \u00ab ne rele\u0300ve que de la volonte\u0301 de [&hellip;]<\/p>\n","protected":false},"author":82,"featured_media":37692,"comment_status":"open","ping_status":"closed","sticky":false,"template":"","format":"standard","meta":{"footnotes":""},"categories":[2,20,10],"tags":[43,47,44],"class_list":["post-37693","post","type-post","status-publish","format-standard","has-post-thumbnail","hentry","category-politique","category-top-nouvelles","category-toutes-les-actualites","tag-africa-press-2","tag-africa-press-senegal","tag-senegal-2"],"yoast_head":"<!-- This site is optimized with the Yoast SEO Premium plugin v26.1 (Yoast SEO v27.0) - https:\/\/yoast.com\/product\/yoast-seo-premium-wordpress\/ -->\n<title>Interdiction de manifestation : Yewwi Askan Wi se plie &quot;pour la derni\u00e8re fois&quot; \u00e0 la d\u00e9cision du Pr\u00e9fet - Senegal<\/title>\n<meta name=\"description\" content=\"Leur re\u0301action e\u0301tait tre\u0300s attendue a\u0300 la suite a\u0300 la de\u0301cision du pre\u0301fet d\u2019interdire le rassemblement pre\u0301vu a\u0300 la pl ...\" \/>\n<meta name=\"robots\" content=\"index, follow, max-snippet:-1, max-image-preview:large, max-video-preview:-1\" \/>\n<link rel=\"canonical\" href=\"https:\/\/www.africa-press.net\/senegal\/politique\/interdiction-de-manifestation-yewwi-askan-wi-se-plie-pour-la-derniere-fois-a-la-decision-du-prefet\" \/>\n<meta property=\"og:locale\" content=\"fr_FR\" \/>\n<meta property=\"og:type\" content=\"article\" \/>\n<meta property=\"og:title\" content=\"Interdiction de manifestation : Yewwi Askan Wi se plie &quot;pour la derni\u00e8re fois&quot; \u00e0 la d\u00e9cision du Pr\u00e9fet\" \/>\n<meta property=\"og:description\" content=\"Leur re\u0301action e\u0301tait tre\u0300s attendue a\u0300 la suite a\u0300 la de\u0301cision du pre\u0301fet d\u2019interdire le rassemblement pre\u0301vu a\u0300 la pl ...\" \/>\n<meta property=\"og:url\" content=\"https:\/\/www.africa-press.net\/senegal\/politique\/interdiction-de-manifestation-yewwi-askan-wi-se-plie-pour-la-derniere-fois-a-la-decision-du-prefet\" \/>\n<meta property=\"og:site_name\" content=\"Senegal\" \/>\n<meta property=\"article:published_time\" content=\"2023-01-06T20:39:15+00:00\" \/>\n<meta property=\"article:modified_time\" content=\"2023-01-06T21:33:04+00:00\" \/>\n<meta property=\"og:image\" content=\"https:\/\/static.africa-press.net\/senegal\/sites\/13\/2023\/01\/postQueueImg_1673024966.40.jpg\" \/>\n\t<meta property=\"og:image:width\" content=\"720\" \/>\n\t<meta property=\"og:image:height\" content=\"350\" \/>\n\t<meta property=\"og:image:type\" content=\"image\/jpeg\" \/>\n<meta name=\"author\" content=\"cfeditorfr\" \/>\n<meta name=\"twitter:card\" content=\"summary_large_image\" \/>\n<meta name=\"twitter:label1\" content=\"\u00c9crit par\" \/>\n\t<meta name=\"twitter:data1\" content=\"cfeditorfr\" \/>\n\t<meta name=\"twitter:label2\" content=\"Dur\u00e9e de lecture estim\u00e9e\" \/>\n\t<meta name=\"twitter:data2\" content=\"2 minutes\" \/>\n<script type=\"application\/ld+json\" class=\"yoast-schema-graph\">{\"@context\":\"https:\/\/schema.org\",\"@graph\":[{\"@type\":\"Article\",\"@id\":\"https:\/\/www.africa-press.net\/senegal\/politique\/interdiction-de-manifestation-yewwi-askan-wi-se-plie-pour-la-derniere-fois-a-la-decision-du-prefet#article\",\"isPartOf\":{\"@id\":\"https:\/\/www.africa-press.net\/senegal\/politique\/interdiction-de-manifestation-yewwi-askan-wi-se-plie-pour-la-derniere-fois-a-la-decision-du-prefet\"},\"author\":{\"name\":\"cfeditorfr\",\"@id\":\"https:\/\/www.africa-press.net\/senegal\/#\/schema\/person\/2b1cf3cd81a31e3cd26889ca66d677f1\"},\"headline\":\"Interdiction de manifestation : Yewwi Askan Wi se plie \u00ab\u00a0pour la derni\u00e8re fois\u00a0\u00bb \u00e0 la d\u00e9cision du Pr\u00e9fet\",\"datePublished\":\"2023-01-06T20:39:15+00:00\",\"dateModified\":\"2023-01-06T21:33:04+00:00\",\"mainEntityOfPage\":{\"@id\":\"https:\/\/www.africa-press.net\/senegal\/politique\/interdiction-de-manifestation-yewwi-askan-wi-se-plie-pour-la-derniere-fois-a-la-decision-du-prefet\"},\"wordCount\":303,\"commentCount\":0,\"image\":{\"@id\":\"https:\/\/www.africa-press.net\/senegal\/politique\/interdiction-de-manifestation-yewwi-askan-wi-se-plie-pour-la-derniere-fois-a-la-decision-du-prefet#primaryimage\"},\"thumbnailUrl\":\"https:\/\/static.africa-press.net\/senegal\/sites\/13\/2023\/01\/postQueueImg_1673024966.40.jpg\",\"keywords\":[\"Africa Press\",\"Africa Press-Senegal\",\"Senegal\"],\"articleSection\":[\"Politique\",\"Top Nouvelles\",\"Toutes les actualit\u00e9s\"],\"inLanguage\":\"fr-FR\",\"potentialAction\":[{\"@type\":\"CommentAction\",\"name\":\"Comment\",\"target\":[\"https:\/\/www.africa-press.net\/senegal\/politique\/interdiction-de-manifestation-yewwi-askan-wi-se-plie-pour-la-derniere-fois-a-la-decision-du-prefet#respond\"]}]},{\"@type\":\"WebPage\",\"@id\":\"https:\/\/www.africa-press.net\/senegal\/politique\/interdiction-de-manifestation-yewwi-askan-wi-se-plie-pour-la-derniere-fois-a-la-decision-du-prefet\",\"url\":\"https:\/\/www.africa-press.net\/senegal\/politique\/interdiction-de-manifestation-yewwi-askan-wi-se-plie-pour-la-derniere-fois-a-la-decision-du-prefet\",\"name\":\"Interdiction de manifestation : Yewwi Askan Wi se plie \\\"pour la derni\u00e8re fois\\\" \u00e0 la d\u00e9cision du Pr\u00e9fet - Senegal\",\"isPartOf\":{\"@id\":\"https:\/\/www.africa-press.net\/senegal\/#website\"},\"primaryImageOfPage\":{\"@id\":\"https:\/\/www.africa-press.net\/senegal\/politique\/interdiction-de-manifestation-yewwi-askan-wi-se-plie-pour-la-derniere-fois-a-la-decision-du-prefet#primaryimage\"},\"image\":{\"@id\":\"https:\/\/www.africa-press.net\/senegal\/politique\/interdiction-de-manifestation-yewwi-askan-wi-se-plie-pour-la-derniere-fois-a-la-decision-du-prefet#primaryimage\"},\"thumbnailUrl\":\"https:\/\/static.africa-press.net\/senegal\/sites\/13\/2023\/01\/postQueueImg_1673024966.40.jpg\",\"datePublished\":\"2023-01-06T20:39:15+00:00\",\"dateModified\":\"2023-01-06T21:33:04+00:00\",\"author\":{\"@id\":\"https:\/\/www.africa-press.net\/senegal\/#\/schema\/person\/2b1cf3cd81a31e3cd26889ca66d677f1\"},\"description\":\"Leur re\u0301action e\u0301tait tre\u0300s attendue a\u0300 la suite a\u0300 la de\u0301cision du pre\u0301fet d\u2019interdire le rassemblement pre\u0301vu a\u0300 la pl ...\",\"breadcrumb\":{\"@id\":\"https:\/\/www.africa-press.net\/senegal\/politique\/interdiction-de-manifestation-yewwi-askan-wi-se-plie-pour-la-derniere-fois-a-la-decision-du-prefet#breadcrumb\"},\"inLanguage\":\"fr-FR\",\"potentialAction\":[{\"@type\":\"ReadAction\",\"target\":[\"https:\/\/www.africa-press.net\/senegal\/politique\/interdiction-de-manifestation-yewwi-askan-wi-se-plie-pour-la-derniere-fois-a-la-decision-du-prefet\"]}]},{\"@type\":\"ImageObject\",\"inLanguage\":\"fr-FR\",\"@id\":\"https:\/\/www.africa-press.net\/senegal\/politique\/interdiction-de-manifestation-yewwi-askan-wi-se-plie-pour-la-derniere-fois-a-la-decision-du-prefet#primaryimage\",\"url\":\"https:\/\/static.africa-press.net\/senegal\/sites\/13\/2023\/01\/postQueueImg_1673024966.40.jpg\",\"contentUrl\":\"https:\/\/static.africa-press.net\/senegal\/sites\/13\/2023\/01\/postQueueImg_1673024966.40.jpg\",\"width\":720,\"height\":350,\"caption\":\"Interdiction de manifestation : Yewwi Askan Wi se plie \\\"pour la derni\u00e8re fois\\\" \u00e0 la d\u00e9cision du Pr\u00e9fet\"},{\"@type\":\"BreadcrumbList\",\"@id\":\"https:\/\/www.africa-press.net\/senegal\/politique\/interdiction-de-manifestation-yewwi-askan-wi-se-plie-pour-la-derniere-fois-a-la-decision-du-prefet#breadcrumb\",\"itemListElement\":[{\"@type\":\"ListItem\",\"position\":1,\"name\":\"Accueil\",\"item\":\"https:\/\/www.africa-press.net\/senegal\/\"},{\"@type\":\"ListItem\",\"position\":2,\"name\":\"Interdiction de manifestation : Yewwi Askan Wi se plie \u00ab\u00a0pour la derni\u00e8re fois\u00a0\u00bb \u00e0 la d\u00e9cision du Pr\u00e9fet\"}]},{\"@type\":\"WebSite\",\"@id\":\"https:\/\/www.africa-press.net\/senegal\/#website\",\"url\":\"https:\/\/www.africa-press.net\/senegal\/\",\"name\":\"Africa Press | Senegal | Homepage\",\"description\":\"Just another Africa News Agency Sites site\",\"potentialAction\":[{\"@type\":\"SearchAction\",\"target\":{\"@type\":\"EntryPoint\",\"urlTemplate\":\"https:\/\/www.africa-press.net\/senegal\/?s={search_term_string}\"},\"query-input\":{\"@type\":\"PropertyValueSpecification\",\"valueRequired\":true,\"valueName\":\"search_term_string\"}}],\"inLanguage\":\"fr-FR\"},{\"@type\":\"Person\",\"@id\":\"https:\/\/www.africa-press.net\/senegal\/#\/schema\/person\/2b1cf3cd81a31e3cd26889ca66d677f1\",\"name\":\"cfeditorfr\",\"url\":\"https:\/\/www.africa-press.net\/senegal\/author\/cfeditorfr\"}]}<\/script>\n<!-- \/ Yoast SEO Premium plugin. -->","yoast_head_json":{"title":"Interdiction de manifestation : Yewwi Askan Wi se plie \"pour la derni\u00e8re fois\" \u00e0 la d\u00e9cision du Pr\u00e9fet - Senegal","description":"Leur re\u0301action e\u0301tait tre\u0300s attendue a\u0300 la suite a\u0300 la de\u0301cision du pre\u0301fet d\u2019interdire le rassemblement pre\u0301vu a\u0300 la pl ...","robots":{"index":"index","follow":"follow","max-snippet":"max-snippet:-1","max-image-preview":"max-image-preview:large","max-video-preview":"max-video-preview:-1"},"canonical":"https:\/\/www.africa-press.net\/senegal\/politique\/interdiction-de-manifestation-yewwi-askan-wi-se-plie-pour-la-derniere-fois-a-la-decision-du-prefet","og_locale":"fr_FR","og_type":"article","og_title":"Interdiction de manifestation : Yewwi Askan Wi se plie \"pour la derni\u00e8re fois\" \u00e0 la d\u00e9cision du Pr\u00e9fet","og_description":"Leur re\u0301action e\u0301tait tre\u0300s attendue a\u0300 la suite a\u0300 la de\u0301cision du pre\u0301fet d\u2019interdire le rassemblement pre\u0301vu a\u0300 la pl ...","og_url":"https:\/\/www.africa-press.net\/senegal\/politique\/interdiction-de-manifestation-yewwi-askan-wi-se-plie-pour-la-derniere-fois-a-la-decision-du-prefet","og_site_name":"Senegal","article_published_time":"2023-01-06T20:39:15+00:00","article_modified_time":"2023-01-06T21:33:04+00:00","og_image":[{"width":720,"height":350,"url":"https:\/\/static.africa-press.net\/senegal\/sites\/13\/2023\/01\/postQueueImg_1673024966.40.jpg","type":"image\/jpeg"}],"author":"cfeditorfr","twitter_card":"summary_large_image","twitter_misc":{"\u00c9crit par":"cfeditorfr","Dur\u00e9e de lecture estim\u00e9e":"2 minutes"},"schema":{"@context":"https:\/\/schema.org","@graph":[{"@type":"Article","@id":"https:\/\/www.africa-press.net\/senegal\/politique\/interdiction-de-manifestation-yewwi-askan-wi-se-plie-pour-la-derniere-fois-a-la-decision-du-prefet#article","isPartOf":{"@id":"https:\/\/www.africa-press.net\/senegal\/politique\/interdiction-de-manifestation-yewwi-askan-wi-se-plie-pour-la-derniere-fois-a-la-decision-du-prefet"},"author":{"name":"cfeditorfr","@id":"https:\/\/www.africa-press.net\/senegal\/#\/schema\/person\/2b1cf3cd81a31e3cd26889ca66d677f1"},"headline":"Interdiction de manifestation : Yewwi Askan Wi se plie \u00ab\u00a0pour la derni\u00e8re fois\u00a0\u00bb \u00e0 la d\u00e9cision du Pr\u00e9fet","datePublished":"2023-01-06T20:39:15+00:00","dateModified":"2023-01-06T21:33:04+00:00","mainEntityOfPage":{"@id":"https:\/\/www.africa-press.net\/senegal\/politique\/interdiction-de-manifestation-yewwi-askan-wi-se-plie-pour-la-derniere-fois-a-la-decision-du-prefet"},"wordCount":303,"commentCount":0,"image":{"@id":"https:\/\/www.africa-press.net\/senegal\/politique\/interdiction-de-manifestation-yewwi-askan-wi-se-plie-pour-la-derniere-fois-a-la-decision-du-prefet#primaryimage"},"thumbnailUrl":"https:\/\/static.africa-press.net\/senegal\/sites\/13\/2023\/01\/postQueueImg_1673024966.40.jpg","keywords":["Africa Press","Africa Press-Senegal","Senegal"],"articleSection":["Politique","Top Nouvelles","Toutes les actualit\u00e9s"],"inLanguage":"fr-FR","potentialAction":[{"@type":"CommentAction","name":"Comment","target":["https:\/\/www.africa-press.net\/senegal\/politique\/interdiction-de-manifestation-yewwi-askan-wi-se-plie-pour-la-derniere-fois-a-la-decision-du-prefet#respond"]}]},{"@type":"WebPage","@id":"https:\/\/www.africa-press.net\/senegal\/politique\/interdiction-de-manifestation-yewwi-askan-wi-se-plie-pour-la-derniere-fois-a-la-decision-du-prefet","url":"https:\/\/www.africa-press.net\/senegal\/politique\/interdiction-de-manifestation-yewwi-askan-wi-se-plie-pour-la-derniere-fois-a-la-decision-du-prefet","name":"Interdiction de manifestation : Yewwi Askan Wi se plie \"pour la derni\u00e8re fois\" \u00e0 la d\u00e9cision du Pr\u00e9fet - Senegal","isPartOf":{"@id":"https:\/\/www.africa-press.net\/senegal\/#website"},"primaryImageOfPage":{"@id":"https:\/\/www.africa-press.net\/senegal\/politique\/interdiction-de-manifestation-yewwi-askan-wi-se-plie-pour-la-derniere-fois-a-la-decision-du-prefet#primaryimage"},"image":{"@id":"https:\/\/www.africa-press.net\/senegal\/politique\/interdiction-de-manifestation-yewwi-askan-wi-se-plie-pour-la-derniere-fois-a-la-decision-du-prefet#primaryimage"},"thumbnailUrl":"https:\/\/static.africa-press.net\/senegal\/sites\/13\/2023\/01\/postQueueImg_1673024966.40.jpg","datePublished":"2023-01-06T20:39:15+00:00","dateModified":"2023-01-06T21:33:04+00:00","author":{"@id":"https:\/\/www.africa-press.net\/senegal\/#\/schema\/person\/2b1cf3cd81a31e3cd26889ca66d677f1"},"description":"Leur re\u0301action e\u0301tait tre\u0300s attendue a\u0300 la suite a\u0300 la de\u0301cision du pre\u0301fet d\u2019interdire le rassemblement pre\u0301vu a\u0300 la pl ...","breadcrumb":{"@id":"https:\/\/www.africa-press.net\/senegal\/politique\/interdiction-de-manifestation-yewwi-askan-wi-se-plie-pour-la-derniere-fois-a-la-decision-du-prefet#breadcrumb"},"inLanguage":"fr-FR","potentialAction":[{"@type":"ReadAction","target":["https:\/\/www.africa-press.net\/senegal\/politique\/interdiction-de-manifestation-yewwi-askan-wi-se-plie-pour-la-derniere-fois-a-la-decision-du-prefet"]}]},{"@type":"ImageObject","inLanguage":"fr-FR","@id":"https:\/\/www.africa-press.net\/senegal\/politique\/interdiction-de-manifestation-yewwi-askan-wi-se-plie-pour-la-derniere-fois-a-la-decision-du-prefet#primaryimage","url":"https:\/\/static.africa-press.net\/senegal\/sites\/13\/2023\/01\/postQueueImg_1673024966.40.jpg","contentUrl":"https:\/\/static.africa-press.net\/senegal\/sites\/13\/2023\/01\/postQueueImg_1673024966.40.jpg","width":720,"height":350,"caption":"Interdiction de manifestation : Yewwi Askan Wi se plie \"pour la derni\u00e8re fois\" \u00e0 la d\u00e9cision du Pr\u00e9fet"},{"@type":"BreadcrumbList","@id":"https:\/\/www.africa-press.net\/senegal\/politique\/interdiction-de-manifestation-yewwi-askan-wi-se-plie-pour-la-derniere-fois-a-la-decision-du-prefet#breadcrumb","itemListElement":[{"@type":"ListItem","position":1,"name":"Accueil","item":"https:\/\/www.africa-press.net\/senegal\/"},{"@type":"ListItem","position":2,"name":"Interdiction de manifestation : Yewwi Askan Wi se plie \u00ab\u00a0pour la derni\u00e8re fois\u00a0\u00bb \u00e0 la d\u00e9cision du Pr\u00e9fet"}]},{"@type":"WebSite","@id":"https:\/\/www.africa-press.net\/senegal\/#website","url":"https:\/\/www.africa-press.net\/senegal\/","name":"Africa Press | Senegal | Homepage","description":"Just another Africa News Agency Sites site","potentialAction":[{"@type":"SearchAction","target":{"@type":"EntryPoint","urlTemplate":"https:\/\/www.africa-press.net\/senegal\/?s={search_term_string}"},"query-input":{"@type":"PropertyValueSpecification","valueRequired":true,"valueName":"search_term_string"}}],"inLanguage":"fr-FR"},{"@type":"Person","@id":"https:\/\/www.africa-press.net\/senegal\/#\/schema\/person\/2b1cf3cd81a31e3cd26889ca66d677f1","name":"cfeditorfr","url":"https:\/\/www.africa-press.net\/senegal\/author\/cfeditorfr"}]}},"_links":{"self":[{"href":"https:\/\/www.africa-press.net\/senegal\/wp-json\/wp\/v2\/posts\/37693","targetHints":{"allow":["GET"]}}],"collection":[{"href":"https:\/\/www.africa-press.net\/senegal\/wp-json\/wp\/v2\/posts"}],"about":[{"href":"https:\/\/www.africa-press.net\/senegal\/wp-json\/wp\/v2\/types\/post"}],"author":[{"embeddable":true,"href":"https:\/\/www.africa-press.net\/senegal\/wp-json\/wp\/v2\/users\/82"}],"replies":[{"embeddable":true,"href":"https:\/\/www.africa-press.net\/senegal\/wp-json\/wp\/v2\/comments?post=37693"}],"version-history":[{"count":0,"href":"https:\/\/www.africa-press.net\/senegal\/wp-json\/wp\/v2\/posts\/37693\/revisions"}],"wp:featuredmedia":[{"embeddable":true,"href":"https:\/\/www.africa-press.net\/senegal\/wp-json\/wp\/v2\/media\/37692"}],"wp:attachment":[{"href":"https:\/\/www.africa-press.net\/senegal\/wp-json\/wp\/v2\/media?parent=37693"}],"wp:term":[{"taxonomy":"category","embeddable":true,"href":"https:\/\/www.africa-press.net\/senegal\/wp-json\/wp\/v2\/categories?post=37693"},{"taxonomy":"post_tag","embeddable":true,"href":"https:\/\/www.africa-press.net\/senegal\/wp-json\/wp\/v2\/tags?post=37693"}],"curies":[{"name":"wp","href":"https:\/\/api.w.org\/{rel}","templated":true}]}}