{"id":37696,"date":"2023-01-06T20:39:47","date_gmt":"2023-01-06T20:39:47","guid":{"rendered":"https:\/\/www.africa-press.net\/senegal\/politique\/trois-questions-a-ngouda-mboup-il-revient-aux-deputes-de-traduire-les-ministres-epingles-par-la-cour-des-comptes-devant-la-justice"},"modified":"2023-01-06T21:33:59","modified_gmt":"2023-01-06T21:33:59","slug":"trois-questions-a-ngouda-mboup-il-revient-aux-deputes-de-traduire-les-ministres-epingles-par-la-cour-des-comptes-devant-la-justice","status":"publish","type":"post","link":"https:\/\/www.africa-press.net\/senegal\/dossiers\/trois-questions-a-ngouda-mboup-il-revient-aux-deputes-de-traduire-les-ministres-epingles-par-la-cour-des-comptes-devant-la-justice","title":{"rendered":"[Trois questions \u00e0\u2026] Ngouda Mboup : \u201cIl revient aux d\u00e9put\u00e9s de traduire les ministres \u00e9pingl\u00e9s par la Cour des comptes devant la Justice\u201d"},"content":{"rendered":"<p><b>Par: Absa HANE<\/b><\/p>\n<p><span style=\"color: #ff6600\"><strong>Africa-Press &#8211; Senegal. <\/strong><\/span>Le rapport de la Cour de Comptes vient encore une fois diviser les juristes. Si, dans un entretien, le ministre Ismaila Madior affirme que la Cour a outrepasse\u0301 ses pre\u0301rogatives, son confre\u0300re, Mouhamadou Ngouda Mboup, soutient tout le contraire. Dans cet entretien avec Seneweb, l\u2019universitaire de\u0301taille les implications judiciaires pour les personnes, notamment les ministres, e\u0301pingle\u0301s par le Rapport de la Cour des Comptes sur la gestion des fonds de riposte contre le covid-19.<\/p>\n<p><b>Le Ministre de la Justice a affirme\u0301 que l\u2019ouverture d\u2019une information judiciaire n\u2019e\u0301tait pas obligatoire dans le cadre du rapport de la Cour des comptes. Et pourtant vous affirmez le contraire. Pourquoi ?<\/b><\/p>\n<p>C\u2019est parce que le Ministre de la Justice fait une interpre\u0301tation contra legem. Dans le cadre de l\u2019exercice de ses missions, la Cour peut bien pre\u0301coniser l\u2019ouverture d\u2019informations judiciaires pour reme\u0301dier aux manquements, anomalies et dysfonctionnements releve\u0301s a\u0300 l\u2019occasion de ses ope\u0301rations de ve\u0301rification et de contro\u0302le. Pour s\u2019en convaincre, il suffit de rappeler les termes de l\u2019article 3 de la loi organique n\u00b02012-23 du 27 de\u0301cembre sur la Cour des comptes, qui s\u2019e\u0301noncent comme suit : \u00ab La Cour e\u0301tablit un rapport public ge\u0301ne\u0301ral annuel qui reprend les principales observations qu\u2019elle a faites dans l\u2019anne\u0301e et les mesures pre\u0301conise\u0301es pour reme\u0301dier aux manquements, anomalies et dysfonctionnements releve\u0301s. Elle peut, en outre, dans le cadre de ses contro\u0302les, e\u0301tablir des rapports publics sur des entite\u0301s, des the\u0300mes particuliers ou des secteurs de\u0301termine\u0301s \u00bb.<\/p>\n<p>\u201cPour traduire les ministres devant la Justice, il revient a\u0300 l\u2019Assemble\u0301e nationale, statuant au scrutin secret, a\u0300 la majorite\u0301 des trois cinquie\u0300mes (3\/5) des membres la composant, d\u2019adopter une re\u0301solution de mise en accusation\u201d<\/p>\n<p><b>Est-ce que la Cour des comptes a re\u0301ellement le droit de demander l\u2019ouverture d\u2019information judiciaire contre des ministres?<\/b><\/p>\n<p>OUI, il suffit de poser la question pour que la re\u0301ponse s\u2019impose imme\u0301diatement. En vertu de l\u2019article 79 de la loi organique n\u00b02012-23 du 27 de\u0301cembre sur la Cour des comptes, \u00ab Les poursuites devant la chambre de discipline financie\u0300re ne font pas obstacle a\u0300 l\u2019exercice de l\u2019action pe\u0301nale ou disciplinaire de droit commun. Si l\u2019instruction ou la de\u0301libe\u0301ration sur l\u2019affaire laisse apparai\u0302tre des faits susceptibles de constituer un de\u0301lit ou un crime, le premier pre\u0301sident de la Cour saisit, par re\u0301fe\u0301re\u0301, le Garde des Sceaux, ministre de la Justice et en informe le ministre charge\u0301 des Finances. De la me\u0302me fac\u0327on, si une sanction disciplinaire peut e\u0302tre encourue, le premier pre\u0301sident de la Cour en informe l\u2019autorite\u0301 compe\u0301tente \u00bb.<\/p>\n<p><b>Que faut-il pour que les ministres e\u0301pingle\u0301s soient traduits devant une juridiction?<\/b><\/p>\n<p>Pour les actes commis dans l\u2019exercice de leurs fonctions, les ministres jouissent d\u2019un privile\u0300ge de juridiction. Il re\u0301sulte des dispositions de l\u2019article 101 de la Constitution que les tribunaux ordinaires ne sont pas compe\u0301tents pour connai\u0302tre des actes commis par les ministres dans l\u2019exercice de leurs fonctions.<\/p>\n<p>Pour traduire les ministres devant la Justice, il revient a\u0300 l\u2019Assemble\u0301e nationale, statuant au scrutin secret, a\u0300 la majorite\u0301 des trois cinquie\u0300mes (3\/5) des membres la composant, d\u2019adopter une re\u0301solution de mise en accusation.<\/p>\n<p>En vertu de la Loi n\u00b02002-10 du 22 fe\u0301vrier 2002 portant loi organique sur la Haute Cour de Justice, modifie\u0301e, la Haute Cour de Justice se compose du Premier Pre\u0301sident de la Cour supre\u0302me, Pre\u0301sident, et de huit juges titulaires (article 1er), la Commission d\u2019Instruction est pre\u0301side\u0301e par le Premier Pre\u0301sident de la Cour d\u2019Appel de Dakar (article 11), le Ministe\u0300re public est exerce\u0301 par le Procureur ge\u0301ne\u0301ral pre\u0300s la Cour supre\u0302me (article 12).<\/p>\n<p>Il revient donc aux de\u0301pute\u0301s, par le vote d\u2019une re\u0301solution, de mettre en accusation les ministres e\u0301pingle\u0301s et de les traduire devant la Commission d\u2019instruction de la Haute Cour de Justice.<\/p>\n<p><strong>Pour plus d&rsquo;informations et d&rsquo;analyses sur la <a href=\"https:\/\/www.africa-press.net\/senegal\">Senegal<\/a>, suivez <a href=\"https:\/\/www.africa-press.net\/\">Africa-Press<\/a><\/strong><\/p>\n","protected":false},"excerpt":{"rendered":"<p>Par: Absa HANE Africa-Press &#8211; Senegal. Le rapport de la Cour de Comptes vient encore une fois diviser les juristes. Si, dans un entretien, le ministre Ismaila Madior affirme que la Cour a outrepasse\u0301 ses pre\u0301rogatives, son confre\u0300re, Mouhamadou Ngouda Mboup, soutient tout le contraire. Dans cet entretien avec Seneweb, l\u2019universitaire de\u0301taille les implications judiciaires [&hellip;]<\/p>\n","protected":false},"author":82,"featured_media":37695,"comment_status":"open","ping_status":"closed","sticky":false,"template":"","format":"standard","meta":{"footnotes":""},"categories":[7,10],"tags":[43,47,44],"class_list":["post-37696","post","type-post","status-publish","format-standard","has-post-thumbnail","hentry","category-dossiers","category-toutes-les-actualites","tag-africa-press-2","tag-africa-press-senegal","tag-senegal-2"],"yoast_head":"<!-- This site is optimized with the Yoast SEO Premium plugin v26.1 (Yoast SEO v27.0) - https:\/\/yoast.com\/product\/yoast-seo-premium-wordpress\/ -->\n<title>[Trois questions \u00e0\u2026] Ngouda Mboup : \u201cIl revient aux d\u00e9put\u00e9s de traduire les ministres \u00e9pingl\u00e9s par la Cour des comptes devant la Justice\u201d - Senegal<\/title>\n<meta name=\"description\" content=\"Le rapport de la Cour de Comptes vient encore une fois diviser les juristes. Si, dans un entretien, le ministre Ismaila ...\" \/>\n<meta name=\"robots\" content=\"index, follow, max-snippet:-1, max-image-preview:large, max-video-preview:-1\" \/>\n<link rel=\"canonical\" href=\"https:\/\/www.africa-press.net\/senegal\/dossiers\/trois-questions-a-ngouda-mboup-il-revient-aux-deputes-de-traduire-les-ministres-epingles-par-la-cour-des-comptes-devant-la-justice\" \/>\n<meta property=\"og:locale\" content=\"fr_FR\" \/>\n<meta property=\"og:type\" content=\"article\" \/>\n<meta property=\"og:title\" content=\"[Trois questions \u00e0\u2026] Ngouda Mboup : \u201cIl revient aux d\u00e9put\u00e9s de traduire les ministres \u00e9pingl\u00e9s par la Cour des comptes devant la Justice\u201d\" \/>\n<meta property=\"og:description\" content=\"Le rapport de la Cour de Comptes vient encore une fois diviser les juristes. Si, dans un entretien, le ministre Ismaila ...\" \/>\n<meta property=\"og:url\" content=\"https:\/\/www.africa-press.net\/senegal\/dossiers\/trois-questions-a-ngouda-mboup-il-revient-aux-deputes-de-traduire-les-ministres-epingles-par-la-cour-des-comptes-devant-la-justice\" \/>\n<meta property=\"og:site_name\" content=\"Senegal\" \/>\n<meta property=\"article:published_time\" content=\"2023-01-06T20:39:47+00:00\" \/>\n<meta property=\"article:modified_time\" content=\"2023-01-06T21:33:59+00:00\" \/>\n<meta property=\"og:image\" content=\"https:\/\/static.africa-press.net\/senegal\/sites\/13\/2023\/01\/postQueueImg_1673025246.04.jpg\" \/>\n\t<meta property=\"og:image:width\" content=\"720\" \/>\n\t<meta property=\"og:image:height\" content=\"350\" \/>\n\t<meta property=\"og:image:type\" content=\"image\/jpeg\" \/>\n<meta name=\"author\" content=\"cfeditorfr\" \/>\n<meta name=\"twitter:card\" content=\"summary_large_image\" \/>\n<meta name=\"twitter:label1\" content=\"\u00c9crit par\" \/>\n\t<meta name=\"twitter:data1\" content=\"cfeditorfr\" \/>\n\t<meta name=\"twitter:label2\" content=\"Dur\u00e9e de lecture estim\u00e9e\" \/>\n\t<meta name=\"twitter:data2\" content=\"4 minutes\" \/>\n<script type=\"application\/ld+json\" class=\"yoast-schema-graph\">{\"@context\":\"https:\/\/schema.org\",\"@graph\":[{\"@type\":\"Article\",\"@id\":\"https:\/\/www.africa-press.net\/senegal\/dossiers\/trois-questions-a-ngouda-mboup-il-revient-aux-deputes-de-traduire-les-ministres-epingles-par-la-cour-des-comptes-devant-la-justice#article\",\"isPartOf\":{\"@id\":\"https:\/\/www.africa-press.net\/senegal\/dossiers\/trois-questions-a-ngouda-mboup-il-revient-aux-deputes-de-traduire-les-ministres-epingles-par-la-cour-des-comptes-devant-la-justice\"},\"author\":{\"name\":\"cfeditorfr\",\"@id\":\"https:\/\/www.africa-press.net\/senegal\/#\/schema\/person\/2b1cf3cd81a31e3cd26889ca66d677f1\"},\"headline\":\"[Trois questions \u00e0\u2026] Ngouda Mboup : \u201cIl revient aux d\u00e9put\u00e9s de traduire les ministres \u00e9pingl\u00e9s par la Cour des comptes devant la Justice\u201d\",\"datePublished\":\"2023-01-06T20:39:47+00:00\",\"dateModified\":\"2023-01-06T21:33:59+00:00\",\"mainEntityOfPage\":{\"@id\":\"https:\/\/www.africa-press.net\/senegal\/dossiers\/trois-questions-a-ngouda-mboup-il-revient-aux-deputes-de-traduire-les-ministres-epingles-par-la-cour-des-comptes-devant-la-justice\"},\"wordCount\":750,\"commentCount\":0,\"image\":{\"@id\":\"https:\/\/www.africa-press.net\/senegal\/dossiers\/trois-questions-a-ngouda-mboup-il-revient-aux-deputes-de-traduire-les-ministres-epingles-par-la-cour-des-comptes-devant-la-justice#primaryimage\"},\"thumbnailUrl\":\"https:\/\/static.africa-press.net\/senegal\/sites\/13\/2023\/01\/postQueueImg_1673025246.04.jpg\",\"keywords\":[\"Africa Press\",\"Africa Press-Senegal\",\"Senegal\"],\"articleSection\":[\"Dossiers\",\"Toutes les actualit\u00e9s\"],\"inLanguage\":\"fr-FR\",\"potentialAction\":[{\"@type\":\"CommentAction\",\"name\":\"Comment\",\"target\":[\"https:\/\/www.africa-press.net\/senegal\/dossiers\/trois-questions-a-ngouda-mboup-il-revient-aux-deputes-de-traduire-les-ministres-epingles-par-la-cour-des-comptes-devant-la-justice#respond\"]}]},{\"@type\":\"WebPage\",\"@id\":\"https:\/\/www.africa-press.net\/senegal\/dossiers\/trois-questions-a-ngouda-mboup-il-revient-aux-deputes-de-traduire-les-ministres-epingles-par-la-cour-des-comptes-devant-la-justice\",\"url\":\"https:\/\/www.africa-press.net\/senegal\/dossiers\/trois-questions-a-ngouda-mboup-il-revient-aux-deputes-de-traduire-les-ministres-epingles-par-la-cour-des-comptes-devant-la-justice\",\"name\":\"[Trois questions \u00e0\u2026] Ngouda Mboup : \u201cIl revient aux d\u00e9put\u00e9s de traduire les ministres \u00e9pingl\u00e9s par la Cour des comptes devant la Justice\u201d - Senegal\",\"isPartOf\":{\"@id\":\"https:\/\/www.africa-press.net\/senegal\/#website\"},\"primaryImageOfPage\":{\"@id\":\"https:\/\/www.africa-press.net\/senegal\/dossiers\/trois-questions-a-ngouda-mboup-il-revient-aux-deputes-de-traduire-les-ministres-epingles-par-la-cour-des-comptes-devant-la-justice#primaryimage\"},\"image\":{\"@id\":\"https:\/\/www.africa-press.net\/senegal\/dossiers\/trois-questions-a-ngouda-mboup-il-revient-aux-deputes-de-traduire-les-ministres-epingles-par-la-cour-des-comptes-devant-la-justice#primaryimage\"},\"thumbnailUrl\":\"https:\/\/static.africa-press.net\/senegal\/sites\/13\/2023\/01\/postQueueImg_1673025246.04.jpg\",\"datePublished\":\"2023-01-06T20:39:47+00:00\",\"dateModified\":\"2023-01-06T21:33:59+00:00\",\"author\":{\"@id\":\"https:\/\/www.africa-press.net\/senegal\/#\/schema\/person\/2b1cf3cd81a31e3cd26889ca66d677f1\"},\"description\":\"Le rapport de la Cour de Comptes vient encore une fois diviser les juristes. Si, dans un entretien, le ministre Ismaila ...\",\"breadcrumb\":{\"@id\":\"https:\/\/www.africa-press.net\/senegal\/dossiers\/trois-questions-a-ngouda-mboup-il-revient-aux-deputes-de-traduire-les-ministres-epingles-par-la-cour-des-comptes-devant-la-justice#breadcrumb\"},\"inLanguage\":\"fr-FR\",\"potentialAction\":[{\"@type\":\"ReadAction\",\"target\":[\"https:\/\/www.africa-press.net\/senegal\/dossiers\/trois-questions-a-ngouda-mboup-il-revient-aux-deputes-de-traduire-les-ministres-epingles-par-la-cour-des-comptes-devant-la-justice\"]}]},{\"@type\":\"ImageObject\",\"inLanguage\":\"fr-FR\",\"@id\":\"https:\/\/www.africa-press.net\/senegal\/dossiers\/trois-questions-a-ngouda-mboup-il-revient-aux-deputes-de-traduire-les-ministres-epingles-par-la-cour-des-comptes-devant-la-justice#primaryimage\",\"url\":\"https:\/\/static.africa-press.net\/senegal\/sites\/13\/2023\/01\/postQueueImg_1673025246.04.jpg\",\"contentUrl\":\"https:\/\/static.africa-press.net\/senegal\/sites\/13\/2023\/01\/postQueueImg_1673025246.04.jpg\",\"width\":720,\"height\":350,\"caption\":\"[Trois questions \u00e0\u2026] Ngouda Mboup : \u201cIl revient aux d\u00e9put\u00e9s de traduire les ministres \u00e9pingl\u00e9s par la Cour des comptes devant la Justice\u201d\"},{\"@type\":\"BreadcrumbList\",\"@id\":\"https:\/\/www.africa-press.net\/senegal\/dossiers\/trois-questions-a-ngouda-mboup-il-revient-aux-deputes-de-traduire-les-ministres-epingles-par-la-cour-des-comptes-devant-la-justice#breadcrumb\",\"itemListElement\":[{\"@type\":\"ListItem\",\"position\":1,\"name\":\"Accueil\",\"item\":\"https:\/\/www.africa-press.net\/senegal\/\"},{\"@type\":\"ListItem\",\"position\":2,\"name\":\"[Trois questions \u00e0\u2026] Ngouda Mboup : \u201cIl revient aux d\u00e9put\u00e9s de traduire les ministres \u00e9pingl\u00e9s par la Cour des comptes devant la Justice\u201d\"}]},{\"@type\":\"WebSite\",\"@id\":\"https:\/\/www.africa-press.net\/senegal\/#website\",\"url\":\"https:\/\/www.africa-press.net\/senegal\/\",\"name\":\"Africa Press | Senegal | Homepage\",\"description\":\"Just another Africa News Agency Sites site\",\"potentialAction\":[{\"@type\":\"SearchAction\",\"target\":{\"@type\":\"EntryPoint\",\"urlTemplate\":\"https:\/\/www.africa-press.net\/senegal\/?s={search_term_string}\"},\"query-input\":{\"@type\":\"PropertyValueSpecification\",\"valueRequired\":true,\"valueName\":\"search_term_string\"}}],\"inLanguage\":\"fr-FR\"},{\"@type\":\"Person\",\"@id\":\"https:\/\/www.africa-press.net\/senegal\/#\/schema\/person\/2b1cf3cd81a31e3cd26889ca66d677f1\",\"name\":\"cfeditorfr\",\"url\":\"https:\/\/www.africa-press.net\/senegal\/author\/cfeditorfr\"}]}<\/script>\n<!-- \/ Yoast SEO Premium plugin. -->","yoast_head_json":{"title":"[Trois questions \u00e0\u2026] Ngouda Mboup : \u201cIl revient aux d\u00e9put\u00e9s de traduire les ministres \u00e9pingl\u00e9s par la Cour des comptes devant la Justice\u201d - Senegal","description":"Le rapport de la Cour de Comptes vient encore une fois diviser les juristes. Si, dans un entretien, le ministre Ismaila ...","robots":{"index":"index","follow":"follow","max-snippet":"max-snippet:-1","max-image-preview":"max-image-preview:large","max-video-preview":"max-video-preview:-1"},"canonical":"https:\/\/www.africa-press.net\/senegal\/dossiers\/trois-questions-a-ngouda-mboup-il-revient-aux-deputes-de-traduire-les-ministres-epingles-par-la-cour-des-comptes-devant-la-justice","og_locale":"fr_FR","og_type":"article","og_title":"[Trois questions \u00e0\u2026] Ngouda Mboup : \u201cIl revient aux d\u00e9put\u00e9s de traduire les ministres \u00e9pingl\u00e9s par la Cour des comptes devant la Justice\u201d","og_description":"Le rapport de la Cour de Comptes vient encore une fois diviser les juristes. Si, dans un entretien, le ministre Ismaila ...","og_url":"https:\/\/www.africa-press.net\/senegal\/dossiers\/trois-questions-a-ngouda-mboup-il-revient-aux-deputes-de-traduire-les-ministres-epingles-par-la-cour-des-comptes-devant-la-justice","og_site_name":"Senegal","article_published_time":"2023-01-06T20:39:47+00:00","article_modified_time":"2023-01-06T21:33:59+00:00","og_image":[{"width":720,"height":350,"url":"https:\/\/static.africa-press.net\/senegal\/sites\/13\/2023\/01\/postQueueImg_1673025246.04.jpg","type":"image\/jpeg"}],"author":"cfeditorfr","twitter_card":"summary_large_image","twitter_misc":{"\u00c9crit par":"cfeditorfr","Dur\u00e9e de lecture estim\u00e9e":"4 minutes"},"schema":{"@context":"https:\/\/schema.org","@graph":[{"@type":"Article","@id":"https:\/\/www.africa-press.net\/senegal\/dossiers\/trois-questions-a-ngouda-mboup-il-revient-aux-deputes-de-traduire-les-ministres-epingles-par-la-cour-des-comptes-devant-la-justice#article","isPartOf":{"@id":"https:\/\/www.africa-press.net\/senegal\/dossiers\/trois-questions-a-ngouda-mboup-il-revient-aux-deputes-de-traduire-les-ministres-epingles-par-la-cour-des-comptes-devant-la-justice"},"author":{"name":"cfeditorfr","@id":"https:\/\/www.africa-press.net\/senegal\/#\/schema\/person\/2b1cf3cd81a31e3cd26889ca66d677f1"},"headline":"[Trois questions \u00e0\u2026] Ngouda Mboup : \u201cIl revient aux d\u00e9put\u00e9s de traduire les ministres \u00e9pingl\u00e9s par la Cour des comptes devant la Justice\u201d","datePublished":"2023-01-06T20:39:47+00:00","dateModified":"2023-01-06T21:33:59+00:00","mainEntityOfPage":{"@id":"https:\/\/www.africa-press.net\/senegal\/dossiers\/trois-questions-a-ngouda-mboup-il-revient-aux-deputes-de-traduire-les-ministres-epingles-par-la-cour-des-comptes-devant-la-justice"},"wordCount":750,"commentCount":0,"image":{"@id":"https:\/\/www.africa-press.net\/senegal\/dossiers\/trois-questions-a-ngouda-mboup-il-revient-aux-deputes-de-traduire-les-ministres-epingles-par-la-cour-des-comptes-devant-la-justice#primaryimage"},"thumbnailUrl":"https:\/\/static.africa-press.net\/senegal\/sites\/13\/2023\/01\/postQueueImg_1673025246.04.jpg","keywords":["Africa Press","Africa Press-Senegal","Senegal"],"articleSection":["Dossiers","Toutes les actualit\u00e9s"],"inLanguage":"fr-FR","potentialAction":[{"@type":"CommentAction","name":"Comment","target":["https:\/\/www.africa-press.net\/senegal\/dossiers\/trois-questions-a-ngouda-mboup-il-revient-aux-deputes-de-traduire-les-ministres-epingles-par-la-cour-des-comptes-devant-la-justice#respond"]}]},{"@type":"WebPage","@id":"https:\/\/www.africa-press.net\/senegal\/dossiers\/trois-questions-a-ngouda-mboup-il-revient-aux-deputes-de-traduire-les-ministres-epingles-par-la-cour-des-comptes-devant-la-justice","url":"https:\/\/www.africa-press.net\/senegal\/dossiers\/trois-questions-a-ngouda-mboup-il-revient-aux-deputes-de-traduire-les-ministres-epingles-par-la-cour-des-comptes-devant-la-justice","name":"[Trois questions \u00e0\u2026] Ngouda Mboup : \u201cIl revient aux d\u00e9put\u00e9s de traduire les ministres \u00e9pingl\u00e9s par la Cour des comptes devant la Justice\u201d - Senegal","isPartOf":{"@id":"https:\/\/www.africa-press.net\/senegal\/#website"},"primaryImageOfPage":{"@id":"https:\/\/www.africa-press.net\/senegal\/dossiers\/trois-questions-a-ngouda-mboup-il-revient-aux-deputes-de-traduire-les-ministres-epingles-par-la-cour-des-comptes-devant-la-justice#primaryimage"},"image":{"@id":"https:\/\/www.africa-press.net\/senegal\/dossiers\/trois-questions-a-ngouda-mboup-il-revient-aux-deputes-de-traduire-les-ministres-epingles-par-la-cour-des-comptes-devant-la-justice#primaryimage"},"thumbnailUrl":"https:\/\/static.africa-press.net\/senegal\/sites\/13\/2023\/01\/postQueueImg_1673025246.04.jpg","datePublished":"2023-01-06T20:39:47+00:00","dateModified":"2023-01-06T21:33:59+00:00","author":{"@id":"https:\/\/www.africa-press.net\/senegal\/#\/schema\/person\/2b1cf3cd81a31e3cd26889ca66d677f1"},"description":"Le rapport de la Cour de Comptes vient encore une fois diviser les juristes. Si, dans un entretien, le ministre Ismaila ...","breadcrumb":{"@id":"https:\/\/www.africa-press.net\/senegal\/dossiers\/trois-questions-a-ngouda-mboup-il-revient-aux-deputes-de-traduire-les-ministres-epingles-par-la-cour-des-comptes-devant-la-justice#breadcrumb"},"inLanguage":"fr-FR","potentialAction":[{"@type":"ReadAction","target":["https:\/\/www.africa-press.net\/senegal\/dossiers\/trois-questions-a-ngouda-mboup-il-revient-aux-deputes-de-traduire-les-ministres-epingles-par-la-cour-des-comptes-devant-la-justice"]}]},{"@type":"ImageObject","inLanguage":"fr-FR","@id":"https:\/\/www.africa-press.net\/senegal\/dossiers\/trois-questions-a-ngouda-mboup-il-revient-aux-deputes-de-traduire-les-ministres-epingles-par-la-cour-des-comptes-devant-la-justice#primaryimage","url":"https:\/\/static.africa-press.net\/senegal\/sites\/13\/2023\/01\/postQueueImg_1673025246.04.jpg","contentUrl":"https:\/\/static.africa-press.net\/senegal\/sites\/13\/2023\/01\/postQueueImg_1673025246.04.jpg","width":720,"height":350,"caption":"[Trois questions \u00e0\u2026] Ngouda Mboup : \u201cIl revient aux d\u00e9put\u00e9s de traduire les ministres \u00e9pingl\u00e9s par la Cour des comptes devant la Justice\u201d"},{"@type":"BreadcrumbList","@id":"https:\/\/www.africa-press.net\/senegal\/dossiers\/trois-questions-a-ngouda-mboup-il-revient-aux-deputes-de-traduire-les-ministres-epingles-par-la-cour-des-comptes-devant-la-justice#breadcrumb","itemListElement":[{"@type":"ListItem","position":1,"name":"Accueil","item":"https:\/\/www.africa-press.net\/senegal\/"},{"@type":"ListItem","position":2,"name":"[Trois questions \u00e0\u2026] Ngouda Mboup : \u201cIl revient aux d\u00e9put\u00e9s de traduire les ministres \u00e9pingl\u00e9s par la Cour des comptes devant la Justice\u201d"}]},{"@type":"WebSite","@id":"https:\/\/www.africa-press.net\/senegal\/#website","url":"https:\/\/www.africa-press.net\/senegal\/","name":"Africa Press | Senegal | Homepage","description":"Just another Africa News Agency Sites site","potentialAction":[{"@type":"SearchAction","target":{"@type":"EntryPoint","urlTemplate":"https:\/\/www.africa-press.net\/senegal\/?s={search_term_string}"},"query-input":{"@type":"PropertyValueSpecification","valueRequired":true,"valueName":"search_term_string"}}],"inLanguage":"fr-FR"},{"@type":"Person","@id":"https:\/\/www.africa-press.net\/senegal\/#\/schema\/person\/2b1cf3cd81a31e3cd26889ca66d677f1","name":"cfeditorfr","url":"https:\/\/www.africa-press.net\/senegal\/author\/cfeditorfr"}]}},"_links":{"self":[{"href":"https:\/\/www.africa-press.net\/senegal\/wp-json\/wp\/v2\/posts\/37696","targetHints":{"allow":["GET"]}}],"collection":[{"href":"https:\/\/www.africa-press.net\/senegal\/wp-json\/wp\/v2\/posts"}],"about":[{"href":"https:\/\/www.africa-press.net\/senegal\/wp-json\/wp\/v2\/types\/post"}],"author":[{"embeddable":true,"href":"https:\/\/www.africa-press.net\/senegal\/wp-json\/wp\/v2\/users\/82"}],"replies":[{"embeddable":true,"href":"https:\/\/www.africa-press.net\/senegal\/wp-json\/wp\/v2\/comments?post=37696"}],"version-history":[{"count":0,"href":"https:\/\/www.africa-press.net\/senegal\/wp-json\/wp\/v2\/posts\/37696\/revisions"}],"wp:featuredmedia":[{"embeddable":true,"href":"https:\/\/www.africa-press.net\/senegal\/wp-json\/wp\/v2\/media\/37695"}],"wp:attachment":[{"href":"https:\/\/www.africa-press.net\/senegal\/wp-json\/wp\/v2\/media?parent=37696"}],"wp:term":[{"taxonomy":"category","embeddable":true,"href":"https:\/\/www.africa-press.net\/senegal\/wp-json\/wp\/v2\/categories?post=37696"},{"taxonomy":"post_tag","embeddable":true,"href":"https:\/\/www.africa-press.net\/senegal\/wp-json\/wp\/v2\/tags?post=37696"}],"curies":[{"name":"wp","href":"https:\/\/api.w.org\/{rel}","templated":true}]}}