{"id":37702,"date":"2023-01-06T20:50:49","date_gmt":"2023-01-06T20:50:49","guid":{"rendered":"https:\/\/www.africa-press.net\/senegal\/politique\/presidentielle-de-2024-investiture-du-candidat-du-mouvement-surprises-samedi"},"modified":"2023-01-06T21:35:36","modified_gmt":"2023-01-06T21:35:36","slug":"presidentielle-de-2024-investiture-du-candidat-du-mouvement-surprises-samedi","status":"publish","type":"post","link":"https:\/\/www.africa-press.net\/senegal\/politique\/presidentielle-de-2024-investiture-du-candidat-du-mouvement-surprises-samedi","title":{"rendered":"Pr\u00e9sidentielle de 2024 : investiture du candidat du mouvement SURPRISES, samedi"},"content":{"rendered":"<p><span style=\"color: #ff6600\"><strong>Africa-Press &#8211; Senegal. <\/strong><\/span>Le mouvement Socialistes unis pour la reconque\u0302te du pouvoir en vue de la restauration de l\u2019ide\u0301al socio-de\u0301mocratique et des e\u0301quilibres au Se\u0301ne\u0301gal (SURPRISES) organise, samedi, a\u0300 Thie\u0300s, une re\u0301union au cours de laquelle il investira son candidat a\u0300 la pre\u0301sidentielle de 2024, annonce un communique\u0301 transmis a\u0300 l\u2019APS.<\/p>\n<p>L\u2019e\u0301ve\u0300nement sera marque\u0301 par la pre\u0301sentation du mouvement, la de\u0301claration de candidature de Mor Faye et la pre\u0301sentation d\u2019un re\u0301sume\u0301 de son programme, indique la me\u0302me source.<\/p>\n<p><strong>Pour plus d&rsquo;informations et d&rsquo;analyses sur la <a href=\"https:\/\/www.africa-press.net\/senegal\">Senegal<\/a>, suivez <a href=\"https:\/\/www.africa-press.net\/\">Africa-Press<\/a><\/strong><\/p>\n","protected":false},"excerpt":{"rendered":"<p>Africa-Press &#8211; Senegal. Le mouvement Socialistes unis pour la reconque\u0302te du pouvoir en vue de la restauration de l\u2019ide\u0301al socio-de\u0301mocratique et des e\u0301quilibres au Se\u0301ne\u0301gal (SURPRISES) organise, samedi, a\u0300 Thie\u0300s, une re\u0301union au cours de laquelle il investira son candidat a\u0300 la pre\u0301sidentielle de 2024, annonce un communique\u0301 transmis a\u0300 l\u2019APS. L\u2019e\u0301ve\u0300nement sera marque\u0301 par [&hellip;]<\/p>\n","protected":false},"author":82,"featured_media":37701,"comment_status":"open","ping_status":"closed","sticky":false,"template":"","format":"standard","meta":{"footnotes":""},"categories":[2,10],"tags":[43,47,44],"class_list":["post-37702","post","type-post","status-publish","format-standard","has-post-thumbnail","hentry","category-politique","category-toutes-les-actualites","tag-africa-press-2","tag-africa-press-senegal","tag-senegal-2"],"yoast_head":"<!-- This site is optimized with the Yoast SEO Premium plugin v26.1 (Yoast SEO v27.0) - https:\/\/yoast.com\/product\/yoast-seo-premium-wordpress\/ -->\n<title>Pr\u00e9sidentielle de 2024 : investiture du candidat du mouvement SURPRISES, samedi - Senegal<\/title>\n<meta name=\"description\" content=\"Le mouvement Socialistes unis pour la reconque\u0302te du pouvoir en vue de la restauration de l\u2019ide\u0301al socio-de\u0301mocratique e ...\" \/>\n<meta name=\"robots\" content=\"index, follow, max-snippet:-1, max-image-preview:large, max-video-preview:-1\" \/>\n<link rel=\"canonical\" href=\"https:\/\/www.africa-press.net\/senegal\/politique\/presidentielle-de-2024-investiture-du-candidat-du-mouvement-surprises-samedi\" \/>\n<meta property=\"og:locale\" content=\"fr_FR\" \/>\n<meta property=\"og:type\" content=\"article\" \/>\n<meta property=\"og:title\" content=\"Pr\u00e9sidentielle de 2024 : investiture du candidat du mouvement SURPRISES, samedi\" \/>\n<meta property=\"og:description\" content=\"Le mouvement Socialistes unis pour la reconque\u0302te du pouvoir en vue de la restauration de l\u2019ide\u0301al socio-de\u0301mocratique e ...\" \/>\n<meta property=\"og:url\" content=\"https:\/\/www.africa-press.net\/senegal\/politique\/presidentielle-de-2024-investiture-du-candidat-du-mouvement-surprises-samedi\" \/>\n<meta property=\"og:site_name\" content=\"Senegal\" \/>\n<meta property=\"article:published_time\" content=\"2023-01-06T20:50:49+00:00\" \/>\n<meta property=\"article:modified_time\" content=\"2023-01-06T21:35:36+00:00\" \/>\n<meta property=\"og:image\" content=\"https:\/\/static.africa-press.net\/senegal\/sites\/13\/2023\/01\/postQueueImg_1673025692.94.jpg\" \/>\n\t<meta property=\"og:image:width\" content=\"1620\" \/>\n\t<meta property=\"og:image:height\" content=\"925\" \/>\n\t<meta property=\"og:image:type\" content=\"image\/jpeg\" \/>\n<meta name=\"author\" content=\"cfeditorfr\" \/>\n<meta name=\"twitter:card\" content=\"summary_large_image\" \/>\n<meta name=\"twitter:label1\" content=\"\u00c9crit par\" \/>\n\t<meta name=\"twitter:data1\" content=\"cfeditorfr\" \/>\n\t<meta name=\"twitter:label2\" content=\"Dur\u00e9e de lecture estim\u00e9e\" \/>\n\t<meta name=\"twitter:data2\" content=\"1 minute\" \/>\n<script type=\"application\/ld+json\" class=\"yoast-schema-graph\">{\"@context\":\"https:\/\/schema.org\",\"@graph\":[{\"@type\":\"Article\",\"@id\":\"https:\/\/www.africa-press.net\/senegal\/politique\/presidentielle-de-2024-investiture-du-candidat-du-mouvement-surprises-samedi#article\",\"isPartOf\":{\"@id\":\"https:\/\/www.africa-press.net\/senegal\/politique\/presidentielle-de-2024-investiture-du-candidat-du-mouvement-surprises-samedi\"},\"author\":{\"name\":\"cfeditorfr\",\"@id\":\"https:\/\/www.africa-press.net\/senegal\/#\/schema\/person\/2b1cf3cd81a31e3cd26889ca66d677f1\"},\"headline\":\"Pr\u00e9sidentielle de 2024 : investiture du candidat du mouvement SURPRISES, samedi\",\"datePublished\":\"2023-01-06T20:50:49+00:00\",\"dateModified\":\"2023-01-06T21:35:36+00:00\",\"mainEntityOfPage\":{\"@id\":\"https:\/\/www.africa-press.net\/senegal\/politique\/presidentielle-de-2024-investiture-du-candidat-du-mouvement-surprises-samedi\"},\"wordCount\":119,\"commentCount\":0,\"image\":{\"@id\":\"https:\/\/www.africa-press.net\/senegal\/politique\/presidentielle-de-2024-investiture-du-candidat-du-mouvement-surprises-samedi#primaryimage\"},\"thumbnailUrl\":\"https:\/\/static.africa-press.net\/senegal\/sites\/13\/2023\/01\/postQueueImg_1673025692.94.jpg\",\"keywords\":[\"Africa Press\",\"Africa Press-Senegal\",\"Senegal\"],\"articleSection\":[\"Politique\",\"Toutes les actualit\u00e9s\"],\"inLanguage\":\"fr-FR\",\"potentialAction\":[{\"@type\":\"CommentAction\",\"name\":\"Comment\",\"target\":[\"https:\/\/www.africa-press.net\/senegal\/politique\/presidentielle-de-2024-investiture-du-candidat-du-mouvement-surprises-samedi#respond\"]}]},{\"@type\":\"WebPage\",\"@id\":\"https:\/\/www.africa-press.net\/senegal\/politique\/presidentielle-de-2024-investiture-du-candidat-du-mouvement-surprises-samedi\",\"url\":\"https:\/\/www.africa-press.net\/senegal\/politique\/presidentielle-de-2024-investiture-du-candidat-du-mouvement-surprises-samedi\",\"name\":\"Pr\u00e9sidentielle de 2024 : investiture du candidat du mouvement SURPRISES, samedi - Senegal\",\"isPartOf\":{\"@id\":\"https:\/\/www.africa-press.net\/senegal\/#website\"},\"primaryImageOfPage\":{\"@id\":\"https:\/\/www.africa-press.net\/senegal\/politique\/presidentielle-de-2024-investiture-du-candidat-du-mouvement-surprises-samedi#primaryimage\"},\"image\":{\"@id\":\"https:\/\/www.africa-press.net\/senegal\/politique\/presidentielle-de-2024-investiture-du-candidat-du-mouvement-surprises-samedi#primaryimage\"},\"thumbnailUrl\":\"https:\/\/static.africa-press.net\/senegal\/sites\/13\/2023\/01\/postQueueImg_1673025692.94.jpg\",\"datePublished\":\"2023-01-06T20:50:49+00:00\",\"dateModified\":\"2023-01-06T21:35:36+00:00\",\"author\":{\"@id\":\"https:\/\/www.africa-press.net\/senegal\/#\/schema\/person\/2b1cf3cd81a31e3cd26889ca66d677f1\"},\"description\":\"Le mouvement Socialistes unis pour la reconque\u0302te du pouvoir en vue de la restauration de l\u2019ide\u0301al socio-de\u0301mocratique e ...\",\"breadcrumb\":{\"@id\":\"https:\/\/www.africa-press.net\/senegal\/politique\/presidentielle-de-2024-investiture-du-candidat-du-mouvement-surprises-samedi#breadcrumb\"},\"inLanguage\":\"fr-FR\",\"potentialAction\":[{\"@type\":\"ReadAction\",\"target\":[\"https:\/\/www.africa-press.net\/senegal\/politique\/presidentielle-de-2024-investiture-du-candidat-du-mouvement-surprises-samedi\"]}]},{\"@type\":\"ImageObject\",\"inLanguage\":\"fr-FR\",\"@id\":\"https:\/\/www.africa-press.net\/senegal\/politique\/presidentielle-de-2024-investiture-du-candidat-du-mouvement-surprises-samedi#primaryimage\",\"url\":\"https:\/\/static.africa-press.net\/senegal\/sites\/13\/2023\/01\/postQueueImg_1673025692.94.jpg\",\"contentUrl\":\"https:\/\/static.africa-press.net\/senegal\/sites\/13\/2023\/01\/postQueueImg_1673025692.94.jpg\",\"width\":1620,\"height\":925,\"caption\":\"Pr\u00e9sidentielle de 2024 : investiture du candidat du mouvement SURPRISES, samedi\"},{\"@type\":\"BreadcrumbList\",\"@id\":\"https:\/\/www.africa-press.net\/senegal\/politique\/presidentielle-de-2024-investiture-du-candidat-du-mouvement-surprises-samedi#breadcrumb\",\"itemListElement\":[{\"@type\":\"ListItem\",\"position\":1,\"name\":\"Accueil\",\"item\":\"https:\/\/www.africa-press.net\/senegal\/\"},{\"@type\":\"ListItem\",\"position\":2,\"name\":\"Pr\u00e9sidentielle de 2024 : investiture du candidat du mouvement SURPRISES, samedi\"}]},{\"@type\":\"WebSite\",\"@id\":\"https:\/\/www.africa-press.net\/senegal\/#website\",\"url\":\"https:\/\/www.africa-press.net\/senegal\/\",\"name\":\"Africa Press | Senegal | Homepage\",\"description\":\"Just another Africa News Agency Sites site\",\"potentialAction\":[{\"@type\":\"SearchAction\",\"target\":{\"@type\":\"EntryPoint\",\"urlTemplate\":\"https:\/\/www.africa-press.net\/senegal\/?s={search_term_string}\"},\"query-input\":{\"@type\":\"PropertyValueSpecification\",\"valueRequired\":true,\"valueName\":\"search_term_string\"}}],\"inLanguage\":\"fr-FR\"},{\"@type\":\"Person\",\"@id\":\"https:\/\/www.africa-press.net\/senegal\/#\/schema\/person\/2b1cf3cd81a31e3cd26889ca66d677f1\",\"name\":\"cfeditorfr\",\"url\":\"https:\/\/www.africa-press.net\/senegal\/author\/cfeditorfr\"}]}<\/script>\n<!-- \/ Yoast SEO Premium plugin. -->","yoast_head_json":{"title":"Pr\u00e9sidentielle de 2024 : investiture du candidat du mouvement SURPRISES, samedi - Senegal","description":"Le mouvement Socialistes unis pour la reconque\u0302te du pouvoir en vue de la restauration de l\u2019ide\u0301al socio-de\u0301mocratique e ...","robots":{"index":"index","follow":"follow","max-snippet":"max-snippet:-1","max-image-preview":"max-image-preview:large","max-video-preview":"max-video-preview:-1"},"canonical":"https:\/\/www.africa-press.net\/senegal\/politique\/presidentielle-de-2024-investiture-du-candidat-du-mouvement-surprises-samedi","og_locale":"fr_FR","og_type":"article","og_title":"Pr\u00e9sidentielle de 2024 : investiture du candidat du mouvement SURPRISES, samedi","og_description":"Le mouvement Socialistes unis pour la reconque\u0302te du pouvoir en vue de la restauration de l\u2019ide\u0301al socio-de\u0301mocratique e ...","og_url":"https:\/\/www.africa-press.net\/senegal\/politique\/presidentielle-de-2024-investiture-du-candidat-du-mouvement-surprises-samedi","og_site_name":"Senegal","article_published_time":"2023-01-06T20:50:49+00:00","article_modified_time":"2023-01-06T21:35:36+00:00","og_image":[{"width":1620,"height":925,"url":"https:\/\/static.africa-press.net\/senegal\/sites\/13\/2023\/01\/postQueueImg_1673025692.94.jpg","type":"image\/jpeg"}],"author":"cfeditorfr","twitter_card":"summary_large_image","twitter_misc":{"\u00c9crit par":"cfeditorfr","Dur\u00e9e de lecture estim\u00e9e":"1 minute"},"schema":{"@context":"https:\/\/schema.org","@graph":[{"@type":"Article","@id":"https:\/\/www.africa-press.net\/senegal\/politique\/presidentielle-de-2024-investiture-du-candidat-du-mouvement-surprises-samedi#article","isPartOf":{"@id":"https:\/\/www.africa-press.net\/senegal\/politique\/presidentielle-de-2024-investiture-du-candidat-du-mouvement-surprises-samedi"},"author":{"name":"cfeditorfr","@id":"https:\/\/www.africa-press.net\/senegal\/#\/schema\/person\/2b1cf3cd81a31e3cd26889ca66d677f1"},"headline":"Pr\u00e9sidentielle de 2024 : investiture du candidat du mouvement SURPRISES, samedi","datePublished":"2023-01-06T20:50:49+00:00","dateModified":"2023-01-06T21:35:36+00:00","mainEntityOfPage":{"@id":"https:\/\/www.africa-press.net\/senegal\/politique\/presidentielle-de-2024-investiture-du-candidat-du-mouvement-surprises-samedi"},"wordCount":119,"commentCount":0,"image":{"@id":"https:\/\/www.africa-press.net\/senegal\/politique\/presidentielle-de-2024-investiture-du-candidat-du-mouvement-surprises-samedi#primaryimage"},"thumbnailUrl":"https:\/\/static.africa-press.net\/senegal\/sites\/13\/2023\/01\/postQueueImg_1673025692.94.jpg","keywords":["Africa Press","Africa Press-Senegal","Senegal"],"articleSection":["Politique","Toutes les actualit\u00e9s"],"inLanguage":"fr-FR","potentialAction":[{"@type":"CommentAction","name":"Comment","target":["https:\/\/www.africa-press.net\/senegal\/politique\/presidentielle-de-2024-investiture-du-candidat-du-mouvement-surprises-samedi#respond"]}]},{"@type":"WebPage","@id":"https:\/\/www.africa-press.net\/senegal\/politique\/presidentielle-de-2024-investiture-du-candidat-du-mouvement-surprises-samedi","url":"https:\/\/www.africa-press.net\/senegal\/politique\/presidentielle-de-2024-investiture-du-candidat-du-mouvement-surprises-samedi","name":"Pr\u00e9sidentielle de 2024 : investiture du candidat du mouvement SURPRISES, samedi - Senegal","isPartOf":{"@id":"https:\/\/www.africa-press.net\/senegal\/#website"},"primaryImageOfPage":{"@id":"https:\/\/www.africa-press.net\/senegal\/politique\/presidentielle-de-2024-investiture-du-candidat-du-mouvement-surprises-samedi#primaryimage"},"image":{"@id":"https:\/\/www.africa-press.net\/senegal\/politique\/presidentielle-de-2024-investiture-du-candidat-du-mouvement-surprises-samedi#primaryimage"},"thumbnailUrl":"https:\/\/static.africa-press.net\/senegal\/sites\/13\/2023\/01\/postQueueImg_1673025692.94.jpg","datePublished":"2023-01-06T20:50:49+00:00","dateModified":"2023-01-06T21:35:36+00:00","author":{"@id":"https:\/\/www.africa-press.net\/senegal\/#\/schema\/person\/2b1cf3cd81a31e3cd26889ca66d677f1"},"description":"Le mouvement Socialistes unis pour la reconque\u0302te du pouvoir en vue de la restauration de l\u2019ide\u0301al socio-de\u0301mocratique e ...","breadcrumb":{"@id":"https:\/\/www.africa-press.net\/senegal\/politique\/presidentielle-de-2024-investiture-du-candidat-du-mouvement-surprises-samedi#breadcrumb"},"inLanguage":"fr-FR","potentialAction":[{"@type":"ReadAction","target":["https:\/\/www.africa-press.net\/senegal\/politique\/presidentielle-de-2024-investiture-du-candidat-du-mouvement-surprises-samedi"]}]},{"@type":"ImageObject","inLanguage":"fr-FR","@id":"https:\/\/www.africa-press.net\/senegal\/politique\/presidentielle-de-2024-investiture-du-candidat-du-mouvement-surprises-samedi#primaryimage","url":"https:\/\/static.africa-press.net\/senegal\/sites\/13\/2023\/01\/postQueueImg_1673025692.94.jpg","contentUrl":"https:\/\/static.africa-press.net\/senegal\/sites\/13\/2023\/01\/postQueueImg_1673025692.94.jpg","width":1620,"height":925,"caption":"Pr\u00e9sidentielle de 2024 : investiture du candidat du mouvement SURPRISES, samedi"},{"@type":"BreadcrumbList","@id":"https:\/\/www.africa-press.net\/senegal\/politique\/presidentielle-de-2024-investiture-du-candidat-du-mouvement-surprises-samedi#breadcrumb","itemListElement":[{"@type":"ListItem","position":1,"name":"Accueil","item":"https:\/\/www.africa-press.net\/senegal\/"},{"@type":"ListItem","position":2,"name":"Pr\u00e9sidentielle de 2024 : investiture du candidat du mouvement SURPRISES, samedi"}]},{"@type":"WebSite","@id":"https:\/\/www.africa-press.net\/senegal\/#website","url":"https:\/\/www.africa-press.net\/senegal\/","name":"Africa Press | Senegal | Homepage","description":"Just another Africa News Agency Sites site","potentialAction":[{"@type":"SearchAction","target":{"@type":"EntryPoint","urlTemplate":"https:\/\/www.africa-press.net\/senegal\/?s={search_term_string}"},"query-input":{"@type":"PropertyValueSpecification","valueRequired":true,"valueName":"search_term_string"}}],"inLanguage":"fr-FR"},{"@type":"Person","@id":"https:\/\/www.africa-press.net\/senegal\/#\/schema\/person\/2b1cf3cd81a31e3cd26889ca66d677f1","name":"cfeditorfr","url":"https:\/\/www.africa-press.net\/senegal\/author\/cfeditorfr"}]}},"_links":{"self":[{"href":"https:\/\/www.africa-press.net\/senegal\/wp-json\/wp\/v2\/posts\/37702","targetHints":{"allow":["GET"]}}],"collection":[{"href":"https:\/\/www.africa-press.net\/senegal\/wp-json\/wp\/v2\/posts"}],"about":[{"href":"https:\/\/www.africa-press.net\/senegal\/wp-json\/wp\/v2\/types\/post"}],"author":[{"embeddable":true,"href":"https:\/\/www.africa-press.net\/senegal\/wp-json\/wp\/v2\/users\/82"}],"replies":[{"embeddable":true,"href":"https:\/\/www.africa-press.net\/senegal\/wp-json\/wp\/v2\/comments?post=37702"}],"version-history":[{"count":0,"href":"https:\/\/www.africa-press.net\/senegal\/wp-json\/wp\/v2\/posts\/37702\/revisions"}],"wp:featuredmedia":[{"embeddable":true,"href":"https:\/\/www.africa-press.net\/senegal\/wp-json\/wp\/v2\/media\/37701"}],"wp:attachment":[{"href":"https:\/\/www.africa-press.net\/senegal\/wp-json\/wp\/v2\/media?parent=37702"}],"wp:term":[{"taxonomy":"category","embeddable":true,"href":"https:\/\/www.africa-press.net\/senegal\/wp-json\/wp\/v2\/categories?post=37702"},{"taxonomy":"post_tag","embeddable":true,"href":"https:\/\/www.africa-press.net\/senegal\/wp-json\/wp\/v2\/tags?post=37702"}],"curies":[{"name":"wp","href":"https:\/\/api.w.org\/{rel}","templated":true}]}}