{"id":37705,"date":"2023-01-06T20:53:23","date_gmt":"2023-01-06T20:53:23","guid":{"rendered":"https:\/\/www.africa-press.net\/senegal\/politique\/brt-le-premier-bus-presente-au-mois-davril-ministre"},"modified":"2023-01-06T21:36:23","modified_gmt":"2023-01-06T21:36:23","slug":"brt-le-premier-bus-presente-au-mois-davril-ministre","status":"publish","type":"post","link":"https:\/\/www.africa-press.net\/senegal\/economie\/brt-le-premier-bus-presente-au-mois-davril-ministre","title":{"rendered":"BRT\u00a0:  Le premier bus pr\u00e9sent\u00e9 au mois d\u2019avril (ministre)"},"content":{"rendered":"<p><span style=\"color: #ff6600\"><strong>Africa-Press &#8211; Senegal. <\/strong><\/span>Le ministre des Infrastructures, des Transports terrestres et du De\u0301senclavement, Mansour Faye, a annoce\u0301, jeudi, que le premier bus du BRT (Bus rapid transit) sera pre\u0301sente\u0301 au public au mois avril.<\/p>\n<p>\u2018\u2019Les travaux du BRT suivent leur cours, des sections sont libe\u0301re\u0301es (&#8230;) au mois de mars, l\u2019ensemble des syste\u0300mes et des circuits seront libe\u0301re\u0301s (&#8230;.). Le premier bus sera pre\u0301sente\u0301, si Dieu le veut bien, au mois d\u2019avril. Les essais suivront. L\u2019exploitation de\u0301marrera dans le dernier trimestre de 2023\u2019\u2019, a-t-il de\u0301clare\u0301.<\/p>\n<p>Il s\u2019exprimait, a\u0300 Diamniadio, en marge, du lancement de la troisie\u0300me phase du renouvellement du Parc automobile urbain et interurbains. Il a proce\u0301de\u0301 a\u0300 la remise des cle\u0301s de 300 taxis de proximite\u0301.<\/p>\n<p>Parlant du BRT, le ministre a souligne\u0301 que \u2018\u2019c&rsquo;est un moyen de transport qui va contribuer a\u0300 ame\u0301lioration de la mobilite\u0301 a\u0300 Dakar\u00a0\u00bb.<\/p>\n<p>\u2018\u2019Pour l\u2019environnement, vous pouvez le constatez que le BRT est un projet majeur qui va transporter plus de 300 mille voyageurs en un temps record soit 45 minutes de Gue\u0301diawaye a\u0300 Petersen\u00a0\u00bb, a-t-il-ajoute\u0301.<\/p>\n<p>Les travaux du projet de Bus Rapid Transit (BRT) de Dakar ont e\u0301te\u0301 lance\u0301s en octobre 2021 par le pre\u0301sident Macky Sall.<\/p>\n<p>D\u2019un cou\u0302t global d\u2019environ 300 milliards de FCFA, le BRT posse\u0300dera un parc riche de 144 bus articule\u0301s, qui transporteront jusqu\u2019a\u0300 300.000 voyageurs par jour, avec un temps de parcours re\u0301duit de moitie\u0301 entre la banlieue et le centre-ville de Dakar<\/p>\n<p>Finance\u0301 par la Banque mondiale, la Banque europe\u0301enne d&rsquo;investissement et le Fonds vert pour le climat, ce projet re\u0301alise\u0301 sur un line\u0301aire de 18,3 kms.<\/p>\n<p>Il traversera 14 communes et transportera quotidiennement 300 000 voyageurs entre Gue\u0301diawaye (banlieue de Dakar) et le centre-ville de la capitale, selon les projections des autorite\u0301s.<\/p>\n<p>Le projet du BRT, porte\u0301 par le Conseil exe\u0301cutif des transports urbains de Dakar (CETUD), ame\u0301liorera conside\u0301rablement la mobilite\u0301 urbaine.<\/p>\n<p><strong>Pour plus d&rsquo;informations et d&rsquo;analyses sur la <a href=\"https:\/\/www.africa-press.net\/senegal\">Senegal<\/a>, suivez <a href=\"https:\/\/www.africa-press.net\/\">Africa-Press<\/a><\/strong><\/p>\n","protected":false},"excerpt":{"rendered":"<p>Africa-Press &#8211; Senegal. Le ministre des Infrastructures, des Transports terrestres et du De\u0301senclavement, Mansour Faye, a annoce\u0301, jeudi, que le premier bus du BRT (Bus rapid transit) sera pre\u0301sente\u0301 au public au mois avril. \u2018\u2019Les travaux du BRT suivent leur cours, des sections sont libe\u0301re\u0301es (&#8230;) au mois de mars, l\u2019ensemble des syste\u0300mes et des [&hellip;]<\/p>\n","protected":false},"author":82,"featured_media":37704,"comment_status":"open","ping_status":"closed","sticky":false,"template":"","format":"standard","meta":{"footnotes":""},"categories":[3,10],"tags":[43,47,44],"class_list":["post-37705","post","type-post","status-publish","format-standard","has-post-thumbnail","hentry","category-economie","category-toutes-les-actualites","tag-africa-press-2","tag-africa-press-senegal","tag-senegal-2"],"yoast_head":"<!-- This site is optimized with the Yoast SEO Premium plugin v26.1 (Yoast SEO v27.0) - https:\/\/yoast.com\/product\/yoast-seo-premium-wordpress\/ -->\n<title>BRT\u00a0: Le premier bus pr\u00e9sent\u00e9 au mois d\u2019avril (ministre) - Senegal<\/title>\n<meta name=\"description\" content=\"Le ministre des Infrastructures, des Transports terrestres et du De\u0301senclavement, Mansour Faye, a annoce\u0301, jeudi, que le ...\" \/>\n<meta name=\"robots\" content=\"index, follow, max-snippet:-1, max-image-preview:large, max-video-preview:-1\" \/>\n<link rel=\"canonical\" href=\"https:\/\/www.africa-press.net\/senegal\/economie\/brt-le-premier-bus-presente-au-mois-davril-ministre\" \/>\n<meta property=\"og:locale\" content=\"fr_FR\" \/>\n<meta property=\"og:type\" content=\"article\" \/>\n<meta property=\"og:title\" content=\"BRT\u00a0: Le premier bus pr\u00e9sent\u00e9 au mois d\u2019avril (ministre)\" \/>\n<meta property=\"og:description\" content=\"Le ministre des Infrastructures, des Transports terrestres et du De\u0301senclavement, Mansour Faye, a annoce\u0301, jeudi, que le ...\" \/>\n<meta property=\"og:url\" content=\"https:\/\/www.africa-press.net\/senegal\/economie\/brt-le-premier-bus-presente-au-mois-davril-ministre\" \/>\n<meta property=\"og:site_name\" content=\"Senegal\" \/>\n<meta property=\"article:published_time\" content=\"2023-01-06T20:53:23+00:00\" \/>\n<meta property=\"article:modified_time\" content=\"2023-01-06T21:36:23+00:00\" \/>\n<meta property=\"og:image\" content=\"https:\/\/static.africa-press.net\/senegal\/sites\/13\/2023\/01\/postQueueImg_1673025891.39.jpg\" \/>\n\t<meta property=\"og:image:width\" content=\"1620\" \/>\n\t<meta property=\"og:image:height\" content=\"925\" \/>\n\t<meta property=\"og:image:type\" content=\"image\/jpeg\" \/>\n<meta name=\"author\" content=\"cfeditorfr\" \/>\n<meta name=\"twitter:card\" content=\"summary_large_image\" \/>\n<meta name=\"twitter:label1\" content=\"\u00c9crit par\" \/>\n\t<meta name=\"twitter:data1\" content=\"cfeditorfr\" \/>\n\t<meta name=\"twitter:label2\" content=\"Dur\u00e9e de lecture estim\u00e9e\" \/>\n\t<meta name=\"twitter:data2\" content=\"2 minutes\" \/>\n<script type=\"application\/ld+json\" class=\"yoast-schema-graph\">{\"@context\":\"https:\/\/schema.org\",\"@graph\":[{\"@type\":\"Article\",\"@id\":\"https:\/\/www.africa-press.net\/senegal\/economie\/brt-le-premier-bus-presente-au-mois-davril-ministre#article\",\"isPartOf\":{\"@id\":\"https:\/\/www.africa-press.net\/senegal\/economie\/brt-le-premier-bus-presente-au-mois-davril-ministre\"},\"author\":{\"name\":\"cfeditorfr\",\"@id\":\"https:\/\/www.africa-press.net\/senegal\/#\/schema\/person\/2b1cf3cd81a31e3cd26889ca66d677f1\"},\"headline\":\"BRT\u00a0: Le premier bus pr\u00e9sent\u00e9 au mois d\u2019avril (ministre)\",\"datePublished\":\"2023-01-06T20:53:23+00:00\",\"dateModified\":\"2023-01-06T21:36:23+00:00\",\"mainEntityOfPage\":{\"@id\":\"https:\/\/www.africa-press.net\/senegal\/economie\/brt-le-premier-bus-presente-au-mois-davril-ministre\"},\"wordCount\":357,\"commentCount\":0,\"image\":{\"@id\":\"https:\/\/www.africa-press.net\/senegal\/economie\/brt-le-premier-bus-presente-au-mois-davril-ministre#primaryimage\"},\"thumbnailUrl\":\"https:\/\/static.africa-press.net\/senegal\/sites\/13\/2023\/01\/postQueueImg_1673025891.39.jpg\",\"keywords\":[\"Africa Press\",\"Africa Press-Senegal\",\"Senegal\"],\"articleSection\":[\"\u00c9conomie\",\"Toutes les actualit\u00e9s\"],\"inLanguage\":\"fr-FR\",\"potentialAction\":[{\"@type\":\"CommentAction\",\"name\":\"Comment\",\"target\":[\"https:\/\/www.africa-press.net\/senegal\/economie\/brt-le-premier-bus-presente-au-mois-davril-ministre#respond\"]}]},{\"@type\":\"WebPage\",\"@id\":\"https:\/\/www.africa-press.net\/senegal\/economie\/brt-le-premier-bus-presente-au-mois-davril-ministre\",\"url\":\"https:\/\/www.africa-press.net\/senegal\/economie\/brt-le-premier-bus-presente-au-mois-davril-ministre\",\"name\":\"BRT\u00a0: Le premier bus pr\u00e9sent\u00e9 au mois d\u2019avril (ministre) - Senegal\",\"isPartOf\":{\"@id\":\"https:\/\/www.africa-press.net\/senegal\/#website\"},\"primaryImageOfPage\":{\"@id\":\"https:\/\/www.africa-press.net\/senegal\/economie\/brt-le-premier-bus-presente-au-mois-davril-ministre#primaryimage\"},\"image\":{\"@id\":\"https:\/\/www.africa-press.net\/senegal\/economie\/brt-le-premier-bus-presente-au-mois-davril-ministre#primaryimage\"},\"thumbnailUrl\":\"https:\/\/static.africa-press.net\/senegal\/sites\/13\/2023\/01\/postQueueImg_1673025891.39.jpg\",\"datePublished\":\"2023-01-06T20:53:23+00:00\",\"dateModified\":\"2023-01-06T21:36:23+00:00\",\"author\":{\"@id\":\"https:\/\/www.africa-press.net\/senegal\/#\/schema\/person\/2b1cf3cd81a31e3cd26889ca66d677f1\"},\"description\":\"Le ministre des Infrastructures, des Transports terrestres et du De\u0301senclavement, Mansour Faye, a annoce\u0301, jeudi, que le ...\",\"breadcrumb\":{\"@id\":\"https:\/\/www.africa-press.net\/senegal\/economie\/brt-le-premier-bus-presente-au-mois-davril-ministre#breadcrumb\"},\"inLanguage\":\"fr-FR\",\"potentialAction\":[{\"@type\":\"ReadAction\",\"target\":[\"https:\/\/www.africa-press.net\/senegal\/economie\/brt-le-premier-bus-presente-au-mois-davril-ministre\"]}]},{\"@type\":\"ImageObject\",\"inLanguage\":\"fr-FR\",\"@id\":\"https:\/\/www.africa-press.net\/senegal\/economie\/brt-le-premier-bus-presente-au-mois-davril-ministre#primaryimage\",\"url\":\"https:\/\/static.africa-press.net\/senegal\/sites\/13\/2023\/01\/postQueueImg_1673025891.39.jpg\",\"contentUrl\":\"https:\/\/static.africa-press.net\/senegal\/sites\/13\/2023\/01\/postQueueImg_1673025891.39.jpg\",\"width\":1620,\"height\":925,\"caption\":\"BRT\u00a0: Le premier bus pr\u00e9sent\u00e9 au mois d\u2019avril (ministre)\"},{\"@type\":\"BreadcrumbList\",\"@id\":\"https:\/\/www.africa-press.net\/senegal\/economie\/brt-le-premier-bus-presente-au-mois-davril-ministre#breadcrumb\",\"itemListElement\":[{\"@type\":\"ListItem\",\"position\":1,\"name\":\"Accueil\",\"item\":\"https:\/\/www.africa-press.net\/senegal\/\"},{\"@type\":\"ListItem\",\"position\":2,\"name\":\"BRT\u00a0: Le premier bus pr\u00e9sent\u00e9 au mois d\u2019avril (ministre)\"}]},{\"@type\":\"WebSite\",\"@id\":\"https:\/\/www.africa-press.net\/senegal\/#website\",\"url\":\"https:\/\/www.africa-press.net\/senegal\/\",\"name\":\"Africa Press | Senegal | Homepage\",\"description\":\"Just another Africa News Agency Sites site\",\"potentialAction\":[{\"@type\":\"SearchAction\",\"target\":{\"@type\":\"EntryPoint\",\"urlTemplate\":\"https:\/\/www.africa-press.net\/senegal\/?s={search_term_string}\"},\"query-input\":{\"@type\":\"PropertyValueSpecification\",\"valueRequired\":true,\"valueName\":\"search_term_string\"}}],\"inLanguage\":\"fr-FR\"},{\"@type\":\"Person\",\"@id\":\"https:\/\/www.africa-press.net\/senegal\/#\/schema\/person\/2b1cf3cd81a31e3cd26889ca66d677f1\",\"name\":\"cfeditorfr\",\"url\":\"https:\/\/www.africa-press.net\/senegal\/author\/cfeditorfr\"}]}<\/script>\n<!-- \/ Yoast SEO Premium plugin. -->","yoast_head_json":{"title":"BRT\u00a0: Le premier bus pr\u00e9sent\u00e9 au mois d\u2019avril (ministre) - Senegal","description":"Le ministre des Infrastructures, des Transports terrestres et du De\u0301senclavement, Mansour Faye, a annoce\u0301, jeudi, que le ...","robots":{"index":"index","follow":"follow","max-snippet":"max-snippet:-1","max-image-preview":"max-image-preview:large","max-video-preview":"max-video-preview:-1"},"canonical":"https:\/\/www.africa-press.net\/senegal\/economie\/brt-le-premier-bus-presente-au-mois-davril-ministre","og_locale":"fr_FR","og_type":"article","og_title":"BRT\u00a0: Le premier bus pr\u00e9sent\u00e9 au mois d\u2019avril (ministre)","og_description":"Le ministre des Infrastructures, des Transports terrestres et du De\u0301senclavement, Mansour Faye, a annoce\u0301, jeudi, que le ...","og_url":"https:\/\/www.africa-press.net\/senegal\/economie\/brt-le-premier-bus-presente-au-mois-davril-ministre","og_site_name":"Senegal","article_published_time":"2023-01-06T20:53:23+00:00","article_modified_time":"2023-01-06T21:36:23+00:00","og_image":[{"width":1620,"height":925,"url":"https:\/\/static.africa-press.net\/senegal\/sites\/13\/2023\/01\/postQueueImg_1673025891.39.jpg","type":"image\/jpeg"}],"author":"cfeditorfr","twitter_card":"summary_large_image","twitter_misc":{"\u00c9crit par":"cfeditorfr","Dur\u00e9e de lecture estim\u00e9e":"2 minutes"},"schema":{"@context":"https:\/\/schema.org","@graph":[{"@type":"Article","@id":"https:\/\/www.africa-press.net\/senegal\/economie\/brt-le-premier-bus-presente-au-mois-davril-ministre#article","isPartOf":{"@id":"https:\/\/www.africa-press.net\/senegal\/economie\/brt-le-premier-bus-presente-au-mois-davril-ministre"},"author":{"name":"cfeditorfr","@id":"https:\/\/www.africa-press.net\/senegal\/#\/schema\/person\/2b1cf3cd81a31e3cd26889ca66d677f1"},"headline":"BRT\u00a0: Le premier bus pr\u00e9sent\u00e9 au mois d\u2019avril (ministre)","datePublished":"2023-01-06T20:53:23+00:00","dateModified":"2023-01-06T21:36:23+00:00","mainEntityOfPage":{"@id":"https:\/\/www.africa-press.net\/senegal\/economie\/brt-le-premier-bus-presente-au-mois-davril-ministre"},"wordCount":357,"commentCount":0,"image":{"@id":"https:\/\/www.africa-press.net\/senegal\/economie\/brt-le-premier-bus-presente-au-mois-davril-ministre#primaryimage"},"thumbnailUrl":"https:\/\/static.africa-press.net\/senegal\/sites\/13\/2023\/01\/postQueueImg_1673025891.39.jpg","keywords":["Africa Press","Africa Press-Senegal","Senegal"],"articleSection":["\u00c9conomie","Toutes les actualit\u00e9s"],"inLanguage":"fr-FR","potentialAction":[{"@type":"CommentAction","name":"Comment","target":["https:\/\/www.africa-press.net\/senegal\/economie\/brt-le-premier-bus-presente-au-mois-davril-ministre#respond"]}]},{"@type":"WebPage","@id":"https:\/\/www.africa-press.net\/senegal\/economie\/brt-le-premier-bus-presente-au-mois-davril-ministre","url":"https:\/\/www.africa-press.net\/senegal\/economie\/brt-le-premier-bus-presente-au-mois-davril-ministre","name":"BRT\u00a0: Le premier bus pr\u00e9sent\u00e9 au mois d\u2019avril (ministre) - Senegal","isPartOf":{"@id":"https:\/\/www.africa-press.net\/senegal\/#website"},"primaryImageOfPage":{"@id":"https:\/\/www.africa-press.net\/senegal\/economie\/brt-le-premier-bus-presente-au-mois-davril-ministre#primaryimage"},"image":{"@id":"https:\/\/www.africa-press.net\/senegal\/economie\/brt-le-premier-bus-presente-au-mois-davril-ministre#primaryimage"},"thumbnailUrl":"https:\/\/static.africa-press.net\/senegal\/sites\/13\/2023\/01\/postQueueImg_1673025891.39.jpg","datePublished":"2023-01-06T20:53:23+00:00","dateModified":"2023-01-06T21:36:23+00:00","author":{"@id":"https:\/\/www.africa-press.net\/senegal\/#\/schema\/person\/2b1cf3cd81a31e3cd26889ca66d677f1"},"description":"Le ministre des Infrastructures, des Transports terrestres et du De\u0301senclavement, Mansour Faye, a annoce\u0301, jeudi, que le ...","breadcrumb":{"@id":"https:\/\/www.africa-press.net\/senegal\/economie\/brt-le-premier-bus-presente-au-mois-davril-ministre#breadcrumb"},"inLanguage":"fr-FR","potentialAction":[{"@type":"ReadAction","target":["https:\/\/www.africa-press.net\/senegal\/economie\/brt-le-premier-bus-presente-au-mois-davril-ministre"]}]},{"@type":"ImageObject","inLanguage":"fr-FR","@id":"https:\/\/www.africa-press.net\/senegal\/economie\/brt-le-premier-bus-presente-au-mois-davril-ministre#primaryimage","url":"https:\/\/static.africa-press.net\/senegal\/sites\/13\/2023\/01\/postQueueImg_1673025891.39.jpg","contentUrl":"https:\/\/static.africa-press.net\/senegal\/sites\/13\/2023\/01\/postQueueImg_1673025891.39.jpg","width":1620,"height":925,"caption":"BRT\u00a0: Le premier bus pr\u00e9sent\u00e9 au mois d\u2019avril (ministre)"},{"@type":"BreadcrumbList","@id":"https:\/\/www.africa-press.net\/senegal\/economie\/brt-le-premier-bus-presente-au-mois-davril-ministre#breadcrumb","itemListElement":[{"@type":"ListItem","position":1,"name":"Accueil","item":"https:\/\/www.africa-press.net\/senegal\/"},{"@type":"ListItem","position":2,"name":"BRT\u00a0: Le premier bus pr\u00e9sent\u00e9 au mois d\u2019avril (ministre)"}]},{"@type":"WebSite","@id":"https:\/\/www.africa-press.net\/senegal\/#website","url":"https:\/\/www.africa-press.net\/senegal\/","name":"Africa Press | Senegal | Homepage","description":"Just another Africa News Agency Sites site","potentialAction":[{"@type":"SearchAction","target":{"@type":"EntryPoint","urlTemplate":"https:\/\/www.africa-press.net\/senegal\/?s={search_term_string}"},"query-input":{"@type":"PropertyValueSpecification","valueRequired":true,"valueName":"search_term_string"}}],"inLanguage":"fr-FR"},{"@type":"Person","@id":"https:\/\/www.africa-press.net\/senegal\/#\/schema\/person\/2b1cf3cd81a31e3cd26889ca66d677f1","name":"cfeditorfr","url":"https:\/\/www.africa-press.net\/senegal\/author\/cfeditorfr"}]}},"_links":{"self":[{"href":"https:\/\/www.africa-press.net\/senegal\/wp-json\/wp\/v2\/posts\/37705","targetHints":{"allow":["GET"]}}],"collection":[{"href":"https:\/\/www.africa-press.net\/senegal\/wp-json\/wp\/v2\/posts"}],"about":[{"href":"https:\/\/www.africa-press.net\/senegal\/wp-json\/wp\/v2\/types\/post"}],"author":[{"embeddable":true,"href":"https:\/\/www.africa-press.net\/senegal\/wp-json\/wp\/v2\/users\/82"}],"replies":[{"embeddable":true,"href":"https:\/\/www.africa-press.net\/senegal\/wp-json\/wp\/v2\/comments?post=37705"}],"version-history":[{"count":0,"href":"https:\/\/www.africa-press.net\/senegal\/wp-json\/wp\/v2\/posts\/37705\/revisions"}],"wp:featuredmedia":[{"embeddable":true,"href":"https:\/\/www.africa-press.net\/senegal\/wp-json\/wp\/v2\/media\/37704"}],"wp:attachment":[{"href":"https:\/\/www.africa-press.net\/senegal\/wp-json\/wp\/v2\/media?parent=37705"}],"wp:term":[{"taxonomy":"category","embeddable":true,"href":"https:\/\/www.africa-press.net\/senegal\/wp-json\/wp\/v2\/categories?post=37705"},{"taxonomy":"post_tag","embeddable":true,"href":"https:\/\/www.africa-press.net\/senegal\/wp-json\/wp\/v2\/tags?post=37705"}],"curies":[{"name":"wp","href":"https:\/\/api.w.org\/{rel}","templated":true}]}}