{"id":37708,"date":"2023-01-06T20:55:14","date_gmt":"2023-01-06T20:55:14","guid":{"rendered":"https:\/\/www.africa-press.net\/senegal\/politique\/300-nouveaux-taxis-de-proximite-pour-ameliorer-la-mobilite-urbaine-a-dakar"},"modified":"2023-01-06T21:37:02","modified_gmt":"2023-01-06T21:37:02","slug":"300-nouveaux-taxis-de-proximite-pour-ameliorer-la-mobilite-urbaine-a-dakar","status":"publish","type":"post","link":"https:\/\/www.africa-press.net\/senegal\/toutes-les-actualites\/300-nouveaux-taxis-de-proximite-pour-ameliorer-la-mobilite-urbaine-a-dakar","title":{"rendered":"300 nouveaux taxis de proximit\u00e9 pour am\u00e9liorer la mobilit\u00e9 urbaine \u00e0 Dakar"},"content":{"rendered":"<p><span style=\"color: #ff6600\"><strong>Africa-Press &#8211; Senegal. <\/strong><\/span>Le ministre des Infrastructures, des Transports terrestres et du De\u0301senclavement, Mansour Faye, a remis, jeudi, a\u0300 des transporteurs dakarois les cle\u0301s de 300 taxis de proximite\u0301, lanc\u0327ant ainsi la troisie\u0300me phase du renouvellement du parc automobile urbain et interurbain.<\/p>\n<p>\u2018\u2019Cette initiative de\u0301coule de la volonte\u0301 de l\u2019Etat, a\u0300 travers le Plan Se\u0301ne\u0301gal e\u0301mergent, de renouveler le parc automobile au niveau urbain et interurbain\u2019&rsquo;, a-t-il explique\u0301 en marge de cette ce\u0301re\u0301monie organise\u0301e par le Conseil exe\u0301cutif des transports urbains de Dakar (CETUD).<\/p>\n<p>Selon le ministre, cette initiative s\u2019inscrit \u2018\u2019dans le cadre de la modernisation des services de transport terrestre que l\u2019Etat du Se\u0301ne\u0301gal a entrepris depuis 2005\u2019\u2019.<\/p>\n<p>Il estime que \u2018\u2019ce projet va encourager la mutation ou la transformation du transport ille\u0301gal ou irre\u0301gulier vers le transport le\u0301gal et re\u0301gulier\u2019\u2019.<\/p>\n<p>Cette troisie\u0300me phase porte sur 300 ve\u0301hicules de 8 places, pour un cou\u0302t d\u2019acquisition unitaire de 8 millions 480 mille FCFA.<\/p>\n<p>\u2018\u2019Je souhaite vivement que cette initiative se poursuive. Il est important que les prive\u0301es se mettent dans cette dynamique pour accompagner l\u2019Etat du Se\u0301ne\u0301gal dans la modernisation du transport terrestre\u2019\u2019, a indique\u0301 le ministre.<\/p>\n<p>Il a promis que \u2018\u2019l\u2019Etat du Se\u0301ne\u0301gal mettra en place les moyens et les me\u0301canismes ne\u0301cessaires comme le fait le CETUD dans le transport urbain\u2019\u2019. Mais, il estime que \u2018\u2019c\u2019est l\u2019initiative prive\u0301e qui nous permettra de faire ce grand bond en avant\u2019\u2019.<\/p>\n<p>Le ministre a souligne\u0301 que \u2018\u2019c\u2019est pour cela\u2019\u2019 qu\u2019\u2019\u2019 il faut accompagner ce genre d&rsquo;initiative et leur accorder une discrimination positive\u2019\u2019.<\/p>\n<p>Mansour Faye a assure\u0301 qu\u2019\u2019\u2019avec ces nouveaux ve\u0301hicules, la se\u0301curite\u0301 des usagers est garantie, mais aussi le transport s\u2019effectuera de manie\u0300re re\u0301gulie\u0300re\u2019\u2019.<\/p>\n<p>Khadija Ndiaye, la Secre\u0301taire ge\u0301ne\u0301ral du GIE du projet \u2018\u2019de\u0301senclavement- mobilite\u0301 et facilite\u0301 a\u0300 Yoff\u2019\u2019 a rec\u0327u un lot de 6 taxis sur 25 attendus et se dit satisfaite de cette initiative qui pourra ame\u0301liorer le transport urbain a\u0300 Yoff.<\/p>\n<p>\u2018\u2019L\u2019objectif de ce projet est d\u2019ame\u0301liorer le transport de proximite\u0301. Connaissant Yoff qui est un peu enclave\u0301, ce moyen de transport qui respecte les principes de l\u2019environnement, va faciliter le de\u0301placement de populations\u2019, s&rsquo;est-elle re\u0301jouie.<\/p>\n<p>Selon un document remis a\u0300 la presse, l\u2019objectif de cette troisie\u0300me phase est d\u2019ame\u0301liorer les conditions de de\u0301placement des populations par la mise en place d\u2019un syste\u0300me de transport par taxis collectifs et de comple\u0301ter le maillage du re\u0301seau de transport en commun dans les zones suburbaines de la banlieue dakaroise.<\/p>\n<p>Ce projet vise, en outre, a\u0300 e\u0301radiquer les taxis clandestins et les ve\u0301hicules de transport ve\u0301tustes, a\u0300 Dakar, et dans les re\u0301gions. Son objectif est aussi de re\u0301duire l\u2019inse\u0301curite\u0301 routie\u0300re, diminuer la pollution environnementale lie\u0301e au transport routier mais e\u0301galement de\u0301finir un re\u0301seau de transport moderne comprenant des lignes dans la banlieue et comple\u0301mentaire aux re\u0301seaux de\u0301ja\u0300 existants.<\/p>\n<p><strong>Pour plus d&rsquo;informations et d&rsquo;analyses sur la <a href=\"https:\/\/www.africa-press.net\/senegal\">Senegal<\/a>, suivez <a href=\"https:\/\/www.africa-press.net\/\">Africa-Press<\/a><\/strong><\/p>\n","protected":false},"excerpt":{"rendered":"<p>Africa-Press &#8211; Senegal. Le ministre des Infrastructures, des Transports terrestres et du De\u0301senclavement, Mansour Faye, a remis, jeudi, a\u0300 des transporteurs dakarois les cle\u0301s de 300 taxis de proximite\u0301, lanc\u0327ant ainsi la troisie\u0300me phase du renouvellement du parc automobile urbain et interurbain. \u2018\u2019Cette initiative de\u0301coule de la volonte\u0301 de l\u2019Etat, a\u0300 travers le Plan Se\u0301ne\u0301gal [&hellip;]<\/p>\n","protected":false},"author":82,"featured_media":37707,"comment_status":"open","ping_status":"closed","sticky":false,"template":"","format":"standard","meta":{"footnotes":""},"categories":[21,10],"tags":[43,47,44],"class_list":["post-37708","post","type-post","status-publish","format-standard","has-post-thumbnail","hentry","category-communaute","category-toutes-les-actualites","tag-africa-press-2","tag-africa-press-senegal","tag-senegal-2"],"yoast_head":"<!-- This site is optimized with the Yoast SEO Premium plugin v26.1 (Yoast SEO v27.0) - https:\/\/yoast.com\/product\/yoast-seo-premium-wordpress\/ -->\n<title>300 nouveaux taxis de proximit\u00e9 pour am\u00e9liorer la mobilit\u00e9 urbaine \u00e0 Dakar - Senegal<\/title>\n<meta name=\"description\" content=\"Le ministre des Infrastructures, des Transports terrestres et du De\u0301senclavement, Mansour Faye, a remis, jeudi, a\u0300 des t ...\" \/>\n<meta name=\"robots\" content=\"index, follow, max-snippet:-1, max-image-preview:large, max-video-preview:-1\" \/>\n<link rel=\"canonical\" href=\"https:\/\/www.africa-press.net\/senegal\/toutes-les-actualites\/300-nouveaux-taxis-de-proximite-pour-ameliorer-la-mobilite-urbaine-a-dakar\" \/>\n<meta property=\"og:locale\" content=\"fr_FR\" \/>\n<meta property=\"og:type\" content=\"article\" \/>\n<meta property=\"og:title\" content=\"300 nouveaux taxis de proximit\u00e9 pour am\u00e9liorer la mobilit\u00e9 urbaine \u00e0 Dakar\" \/>\n<meta property=\"og:description\" content=\"Le ministre des Infrastructures, des Transports terrestres et du De\u0301senclavement, Mansour Faye, a remis, jeudi, a\u0300 des t ...\" \/>\n<meta property=\"og:url\" content=\"https:\/\/www.africa-press.net\/senegal\/toutes-les-actualites\/300-nouveaux-taxis-de-proximite-pour-ameliorer-la-mobilite-urbaine-a-dakar\" \/>\n<meta property=\"og:site_name\" content=\"Senegal\" \/>\n<meta property=\"article:published_time\" content=\"2023-01-06T20:55:14+00:00\" \/>\n<meta property=\"article:modified_time\" content=\"2023-01-06T21:37:02+00:00\" \/>\n<meta property=\"og:image\" content=\"https:\/\/static.africa-press.net\/senegal\/sites\/13\/2023\/01\/postQueueImg_1673025988.92.jpg\" \/>\n\t<meta property=\"og:image:width\" content=\"1280\" \/>\n\t<meta property=\"og:image:height\" content=\"720\" \/>\n\t<meta property=\"og:image:type\" content=\"image\/jpeg\" \/>\n<meta name=\"author\" content=\"cfeditorfr\" \/>\n<meta name=\"twitter:card\" content=\"summary_large_image\" \/>\n<meta name=\"twitter:label1\" content=\"\u00c9crit par\" \/>\n\t<meta name=\"twitter:data1\" content=\"cfeditorfr\" \/>\n\t<meta name=\"twitter:label2\" content=\"Dur\u00e9e de lecture estim\u00e9e\" \/>\n\t<meta name=\"twitter:data2\" content=\"3 minutes\" \/>\n<script type=\"application\/ld+json\" class=\"yoast-schema-graph\">{\"@context\":\"https:\/\/schema.org\",\"@graph\":[{\"@type\":\"Article\",\"@id\":\"https:\/\/www.africa-press.net\/senegal\/toutes-les-actualites\/300-nouveaux-taxis-de-proximite-pour-ameliorer-la-mobilite-urbaine-a-dakar#article\",\"isPartOf\":{\"@id\":\"https:\/\/www.africa-press.net\/senegal\/toutes-les-actualites\/300-nouveaux-taxis-de-proximite-pour-ameliorer-la-mobilite-urbaine-a-dakar\"},\"author\":{\"name\":\"cfeditorfr\",\"@id\":\"https:\/\/www.africa-press.net\/senegal\/#\/schema\/person\/2b1cf3cd81a31e3cd26889ca66d677f1\"},\"headline\":\"300 nouveaux taxis de proximit\u00e9 pour am\u00e9liorer la mobilit\u00e9 urbaine \u00e0 Dakar\",\"datePublished\":\"2023-01-06T20:55:14+00:00\",\"dateModified\":\"2023-01-06T21:37:02+00:00\",\"mainEntityOfPage\":{\"@id\":\"https:\/\/www.africa-press.net\/senegal\/toutes-les-actualites\/300-nouveaux-taxis-de-proximite-pour-ameliorer-la-mobilite-urbaine-a-dakar\"},\"wordCount\":554,\"commentCount\":0,\"image\":{\"@id\":\"https:\/\/www.africa-press.net\/senegal\/toutes-les-actualites\/300-nouveaux-taxis-de-proximite-pour-ameliorer-la-mobilite-urbaine-a-dakar#primaryimage\"},\"thumbnailUrl\":\"https:\/\/static.africa-press.net\/senegal\/sites\/13\/2023\/01\/postQueueImg_1673025988.92.jpg\",\"keywords\":[\"Africa Press\",\"Africa Press-Senegal\",\"Senegal\"],\"articleSection\":[\"Communaut\u00e9\",\"Toutes les actualit\u00e9s\"],\"inLanguage\":\"fr-FR\",\"potentialAction\":[{\"@type\":\"CommentAction\",\"name\":\"Comment\",\"target\":[\"https:\/\/www.africa-press.net\/senegal\/toutes-les-actualites\/300-nouveaux-taxis-de-proximite-pour-ameliorer-la-mobilite-urbaine-a-dakar#respond\"]}]},{\"@type\":\"WebPage\",\"@id\":\"https:\/\/www.africa-press.net\/senegal\/toutes-les-actualites\/300-nouveaux-taxis-de-proximite-pour-ameliorer-la-mobilite-urbaine-a-dakar\",\"url\":\"https:\/\/www.africa-press.net\/senegal\/toutes-les-actualites\/300-nouveaux-taxis-de-proximite-pour-ameliorer-la-mobilite-urbaine-a-dakar\",\"name\":\"300 nouveaux taxis de proximit\u00e9 pour am\u00e9liorer la mobilit\u00e9 urbaine \u00e0 Dakar - Senegal\",\"isPartOf\":{\"@id\":\"https:\/\/www.africa-press.net\/senegal\/#website\"},\"primaryImageOfPage\":{\"@id\":\"https:\/\/www.africa-press.net\/senegal\/toutes-les-actualites\/300-nouveaux-taxis-de-proximite-pour-ameliorer-la-mobilite-urbaine-a-dakar#primaryimage\"},\"image\":{\"@id\":\"https:\/\/www.africa-press.net\/senegal\/toutes-les-actualites\/300-nouveaux-taxis-de-proximite-pour-ameliorer-la-mobilite-urbaine-a-dakar#primaryimage\"},\"thumbnailUrl\":\"https:\/\/static.africa-press.net\/senegal\/sites\/13\/2023\/01\/postQueueImg_1673025988.92.jpg\",\"datePublished\":\"2023-01-06T20:55:14+00:00\",\"dateModified\":\"2023-01-06T21:37:02+00:00\",\"author\":{\"@id\":\"https:\/\/www.africa-press.net\/senegal\/#\/schema\/person\/2b1cf3cd81a31e3cd26889ca66d677f1\"},\"description\":\"Le ministre des Infrastructures, des Transports terrestres et du De\u0301senclavement, Mansour Faye, a remis, jeudi, a\u0300 des t ...\",\"breadcrumb\":{\"@id\":\"https:\/\/www.africa-press.net\/senegal\/toutes-les-actualites\/300-nouveaux-taxis-de-proximite-pour-ameliorer-la-mobilite-urbaine-a-dakar#breadcrumb\"},\"inLanguage\":\"fr-FR\",\"potentialAction\":[{\"@type\":\"ReadAction\",\"target\":[\"https:\/\/www.africa-press.net\/senegal\/toutes-les-actualites\/300-nouveaux-taxis-de-proximite-pour-ameliorer-la-mobilite-urbaine-a-dakar\"]}]},{\"@type\":\"ImageObject\",\"inLanguage\":\"fr-FR\",\"@id\":\"https:\/\/www.africa-press.net\/senegal\/toutes-les-actualites\/300-nouveaux-taxis-de-proximite-pour-ameliorer-la-mobilite-urbaine-a-dakar#primaryimage\",\"url\":\"https:\/\/static.africa-press.net\/senegal\/sites\/13\/2023\/01\/postQueueImg_1673025988.92.jpg\",\"contentUrl\":\"https:\/\/static.africa-press.net\/senegal\/sites\/13\/2023\/01\/postQueueImg_1673025988.92.jpg\",\"width\":1280,\"height\":720,\"caption\":\"300 nouveaux taxis de proximit\u00e9 pour am\u00e9liorer la mobilit\u00e9 urbaine \u00e0 Dakar\"},{\"@type\":\"BreadcrumbList\",\"@id\":\"https:\/\/www.africa-press.net\/senegal\/toutes-les-actualites\/300-nouveaux-taxis-de-proximite-pour-ameliorer-la-mobilite-urbaine-a-dakar#breadcrumb\",\"itemListElement\":[{\"@type\":\"ListItem\",\"position\":1,\"name\":\"Accueil\",\"item\":\"https:\/\/www.africa-press.net\/senegal\/\"},{\"@type\":\"ListItem\",\"position\":2,\"name\":\"300 nouveaux taxis de proximit\u00e9 pour am\u00e9liorer la mobilit\u00e9 urbaine \u00e0 Dakar\"}]},{\"@type\":\"WebSite\",\"@id\":\"https:\/\/www.africa-press.net\/senegal\/#website\",\"url\":\"https:\/\/www.africa-press.net\/senegal\/\",\"name\":\"Africa Press | Senegal | Homepage\",\"description\":\"Just another Africa News Agency Sites site\",\"potentialAction\":[{\"@type\":\"SearchAction\",\"target\":{\"@type\":\"EntryPoint\",\"urlTemplate\":\"https:\/\/www.africa-press.net\/senegal\/?s={search_term_string}\"},\"query-input\":{\"@type\":\"PropertyValueSpecification\",\"valueRequired\":true,\"valueName\":\"search_term_string\"}}],\"inLanguage\":\"fr-FR\"},{\"@type\":\"Person\",\"@id\":\"https:\/\/www.africa-press.net\/senegal\/#\/schema\/person\/2b1cf3cd81a31e3cd26889ca66d677f1\",\"name\":\"cfeditorfr\",\"url\":\"https:\/\/www.africa-press.net\/senegal\/author\/cfeditorfr\"}]}<\/script>\n<!-- \/ Yoast SEO Premium plugin. -->","yoast_head_json":{"title":"300 nouveaux taxis de proximit\u00e9 pour am\u00e9liorer la mobilit\u00e9 urbaine \u00e0 Dakar - Senegal","description":"Le ministre des Infrastructures, des Transports terrestres et du De\u0301senclavement, Mansour Faye, a remis, jeudi, a\u0300 des t ...","robots":{"index":"index","follow":"follow","max-snippet":"max-snippet:-1","max-image-preview":"max-image-preview:large","max-video-preview":"max-video-preview:-1"},"canonical":"https:\/\/www.africa-press.net\/senegal\/toutes-les-actualites\/300-nouveaux-taxis-de-proximite-pour-ameliorer-la-mobilite-urbaine-a-dakar","og_locale":"fr_FR","og_type":"article","og_title":"300 nouveaux taxis de proximit\u00e9 pour am\u00e9liorer la mobilit\u00e9 urbaine \u00e0 Dakar","og_description":"Le ministre des Infrastructures, des Transports terrestres et du De\u0301senclavement, Mansour Faye, a remis, jeudi, a\u0300 des t ...","og_url":"https:\/\/www.africa-press.net\/senegal\/toutes-les-actualites\/300-nouveaux-taxis-de-proximite-pour-ameliorer-la-mobilite-urbaine-a-dakar","og_site_name":"Senegal","article_published_time":"2023-01-06T20:55:14+00:00","article_modified_time":"2023-01-06T21:37:02+00:00","og_image":[{"width":1280,"height":720,"url":"https:\/\/static.africa-press.net\/senegal\/sites\/13\/2023\/01\/postQueueImg_1673025988.92.jpg","type":"image\/jpeg"}],"author":"cfeditorfr","twitter_card":"summary_large_image","twitter_misc":{"\u00c9crit par":"cfeditorfr","Dur\u00e9e de lecture estim\u00e9e":"3 minutes"},"schema":{"@context":"https:\/\/schema.org","@graph":[{"@type":"Article","@id":"https:\/\/www.africa-press.net\/senegal\/toutes-les-actualites\/300-nouveaux-taxis-de-proximite-pour-ameliorer-la-mobilite-urbaine-a-dakar#article","isPartOf":{"@id":"https:\/\/www.africa-press.net\/senegal\/toutes-les-actualites\/300-nouveaux-taxis-de-proximite-pour-ameliorer-la-mobilite-urbaine-a-dakar"},"author":{"name":"cfeditorfr","@id":"https:\/\/www.africa-press.net\/senegal\/#\/schema\/person\/2b1cf3cd81a31e3cd26889ca66d677f1"},"headline":"300 nouveaux taxis de proximit\u00e9 pour am\u00e9liorer la mobilit\u00e9 urbaine \u00e0 Dakar","datePublished":"2023-01-06T20:55:14+00:00","dateModified":"2023-01-06T21:37:02+00:00","mainEntityOfPage":{"@id":"https:\/\/www.africa-press.net\/senegal\/toutes-les-actualites\/300-nouveaux-taxis-de-proximite-pour-ameliorer-la-mobilite-urbaine-a-dakar"},"wordCount":554,"commentCount":0,"image":{"@id":"https:\/\/www.africa-press.net\/senegal\/toutes-les-actualites\/300-nouveaux-taxis-de-proximite-pour-ameliorer-la-mobilite-urbaine-a-dakar#primaryimage"},"thumbnailUrl":"https:\/\/static.africa-press.net\/senegal\/sites\/13\/2023\/01\/postQueueImg_1673025988.92.jpg","keywords":["Africa Press","Africa Press-Senegal","Senegal"],"articleSection":["Communaut\u00e9","Toutes les actualit\u00e9s"],"inLanguage":"fr-FR","potentialAction":[{"@type":"CommentAction","name":"Comment","target":["https:\/\/www.africa-press.net\/senegal\/toutes-les-actualites\/300-nouveaux-taxis-de-proximite-pour-ameliorer-la-mobilite-urbaine-a-dakar#respond"]}]},{"@type":"WebPage","@id":"https:\/\/www.africa-press.net\/senegal\/toutes-les-actualites\/300-nouveaux-taxis-de-proximite-pour-ameliorer-la-mobilite-urbaine-a-dakar","url":"https:\/\/www.africa-press.net\/senegal\/toutes-les-actualites\/300-nouveaux-taxis-de-proximite-pour-ameliorer-la-mobilite-urbaine-a-dakar","name":"300 nouveaux taxis de proximit\u00e9 pour am\u00e9liorer la mobilit\u00e9 urbaine \u00e0 Dakar - Senegal","isPartOf":{"@id":"https:\/\/www.africa-press.net\/senegal\/#website"},"primaryImageOfPage":{"@id":"https:\/\/www.africa-press.net\/senegal\/toutes-les-actualites\/300-nouveaux-taxis-de-proximite-pour-ameliorer-la-mobilite-urbaine-a-dakar#primaryimage"},"image":{"@id":"https:\/\/www.africa-press.net\/senegal\/toutes-les-actualites\/300-nouveaux-taxis-de-proximite-pour-ameliorer-la-mobilite-urbaine-a-dakar#primaryimage"},"thumbnailUrl":"https:\/\/static.africa-press.net\/senegal\/sites\/13\/2023\/01\/postQueueImg_1673025988.92.jpg","datePublished":"2023-01-06T20:55:14+00:00","dateModified":"2023-01-06T21:37:02+00:00","author":{"@id":"https:\/\/www.africa-press.net\/senegal\/#\/schema\/person\/2b1cf3cd81a31e3cd26889ca66d677f1"},"description":"Le ministre des Infrastructures, des Transports terrestres et du De\u0301senclavement, Mansour Faye, a remis, jeudi, a\u0300 des t ...","breadcrumb":{"@id":"https:\/\/www.africa-press.net\/senegal\/toutes-les-actualites\/300-nouveaux-taxis-de-proximite-pour-ameliorer-la-mobilite-urbaine-a-dakar#breadcrumb"},"inLanguage":"fr-FR","potentialAction":[{"@type":"ReadAction","target":["https:\/\/www.africa-press.net\/senegal\/toutes-les-actualites\/300-nouveaux-taxis-de-proximite-pour-ameliorer-la-mobilite-urbaine-a-dakar"]}]},{"@type":"ImageObject","inLanguage":"fr-FR","@id":"https:\/\/www.africa-press.net\/senegal\/toutes-les-actualites\/300-nouveaux-taxis-de-proximite-pour-ameliorer-la-mobilite-urbaine-a-dakar#primaryimage","url":"https:\/\/static.africa-press.net\/senegal\/sites\/13\/2023\/01\/postQueueImg_1673025988.92.jpg","contentUrl":"https:\/\/static.africa-press.net\/senegal\/sites\/13\/2023\/01\/postQueueImg_1673025988.92.jpg","width":1280,"height":720,"caption":"300 nouveaux taxis de proximit\u00e9 pour am\u00e9liorer la mobilit\u00e9 urbaine \u00e0 Dakar"},{"@type":"BreadcrumbList","@id":"https:\/\/www.africa-press.net\/senegal\/toutes-les-actualites\/300-nouveaux-taxis-de-proximite-pour-ameliorer-la-mobilite-urbaine-a-dakar#breadcrumb","itemListElement":[{"@type":"ListItem","position":1,"name":"Accueil","item":"https:\/\/www.africa-press.net\/senegal\/"},{"@type":"ListItem","position":2,"name":"300 nouveaux taxis de proximit\u00e9 pour am\u00e9liorer la mobilit\u00e9 urbaine \u00e0 Dakar"}]},{"@type":"WebSite","@id":"https:\/\/www.africa-press.net\/senegal\/#website","url":"https:\/\/www.africa-press.net\/senegal\/","name":"Africa Press | Senegal | Homepage","description":"Just another Africa News Agency Sites site","potentialAction":[{"@type":"SearchAction","target":{"@type":"EntryPoint","urlTemplate":"https:\/\/www.africa-press.net\/senegal\/?s={search_term_string}"},"query-input":{"@type":"PropertyValueSpecification","valueRequired":true,"valueName":"search_term_string"}}],"inLanguage":"fr-FR"},{"@type":"Person","@id":"https:\/\/www.africa-press.net\/senegal\/#\/schema\/person\/2b1cf3cd81a31e3cd26889ca66d677f1","name":"cfeditorfr","url":"https:\/\/www.africa-press.net\/senegal\/author\/cfeditorfr"}]}},"_links":{"self":[{"href":"https:\/\/www.africa-press.net\/senegal\/wp-json\/wp\/v2\/posts\/37708","targetHints":{"allow":["GET"]}}],"collection":[{"href":"https:\/\/www.africa-press.net\/senegal\/wp-json\/wp\/v2\/posts"}],"about":[{"href":"https:\/\/www.africa-press.net\/senegal\/wp-json\/wp\/v2\/types\/post"}],"author":[{"embeddable":true,"href":"https:\/\/www.africa-press.net\/senegal\/wp-json\/wp\/v2\/users\/82"}],"replies":[{"embeddable":true,"href":"https:\/\/www.africa-press.net\/senegal\/wp-json\/wp\/v2\/comments?post=37708"}],"version-history":[{"count":0,"href":"https:\/\/www.africa-press.net\/senegal\/wp-json\/wp\/v2\/posts\/37708\/revisions"}],"wp:featuredmedia":[{"embeddable":true,"href":"https:\/\/www.africa-press.net\/senegal\/wp-json\/wp\/v2\/media\/37707"}],"wp:attachment":[{"href":"https:\/\/www.africa-press.net\/senegal\/wp-json\/wp\/v2\/media?parent=37708"}],"wp:term":[{"taxonomy":"category","embeddable":true,"href":"https:\/\/www.africa-press.net\/senegal\/wp-json\/wp\/v2\/categories?post=37708"},{"taxonomy":"post_tag","embeddable":true,"href":"https:\/\/www.africa-press.net\/senegal\/wp-json\/wp\/v2\/tags?post=37708"}],"curies":[{"name":"wp","href":"https:\/\/api.w.org\/{rel}","templated":true}]}}