{"id":37711,"date":"2023-01-06T20:56:41","date_gmt":"2023-01-06T20:56:41","guid":{"rendered":"https:\/\/www.africa-press.net\/senegal\/politique\/eliminatoires-can-u20-le-senegal-affronte-la-cote-divoire-le-28-janvier"},"modified":"2023-01-06T21:37:51","modified_gmt":"2023-01-06T21:37:51","slug":"eliminatoires-can-u20-le-senegal-affronte-la-cote-divoire-le-28-janvier","status":"publish","type":"post","link":"https:\/\/www.africa-press.net\/senegal\/sports\/eliminatoires-can-u20-le-senegal-affronte-la-cote-divoire-le-28-janvier","title":{"rendered":"Eliminatoires CAN U20 : le S\u00e9n\u00e9gal affronte la C\u00f4te d&rsquo;Ivoire, le 28 janvier"},"content":{"rendered":"<p><span style=\"color: #ff6600\"><strong>Africa-Press &#8211; Senegal. <\/strong><\/span>L&rsquo;e\u0301quipe nationale de rugby du Se\u0301ne\u0301gal des moins de 20 ans va affronter celle de la Co\u0302te d&rsquo;Ivoire le 28 janvier, en match comptant pour les e\u0301liminatoires de la Coupe d&rsquo;Afrique des nations de la cate\u0301gorie, de\u0301nomme\u0301e Trophe\u0301e Barthes, a annonce\u0301 le secre\u0301taire ge\u0301ne\u0301ral de la Fe\u0301de\u0301ration se\u0301ne\u0301galaise de la discipline, Oumar Diagne.<\/p>\n<p>Le match de repe\u0302chage des Lionceaux se tiendra au stade Lat-Dior de Thie\u0300s, a\u0300 une date non encore fixe\u0301e, a pre\u0301cise\u0301 M. Diagne, responsable de la commission d&rsquo;organisation des compe\u0301titions nationales (COCN).<\/p>\n<p>Dans un entretien paru vendredi dans le quotidien national Le Soleil, le charge\u0301 de communication de la FSR, Madiagne Niang, a de\u0301clare\u0301 que l&rsquo;objectif de l&rsquo;instance dirigeante de la discipline est de qualifier l&rsquo;e\u0301quipe nationale a\u0300 cette compe\u0301tition continentale. Le Se\u0301ne\u0301gal s&rsquo;e\u0301tait classe\u0301 troisie\u0300me lors des e\u0301ditions de 2019 et 2021.<\/p>\n<p>Le Trophe\u0301e Barthe\u0301s U20 est une compe\u0301tition re\u0301serve\u0301e aux joueurs de moins de 20 ans et organise\u0301e chaque anne\u0301e par Rugby Afrique.<\/p>\n<p>La premie\u0300re e\u0301dition organise\u0301e en 2007, en Ouganda, avait e\u0301te\u0301 remporte\u0301e par la Namibie.<\/p>\n<p>Le vainqueur du tournoi se qualifie pour le championnat du monde junior de l&rsquo;anne\u0301e suivante. L&rsquo;e\u0301dition de 2020 avait e\u0301te\u0301 reporte\u0301e en raison de la pande\u0301mie de Covid-19. L&rsquo;e\u0301quipe du Zimbabwe est la championne en titre.<\/p>\n<p>Le charge\u0301 de communication de la FSR a par ailleurs annonce\u0301 le de\u0301marrage prochain de la saison de rugby et des compe\u0301titions de la Coupe du Se\u0301ne\u0301gal, qui e\u0301taient a\u0300 l&rsquo;arre\u0302t depuis deux ans a\u0300 cause du Covid-19.<\/p>\n<p>\u00ab\u00a0Nous aurons ainsi beaucoup de matchs a\u0300 disputer. Si on y ajoute le championnat national U19 et les championnats re\u0301gionaux, on peut dire que la saison sera bien meuble\u0301e pour nos diffe\u0301rentes se\u0301lections nationales\u00a0\u00bb, a-t-il rassure\u0301.<\/p>\n<p>Il a toutefois regrette\u0301 le manque d&rsquo;infrastructures auquel est confronte\u0301e la Fe\u0301de\u0301ration se\u0301ne\u0301galaise de rugby pour tenir les championnats nationaux.<\/p>\n<p>\u00ab\u00a0Depuis le de\u0301but de la saison de football, a-t-il de\u0301plore\u0301, nous n&rsquo;arrivons pas a\u0300 avoir une confirmation pour organiser des rencontres au stade Iba-Mar-Diop. L&rsquo;enceinte est quasiment occupe\u0301e tous les week-end, par le championnat de football\u00a0\u00bb, a-t-il de\u0301plore\u0301.<\/p>\n<p><strong>Pour plus d&rsquo;informations et d&rsquo;analyses sur la <a href=\"https:\/\/www.africa-press.net\/senegal\">Senegal<\/a>, suivez <a href=\"https:\/\/www.africa-press.net\/\">Africa-Press<\/a><\/strong><\/p>\n","protected":false},"excerpt":{"rendered":"<p>Africa-Press &#8211; Senegal. L&rsquo;e\u0301quipe nationale de rugby du Se\u0301ne\u0301gal des moins de 20 ans va affronter celle de la Co\u0302te d&rsquo;Ivoire le 28 janvier, en match comptant pour les e\u0301liminatoires de la Coupe d&rsquo;Afrique des nations de la cate\u0301gorie, de\u0301nomme\u0301e Trophe\u0301e Barthes, a annonce\u0301 le secre\u0301taire ge\u0301ne\u0301ral de la Fe\u0301de\u0301ration se\u0301ne\u0301galaise de la discipline, Oumar [&hellip;]<\/p>\n","protected":false},"author":82,"featured_media":37710,"comment_status":"open","ping_status":"closed","sticky":false,"template":"","format":"standard","meta":{"footnotes":""},"categories":[6,10],"tags":[43,47,44],"class_list":["post-37711","post","type-post","status-publish","format-standard","has-post-thumbnail","hentry","category-sports","category-toutes-les-actualites","tag-africa-press-2","tag-africa-press-senegal","tag-senegal-2"],"yoast_head":"<!-- This site is optimized with the Yoast SEO Premium plugin v26.1 (Yoast SEO v27.0) - https:\/\/yoast.com\/product\/yoast-seo-premium-wordpress\/ -->\n<title>Eliminatoires CAN U20 : le S\u00e9n\u00e9gal affronte la C\u00f4te d&#039;Ivoire, le 28 janvier - Senegal<\/title>\n<meta name=\"description\" content=\"L&#039;e\u0301quipe nationale de rugby du Se\u0301ne\u0301gal des moins de 20 ans va affronter celle de la Co\u0302te d&#039;Ivoire le 28 janvier, en ...\" \/>\n<meta name=\"robots\" content=\"index, follow, max-snippet:-1, max-image-preview:large, max-video-preview:-1\" \/>\n<link rel=\"canonical\" href=\"https:\/\/www.africa-press.net\/senegal\/sports\/eliminatoires-can-u20-le-senegal-affronte-la-cote-divoire-le-28-janvier\" \/>\n<meta property=\"og:locale\" content=\"fr_FR\" \/>\n<meta property=\"og:type\" content=\"article\" \/>\n<meta property=\"og:title\" content=\"Eliminatoires CAN U20 : le S\u00e9n\u00e9gal affronte la C\u00f4te d&#039;Ivoire, le 28 janvier\" \/>\n<meta property=\"og:description\" content=\"L&#039;e\u0301quipe nationale de rugby du Se\u0301ne\u0301gal des moins de 20 ans va affronter celle de la Co\u0302te d&#039;Ivoire le 28 janvier, en ...\" \/>\n<meta property=\"og:url\" content=\"https:\/\/www.africa-press.net\/senegal\/sports\/eliminatoires-can-u20-le-senegal-affronte-la-cote-divoire-le-28-janvier\" \/>\n<meta property=\"og:site_name\" content=\"Senegal\" \/>\n<meta property=\"article:published_time\" content=\"2023-01-06T20:56:41+00:00\" \/>\n<meta property=\"article:modified_time\" content=\"2023-01-06T21:37:51+00:00\" \/>\n<meta property=\"og:image\" content=\"https:\/\/static.africa-press.net\/senegal\/sites\/13\/2023\/01\/postQueueImg_1673026054.58.jpg\" \/>\n\t<meta property=\"og:image:width\" content=\"1188\" \/>\n\t<meta property=\"og:image:height\" content=\"458\" \/>\n\t<meta property=\"og:image:type\" content=\"image\/jpeg\" \/>\n<meta name=\"author\" content=\"cfeditorfr\" \/>\n<meta name=\"twitter:card\" content=\"summary_large_image\" \/>\n<meta name=\"twitter:label1\" content=\"\u00c9crit par\" \/>\n\t<meta name=\"twitter:data1\" content=\"cfeditorfr\" \/>\n\t<meta name=\"twitter:label2\" content=\"Dur\u00e9e de lecture estim\u00e9e\" \/>\n\t<meta name=\"twitter:data2\" content=\"2 minutes\" \/>\n<script type=\"application\/ld+json\" class=\"yoast-schema-graph\">{\"@context\":\"https:\/\/schema.org\",\"@graph\":[{\"@type\":\"Article\",\"@id\":\"https:\/\/www.africa-press.net\/senegal\/sports\/eliminatoires-can-u20-le-senegal-affronte-la-cote-divoire-le-28-janvier#article\",\"isPartOf\":{\"@id\":\"https:\/\/www.africa-press.net\/senegal\/sports\/eliminatoires-can-u20-le-senegal-affronte-la-cote-divoire-le-28-janvier\"},\"author\":{\"name\":\"cfeditorfr\",\"@id\":\"https:\/\/www.africa-press.net\/senegal\/#\/schema\/person\/2b1cf3cd81a31e3cd26889ca66d677f1\"},\"headline\":\"Eliminatoires CAN U20 : le S\u00e9n\u00e9gal affronte la C\u00f4te d&rsquo;Ivoire, le 28 janvier\",\"datePublished\":\"2023-01-06T20:56:41+00:00\",\"dateModified\":\"2023-01-06T21:37:51+00:00\",\"mainEntityOfPage\":{\"@id\":\"https:\/\/www.africa-press.net\/senegal\/sports\/eliminatoires-can-u20-le-senegal-affronte-la-cote-divoire-le-28-janvier\"},\"wordCount\":444,\"commentCount\":0,\"image\":{\"@id\":\"https:\/\/www.africa-press.net\/senegal\/sports\/eliminatoires-can-u20-le-senegal-affronte-la-cote-divoire-le-28-janvier#primaryimage\"},\"thumbnailUrl\":\"https:\/\/static.africa-press.net\/senegal\/sites\/13\/2023\/01\/postQueueImg_1673026054.58.jpg\",\"keywords\":[\"Africa Press\",\"Africa Press-Senegal\",\"Senegal\"],\"articleSection\":[\"Sports\",\"Toutes les actualit\u00e9s\"],\"inLanguage\":\"fr-FR\",\"potentialAction\":[{\"@type\":\"CommentAction\",\"name\":\"Comment\",\"target\":[\"https:\/\/www.africa-press.net\/senegal\/sports\/eliminatoires-can-u20-le-senegal-affronte-la-cote-divoire-le-28-janvier#respond\"]}]},{\"@type\":\"WebPage\",\"@id\":\"https:\/\/www.africa-press.net\/senegal\/sports\/eliminatoires-can-u20-le-senegal-affronte-la-cote-divoire-le-28-janvier\",\"url\":\"https:\/\/www.africa-press.net\/senegal\/sports\/eliminatoires-can-u20-le-senegal-affronte-la-cote-divoire-le-28-janvier\",\"name\":\"Eliminatoires CAN U20 : le S\u00e9n\u00e9gal affronte la C\u00f4te d'Ivoire, le 28 janvier - Senegal\",\"isPartOf\":{\"@id\":\"https:\/\/www.africa-press.net\/senegal\/#website\"},\"primaryImageOfPage\":{\"@id\":\"https:\/\/www.africa-press.net\/senegal\/sports\/eliminatoires-can-u20-le-senegal-affronte-la-cote-divoire-le-28-janvier#primaryimage\"},\"image\":{\"@id\":\"https:\/\/www.africa-press.net\/senegal\/sports\/eliminatoires-can-u20-le-senegal-affronte-la-cote-divoire-le-28-janvier#primaryimage\"},\"thumbnailUrl\":\"https:\/\/static.africa-press.net\/senegal\/sites\/13\/2023\/01\/postQueueImg_1673026054.58.jpg\",\"datePublished\":\"2023-01-06T20:56:41+00:00\",\"dateModified\":\"2023-01-06T21:37:51+00:00\",\"author\":{\"@id\":\"https:\/\/www.africa-press.net\/senegal\/#\/schema\/person\/2b1cf3cd81a31e3cd26889ca66d677f1\"},\"description\":\"L'e\u0301quipe nationale de rugby du Se\u0301ne\u0301gal des moins de 20 ans va affronter celle de la Co\u0302te d'Ivoire le 28 janvier, en ...\",\"breadcrumb\":{\"@id\":\"https:\/\/www.africa-press.net\/senegal\/sports\/eliminatoires-can-u20-le-senegal-affronte-la-cote-divoire-le-28-janvier#breadcrumb\"},\"inLanguage\":\"fr-FR\",\"potentialAction\":[{\"@type\":\"ReadAction\",\"target\":[\"https:\/\/www.africa-press.net\/senegal\/sports\/eliminatoires-can-u20-le-senegal-affronte-la-cote-divoire-le-28-janvier\"]}]},{\"@type\":\"ImageObject\",\"inLanguage\":\"fr-FR\",\"@id\":\"https:\/\/www.africa-press.net\/senegal\/sports\/eliminatoires-can-u20-le-senegal-affronte-la-cote-divoire-le-28-janvier#primaryimage\",\"url\":\"https:\/\/static.africa-press.net\/senegal\/sites\/13\/2023\/01\/postQueueImg_1673026054.58.jpg\",\"contentUrl\":\"https:\/\/static.africa-press.net\/senegal\/sites\/13\/2023\/01\/postQueueImg_1673026054.58.jpg\",\"width\":1188,\"height\":458,\"caption\":\"Eliminatoires CAN U20 : le S\u00e9n\u00e9gal affronte la C\u00f4te d'Ivoire, le 28 janvier\"},{\"@type\":\"BreadcrumbList\",\"@id\":\"https:\/\/www.africa-press.net\/senegal\/sports\/eliminatoires-can-u20-le-senegal-affronte-la-cote-divoire-le-28-janvier#breadcrumb\",\"itemListElement\":[{\"@type\":\"ListItem\",\"position\":1,\"name\":\"Accueil\",\"item\":\"https:\/\/www.africa-press.net\/senegal\/\"},{\"@type\":\"ListItem\",\"position\":2,\"name\":\"Eliminatoires CAN U20 : le S\u00e9n\u00e9gal affronte la C\u00f4te d&rsquo;Ivoire, le 28 janvier\"}]},{\"@type\":\"WebSite\",\"@id\":\"https:\/\/www.africa-press.net\/senegal\/#website\",\"url\":\"https:\/\/www.africa-press.net\/senegal\/\",\"name\":\"Africa Press | Senegal | Homepage\",\"description\":\"Just another Africa News Agency Sites site\",\"potentialAction\":[{\"@type\":\"SearchAction\",\"target\":{\"@type\":\"EntryPoint\",\"urlTemplate\":\"https:\/\/www.africa-press.net\/senegal\/?s={search_term_string}\"},\"query-input\":{\"@type\":\"PropertyValueSpecification\",\"valueRequired\":true,\"valueName\":\"search_term_string\"}}],\"inLanguage\":\"fr-FR\"},{\"@type\":\"Person\",\"@id\":\"https:\/\/www.africa-press.net\/senegal\/#\/schema\/person\/2b1cf3cd81a31e3cd26889ca66d677f1\",\"name\":\"cfeditorfr\",\"url\":\"https:\/\/www.africa-press.net\/senegal\/author\/cfeditorfr\"}]}<\/script>\n<!-- \/ Yoast SEO Premium plugin. -->","yoast_head_json":{"title":"Eliminatoires CAN U20 : le S\u00e9n\u00e9gal affronte la C\u00f4te d'Ivoire, le 28 janvier - Senegal","description":"L'e\u0301quipe nationale de rugby du Se\u0301ne\u0301gal des moins de 20 ans va affronter celle de la Co\u0302te d'Ivoire le 28 janvier, en ...","robots":{"index":"index","follow":"follow","max-snippet":"max-snippet:-1","max-image-preview":"max-image-preview:large","max-video-preview":"max-video-preview:-1"},"canonical":"https:\/\/www.africa-press.net\/senegal\/sports\/eliminatoires-can-u20-le-senegal-affronte-la-cote-divoire-le-28-janvier","og_locale":"fr_FR","og_type":"article","og_title":"Eliminatoires CAN U20 : le S\u00e9n\u00e9gal affronte la C\u00f4te d'Ivoire, le 28 janvier","og_description":"L'e\u0301quipe nationale de rugby du Se\u0301ne\u0301gal des moins de 20 ans va affronter celle de la Co\u0302te d'Ivoire le 28 janvier, en ...","og_url":"https:\/\/www.africa-press.net\/senegal\/sports\/eliminatoires-can-u20-le-senegal-affronte-la-cote-divoire-le-28-janvier","og_site_name":"Senegal","article_published_time":"2023-01-06T20:56:41+00:00","article_modified_time":"2023-01-06T21:37:51+00:00","og_image":[{"width":1188,"height":458,"url":"https:\/\/static.africa-press.net\/senegal\/sites\/13\/2023\/01\/postQueueImg_1673026054.58.jpg","type":"image\/jpeg"}],"author":"cfeditorfr","twitter_card":"summary_large_image","twitter_misc":{"\u00c9crit par":"cfeditorfr","Dur\u00e9e de lecture estim\u00e9e":"2 minutes"},"schema":{"@context":"https:\/\/schema.org","@graph":[{"@type":"Article","@id":"https:\/\/www.africa-press.net\/senegal\/sports\/eliminatoires-can-u20-le-senegal-affronte-la-cote-divoire-le-28-janvier#article","isPartOf":{"@id":"https:\/\/www.africa-press.net\/senegal\/sports\/eliminatoires-can-u20-le-senegal-affronte-la-cote-divoire-le-28-janvier"},"author":{"name":"cfeditorfr","@id":"https:\/\/www.africa-press.net\/senegal\/#\/schema\/person\/2b1cf3cd81a31e3cd26889ca66d677f1"},"headline":"Eliminatoires CAN U20 : le S\u00e9n\u00e9gal affronte la C\u00f4te d&rsquo;Ivoire, le 28 janvier","datePublished":"2023-01-06T20:56:41+00:00","dateModified":"2023-01-06T21:37:51+00:00","mainEntityOfPage":{"@id":"https:\/\/www.africa-press.net\/senegal\/sports\/eliminatoires-can-u20-le-senegal-affronte-la-cote-divoire-le-28-janvier"},"wordCount":444,"commentCount":0,"image":{"@id":"https:\/\/www.africa-press.net\/senegal\/sports\/eliminatoires-can-u20-le-senegal-affronte-la-cote-divoire-le-28-janvier#primaryimage"},"thumbnailUrl":"https:\/\/static.africa-press.net\/senegal\/sites\/13\/2023\/01\/postQueueImg_1673026054.58.jpg","keywords":["Africa Press","Africa Press-Senegal","Senegal"],"articleSection":["Sports","Toutes les actualit\u00e9s"],"inLanguage":"fr-FR","potentialAction":[{"@type":"CommentAction","name":"Comment","target":["https:\/\/www.africa-press.net\/senegal\/sports\/eliminatoires-can-u20-le-senegal-affronte-la-cote-divoire-le-28-janvier#respond"]}]},{"@type":"WebPage","@id":"https:\/\/www.africa-press.net\/senegal\/sports\/eliminatoires-can-u20-le-senegal-affronte-la-cote-divoire-le-28-janvier","url":"https:\/\/www.africa-press.net\/senegal\/sports\/eliminatoires-can-u20-le-senegal-affronte-la-cote-divoire-le-28-janvier","name":"Eliminatoires CAN U20 : le S\u00e9n\u00e9gal affronte la C\u00f4te d'Ivoire, le 28 janvier - Senegal","isPartOf":{"@id":"https:\/\/www.africa-press.net\/senegal\/#website"},"primaryImageOfPage":{"@id":"https:\/\/www.africa-press.net\/senegal\/sports\/eliminatoires-can-u20-le-senegal-affronte-la-cote-divoire-le-28-janvier#primaryimage"},"image":{"@id":"https:\/\/www.africa-press.net\/senegal\/sports\/eliminatoires-can-u20-le-senegal-affronte-la-cote-divoire-le-28-janvier#primaryimage"},"thumbnailUrl":"https:\/\/static.africa-press.net\/senegal\/sites\/13\/2023\/01\/postQueueImg_1673026054.58.jpg","datePublished":"2023-01-06T20:56:41+00:00","dateModified":"2023-01-06T21:37:51+00:00","author":{"@id":"https:\/\/www.africa-press.net\/senegal\/#\/schema\/person\/2b1cf3cd81a31e3cd26889ca66d677f1"},"description":"L'e\u0301quipe nationale de rugby du Se\u0301ne\u0301gal des moins de 20 ans va affronter celle de la Co\u0302te d'Ivoire le 28 janvier, en ...","breadcrumb":{"@id":"https:\/\/www.africa-press.net\/senegal\/sports\/eliminatoires-can-u20-le-senegal-affronte-la-cote-divoire-le-28-janvier#breadcrumb"},"inLanguage":"fr-FR","potentialAction":[{"@type":"ReadAction","target":["https:\/\/www.africa-press.net\/senegal\/sports\/eliminatoires-can-u20-le-senegal-affronte-la-cote-divoire-le-28-janvier"]}]},{"@type":"ImageObject","inLanguage":"fr-FR","@id":"https:\/\/www.africa-press.net\/senegal\/sports\/eliminatoires-can-u20-le-senegal-affronte-la-cote-divoire-le-28-janvier#primaryimage","url":"https:\/\/static.africa-press.net\/senegal\/sites\/13\/2023\/01\/postQueueImg_1673026054.58.jpg","contentUrl":"https:\/\/static.africa-press.net\/senegal\/sites\/13\/2023\/01\/postQueueImg_1673026054.58.jpg","width":1188,"height":458,"caption":"Eliminatoires CAN U20 : le S\u00e9n\u00e9gal affronte la C\u00f4te d'Ivoire, le 28 janvier"},{"@type":"BreadcrumbList","@id":"https:\/\/www.africa-press.net\/senegal\/sports\/eliminatoires-can-u20-le-senegal-affronte-la-cote-divoire-le-28-janvier#breadcrumb","itemListElement":[{"@type":"ListItem","position":1,"name":"Accueil","item":"https:\/\/www.africa-press.net\/senegal\/"},{"@type":"ListItem","position":2,"name":"Eliminatoires CAN U20 : le S\u00e9n\u00e9gal affronte la C\u00f4te d&rsquo;Ivoire, le 28 janvier"}]},{"@type":"WebSite","@id":"https:\/\/www.africa-press.net\/senegal\/#website","url":"https:\/\/www.africa-press.net\/senegal\/","name":"Africa Press | Senegal | Homepage","description":"Just another Africa News Agency Sites site","potentialAction":[{"@type":"SearchAction","target":{"@type":"EntryPoint","urlTemplate":"https:\/\/www.africa-press.net\/senegal\/?s={search_term_string}"},"query-input":{"@type":"PropertyValueSpecification","valueRequired":true,"valueName":"search_term_string"}}],"inLanguage":"fr-FR"},{"@type":"Person","@id":"https:\/\/www.africa-press.net\/senegal\/#\/schema\/person\/2b1cf3cd81a31e3cd26889ca66d677f1","name":"cfeditorfr","url":"https:\/\/www.africa-press.net\/senegal\/author\/cfeditorfr"}]}},"_links":{"self":[{"href":"https:\/\/www.africa-press.net\/senegal\/wp-json\/wp\/v2\/posts\/37711","targetHints":{"allow":["GET"]}}],"collection":[{"href":"https:\/\/www.africa-press.net\/senegal\/wp-json\/wp\/v2\/posts"}],"about":[{"href":"https:\/\/www.africa-press.net\/senegal\/wp-json\/wp\/v2\/types\/post"}],"author":[{"embeddable":true,"href":"https:\/\/www.africa-press.net\/senegal\/wp-json\/wp\/v2\/users\/82"}],"replies":[{"embeddable":true,"href":"https:\/\/www.africa-press.net\/senegal\/wp-json\/wp\/v2\/comments?post=37711"}],"version-history":[{"count":0,"href":"https:\/\/www.africa-press.net\/senegal\/wp-json\/wp\/v2\/posts\/37711\/revisions"}],"wp:featuredmedia":[{"embeddable":true,"href":"https:\/\/www.africa-press.net\/senegal\/wp-json\/wp\/v2\/media\/37710"}],"wp:attachment":[{"href":"https:\/\/www.africa-press.net\/senegal\/wp-json\/wp\/v2\/media?parent=37711"}],"wp:term":[{"taxonomy":"category","embeddable":true,"href":"https:\/\/www.africa-press.net\/senegal\/wp-json\/wp\/v2\/categories?post=37711"},{"taxonomy":"post_tag","embeddable":true,"href":"https:\/\/www.africa-press.net\/senegal\/wp-json\/wp\/v2\/tags?post=37711"}],"curies":[{"name":"wp","href":"https:\/\/api.w.org\/{rel}","templated":true}]}}