{"id":37714,"date":"2023-01-06T20:57:54","date_gmt":"2023-01-06T20:57:54","guid":{"rendered":"https:\/\/www.africa-press.net\/senegal\/politique\/le-cap-vert-premier-pays-africain-a-baptiser-un-stade-en-lhonneur-de-pele"},"modified":"2023-01-06T21:38:34","modified_gmt":"2023-01-06T21:38:34","slug":"le-cap-vert-premier-pays-africain-a-baptiser-un-stade-en-lhonneur-de-pele","status":"publish","type":"post","link":"https:\/\/www.africa-press.net\/senegal\/sports\/le-cap-vert-premier-pays-africain-a-baptiser-un-stade-en-lhonneur-de-pele","title":{"rendered":"Le Cap-Vert, premier pays africain \u00e0 baptiser un stade en l&rsquo;honneur de Pel\u00e9"},"content":{"rendered":"<p><span style=\"color: #ff6600\"><strong>Africa-Press &#8211; Senegal. <\/strong><\/span>Le Cap-Vert a exprime\u0301 son intention de rendre hommage au de\u0301funt footballeur bre\u0301silien Pele\u0301, en donnant son nom a\u0300 son stade national, l\u00a0\u00bbEsta\u0301dio Nacional\u00a0\u00bb, devenant le premier pays africain a\u0300 poser un tel geste pour la le\u0301gende bre\u0301silienne, de\u0301ce\u0301de\u0301e le 29 de\u0301cembre dernier, a appris l&rsquo;APS sur le site de la FIFA.<\/p>\n<p>L&rsquo;annonce a e\u0301te\u0301 faite, mercredi, par le Premier ministre cap-verdien, Jose\u0301 Ulisses Correia.<\/p>\n<p>Les autorite\u0301s capverdiennes ont pris cette de\u0301cision suite a\u0300 la suggestion faite re\u0301cemment par le pre\u0301sident de la FIFA, Gianni Infantino.<\/p>\n<p>Ce dernier a demande\u0301 a\u0300 chacune des 211 associations membres de la FIFA de nommer au moins un stade ou un site de football dans leur pays en l&rsquo;honneur de Pele\u0301, de\u0301ce\u0301de\u0301 a\u0300 l&rsquo;a\u0302ge de 82 ans.<\/p>\n<p>D&rsquo;une capacite\u0301 de 15 000 places, l\u00a0\u00bbEsta\u0301dio Nacional\u00a0\u00bb, situe\u0301 dans la capitale du pays, Praia, a e\u0301te\u0301 inaugure\u0301 en 2014.<\/p>\n<p>La FIFA avait de\u0301cide\u0301 de baptiser le terrain de football du sie\u0300ge de la fe\u0301de\u0301ration a\u0300 Zu\u0308rich en l&rsquo;honneur de Pele\u0301 en guise d&rsquo;exemple.<\/p>\n<p>M. Infantino a exprime\u0301 sa gratitude pour \u00ab\u00a0ce geste pionnier\u00a0\u00bb qui \u00ab\u00a0honore le pays et la me\u0301moire de Pele\u0301\u00a0\u00bb. Il souhaite que davantage de stades et de sites de football du monde entier se joignent e\u0301galement a\u0300 cet hommage mondial.<\/p>\n<p>Avant le Cap-Vert, les autorite\u0301s colombiennes ont annonce\u0301 que le stade de Villavicencio, situe\u0301 dans le de\u0301partement du Meta, s&rsquo;appellera Bello Horizonte \u00ab\u00a0Rey Pele\u0301\u00a0\u00bb (roi pele\u0301), en l&rsquo;honneur de l'\u00a0\u00bbico\u0302ne du football mondial\u00a0\u00bb.<\/p>\n<p>Inhume\u0301 mardi a\u0300 Santos, ville de l&rsquo;Etat de Sao Paulo, Pele\u0301 est conside\u0301re\u0301 comme le plus grand footballeur de tous les temps.<\/p>\n<p>De son vrai nom Edson Arantes do Nascimento, Pele\u0301, ne\u0301 le 23 octobre 1940 a\u0300 Tre\u0302s Corac\u0327o\u0303es, a inscrit 1 281 buts en 1 362 matches \u2013 des chiffres qui incluent des matches amicaux et non officiels.<\/p>\n<p>Il compte 92 se\u0301lections avec le Bre\u0301sil, sous le maillot duquel il a remporte\u0301 trois Coupes du monde (1958, 1962 et 1970).<\/p>\n<p><strong>Pour plus d&rsquo;informations et d&rsquo;analyses sur la <a href=\"https:\/\/www.africa-press.net\/senegal\">Senegal<\/a>, suivez <a href=\"https:\/\/www.africa-press.net\/\">Africa-Press<\/a><\/strong><\/p>\n","protected":false},"excerpt":{"rendered":"<p>Africa-Press &#8211; Senegal. Le Cap-Vert a exprime\u0301 son intention de rendre hommage au de\u0301funt footballeur bre\u0301silien Pele\u0301, en donnant son nom a\u0300 son stade national, l\u00a0\u00bbEsta\u0301dio Nacional\u00a0\u00bb, devenant le premier pays africain a\u0300 poser un tel geste pour la le\u0301gende bre\u0301silienne, de\u0301ce\u0301de\u0301e le 29 de\u0301cembre dernier, a appris l&rsquo;APS sur le site de la FIFA. [&hellip;]<\/p>\n","protected":false},"author":82,"featured_media":37713,"comment_status":"open","ping_status":"closed","sticky":false,"template":"","format":"standard","meta":{"footnotes":""},"categories":[6,10],"tags":[43,47,44],"class_list":["post-37714","post","type-post","status-publish","format-standard","has-post-thumbnail","hentry","category-sports","category-toutes-les-actualites","tag-africa-press-2","tag-africa-press-senegal","tag-senegal-2"],"yoast_head":"<!-- This site is optimized with the Yoast SEO Premium plugin v26.1 (Yoast SEO v27.0) - https:\/\/yoast.com\/product\/yoast-seo-premium-wordpress\/ -->\n<title>Le Cap-Vert, premier pays africain \u00e0 baptiser un stade en l&#039;honneur de Pel\u00e9 - Senegal<\/title>\n<meta name=\"description\" content=\"Le Cap-Vert a exprime\u0301 son intention de rendre hommage au de\u0301funt footballeur bre\u0301silien Pele\u0301, en donnant son nom a\u0300 so ...\" \/>\n<meta name=\"robots\" content=\"index, follow, max-snippet:-1, max-image-preview:large, max-video-preview:-1\" \/>\n<link rel=\"canonical\" href=\"https:\/\/www.africa-press.net\/senegal\/sports\/le-cap-vert-premier-pays-africain-a-baptiser-un-stade-en-lhonneur-de-pele\" \/>\n<meta property=\"og:locale\" content=\"fr_FR\" \/>\n<meta property=\"og:type\" content=\"article\" \/>\n<meta property=\"og:title\" content=\"Le Cap-Vert, premier pays africain \u00e0 baptiser un stade en l&#039;honneur de Pel\u00e9\" \/>\n<meta property=\"og:description\" content=\"Le Cap-Vert a exprime\u0301 son intention de rendre hommage au de\u0301funt footballeur bre\u0301silien Pele\u0301, en donnant son nom a\u0300 so ...\" \/>\n<meta property=\"og:url\" content=\"https:\/\/www.africa-press.net\/senegal\/sports\/le-cap-vert-premier-pays-africain-a-baptiser-un-stade-en-lhonneur-de-pele\" \/>\n<meta property=\"og:site_name\" content=\"Senegal\" \/>\n<meta property=\"article:published_time\" content=\"2023-01-06T20:57:54+00:00\" \/>\n<meta property=\"article:modified_time\" content=\"2023-01-06T21:38:34+00:00\" \/>\n<meta property=\"og:image\" content=\"https:\/\/static.africa-press.net\/senegal\/sites\/13\/2023\/01\/postQueueImg_1673026118.27.jpg\" \/>\n\t<meta property=\"og:image:width\" content=\"1280\" \/>\n\t<meta property=\"og:image:height\" content=\"720\" \/>\n\t<meta property=\"og:image:type\" content=\"image\/jpeg\" \/>\n<meta name=\"author\" content=\"cfeditorfr\" \/>\n<meta name=\"twitter:card\" content=\"summary_large_image\" \/>\n<meta name=\"twitter:label1\" content=\"\u00c9crit par\" \/>\n\t<meta name=\"twitter:data1\" content=\"cfeditorfr\" \/>\n\t<meta name=\"twitter:label2\" content=\"Dur\u00e9e de lecture estim\u00e9e\" \/>\n\t<meta name=\"twitter:data2\" content=\"2 minutes\" \/>\n<script type=\"application\/ld+json\" class=\"yoast-schema-graph\">{\"@context\":\"https:\/\/schema.org\",\"@graph\":[{\"@type\":\"Article\",\"@id\":\"https:\/\/www.africa-press.net\/senegal\/sports\/le-cap-vert-premier-pays-africain-a-baptiser-un-stade-en-lhonneur-de-pele#article\",\"isPartOf\":{\"@id\":\"https:\/\/www.africa-press.net\/senegal\/sports\/le-cap-vert-premier-pays-africain-a-baptiser-un-stade-en-lhonneur-de-pele\"},\"author\":{\"name\":\"cfeditorfr\",\"@id\":\"https:\/\/www.africa-press.net\/senegal\/#\/schema\/person\/2b1cf3cd81a31e3cd26889ca66d677f1\"},\"headline\":\"Le Cap-Vert, premier pays africain \u00e0 baptiser un stade en l&rsquo;honneur de Pel\u00e9\",\"datePublished\":\"2023-01-06T20:57:54+00:00\",\"dateModified\":\"2023-01-06T21:38:34+00:00\",\"mainEntityOfPage\":{\"@id\":\"https:\/\/www.africa-press.net\/senegal\/sports\/le-cap-vert-premier-pays-africain-a-baptiser-un-stade-en-lhonneur-de-pele\"},\"wordCount\":380,\"commentCount\":0,\"image\":{\"@id\":\"https:\/\/www.africa-press.net\/senegal\/sports\/le-cap-vert-premier-pays-africain-a-baptiser-un-stade-en-lhonneur-de-pele#primaryimage\"},\"thumbnailUrl\":\"https:\/\/static.africa-press.net\/senegal\/sites\/13\/2023\/01\/postQueueImg_1673026118.27.jpg\",\"keywords\":[\"Africa Press\",\"Africa Press-Senegal\",\"Senegal\"],\"articleSection\":[\"Sports\",\"Toutes les actualit\u00e9s\"],\"inLanguage\":\"fr-FR\",\"potentialAction\":[{\"@type\":\"CommentAction\",\"name\":\"Comment\",\"target\":[\"https:\/\/www.africa-press.net\/senegal\/sports\/le-cap-vert-premier-pays-africain-a-baptiser-un-stade-en-lhonneur-de-pele#respond\"]}]},{\"@type\":\"WebPage\",\"@id\":\"https:\/\/www.africa-press.net\/senegal\/sports\/le-cap-vert-premier-pays-africain-a-baptiser-un-stade-en-lhonneur-de-pele\",\"url\":\"https:\/\/www.africa-press.net\/senegal\/sports\/le-cap-vert-premier-pays-africain-a-baptiser-un-stade-en-lhonneur-de-pele\",\"name\":\"Le Cap-Vert, premier pays africain \u00e0 baptiser un stade en l'honneur de Pel\u00e9 - Senegal\",\"isPartOf\":{\"@id\":\"https:\/\/www.africa-press.net\/senegal\/#website\"},\"primaryImageOfPage\":{\"@id\":\"https:\/\/www.africa-press.net\/senegal\/sports\/le-cap-vert-premier-pays-africain-a-baptiser-un-stade-en-lhonneur-de-pele#primaryimage\"},\"image\":{\"@id\":\"https:\/\/www.africa-press.net\/senegal\/sports\/le-cap-vert-premier-pays-africain-a-baptiser-un-stade-en-lhonneur-de-pele#primaryimage\"},\"thumbnailUrl\":\"https:\/\/static.africa-press.net\/senegal\/sites\/13\/2023\/01\/postQueueImg_1673026118.27.jpg\",\"datePublished\":\"2023-01-06T20:57:54+00:00\",\"dateModified\":\"2023-01-06T21:38:34+00:00\",\"author\":{\"@id\":\"https:\/\/www.africa-press.net\/senegal\/#\/schema\/person\/2b1cf3cd81a31e3cd26889ca66d677f1\"},\"description\":\"Le Cap-Vert a exprime\u0301 son intention de rendre hommage au de\u0301funt footballeur bre\u0301silien Pele\u0301, en donnant son nom a\u0300 so ...\",\"breadcrumb\":{\"@id\":\"https:\/\/www.africa-press.net\/senegal\/sports\/le-cap-vert-premier-pays-africain-a-baptiser-un-stade-en-lhonneur-de-pele#breadcrumb\"},\"inLanguage\":\"fr-FR\",\"potentialAction\":[{\"@type\":\"ReadAction\",\"target\":[\"https:\/\/www.africa-press.net\/senegal\/sports\/le-cap-vert-premier-pays-africain-a-baptiser-un-stade-en-lhonneur-de-pele\"]}]},{\"@type\":\"ImageObject\",\"inLanguage\":\"fr-FR\",\"@id\":\"https:\/\/www.africa-press.net\/senegal\/sports\/le-cap-vert-premier-pays-africain-a-baptiser-un-stade-en-lhonneur-de-pele#primaryimage\",\"url\":\"https:\/\/static.africa-press.net\/senegal\/sites\/13\/2023\/01\/postQueueImg_1673026118.27.jpg\",\"contentUrl\":\"https:\/\/static.africa-press.net\/senegal\/sites\/13\/2023\/01\/postQueueImg_1673026118.27.jpg\",\"width\":1280,\"height\":720,\"caption\":\"Le Cap-Vert, premier pays africain \u00e0 baptiser un stade en l'honneur de Pel\u00e9\"},{\"@type\":\"BreadcrumbList\",\"@id\":\"https:\/\/www.africa-press.net\/senegal\/sports\/le-cap-vert-premier-pays-africain-a-baptiser-un-stade-en-lhonneur-de-pele#breadcrumb\",\"itemListElement\":[{\"@type\":\"ListItem\",\"position\":1,\"name\":\"Accueil\",\"item\":\"https:\/\/www.africa-press.net\/senegal\/\"},{\"@type\":\"ListItem\",\"position\":2,\"name\":\"Le Cap-Vert, premier pays africain \u00e0 baptiser un stade en l&rsquo;honneur de Pel\u00e9\"}]},{\"@type\":\"WebSite\",\"@id\":\"https:\/\/www.africa-press.net\/senegal\/#website\",\"url\":\"https:\/\/www.africa-press.net\/senegal\/\",\"name\":\"Africa Press | Senegal | Homepage\",\"description\":\"Just another Africa News Agency Sites site\",\"potentialAction\":[{\"@type\":\"SearchAction\",\"target\":{\"@type\":\"EntryPoint\",\"urlTemplate\":\"https:\/\/www.africa-press.net\/senegal\/?s={search_term_string}\"},\"query-input\":{\"@type\":\"PropertyValueSpecification\",\"valueRequired\":true,\"valueName\":\"search_term_string\"}}],\"inLanguage\":\"fr-FR\"},{\"@type\":\"Person\",\"@id\":\"https:\/\/www.africa-press.net\/senegal\/#\/schema\/person\/2b1cf3cd81a31e3cd26889ca66d677f1\",\"name\":\"cfeditorfr\",\"url\":\"https:\/\/www.africa-press.net\/senegal\/author\/cfeditorfr\"}]}<\/script>\n<!-- \/ Yoast SEO Premium plugin. -->","yoast_head_json":{"title":"Le Cap-Vert, premier pays africain \u00e0 baptiser un stade en l'honneur de Pel\u00e9 - Senegal","description":"Le Cap-Vert a exprime\u0301 son intention de rendre hommage au de\u0301funt footballeur bre\u0301silien Pele\u0301, en donnant son nom a\u0300 so ...","robots":{"index":"index","follow":"follow","max-snippet":"max-snippet:-1","max-image-preview":"max-image-preview:large","max-video-preview":"max-video-preview:-1"},"canonical":"https:\/\/www.africa-press.net\/senegal\/sports\/le-cap-vert-premier-pays-africain-a-baptiser-un-stade-en-lhonneur-de-pele","og_locale":"fr_FR","og_type":"article","og_title":"Le Cap-Vert, premier pays africain \u00e0 baptiser un stade en l'honneur de Pel\u00e9","og_description":"Le Cap-Vert a exprime\u0301 son intention de rendre hommage au de\u0301funt footballeur bre\u0301silien Pele\u0301, en donnant son nom a\u0300 so ...","og_url":"https:\/\/www.africa-press.net\/senegal\/sports\/le-cap-vert-premier-pays-africain-a-baptiser-un-stade-en-lhonneur-de-pele","og_site_name":"Senegal","article_published_time":"2023-01-06T20:57:54+00:00","article_modified_time":"2023-01-06T21:38:34+00:00","og_image":[{"width":1280,"height":720,"url":"https:\/\/static.africa-press.net\/senegal\/sites\/13\/2023\/01\/postQueueImg_1673026118.27.jpg","type":"image\/jpeg"}],"author":"cfeditorfr","twitter_card":"summary_large_image","twitter_misc":{"\u00c9crit par":"cfeditorfr","Dur\u00e9e de lecture estim\u00e9e":"2 minutes"},"schema":{"@context":"https:\/\/schema.org","@graph":[{"@type":"Article","@id":"https:\/\/www.africa-press.net\/senegal\/sports\/le-cap-vert-premier-pays-africain-a-baptiser-un-stade-en-lhonneur-de-pele#article","isPartOf":{"@id":"https:\/\/www.africa-press.net\/senegal\/sports\/le-cap-vert-premier-pays-africain-a-baptiser-un-stade-en-lhonneur-de-pele"},"author":{"name":"cfeditorfr","@id":"https:\/\/www.africa-press.net\/senegal\/#\/schema\/person\/2b1cf3cd81a31e3cd26889ca66d677f1"},"headline":"Le Cap-Vert, premier pays africain \u00e0 baptiser un stade en l&rsquo;honneur de Pel\u00e9","datePublished":"2023-01-06T20:57:54+00:00","dateModified":"2023-01-06T21:38:34+00:00","mainEntityOfPage":{"@id":"https:\/\/www.africa-press.net\/senegal\/sports\/le-cap-vert-premier-pays-africain-a-baptiser-un-stade-en-lhonneur-de-pele"},"wordCount":380,"commentCount":0,"image":{"@id":"https:\/\/www.africa-press.net\/senegal\/sports\/le-cap-vert-premier-pays-africain-a-baptiser-un-stade-en-lhonneur-de-pele#primaryimage"},"thumbnailUrl":"https:\/\/static.africa-press.net\/senegal\/sites\/13\/2023\/01\/postQueueImg_1673026118.27.jpg","keywords":["Africa Press","Africa Press-Senegal","Senegal"],"articleSection":["Sports","Toutes les actualit\u00e9s"],"inLanguage":"fr-FR","potentialAction":[{"@type":"CommentAction","name":"Comment","target":["https:\/\/www.africa-press.net\/senegal\/sports\/le-cap-vert-premier-pays-africain-a-baptiser-un-stade-en-lhonneur-de-pele#respond"]}]},{"@type":"WebPage","@id":"https:\/\/www.africa-press.net\/senegal\/sports\/le-cap-vert-premier-pays-africain-a-baptiser-un-stade-en-lhonneur-de-pele","url":"https:\/\/www.africa-press.net\/senegal\/sports\/le-cap-vert-premier-pays-africain-a-baptiser-un-stade-en-lhonneur-de-pele","name":"Le Cap-Vert, premier pays africain \u00e0 baptiser un stade en l'honneur de Pel\u00e9 - Senegal","isPartOf":{"@id":"https:\/\/www.africa-press.net\/senegal\/#website"},"primaryImageOfPage":{"@id":"https:\/\/www.africa-press.net\/senegal\/sports\/le-cap-vert-premier-pays-africain-a-baptiser-un-stade-en-lhonneur-de-pele#primaryimage"},"image":{"@id":"https:\/\/www.africa-press.net\/senegal\/sports\/le-cap-vert-premier-pays-africain-a-baptiser-un-stade-en-lhonneur-de-pele#primaryimage"},"thumbnailUrl":"https:\/\/static.africa-press.net\/senegal\/sites\/13\/2023\/01\/postQueueImg_1673026118.27.jpg","datePublished":"2023-01-06T20:57:54+00:00","dateModified":"2023-01-06T21:38:34+00:00","author":{"@id":"https:\/\/www.africa-press.net\/senegal\/#\/schema\/person\/2b1cf3cd81a31e3cd26889ca66d677f1"},"description":"Le Cap-Vert a exprime\u0301 son intention de rendre hommage au de\u0301funt footballeur bre\u0301silien Pele\u0301, en donnant son nom a\u0300 so ...","breadcrumb":{"@id":"https:\/\/www.africa-press.net\/senegal\/sports\/le-cap-vert-premier-pays-africain-a-baptiser-un-stade-en-lhonneur-de-pele#breadcrumb"},"inLanguage":"fr-FR","potentialAction":[{"@type":"ReadAction","target":["https:\/\/www.africa-press.net\/senegal\/sports\/le-cap-vert-premier-pays-africain-a-baptiser-un-stade-en-lhonneur-de-pele"]}]},{"@type":"ImageObject","inLanguage":"fr-FR","@id":"https:\/\/www.africa-press.net\/senegal\/sports\/le-cap-vert-premier-pays-africain-a-baptiser-un-stade-en-lhonneur-de-pele#primaryimage","url":"https:\/\/static.africa-press.net\/senegal\/sites\/13\/2023\/01\/postQueueImg_1673026118.27.jpg","contentUrl":"https:\/\/static.africa-press.net\/senegal\/sites\/13\/2023\/01\/postQueueImg_1673026118.27.jpg","width":1280,"height":720,"caption":"Le Cap-Vert, premier pays africain \u00e0 baptiser un stade en l'honneur de Pel\u00e9"},{"@type":"BreadcrumbList","@id":"https:\/\/www.africa-press.net\/senegal\/sports\/le-cap-vert-premier-pays-africain-a-baptiser-un-stade-en-lhonneur-de-pele#breadcrumb","itemListElement":[{"@type":"ListItem","position":1,"name":"Accueil","item":"https:\/\/www.africa-press.net\/senegal\/"},{"@type":"ListItem","position":2,"name":"Le Cap-Vert, premier pays africain \u00e0 baptiser un stade en l&rsquo;honneur de Pel\u00e9"}]},{"@type":"WebSite","@id":"https:\/\/www.africa-press.net\/senegal\/#website","url":"https:\/\/www.africa-press.net\/senegal\/","name":"Africa Press | Senegal | Homepage","description":"Just another Africa News Agency Sites site","potentialAction":[{"@type":"SearchAction","target":{"@type":"EntryPoint","urlTemplate":"https:\/\/www.africa-press.net\/senegal\/?s={search_term_string}"},"query-input":{"@type":"PropertyValueSpecification","valueRequired":true,"valueName":"search_term_string"}}],"inLanguage":"fr-FR"},{"@type":"Person","@id":"https:\/\/www.africa-press.net\/senegal\/#\/schema\/person\/2b1cf3cd81a31e3cd26889ca66d677f1","name":"cfeditorfr","url":"https:\/\/www.africa-press.net\/senegal\/author\/cfeditorfr"}]}},"_links":{"self":[{"href":"https:\/\/www.africa-press.net\/senegal\/wp-json\/wp\/v2\/posts\/37714","targetHints":{"allow":["GET"]}}],"collection":[{"href":"https:\/\/www.africa-press.net\/senegal\/wp-json\/wp\/v2\/posts"}],"about":[{"href":"https:\/\/www.africa-press.net\/senegal\/wp-json\/wp\/v2\/types\/post"}],"author":[{"embeddable":true,"href":"https:\/\/www.africa-press.net\/senegal\/wp-json\/wp\/v2\/users\/82"}],"replies":[{"embeddable":true,"href":"https:\/\/www.africa-press.net\/senegal\/wp-json\/wp\/v2\/comments?post=37714"}],"version-history":[{"count":0,"href":"https:\/\/www.africa-press.net\/senegal\/wp-json\/wp\/v2\/posts\/37714\/revisions"}],"wp:featuredmedia":[{"embeddable":true,"href":"https:\/\/www.africa-press.net\/senegal\/wp-json\/wp\/v2\/media\/37713"}],"wp:attachment":[{"href":"https:\/\/www.africa-press.net\/senegal\/wp-json\/wp\/v2\/media?parent=37714"}],"wp:term":[{"taxonomy":"category","embeddable":true,"href":"https:\/\/www.africa-press.net\/senegal\/wp-json\/wp\/v2\/categories?post=37714"},{"taxonomy":"post_tag","embeddable":true,"href":"https:\/\/www.africa-press.net\/senegal\/wp-json\/wp\/v2\/tags?post=37714"}],"curies":[{"name":"wp","href":"https:\/\/api.w.org\/{rel}","templated":true}]}}