{"id":37717,"date":"2023-01-06T20:58:54","date_gmt":"2023-01-06T20:58:54","guid":{"rendered":"https:\/\/www.africa-press.net\/senegal\/politique\/championnats-europeens-les-lions-sortent-de-lombre-apres-le-mondial"},"modified":"2023-01-06T21:39:22","modified_gmt":"2023-01-06T21:39:22","slug":"championnats-europeens-les-lions-sortent-de-lombre-apres-le-mondial","status":"publish","type":"post","link":"https:\/\/www.africa-press.net\/senegal\/sports\/championnats-europeens-les-lions-sortent-de-lombre-apres-le-mondial","title":{"rendered":"Championnats europ\u00e9ens : les Lions sortent de l&rsquo;ombre apr\u00e8s le Mondial"},"content":{"rendered":"<p><span style=\"color: #ff6600\"><strong>Africa-Press &#8211; Senegal. <\/strong><\/span>Les internationaux se\u0301ne\u0301galais Kalidou Koulibaly, Pape Matar Sarr et Kre\u0301pin Diatta, peu utilise\u0301s en club avant le Mondial 2022, ont retrouve\u0301 un second souffle avec leur e\u0301quipe depuis la reprise des championnats europe\u0301ens.<\/p>\n<p>Certains internationaux se\u0301ne\u0301galais e\u0301voluant dans les championnats europe\u0301ens vivent une renaissance sportive avec leur club depuis la fin du Mondial Qatar 2022 remporte\u0301 par l&rsquo;Argentine.<\/p>\n<p>Kalidou Koulibaly par exemple, cre\u0301dite\u0301 d&rsquo;une bonne participation au Mondial malgre\u0301 l&rsquo;e\u0301limination du Se\u0301ne\u0301gal en huitie\u0300mes de finale, est sans doute le joueur se\u0301ne\u0301galais le plus en vue depuis quelques jours et la reprise des championnats europe\u0301ens.<\/p>\n<p>Le capitaine des Lions, peu utilise\u0301 par son club Chelsea avant la Coupe du monde, a e\u0301te\u0301 titularise\u0301 par son entrai\u0302neur Graham Potter lors des deux dernie\u0300res sorties des Blues en Premier League dont la rencontre contre Manchester City, jeudi soir.<\/p>\n<p>Koulibaly a fait une grosse prestation malgre\u0301 la de\u0301faite de son e\u0301quipe (1-0) face aux Citizens. Il retrouve de plus en plus ses marques et commence a\u0300 ressembler a\u0300 ce \u00ab\u00a0roc\u00a0\u00bb qui a tant e\u0301bloui a\u0300 Naples.<\/p>\n<p>Pape Matar Sarr n&rsquo;avait lui dispute\u0301 aucun match depuis le de\u0301but de la saison avec son club Tottenham. Il a fait son apparition lors des deux derniers matchs des Hotspurs.<\/p>\n<p>Le jeune milieu se\u0301ne\u0301galais est entre\u0301 en cours de jeu lors du match perdu par Tottenham contre Aston Villa (2-0) et a\u0300 l&rsquo;occasion de la large victoire (4-0) des siens contre Crystal Palace, mercredi.<\/p>\n<p>La belle prestation du joueur de 20 ans a e\u0301te\u0301 salue\u0301e par son entraineur, Antonio Conte, qui a reconnu l\u00a0\u00bb&lsquo;important impact\u00a0\u00bb du jeune se\u0301ne\u0301galais sur le re\u0301sultat de son e\u0301quipe.<\/p>\n<p>Kre\u0301pin Diatta, titularise\u0301 dimanche lors du match gagne\u0301 (1-0) par Monaco contre Brest (Ligue 1 franc\u0327aise), a fait une prestation remarque\u0301e.<\/p>\n<p>Son coe\u0301quipier en e\u0301quipe nationale et en club, Ismail Jakobs, remplac\u0327ant lors de ce match, a par la me\u0302me occasion engrange\u0301 un peu de temps de jeu.<\/p>\n<p>Pape Gue\u0300ye et Bamba Dieng ont e\u0301galement participe\u0301 aux deux succe\u0300s successifs de leur e\u0301quipe Marseille (Ligue 1 franc\u0327aise) dont celui contre Montpellier (2-1), lundi.<\/p>\n<p>D&rsquo;autres joueurs comme Idrissa Gana Gue\u0300ye avec Everton (Premier League anglaise) et Ilimane Ndiaye avec Sheffield United (Championship, Angleterre) sont reste\u0301s sur leur belle dynamique d&rsquo;avant Mondial en enchai\u0302nant les titularisations et les performances.<\/p>\n<p>Ilimane Ndiaye compte de\u0301ja\u0300 a\u0300 son actif quatre passes de\u0301cisives au cours des quatre derniers matchs de son e\u0301quipe.<\/p>\n<p><strong>Pour plus d&rsquo;informations et d&rsquo;analyses sur la <a href=\"https:\/\/www.africa-press.net\/senegal\">Senegal<\/a>, suivez <a href=\"https:\/\/www.africa-press.net\/\">Africa-Press<\/a><\/strong><\/p>\n","protected":false},"excerpt":{"rendered":"<p>Africa-Press &#8211; Senegal. Les internationaux se\u0301ne\u0301galais Kalidou Koulibaly, Pape Matar Sarr et Kre\u0301pin Diatta, peu utilise\u0301s en club avant le Mondial 2022, ont retrouve\u0301 un second souffle avec leur e\u0301quipe depuis la reprise des championnats europe\u0301ens. Certains internationaux se\u0301ne\u0301galais e\u0301voluant dans les championnats europe\u0301ens vivent une renaissance sportive avec leur club depuis la fin du [&hellip;]<\/p>\n","protected":false},"author":82,"featured_media":37716,"comment_status":"open","ping_status":"closed","sticky":false,"template":"","format":"standard","meta":{"footnotes":""},"categories":[6,10],"tags":[43,47,44],"class_list":["post-37717","post","type-post","status-publish","format-standard","has-post-thumbnail","hentry","category-sports","category-toutes-les-actualites","tag-africa-press-2","tag-africa-press-senegal","tag-senegal-2"],"yoast_head":"<!-- This site is optimized with the Yoast SEO Premium plugin v26.1 (Yoast SEO v27.0) - https:\/\/yoast.com\/product\/yoast-seo-premium-wordpress\/ -->\n<title>Championnats europ\u00e9ens : les Lions sortent de l&#039;ombre apr\u00e8s le Mondial - Senegal<\/title>\n<meta name=\"description\" content=\"Les internationaux se\u0301ne\u0301galais Kalidou Koulibaly, Pape Matar Sarr et Kre\u0301pin Diatta, peu utilise\u0301s en club avant le Mon ...\" \/>\n<meta name=\"robots\" content=\"index, follow, max-snippet:-1, max-image-preview:large, max-video-preview:-1\" \/>\n<link rel=\"canonical\" href=\"https:\/\/www.africa-press.net\/senegal\/sports\/championnats-europeens-les-lions-sortent-de-lombre-apres-le-mondial\" \/>\n<meta property=\"og:locale\" content=\"fr_FR\" \/>\n<meta property=\"og:type\" content=\"article\" \/>\n<meta property=\"og:title\" content=\"Championnats europ\u00e9ens : les Lions sortent de l&#039;ombre apr\u00e8s le Mondial\" \/>\n<meta property=\"og:description\" content=\"Les internationaux se\u0301ne\u0301galais Kalidou Koulibaly, Pape Matar Sarr et Kre\u0301pin Diatta, peu utilise\u0301s en club avant le Mon ...\" \/>\n<meta property=\"og:url\" content=\"https:\/\/www.africa-press.net\/senegal\/sports\/championnats-europeens-les-lions-sortent-de-lombre-apres-le-mondial\" \/>\n<meta property=\"og:site_name\" content=\"Senegal\" \/>\n<meta property=\"article:published_time\" content=\"2023-01-06T20:58:54+00:00\" \/>\n<meta property=\"article:modified_time\" content=\"2023-01-06T21:39:22+00:00\" \/>\n<meta property=\"og:image\" content=\"https:\/\/static.africa-press.net\/senegal\/sites\/13\/2023\/01\/postQueueImg_1673026266.72.jpg\" \/>\n\t<meta property=\"og:image:width\" content=\"1182\" \/>\n\t<meta property=\"og:image:height\" content=\"446\" \/>\n\t<meta property=\"og:image:type\" content=\"image\/jpeg\" \/>\n<meta name=\"author\" content=\"cfeditorfr\" \/>\n<meta name=\"twitter:card\" content=\"summary_large_image\" \/>\n<meta name=\"twitter:label1\" content=\"\u00c9crit par\" \/>\n\t<meta name=\"twitter:data1\" content=\"cfeditorfr\" \/>\n\t<meta name=\"twitter:label2\" content=\"Dur\u00e9e de lecture estim\u00e9e\" \/>\n\t<meta name=\"twitter:data2\" content=\"3 minutes\" \/>\n<script type=\"application\/ld+json\" class=\"yoast-schema-graph\">{\"@context\":\"https:\/\/schema.org\",\"@graph\":[{\"@type\":\"Article\",\"@id\":\"https:\/\/www.africa-press.net\/senegal\/sports\/championnats-europeens-les-lions-sortent-de-lombre-apres-le-mondial#article\",\"isPartOf\":{\"@id\":\"https:\/\/www.africa-press.net\/senegal\/sports\/championnats-europeens-les-lions-sortent-de-lombre-apres-le-mondial\"},\"author\":{\"name\":\"cfeditorfr\",\"@id\":\"https:\/\/www.africa-press.net\/senegal\/#\/schema\/person\/2b1cf3cd81a31e3cd26889ca66d677f1\"},\"headline\":\"Championnats europ\u00e9ens : les Lions sortent de l&rsquo;ombre apr\u00e8s le Mondial\",\"datePublished\":\"2023-01-06T20:58:54+00:00\",\"dateModified\":\"2023-01-06T21:39:22+00:00\",\"mainEntityOfPage\":{\"@id\":\"https:\/\/www.africa-press.net\/senegal\/sports\/championnats-europeens-les-lions-sortent-de-lombre-apres-le-mondial\"},\"wordCount\":475,\"commentCount\":0,\"image\":{\"@id\":\"https:\/\/www.africa-press.net\/senegal\/sports\/championnats-europeens-les-lions-sortent-de-lombre-apres-le-mondial#primaryimage\"},\"thumbnailUrl\":\"https:\/\/static.africa-press.net\/senegal\/sites\/13\/2023\/01\/postQueueImg_1673026266.72.jpg\",\"keywords\":[\"Africa Press\",\"Africa Press-Senegal\",\"Senegal\"],\"articleSection\":[\"Sports\",\"Toutes les actualit\u00e9s\"],\"inLanguage\":\"fr-FR\",\"potentialAction\":[{\"@type\":\"CommentAction\",\"name\":\"Comment\",\"target\":[\"https:\/\/www.africa-press.net\/senegal\/sports\/championnats-europeens-les-lions-sortent-de-lombre-apres-le-mondial#respond\"]}]},{\"@type\":\"WebPage\",\"@id\":\"https:\/\/www.africa-press.net\/senegal\/sports\/championnats-europeens-les-lions-sortent-de-lombre-apres-le-mondial\",\"url\":\"https:\/\/www.africa-press.net\/senegal\/sports\/championnats-europeens-les-lions-sortent-de-lombre-apres-le-mondial\",\"name\":\"Championnats europ\u00e9ens : les Lions sortent de l'ombre apr\u00e8s le Mondial - Senegal\",\"isPartOf\":{\"@id\":\"https:\/\/www.africa-press.net\/senegal\/#website\"},\"primaryImageOfPage\":{\"@id\":\"https:\/\/www.africa-press.net\/senegal\/sports\/championnats-europeens-les-lions-sortent-de-lombre-apres-le-mondial#primaryimage\"},\"image\":{\"@id\":\"https:\/\/www.africa-press.net\/senegal\/sports\/championnats-europeens-les-lions-sortent-de-lombre-apres-le-mondial#primaryimage\"},\"thumbnailUrl\":\"https:\/\/static.africa-press.net\/senegal\/sites\/13\/2023\/01\/postQueueImg_1673026266.72.jpg\",\"datePublished\":\"2023-01-06T20:58:54+00:00\",\"dateModified\":\"2023-01-06T21:39:22+00:00\",\"author\":{\"@id\":\"https:\/\/www.africa-press.net\/senegal\/#\/schema\/person\/2b1cf3cd81a31e3cd26889ca66d677f1\"},\"description\":\"Les internationaux se\u0301ne\u0301galais Kalidou Koulibaly, Pape Matar Sarr et Kre\u0301pin Diatta, peu utilise\u0301s en club avant le Mon ...\",\"breadcrumb\":{\"@id\":\"https:\/\/www.africa-press.net\/senegal\/sports\/championnats-europeens-les-lions-sortent-de-lombre-apres-le-mondial#breadcrumb\"},\"inLanguage\":\"fr-FR\",\"potentialAction\":[{\"@type\":\"ReadAction\",\"target\":[\"https:\/\/www.africa-press.net\/senegal\/sports\/championnats-europeens-les-lions-sortent-de-lombre-apres-le-mondial\"]}]},{\"@type\":\"ImageObject\",\"inLanguage\":\"fr-FR\",\"@id\":\"https:\/\/www.africa-press.net\/senegal\/sports\/championnats-europeens-les-lions-sortent-de-lombre-apres-le-mondial#primaryimage\",\"url\":\"https:\/\/static.africa-press.net\/senegal\/sites\/13\/2023\/01\/postQueueImg_1673026266.72.jpg\",\"contentUrl\":\"https:\/\/static.africa-press.net\/senegal\/sites\/13\/2023\/01\/postQueueImg_1673026266.72.jpg\",\"width\":1182,\"height\":446,\"caption\":\"Championnats europ\u00e9ens : les Lions sortent de l'ombre apr\u00e8s le Mondial\"},{\"@type\":\"BreadcrumbList\",\"@id\":\"https:\/\/www.africa-press.net\/senegal\/sports\/championnats-europeens-les-lions-sortent-de-lombre-apres-le-mondial#breadcrumb\",\"itemListElement\":[{\"@type\":\"ListItem\",\"position\":1,\"name\":\"Accueil\",\"item\":\"https:\/\/www.africa-press.net\/senegal\/\"},{\"@type\":\"ListItem\",\"position\":2,\"name\":\"Championnats europ\u00e9ens : les Lions sortent de l&rsquo;ombre apr\u00e8s le Mondial\"}]},{\"@type\":\"WebSite\",\"@id\":\"https:\/\/www.africa-press.net\/senegal\/#website\",\"url\":\"https:\/\/www.africa-press.net\/senegal\/\",\"name\":\"Africa Press | Senegal | Homepage\",\"description\":\"Just another Africa News Agency Sites site\",\"potentialAction\":[{\"@type\":\"SearchAction\",\"target\":{\"@type\":\"EntryPoint\",\"urlTemplate\":\"https:\/\/www.africa-press.net\/senegal\/?s={search_term_string}\"},\"query-input\":{\"@type\":\"PropertyValueSpecification\",\"valueRequired\":true,\"valueName\":\"search_term_string\"}}],\"inLanguage\":\"fr-FR\"},{\"@type\":\"Person\",\"@id\":\"https:\/\/www.africa-press.net\/senegal\/#\/schema\/person\/2b1cf3cd81a31e3cd26889ca66d677f1\",\"name\":\"cfeditorfr\",\"url\":\"https:\/\/www.africa-press.net\/senegal\/author\/cfeditorfr\"}]}<\/script>\n<!-- \/ Yoast SEO Premium plugin. -->","yoast_head_json":{"title":"Championnats europ\u00e9ens : les Lions sortent de l'ombre apr\u00e8s le Mondial - Senegal","description":"Les internationaux se\u0301ne\u0301galais Kalidou Koulibaly, Pape Matar Sarr et Kre\u0301pin Diatta, peu utilise\u0301s en club avant le Mon ...","robots":{"index":"index","follow":"follow","max-snippet":"max-snippet:-1","max-image-preview":"max-image-preview:large","max-video-preview":"max-video-preview:-1"},"canonical":"https:\/\/www.africa-press.net\/senegal\/sports\/championnats-europeens-les-lions-sortent-de-lombre-apres-le-mondial","og_locale":"fr_FR","og_type":"article","og_title":"Championnats europ\u00e9ens : les Lions sortent de l'ombre apr\u00e8s le Mondial","og_description":"Les internationaux se\u0301ne\u0301galais Kalidou Koulibaly, Pape Matar Sarr et Kre\u0301pin Diatta, peu utilise\u0301s en club avant le Mon ...","og_url":"https:\/\/www.africa-press.net\/senegal\/sports\/championnats-europeens-les-lions-sortent-de-lombre-apres-le-mondial","og_site_name":"Senegal","article_published_time":"2023-01-06T20:58:54+00:00","article_modified_time":"2023-01-06T21:39:22+00:00","og_image":[{"width":1182,"height":446,"url":"https:\/\/static.africa-press.net\/senegal\/sites\/13\/2023\/01\/postQueueImg_1673026266.72.jpg","type":"image\/jpeg"}],"author":"cfeditorfr","twitter_card":"summary_large_image","twitter_misc":{"\u00c9crit par":"cfeditorfr","Dur\u00e9e de lecture estim\u00e9e":"3 minutes"},"schema":{"@context":"https:\/\/schema.org","@graph":[{"@type":"Article","@id":"https:\/\/www.africa-press.net\/senegal\/sports\/championnats-europeens-les-lions-sortent-de-lombre-apres-le-mondial#article","isPartOf":{"@id":"https:\/\/www.africa-press.net\/senegal\/sports\/championnats-europeens-les-lions-sortent-de-lombre-apres-le-mondial"},"author":{"name":"cfeditorfr","@id":"https:\/\/www.africa-press.net\/senegal\/#\/schema\/person\/2b1cf3cd81a31e3cd26889ca66d677f1"},"headline":"Championnats europ\u00e9ens : les Lions sortent de l&rsquo;ombre apr\u00e8s le Mondial","datePublished":"2023-01-06T20:58:54+00:00","dateModified":"2023-01-06T21:39:22+00:00","mainEntityOfPage":{"@id":"https:\/\/www.africa-press.net\/senegal\/sports\/championnats-europeens-les-lions-sortent-de-lombre-apres-le-mondial"},"wordCount":475,"commentCount":0,"image":{"@id":"https:\/\/www.africa-press.net\/senegal\/sports\/championnats-europeens-les-lions-sortent-de-lombre-apres-le-mondial#primaryimage"},"thumbnailUrl":"https:\/\/static.africa-press.net\/senegal\/sites\/13\/2023\/01\/postQueueImg_1673026266.72.jpg","keywords":["Africa Press","Africa Press-Senegal","Senegal"],"articleSection":["Sports","Toutes les actualit\u00e9s"],"inLanguage":"fr-FR","potentialAction":[{"@type":"CommentAction","name":"Comment","target":["https:\/\/www.africa-press.net\/senegal\/sports\/championnats-europeens-les-lions-sortent-de-lombre-apres-le-mondial#respond"]}]},{"@type":"WebPage","@id":"https:\/\/www.africa-press.net\/senegal\/sports\/championnats-europeens-les-lions-sortent-de-lombre-apres-le-mondial","url":"https:\/\/www.africa-press.net\/senegal\/sports\/championnats-europeens-les-lions-sortent-de-lombre-apres-le-mondial","name":"Championnats europ\u00e9ens : les Lions sortent de l'ombre apr\u00e8s le Mondial - Senegal","isPartOf":{"@id":"https:\/\/www.africa-press.net\/senegal\/#website"},"primaryImageOfPage":{"@id":"https:\/\/www.africa-press.net\/senegal\/sports\/championnats-europeens-les-lions-sortent-de-lombre-apres-le-mondial#primaryimage"},"image":{"@id":"https:\/\/www.africa-press.net\/senegal\/sports\/championnats-europeens-les-lions-sortent-de-lombre-apres-le-mondial#primaryimage"},"thumbnailUrl":"https:\/\/static.africa-press.net\/senegal\/sites\/13\/2023\/01\/postQueueImg_1673026266.72.jpg","datePublished":"2023-01-06T20:58:54+00:00","dateModified":"2023-01-06T21:39:22+00:00","author":{"@id":"https:\/\/www.africa-press.net\/senegal\/#\/schema\/person\/2b1cf3cd81a31e3cd26889ca66d677f1"},"description":"Les internationaux se\u0301ne\u0301galais Kalidou Koulibaly, Pape Matar Sarr et Kre\u0301pin Diatta, peu utilise\u0301s en club avant le Mon ...","breadcrumb":{"@id":"https:\/\/www.africa-press.net\/senegal\/sports\/championnats-europeens-les-lions-sortent-de-lombre-apres-le-mondial#breadcrumb"},"inLanguage":"fr-FR","potentialAction":[{"@type":"ReadAction","target":["https:\/\/www.africa-press.net\/senegal\/sports\/championnats-europeens-les-lions-sortent-de-lombre-apres-le-mondial"]}]},{"@type":"ImageObject","inLanguage":"fr-FR","@id":"https:\/\/www.africa-press.net\/senegal\/sports\/championnats-europeens-les-lions-sortent-de-lombre-apres-le-mondial#primaryimage","url":"https:\/\/static.africa-press.net\/senegal\/sites\/13\/2023\/01\/postQueueImg_1673026266.72.jpg","contentUrl":"https:\/\/static.africa-press.net\/senegal\/sites\/13\/2023\/01\/postQueueImg_1673026266.72.jpg","width":1182,"height":446,"caption":"Championnats europ\u00e9ens : les Lions sortent de l'ombre apr\u00e8s le Mondial"},{"@type":"BreadcrumbList","@id":"https:\/\/www.africa-press.net\/senegal\/sports\/championnats-europeens-les-lions-sortent-de-lombre-apres-le-mondial#breadcrumb","itemListElement":[{"@type":"ListItem","position":1,"name":"Accueil","item":"https:\/\/www.africa-press.net\/senegal\/"},{"@type":"ListItem","position":2,"name":"Championnats europ\u00e9ens : les Lions sortent de l&rsquo;ombre apr\u00e8s le Mondial"}]},{"@type":"WebSite","@id":"https:\/\/www.africa-press.net\/senegal\/#website","url":"https:\/\/www.africa-press.net\/senegal\/","name":"Africa Press | Senegal | Homepage","description":"Just another Africa News Agency Sites site","potentialAction":[{"@type":"SearchAction","target":{"@type":"EntryPoint","urlTemplate":"https:\/\/www.africa-press.net\/senegal\/?s={search_term_string}"},"query-input":{"@type":"PropertyValueSpecification","valueRequired":true,"valueName":"search_term_string"}}],"inLanguage":"fr-FR"},{"@type":"Person","@id":"https:\/\/www.africa-press.net\/senegal\/#\/schema\/person\/2b1cf3cd81a31e3cd26889ca66d677f1","name":"cfeditorfr","url":"https:\/\/www.africa-press.net\/senegal\/author\/cfeditorfr"}]}},"_links":{"self":[{"href":"https:\/\/www.africa-press.net\/senegal\/wp-json\/wp\/v2\/posts\/37717","targetHints":{"allow":["GET"]}}],"collection":[{"href":"https:\/\/www.africa-press.net\/senegal\/wp-json\/wp\/v2\/posts"}],"about":[{"href":"https:\/\/www.africa-press.net\/senegal\/wp-json\/wp\/v2\/types\/post"}],"author":[{"embeddable":true,"href":"https:\/\/www.africa-press.net\/senegal\/wp-json\/wp\/v2\/users\/82"}],"replies":[{"embeddable":true,"href":"https:\/\/www.africa-press.net\/senegal\/wp-json\/wp\/v2\/comments?post=37717"}],"version-history":[{"count":0,"href":"https:\/\/www.africa-press.net\/senegal\/wp-json\/wp\/v2\/posts\/37717\/revisions"}],"wp:featuredmedia":[{"embeddable":true,"href":"https:\/\/www.africa-press.net\/senegal\/wp-json\/wp\/v2\/media\/37716"}],"wp:attachment":[{"href":"https:\/\/www.africa-press.net\/senegal\/wp-json\/wp\/v2\/media?parent=37717"}],"wp:term":[{"taxonomy":"category","embeddable":true,"href":"https:\/\/www.africa-press.net\/senegal\/wp-json\/wp\/v2\/categories?post=37717"},{"taxonomy":"post_tag","embeddable":true,"href":"https:\/\/www.africa-press.net\/senegal\/wp-json\/wp\/v2\/tags?post=37717"}],"curies":[{"name":"wp","href":"https:\/\/api.w.org\/{rel}","templated":true}]}}