{"id":37723,"date":"2023-01-06T21:02:15","date_gmt":"2023-01-06T21:02:15","guid":{"rendered":"https:\/\/www.africa-press.net\/senegal\/politique\/nouveau-programme-decennal-de-lutte-contre-les-inondations-le-processus-avance-tres-bien-dg-onas"},"modified":"2023-01-06T21:40:50","modified_gmt":"2023-01-06T21:40:50","slug":"nouveau-programme-decennal-de-lutte-contre-les-inondations-le-processus-avance-tres-bien-dg-onas","status":"publish","type":"post","link":"https:\/\/www.africa-press.net\/senegal\/toutes-les-actualites\/nouveau-programme-decennal-de-lutte-contre-les-inondations-le-processus-avance-tres-bien-dg-onas","title":{"rendered":"Nouveau Programme d\u00e9cennal de lutte contre les inondations : le processus avance tr\u00e8s bien  (DG ONAS)"},"content":{"rendered":"<p><span style=\"color: #ff6600\"><strong>Africa-Press &#8211; Senegal. <\/strong><\/span>Le processus devant consacrer la mise en place du nouveau Programme de\u0301cennal de lutte contre les inondations (PDLI) pour la pe\u0301riode 2023-2033 avance tre\u0300s bien, indique le directeur ge\u0301ne\u0301ral de l\u2019Office national de l\u2019assainissement du Se\u0301ne\u0301gal (ONAS), Mamadou Mamour Diallo.<\/p>\n<p>\u00ab\u00a0Les e\u0301tudes sont en cours et les travaux sont tre\u0300s bien avance\u0301s. Toutes ces actions de\u0301montrent encore une fois que le secteur de l\u2019assainissement reste au c\u0153ur des priorite\u0301s du pre\u0301sident de la Re\u0301publique Macky Sall\u2019\u2019, a-t-il dit, jeudi soir, a\u0300 l\u2019occasion d\u2019une ce\u0301re\u0301monie ce\u0301le\u0301brant le de\u0301part a\u0300 la retraite de neuf agents de l\u2019ONAS.<\/p>\n<p>Le DG de l&rsquo;ONAS a souligne\u0301 que le Programme de lutte contre les inondations 2012-2022, clo\u0302ture\u0301 le 31 de\u0301cembre dernier, a e\u0301te\u0301 \u201cune belle re\u0301ussite\u201d.<\/p>\n<p>\u2018\u2019Depuis l\u2019inde\u0301pendance de notre pays, nous n\u2019avons pas constate\u0301 autant d\u2019investissements re\u0301alise\u0301s dans le secteur de l\u2019assainissement. Et il faut saluer l\u2019initiative du ministe\u0300re de l\u2019Eau et de l\u2019Assainissement qui, de\u0300s la fin du programme, s&rsquo;est engage\u0301 pour un nouveau Plan de\u0301cennal de lutte contre les inondations 2023-2033\u2019\u2019, a-t-il ajoute\u0301.<\/p>\n<p>M. Diallo a salue\u0301 les nombreux efforts consentis par l\u2019ONAS, surtout lors de l\u2019hivernage 2022.<\/p>\n<p>\u2018\u2019Il est clair que s\u2019agissant de l\u2019ONAS, pour l\u2019anne\u0301e 2022, des efforts importants ont e\u0301te\u0301 faits par les travailleurs, parce que nous avons connu un hivernage difficile, j\u2019allais dire un hivernage pluvieux.<\/p>\n<p>Des quantite\u0301s d\u2019eau abondantes et importantes jamais e\u0301gale\u0301es depuis plusieurs de\u0301cennies ont e\u0301te\u0301 constate\u0301es au Se\u0301ne\u0301gal, notamment dans l\u2019agglome\u0301ration dakaroise. Ce qui a cause\u0301 pas mal de de\u0301sagre\u0301ments au niveau des populations\u2019\u2019, a-t-il rappele\u0301.<\/p>\n<p>Pour une bien meilleure mai\u0302trise des inondations en 2023, Mamadou Mamour Diallo annonce la mise en place d\u2019un comite\u0301 charge\u0301 de leur pre\u0301vention et de leur gestion.<\/p>\n<p>Il a notamment pre\u0301cise\u0301 que ce comite\u0301 a pour objectif fondamental de pre\u0301voir de fac\u0327on pre\u0301coce les inondations, signalant que la proposition a de\u0301ja\u0300 e\u0301te\u0301 faite au ministe\u0300re de l\u2019Eau et de l\u2019Assainissement.<\/p>\n<p>Le DG de l&rsquo;ONAS a par ailleurs rendu hommage aux neuf agents retraite\u0301s et a promis de les accompagner, expliquant que l&rsquo;entreprise a besoin de leurs expe\u0301riences et de leurs compe\u0301tences.<\/p>\n<p><strong>Pour plus d&rsquo;informations et d&rsquo;analyses sur la <a href=\"https:\/\/www.africa-press.net\/senegal\">Senegal<\/a>, suivez <a href=\"https:\/\/www.africa-press.net\/\">Africa-Press<\/a><\/strong><\/p>\n","protected":false},"excerpt":{"rendered":"<p>Africa-Press &#8211; Senegal. Le processus devant consacrer la mise en place du nouveau Programme de\u0301cennal de lutte contre les inondations (PDLI) pour la pe\u0301riode 2023-2033 avance tre\u0300s bien, indique le directeur ge\u0301ne\u0301ral de l\u2019Office national de l\u2019assainissement du Se\u0301ne\u0301gal (ONAS), Mamadou Mamour Diallo. \u00ab\u00a0Les e\u0301tudes sont en cours et les travaux sont tre\u0300s bien avance\u0301s. [&hellip;]<\/p>\n","protected":false},"author":82,"featured_media":37722,"comment_status":"open","ping_status":"closed","sticky":false,"template":"","format":"standard","meta":{"footnotes":""},"categories":[21,10],"tags":[43,47,44],"class_list":["post-37723","post","type-post","status-publish","format-standard","has-post-thumbnail","hentry","category-communaute","category-toutes-les-actualites","tag-africa-press-2","tag-africa-press-senegal","tag-senegal-2"],"yoast_head":"<!-- This site is optimized with the Yoast SEO Premium plugin v26.1 (Yoast SEO v27.0) - https:\/\/yoast.com\/product\/yoast-seo-premium-wordpress\/ -->\n<title>Nouveau Programme d\u00e9cennal de lutte contre les inondations : le processus avance tr\u00e8s bien (DG ONAS) - Senegal<\/title>\n<meta name=\"description\" content=\"Le processus devant consacrer la mise en place du nouveau Programme de\u0301cennal de lutte contre les inondations (PDLI) pou ...\" \/>\n<meta name=\"robots\" content=\"index, follow, max-snippet:-1, max-image-preview:large, max-video-preview:-1\" \/>\n<link rel=\"canonical\" href=\"https:\/\/www.africa-press.net\/senegal\/toutes-les-actualites\/nouveau-programme-decennal-de-lutte-contre-les-inondations-le-processus-avance-tres-bien-dg-onas\" \/>\n<meta property=\"og:locale\" content=\"fr_FR\" \/>\n<meta property=\"og:type\" content=\"article\" \/>\n<meta property=\"og:title\" content=\"Nouveau Programme d\u00e9cennal de lutte contre les inondations : le processus avance tr\u00e8s bien (DG ONAS)\" \/>\n<meta property=\"og:description\" content=\"Le processus devant consacrer la mise en place du nouveau Programme de\u0301cennal de lutte contre les inondations (PDLI) pou ...\" \/>\n<meta property=\"og:url\" content=\"https:\/\/www.africa-press.net\/senegal\/toutes-les-actualites\/nouveau-programme-decennal-de-lutte-contre-les-inondations-le-processus-avance-tres-bien-dg-onas\" \/>\n<meta property=\"og:site_name\" content=\"Senegal\" \/>\n<meta property=\"article:published_time\" content=\"2023-01-06T21:02:15+00:00\" \/>\n<meta property=\"article:modified_time\" content=\"2023-01-06T21:40:50+00:00\" \/>\n<meta property=\"og:image\" content=\"https:\/\/static.africa-press.net\/senegal\/sites\/13\/2023\/01\/postQueueImg_1673026375.74.jpg\" \/>\n\t<meta property=\"og:image:width\" content=\"1280\" \/>\n\t<meta property=\"og:image:height\" content=\"720\" \/>\n\t<meta property=\"og:image:type\" content=\"image\/jpeg\" \/>\n<meta name=\"author\" content=\"cfeditorfr\" \/>\n<meta name=\"twitter:card\" content=\"summary_large_image\" \/>\n<meta name=\"twitter:label1\" content=\"\u00c9crit par\" \/>\n\t<meta name=\"twitter:data1\" content=\"cfeditorfr\" \/>\n\t<meta name=\"twitter:label2\" content=\"Dur\u00e9e de lecture estim\u00e9e\" \/>\n\t<meta name=\"twitter:data2\" content=\"2 minutes\" \/>\n<script type=\"application\/ld+json\" class=\"yoast-schema-graph\">{\"@context\":\"https:\/\/schema.org\",\"@graph\":[{\"@type\":\"Article\",\"@id\":\"https:\/\/www.africa-press.net\/senegal\/toutes-les-actualites\/nouveau-programme-decennal-de-lutte-contre-les-inondations-le-processus-avance-tres-bien-dg-onas#article\",\"isPartOf\":{\"@id\":\"https:\/\/www.africa-press.net\/senegal\/toutes-les-actualites\/nouveau-programme-decennal-de-lutte-contre-les-inondations-le-processus-avance-tres-bien-dg-onas\"},\"author\":{\"name\":\"cfeditorfr\",\"@id\":\"https:\/\/www.africa-press.net\/senegal\/#\/schema\/person\/2b1cf3cd81a31e3cd26889ca66d677f1\"},\"headline\":\"Nouveau Programme d\u00e9cennal de lutte contre les inondations : le processus avance tr\u00e8s bien (DG ONAS)\",\"datePublished\":\"2023-01-06T21:02:15+00:00\",\"dateModified\":\"2023-01-06T21:40:50+00:00\",\"mainEntityOfPage\":{\"@id\":\"https:\/\/www.africa-press.net\/senegal\/toutes-les-actualites\/nouveau-programme-decennal-de-lutte-contre-les-inondations-le-processus-avance-tres-bien-dg-onas\"},\"wordCount\":453,\"commentCount\":0,\"image\":{\"@id\":\"https:\/\/www.africa-press.net\/senegal\/toutes-les-actualites\/nouveau-programme-decennal-de-lutte-contre-les-inondations-le-processus-avance-tres-bien-dg-onas#primaryimage\"},\"thumbnailUrl\":\"https:\/\/static.africa-press.net\/senegal\/sites\/13\/2023\/01\/postQueueImg_1673026375.74.jpg\",\"keywords\":[\"Africa Press\",\"Africa Press-Senegal\",\"Senegal\"],\"articleSection\":[\"Communaut\u00e9\",\"Toutes les actualit\u00e9s\"],\"inLanguage\":\"fr-FR\",\"potentialAction\":[{\"@type\":\"CommentAction\",\"name\":\"Comment\",\"target\":[\"https:\/\/www.africa-press.net\/senegal\/toutes-les-actualites\/nouveau-programme-decennal-de-lutte-contre-les-inondations-le-processus-avance-tres-bien-dg-onas#respond\"]}]},{\"@type\":\"WebPage\",\"@id\":\"https:\/\/www.africa-press.net\/senegal\/toutes-les-actualites\/nouveau-programme-decennal-de-lutte-contre-les-inondations-le-processus-avance-tres-bien-dg-onas\",\"url\":\"https:\/\/www.africa-press.net\/senegal\/toutes-les-actualites\/nouveau-programme-decennal-de-lutte-contre-les-inondations-le-processus-avance-tres-bien-dg-onas\",\"name\":\"Nouveau Programme d\u00e9cennal de lutte contre les inondations : le processus avance tr\u00e8s bien (DG ONAS) - Senegal\",\"isPartOf\":{\"@id\":\"https:\/\/www.africa-press.net\/senegal\/#website\"},\"primaryImageOfPage\":{\"@id\":\"https:\/\/www.africa-press.net\/senegal\/toutes-les-actualites\/nouveau-programme-decennal-de-lutte-contre-les-inondations-le-processus-avance-tres-bien-dg-onas#primaryimage\"},\"image\":{\"@id\":\"https:\/\/www.africa-press.net\/senegal\/toutes-les-actualites\/nouveau-programme-decennal-de-lutte-contre-les-inondations-le-processus-avance-tres-bien-dg-onas#primaryimage\"},\"thumbnailUrl\":\"https:\/\/static.africa-press.net\/senegal\/sites\/13\/2023\/01\/postQueueImg_1673026375.74.jpg\",\"datePublished\":\"2023-01-06T21:02:15+00:00\",\"dateModified\":\"2023-01-06T21:40:50+00:00\",\"author\":{\"@id\":\"https:\/\/www.africa-press.net\/senegal\/#\/schema\/person\/2b1cf3cd81a31e3cd26889ca66d677f1\"},\"description\":\"Le processus devant consacrer la mise en place du nouveau Programme de\u0301cennal de lutte contre les inondations (PDLI) pou ...\",\"breadcrumb\":{\"@id\":\"https:\/\/www.africa-press.net\/senegal\/toutes-les-actualites\/nouveau-programme-decennal-de-lutte-contre-les-inondations-le-processus-avance-tres-bien-dg-onas#breadcrumb\"},\"inLanguage\":\"fr-FR\",\"potentialAction\":[{\"@type\":\"ReadAction\",\"target\":[\"https:\/\/www.africa-press.net\/senegal\/toutes-les-actualites\/nouveau-programme-decennal-de-lutte-contre-les-inondations-le-processus-avance-tres-bien-dg-onas\"]}]},{\"@type\":\"ImageObject\",\"inLanguage\":\"fr-FR\",\"@id\":\"https:\/\/www.africa-press.net\/senegal\/toutes-les-actualites\/nouveau-programme-decennal-de-lutte-contre-les-inondations-le-processus-avance-tres-bien-dg-onas#primaryimage\",\"url\":\"https:\/\/static.africa-press.net\/senegal\/sites\/13\/2023\/01\/postQueueImg_1673026375.74.jpg\",\"contentUrl\":\"https:\/\/static.africa-press.net\/senegal\/sites\/13\/2023\/01\/postQueueImg_1673026375.74.jpg\",\"width\":1280,\"height\":720,\"caption\":\"Nouveau Programme d\u00e9cennal de lutte contre les inondations : le processus avance tr\u00e8s bien (DG ONAS)\"},{\"@type\":\"BreadcrumbList\",\"@id\":\"https:\/\/www.africa-press.net\/senegal\/toutes-les-actualites\/nouveau-programme-decennal-de-lutte-contre-les-inondations-le-processus-avance-tres-bien-dg-onas#breadcrumb\",\"itemListElement\":[{\"@type\":\"ListItem\",\"position\":1,\"name\":\"Accueil\",\"item\":\"https:\/\/www.africa-press.net\/senegal\/\"},{\"@type\":\"ListItem\",\"position\":2,\"name\":\"Nouveau Programme d\u00e9cennal de lutte contre les inondations : le processus avance tr\u00e8s bien (DG ONAS)\"}]},{\"@type\":\"WebSite\",\"@id\":\"https:\/\/www.africa-press.net\/senegal\/#website\",\"url\":\"https:\/\/www.africa-press.net\/senegal\/\",\"name\":\"Africa Press | Senegal | Homepage\",\"description\":\"Just another Africa News Agency Sites site\",\"potentialAction\":[{\"@type\":\"SearchAction\",\"target\":{\"@type\":\"EntryPoint\",\"urlTemplate\":\"https:\/\/www.africa-press.net\/senegal\/?s={search_term_string}\"},\"query-input\":{\"@type\":\"PropertyValueSpecification\",\"valueRequired\":true,\"valueName\":\"search_term_string\"}}],\"inLanguage\":\"fr-FR\"},{\"@type\":\"Person\",\"@id\":\"https:\/\/www.africa-press.net\/senegal\/#\/schema\/person\/2b1cf3cd81a31e3cd26889ca66d677f1\",\"name\":\"cfeditorfr\",\"url\":\"https:\/\/www.africa-press.net\/senegal\/author\/cfeditorfr\"}]}<\/script>\n<!-- \/ Yoast SEO Premium plugin. -->","yoast_head_json":{"title":"Nouveau Programme d\u00e9cennal de lutte contre les inondations : le processus avance tr\u00e8s bien (DG ONAS) - Senegal","description":"Le processus devant consacrer la mise en place du nouveau Programme de\u0301cennal de lutte contre les inondations (PDLI) pou ...","robots":{"index":"index","follow":"follow","max-snippet":"max-snippet:-1","max-image-preview":"max-image-preview:large","max-video-preview":"max-video-preview:-1"},"canonical":"https:\/\/www.africa-press.net\/senegal\/toutes-les-actualites\/nouveau-programme-decennal-de-lutte-contre-les-inondations-le-processus-avance-tres-bien-dg-onas","og_locale":"fr_FR","og_type":"article","og_title":"Nouveau Programme d\u00e9cennal de lutte contre les inondations : le processus avance tr\u00e8s bien (DG ONAS)","og_description":"Le processus devant consacrer la mise en place du nouveau Programme de\u0301cennal de lutte contre les inondations (PDLI) pou ...","og_url":"https:\/\/www.africa-press.net\/senegal\/toutes-les-actualites\/nouveau-programme-decennal-de-lutte-contre-les-inondations-le-processus-avance-tres-bien-dg-onas","og_site_name":"Senegal","article_published_time":"2023-01-06T21:02:15+00:00","article_modified_time":"2023-01-06T21:40:50+00:00","og_image":[{"width":1280,"height":720,"url":"https:\/\/static.africa-press.net\/senegal\/sites\/13\/2023\/01\/postQueueImg_1673026375.74.jpg","type":"image\/jpeg"}],"author":"cfeditorfr","twitter_card":"summary_large_image","twitter_misc":{"\u00c9crit par":"cfeditorfr","Dur\u00e9e de lecture estim\u00e9e":"2 minutes"},"schema":{"@context":"https:\/\/schema.org","@graph":[{"@type":"Article","@id":"https:\/\/www.africa-press.net\/senegal\/toutes-les-actualites\/nouveau-programme-decennal-de-lutte-contre-les-inondations-le-processus-avance-tres-bien-dg-onas#article","isPartOf":{"@id":"https:\/\/www.africa-press.net\/senegal\/toutes-les-actualites\/nouveau-programme-decennal-de-lutte-contre-les-inondations-le-processus-avance-tres-bien-dg-onas"},"author":{"name":"cfeditorfr","@id":"https:\/\/www.africa-press.net\/senegal\/#\/schema\/person\/2b1cf3cd81a31e3cd26889ca66d677f1"},"headline":"Nouveau Programme d\u00e9cennal de lutte contre les inondations : le processus avance tr\u00e8s bien (DG ONAS)","datePublished":"2023-01-06T21:02:15+00:00","dateModified":"2023-01-06T21:40:50+00:00","mainEntityOfPage":{"@id":"https:\/\/www.africa-press.net\/senegal\/toutes-les-actualites\/nouveau-programme-decennal-de-lutte-contre-les-inondations-le-processus-avance-tres-bien-dg-onas"},"wordCount":453,"commentCount":0,"image":{"@id":"https:\/\/www.africa-press.net\/senegal\/toutes-les-actualites\/nouveau-programme-decennal-de-lutte-contre-les-inondations-le-processus-avance-tres-bien-dg-onas#primaryimage"},"thumbnailUrl":"https:\/\/static.africa-press.net\/senegal\/sites\/13\/2023\/01\/postQueueImg_1673026375.74.jpg","keywords":["Africa Press","Africa Press-Senegal","Senegal"],"articleSection":["Communaut\u00e9","Toutes les actualit\u00e9s"],"inLanguage":"fr-FR","potentialAction":[{"@type":"CommentAction","name":"Comment","target":["https:\/\/www.africa-press.net\/senegal\/toutes-les-actualites\/nouveau-programme-decennal-de-lutte-contre-les-inondations-le-processus-avance-tres-bien-dg-onas#respond"]}]},{"@type":"WebPage","@id":"https:\/\/www.africa-press.net\/senegal\/toutes-les-actualites\/nouveau-programme-decennal-de-lutte-contre-les-inondations-le-processus-avance-tres-bien-dg-onas","url":"https:\/\/www.africa-press.net\/senegal\/toutes-les-actualites\/nouveau-programme-decennal-de-lutte-contre-les-inondations-le-processus-avance-tres-bien-dg-onas","name":"Nouveau Programme d\u00e9cennal de lutte contre les inondations : le processus avance tr\u00e8s bien (DG ONAS) - Senegal","isPartOf":{"@id":"https:\/\/www.africa-press.net\/senegal\/#website"},"primaryImageOfPage":{"@id":"https:\/\/www.africa-press.net\/senegal\/toutes-les-actualites\/nouveau-programme-decennal-de-lutte-contre-les-inondations-le-processus-avance-tres-bien-dg-onas#primaryimage"},"image":{"@id":"https:\/\/www.africa-press.net\/senegal\/toutes-les-actualites\/nouveau-programme-decennal-de-lutte-contre-les-inondations-le-processus-avance-tres-bien-dg-onas#primaryimage"},"thumbnailUrl":"https:\/\/static.africa-press.net\/senegal\/sites\/13\/2023\/01\/postQueueImg_1673026375.74.jpg","datePublished":"2023-01-06T21:02:15+00:00","dateModified":"2023-01-06T21:40:50+00:00","author":{"@id":"https:\/\/www.africa-press.net\/senegal\/#\/schema\/person\/2b1cf3cd81a31e3cd26889ca66d677f1"},"description":"Le processus devant consacrer la mise en place du nouveau Programme de\u0301cennal de lutte contre les inondations (PDLI) pou ...","breadcrumb":{"@id":"https:\/\/www.africa-press.net\/senegal\/toutes-les-actualites\/nouveau-programme-decennal-de-lutte-contre-les-inondations-le-processus-avance-tres-bien-dg-onas#breadcrumb"},"inLanguage":"fr-FR","potentialAction":[{"@type":"ReadAction","target":["https:\/\/www.africa-press.net\/senegal\/toutes-les-actualites\/nouveau-programme-decennal-de-lutte-contre-les-inondations-le-processus-avance-tres-bien-dg-onas"]}]},{"@type":"ImageObject","inLanguage":"fr-FR","@id":"https:\/\/www.africa-press.net\/senegal\/toutes-les-actualites\/nouveau-programme-decennal-de-lutte-contre-les-inondations-le-processus-avance-tres-bien-dg-onas#primaryimage","url":"https:\/\/static.africa-press.net\/senegal\/sites\/13\/2023\/01\/postQueueImg_1673026375.74.jpg","contentUrl":"https:\/\/static.africa-press.net\/senegal\/sites\/13\/2023\/01\/postQueueImg_1673026375.74.jpg","width":1280,"height":720,"caption":"Nouveau Programme d\u00e9cennal de lutte contre les inondations : le processus avance tr\u00e8s bien (DG ONAS)"},{"@type":"BreadcrumbList","@id":"https:\/\/www.africa-press.net\/senegal\/toutes-les-actualites\/nouveau-programme-decennal-de-lutte-contre-les-inondations-le-processus-avance-tres-bien-dg-onas#breadcrumb","itemListElement":[{"@type":"ListItem","position":1,"name":"Accueil","item":"https:\/\/www.africa-press.net\/senegal\/"},{"@type":"ListItem","position":2,"name":"Nouveau Programme d\u00e9cennal de lutte contre les inondations : le processus avance tr\u00e8s bien (DG ONAS)"}]},{"@type":"WebSite","@id":"https:\/\/www.africa-press.net\/senegal\/#website","url":"https:\/\/www.africa-press.net\/senegal\/","name":"Africa Press | Senegal | Homepage","description":"Just another Africa News Agency Sites site","potentialAction":[{"@type":"SearchAction","target":{"@type":"EntryPoint","urlTemplate":"https:\/\/www.africa-press.net\/senegal\/?s={search_term_string}"},"query-input":{"@type":"PropertyValueSpecification","valueRequired":true,"valueName":"search_term_string"}}],"inLanguage":"fr-FR"},{"@type":"Person","@id":"https:\/\/www.africa-press.net\/senegal\/#\/schema\/person\/2b1cf3cd81a31e3cd26889ca66d677f1","name":"cfeditorfr","url":"https:\/\/www.africa-press.net\/senegal\/author\/cfeditorfr"}]}},"_links":{"self":[{"href":"https:\/\/www.africa-press.net\/senegal\/wp-json\/wp\/v2\/posts\/37723","targetHints":{"allow":["GET"]}}],"collection":[{"href":"https:\/\/www.africa-press.net\/senegal\/wp-json\/wp\/v2\/posts"}],"about":[{"href":"https:\/\/www.africa-press.net\/senegal\/wp-json\/wp\/v2\/types\/post"}],"author":[{"embeddable":true,"href":"https:\/\/www.africa-press.net\/senegal\/wp-json\/wp\/v2\/users\/82"}],"replies":[{"embeddable":true,"href":"https:\/\/www.africa-press.net\/senegal\/wp-json\/wp\/v2\/comments?post=37723"}],"version-history":[{"count":0,"href":"https:\/\/www.africa-press.net\/senegal\/wp-json\/wp\/v2\/posts\/37723\/revisions"}],"wp:featuredmedia":[{"embeddable":true,"href":"https:\/\/www.africa-press.net\/senegal\/wp-json\/wp\/v2\/media\/37722"}],"wp:attachment":[{"href":"https:\/\/www.africa-press.net\/senegal\/wp-json\/wp\/v2\/media?parent=37723"}],"wp:term":[{"taxonomy":"category","embeddable":true,"href":"https:\/\/www.africa-press.net\/senegal\/wp-json\/wp\/v2\/categories?post=37723"},{"taxonomy":"post_tag","embeddable":true,"href":"https:\/\/www.africa-press.net\/senegal\/wp-json\/wp\/v2\/tags?post=37723"}],"curies":[{"name":"wp","href":"https:\/\/api.w.org\/{rel}","templated":true}]}}