{"id":37726,"date":"2023-01-06T21:03:21","date_gmt":"2023-01-06T21:03:21","guid":{"rendered":"https:\/\/www.africa-press.net\/senegal\/politique\/toubacouta-des-journalistes-outilles-sur-les-enjeux-des-aires-marines-protegees"},"modified":"2023-01-06T21:41:55","modified_gmt":"2023-01-06T21:41:55","slug":"toubacouta-des-journalistes-outilles-sur-les-enjeux-des-aires-marines-protegees","status":"publish","type":"post","link":"https:\/\/www.africa-press.net\/senegal\/toutes-les-actualites\/toubacouta-des-journalistes-outilles-sur-les-enjeux-des-aires-marines-protegees","title":{"rendered":"Toubacouta\u00a0: des journalistes outill\u00e9s sur les enjeux des Aires marines prot\u00e9g\u00e9es"},"content":{"rendered":"<p><span style=\"color: #ff6600\"><strong>Africa-Press &#8211; Senegal. <\/strong><\/span>Une vingtaine de journalistes prennent part a\u0300 Toubacouta (Fatick, centre) a\u0300 un atelier de formation axe\u0301e sur la politique et les enjeux des Aires marines prote\u0301ge\u0301es du Se\u0301ne\u0301gal (AMP) a\u0300 l\u2019initiative du ministe\u0300re de l\u2019Environnement et du De\u0301veloppement durable, a constate\u0301 l\u2019APS.<\/p>\n<p>La rencontre de trois jours porte sur le \u2018\u2019Traitement me\u0301diatique des the\u0301matiques relatives a\u0300 l\u2019environnement notamment aux Aires marines prote\u0301ge\u0301es\u2019\u2019.<\/p>\n<p>Outre les journalistes, plusieurs autres acteurs comme les conservateurs d\u2019AMP, des e\u0301co gardes, des exploitants de ressources halieutiques venant de la Casamance et du Sine Saloum prennent part a\u0300 l&rsquo;atelier.<\/p>\n<p>\u2018\u2019Souvent les questions de l\u2019environnement sont en marge des contenus me\u0301diatiques. Il s\u2019agit pour cette session d\u2019outiller les professionnels des me\u0301dias en vue de mieux montrer la politique de de\u0301veloppement que les AMP me\u0300nent au be\u0301ne\u0301fice des communaute\u0301s\u2019\u2019, a estime\u0301 le Colonel Mamadou Sidibe\u0301, directeur des Aires marines prote\u0301ge\u0301es au Ministe\u0300re de l\u2019Environnement.<\/p>\n<p>A l\u2019ouverture de la session, beaucoup de journalistes ont fait part de leurs pre\u0301occupations lie\u0301es a\u0300 l\u2019acce\u0300s aux sources, les lenteurs dans l\u2019octroi d\u2019autorisations de couvrir certaines proble\u0301matiques environnementales, la complexite\u0301 de certaines notions ve\u0301hicule\u0301es par les experts entre autres attentes.<\/p>\n<p>La session englobe une composante pratique avec des visites de terrain a\u0300 l\u2019Aire marine prote\u0301ge\u0301e de Bamboung (Toubacouta) dans le Delta du Saloum.<\/p>\n<p>La visite de terrain se fera par pirogues et se de\u0301roulera sur plusieurs sites de l\u2019AMP locale ou\u0300 se me\u0300nent plusieurs activite\u0301s dont la production et l\u2019exploitation de ressources halieutiques, le reboisement et les multiples pressions sur l\u2019e\u0301cosyste\u0300me mangrove, les types d\u2019activite\u0301s qui menacent les AMP et d\u2019autres enjeux de ces espaces marins.<\/p>\n<p>Cette activite\u0301 de mise a\u0300 niveau des professionnels de l\u2019information et des acteurs environnementaux entre dans le cadre du \u2018\u2019Projet d\u2019appui a\u0300 la politique d\u2019aires marines prote\u0301ge\u0301es du Se\u0301ne\u0301gal a\u0300 travers la conservation et la mise en valeur durable des mangroves de la Casamance et du Sine Saloum\u2019\u2019.<\/p>\n<p>Ce programme est mis en oeuvre par la tutelle ministe\u0301rielle en partenariat avec l\u2019Agence franc\u0327aise de de\u0301veloppement (AFD) pour contribuer a\u0300 la mise en cohe\u0301rence des activite\u0301s de restauration de la mangrove et la consolidation du re\u0301seau des Aires marines prote\u0301ge\u0301es du Se\u0301ne\u0301gal.<\/p>\n<p>\u2018\u2019Le projet contribue notamment aux efforts d\u2019adaptation et l\u2019atte\u0301nuation par rapport aux effets des changements climatiques\u00a0\u00bb, a explique\u0301 le Lieutant-colonel Momar Sow, responsable du projet AMP-Mangroves.<\/p>\n<p><strong>Pour plus d&rsquo;informations et d&rsquo;analyses sur la <a href=\"https:\/\/www.africa-press.net\/senegal\">Senegal<\/a>, suivez <a href=\"https:\/\/www.africa-press.net\/\">Africa-Press<\/a><\/strong><\/p>\n","protected":false},"excerpt":{"rendered":"<p>Africa-Press &#8211; Senegal. Une vingtaine de journalistes prennent part a\u0300 Toubacouta (Fatick, centre) a\u0300 un atelier de formation axe\u0301e sur la politique et les enjeux des Aires marines prote\u0301ge\u0301es du Se\u0301ne\u0301gal (AMP) a\u0300 l\u2019initiative du ministe\u0300re de l\u2019Environnement et du De\u0301veloppement durable, a constate\u0301 l\u2019APS. La rencontre de trois jours porte sur le \u2018\u2019Traitement me\u0301diatique [&hellip;]<\/p>\n","protected":false},"author":82,"featured_media":37725,"comment_status":"open","ping_status":"closed","sticky":false,"template":"","format":"standard","meta":{"footnotes":""},"categories":[21,10],"tags":[43,47,44],"class_list":["post-37726","post","type-post","status-publish","format-standard","has-post-thumbnail","hentry","category-communaute","category-toutes-les-actualites","tag-africa-press-2","tag-africa-press-senegal","tag-senegal-2"],"yoast_head":"<!-- This site is optimized with the Yoast SEO Premium plugin v26.1 (Yoast SEO v27.0) - https:\/\/yoast.com\/product\/yoast-seo-premium-wordpress\/ -->\n<title>Toubacouta\u00a0: des journalistes outill\u00e9s sur les enjeux des Aires marines prot\u00e9g\u00e9es - Senegal<\/title>\n<meta name=\"description\" content=\"Une vingtaine de journalistes prennent part a\u0300 Toubacouta (Fatick, centre) a\u0300 un atelier de formation axe\u0301e sur la polit ...\" \/>\n<meta name=\"robots\" content=\"index, follow, max-snippet:-1, max-image-preview:large, max-video-preview:-1\" \/>\n<link rel=\"canonical\" href=\"https:\/\/www.africa-press.net\/senegal\/toutes-les-actualites\/toubacouta-des-journalistes-outilles-sur-les-enjeux-des-aires-marines-protegees\" \/>\n<meta property=\"og:locale\" content=\"fr_FR\" \/>\n<meta property=\"og:type\" content=\"article\" \/>\n<meta property=\"og:title\" content=\"Toubacouta\u00a0: des journalistes outill\u00e9s sur les enjeux des Aires marines prot\u00e9g\u00e9es\" \/>\n<meta property=\"og:description\" content=\"Une vingtaine de journalistes prennent part a\u0300 Toubacouta (Fatick, centre) a\u0300 un atelier de formation axe\u0301e sur la polit ...\" \/>\n<meta property=\"og:url\" content=\"https:\/\/www.africa-press.net\/senegal\/toutes-les-actualites\/toubacouta-des-journalistes-outilles-sur-les-enjeux-des-aires-marines-protegees\" \/>\n<meta property=\"og:site_name\" content=\"Senegal\" \/>\n<meta property=\"article:published_time\" content=\"2023-01-06T21:03:21+00:00\" \/>\n<meta property=\"article:modified_time\" content=\"2023-01-06T21:41:55+00:00\" \/>\n<meta property=\"og:image\" content=\"https:\/\/static.africa-press.net\/senegal\/sites\/13\/2023\/01\/postQueueImg_1673026450.07.jpg\" \/>\n\t<meta property=\"og:image:width\" content=\"1280\" \/>\n\t<meta property=\"og:image:height\" content=\"720\" \/>\n\t<meta property=\"og:image:type\" content=\"image\/jpeg\" \/>\n<meta name=\"author\" content=\"cfeditorfr\" \/>\n<meta name=\"twitter:card\" content=\"summary_large_image\" \/>\n<meta name=\"twitter:label1\" content=\"\u00c9crit par\" \/>\n\t<meta name=\"twitter:data1\" content=\"cfeditorfr\" \/>\n\t<meta name=\"twitter:label2\" content=\"Dur\u00e9e de lecture estim\u00e9e\" \/>\n\t<meta name=\"twitter:data2\" content=\"3 minutes\" \/>\n<script type=\"application\/ld+json\" class=\"yoast-schema-graph\">{\"@context\":\"https:\/\/schema.org\",\"@graph\":[{\"@type\":\"Article\",\"@id\":\"https:\/\/www.africa-press.net\/senegal\/toutes-les-actualites\/toubacouta-des-journalistes-outilles-sur-les-enjeux-des-aires-marines-protegees#article\",\"isPartOf\":{\"@id\":\"https:\/\/www.africa-press.net\/senegal\/toutes-les-actualites\/toubacouta-des-journalistes-outilles-sur-les-enjeux-des-aires-marines-protegees\"},\"author\":{\"name\":\"cfeditorfr\",\"@id\":\"https:\/\/www.africa-press.net\/senegal\/#\/schema\/person\/2b1cf3cd81a31e3cd26889ca66d677f1\"},\"headline\":\"Toubacouta\u00a0: des journalistes outill\u00e9s sur les enjeux des Aires marines prot\u00e9g\u00e9es\",\"datePublished\":\"2023-01-06T21:03:21+00:00\",\"dateModified\":\"2023-01-06T21:41:55+00:00\",\"mainEntityOfPage\":{\"@id\":\"https:\/\/www.africa-press.net\/senegal\/toutes-les-actualites\/toubacouta-des-journalistes-outilles-sur-les-enjeux-des-aires-marines-protegees\"},\"wordCount\":485,\"commentCount\":0,\"image\":{\"@id\":\"https:\/\/www.africa-press.net\/senegal\/toutes-les-actualites\/toubacouta-des-journalistes-outilles-sur-les-enjeux-des-aires-marines-protegees#primaryimage\"},\"thumbnailUrl\":\"https:\/\/static.africa-press.net\/senegal\/sites\/13\/2023\/01\/postQueueImg_1673026450.07.jpg\",\"keywords\":[\"Africa Press\",\"Africa Press-Senegal\",\"Senegal\"],\"articleSection\":[\"Communaut\u00e9\",\"Toutes les actualit\u00e9s\"],\"inLanguage\":\"fr-FR\",\"potentialAction\":[{\"@type\":\"CommentAction\",\"name\":\"Comment\",\"target\":[\"https:\/\/www.africa-press.net\/senegal\/toutes-les-actualites\/toubacouta-des-journalistes-outilles-sur-les-enjeux-des-aires-marines-protegees#respond\"]}]},{\"@type\":\"WebPage\",\"@id\":\"https:\/\/www.africa-press.net\/senegal\/toutes-les-actualites\/toubacouta-des-journalistes-outilles-sur-les-enjeux-des-aires-marines-protegees\",\"url\":\"https:\/\/www.africa-press.net\/senegal\/toutes-les-actualites\/toubacouta-des-journalistes-outilles-sur-les-enjeux-des-aires-marines-protegees\",\"name\":\"Toubacouta\u00a0: des journalistes outill\u00e9s sur les enjeux des Aires marines prot\u00e9g\u00e9es - Senegal\",\"isPartOf\":{\"@id\":\"https:\/\/www.africa-press.net\/senegal\/#website\"},\"primaryImageOfPage\":{\"@id\":\"https:\/\/www.africa-press.net\/senegal\/toutes-les-actualites\/toubacouta-des-journalistes-outilles-sur-les-enjeux-des-aires-marines-protegees#primaryimage\"},\"image\":{\"@id\":\"https:\/\/www.africa-press.net\/senegal\/toutes-les-actualites\/toubacouta-des-journalistes-outilles-sur-les-enjeux-des-aires-marines-protegees#primaryimage\"},\"thumbnailUrl\":\"https:\/\/static.africa-press.net\/senegal\/sites\/13\/2023\/01\/postQueueImg_1673026450.07.jpg\",\"datePublished\":\"2023-01-06T21:03:21+00:00\",\"dateModified\":\"2023-01-06T21:41:55+00:00\",\"author\":{\"@id\":\"https:\/\/www.africa-press.net\/senegal\/#\/schema\/person\/2b1cf3cd81a31e3cd26889ca66d677f1\"},\"description\":\"Une vingtaine de journalistes prennent part a\u0300 Toubacouta (Fatick, centre) a\u0300 un atelier de formation axe\u0301e sur la polit ...\",\"breadcrumb\":{\"@id\":\"https:\/\/www.africa-press.net\/senegal\/toutes-les-actualites\/toubacouta-des-journalistes-outilles-sur-les-enjeux-des-aires-marines-protegees#breadcrumb\"},\"inLanguage\":\"fr-FR\",\"potentialAction\":[{\"@type\":\"ReadAction\",\"target\":[\"https:\/\/www.africa-press.net\/senegal\/toutes-les-actualites\/toubacouta-des-journalistes-outilles-sur-les-enjeux-des-aires-marines-protegees\"]}]},{\"@type\":\"ImageObject\",\"inLanguage\":\"fr-FR\",\"@id\":\"https:\/\/www.africa-press.net\/senegal\/toutes-les-actualites\/toubacouta-des-journalistes-outilles-sur-les-enjeux-des-aires-marines-protegees#primaryimage\",\"url\":\"https:\/\/static.africa-press.net\/senegal\/sites\/13\/2023\/01\/postQueueImg_1673026450.07.jpg\",\"contentUrl\":\"https:\/\/static.africa-press.net\/senegal\/sites\/13\/2023\/01\/postQueueImg_1673026450.07.jpg\",\"width\":1280,\"height\":720,\"caption\":\"Toubacouta\u00a0: des journalistes outill\u00e9s sur les enjeux des Aires marines prot\u00e9g\u00e9es\"},{\"@type\":\"BreadcrumbList\",\"@id\":\"https:\/\/www.africa-press.net\/senegal\/toutes-les-actualites\/toubacouta-des-journalistes-outilles-sur-les-enjeux-des-aires-marines-protegees#breadcrumb\",\"itemListElement\":[{\"@type\":\"ListItem\",\"position\":1,\"name\":\"Accueil\",\"item\":\"https:\/\/www.africa-press.net\/senegal\/\"},{\"@type\":\"ListItem\",\"position\":2,\"name\":\"Toubacouta\u00a0: des journalistes outill\u00e9s sur les enjeux des Aires marines prot\u00e9g\u00e9es\"}]},{\"@type\":\"WebSite\",\"@id\":\"https:\/\/www.africa-press.net\/senegal\/#website\",\"url\":\"https:\/\/www.africa-press.net\/senegal\/\",\"name\":\"Africa Press | Senegal | Homepage\",\"description\":\"Just another Africa News Agency Sites site\",\"potentialAction\":[{\"@type\":\"SearchAction\",\"target\":{\"@type\":\"EntryPoint\",\"urlTemplate\":\"https:\/\/www.africa-press.net\/senegal\/?s={search_term_string}\"},\"query-input\":{\"@type\":\"PropertyValueSpecification\",\"valueRequired\":true,\"valueName\":\"search_term_string\"}}],\"inLanguage\":\"fr-FR\"},{\"@type\":\"Person\",\"@id\":\"https:\/\/www.africa-press.net\/senegal\/#\/schema\/person\/2b1cf3cd81a31e3cd26889ca66d677f1\",\"name\":\"cfeditorfr\",\"url\":\"https:\/\/www.africa-press.net\/senegal\/author\/cfeditorfr\"}]}<\/script>\n<!-- \/ Yoast SEO Premium plugin. -->","yoast_head_json":{"title":"Toubacouta\u00a0: des journalistes outill\u00e9s sur les enjeux des Aires marines prot\u00e9g\u00e9es - Senegal","description":"Une vingtaine de journalistes prennent part a\u0300 Toubacouta (Fatick, centre) a\u0300 un atelier de formation axe\u0301e sur la polit ...","robots":{"index":"index","follow":"follow","max-snippet":"max-snippet:-1","max-image-preview":"max-image-preview:large","max-video-preview":"max-video-preview:-1"},"canonical":"https:\/\/www.africa-press.net\/senegal\/toutes-les-actualites\/toubacouta-des-journalistes-outilles-sur-les-enjeux-des-aires-marines-protegees","og_locale":"fr_FR","og_type":"article","og_title":"Toubacouta\u00a0: des journalistes outill\u00e9s sur les enjeux des Aires marines prot\u00e9g\u00e9es","og_description":"Une vingtaine de journalistes prennent part a\u0300 Toubacouta (Fatick, centre) a\u0300 un atelier de formation axe\u0301e sur la polit ...","og_url":"https:\/\/www.africa-press.net\/senegal\/toutes-les-actualites\/toubacouta-des-journalistes-outilles-sur-les-enjeux-des-aires-marines-protegees","og_site_name":"Senegal","article_published_time":"2023-01-06T21:03:21+00:00","article_modified_time":"2023-01-06T21:41:55+00:00","og_image":[{"width":1280,"height":720,"url":"https:\/\/static.africa-press.net\/senegal\/sites\/13\/2023\/01\/postQueueImg_1673026450.07.jpg","type":"image\/jpeg"}],"author":"cfeditorfr","twitter_card":"summary_large_image","twitter_misc":{"\u00c9crit par":"cfeditorfr","Dur\u00e9e de lecture estim\u00e9e":"3 minutes"},"schema":{"@context":"https:\/\/schema.org","@graph":[{"@type":"Article","@id":"https:\/\/www.africa-press.net\/senegal\/toutes-les-actualites\/toubacouta-des-journalistes-outilles-sur-les-enjeux-des-aires-marines-protegees#article","isPartOf":{"@id":"https:\/\/www.africa-press.net\/senegal\/toutes-les-actualites\/toubacouta-des-journalistes-outilles-sur-les-enjeux-des-aires-marines-protegees"},"author":{"name":"cfeditorfr","@id":"https:\/\/www.africa-press.net\/senegal\/#\/schema\/person\/2b1cf3cd81a31e3cd26889ca66d677f1"},"headline":"Toubacouta\u00a0: des journalistes outill\u00e9s sur les enjeux des Aires marines prot\u00e9g\u00e9es","datePublished":"2023-01-06T21:03:21+00:00","dateModified":"2023-01-06T21:41:55+00:00","mainEntityOfPage":{"@id":"https:\/\/www.africa-press.net\/senegal\/toutes-les-actualites\/toubacouta-des-journalistes-outilles-sur-les-enjeux-des-aires-marines-protegees"},"wordCount":485,"commentCount":0,"image":{"@id":"https:\/\/www.africa-press.net\/senegal\/toutes-les-actualites\/toubacouta-des-journalistes-outilles-sur-les-enjeux-des-aires-marines-protegees#primaryimage"},"thumbnailUrl":"https:\/\/static.africa-press.net\/senegal\/sites\/13\/2023\/01\/postQueueImg_1673026450.07.jpg","keywords":["Africa Press","Africa Press-Senegal","Senegal"],"articleSection":["Communaut\u00e9","Toutes les actualit\u00e9s"],"inLanguage":"fr-FR","potentialAction":[{"@type":"CommentAction","name":"Comment","target":["https:\/\/www.africa-press.net\/senegal\/toutes-les-actualites\/toubacouta-des-journalistes-outilles-sur-les-enjeux-des-aires-marines-protegees#respond"]}]},{"@type":"WebPage","@id":"https:\/\/www.africa-press.net\/senegal\/toutes-les-actualites\/toubacouta-des-journalistes-outilles-sur-les-enjeux-des-aires-marines-protegees","url":"https:\/\/www.africa-press.net\/senegal\/toutes-les-actualites\/toubacouta-des-journalistes-outilles-sur-les-enjeux-des-aires-marines-protegees","name":"Toubacouta\u00a0: des journalistes outill\u00e9s sur les enjeux des Aires marines prot\u00e9g\u00e9es - Senegal","isPartOf":{"@id":"https:\/\/www.africa-press.net\/senegal\/#website"},"primaryImageOfPage":{"@id":"https:\/\/www.africa-press.net\/senegal\/toutes-les-actualites\/toubacouta-des-journalistes-outilles-sur-les-enjeux-des-aires-marines-protegees#primaryimage"},"image":{"@id":"https:\/\/www.africa-press.net\/senegal\/toutes-les-actualites\/toubacouta-des-journalistes-outilles-sur-les-enjeux-des-aires-marines-protegees#primaryimage"},"thumbnailUrl":"https:\/\/static.africa-press.net\/senegal\/sites\/13\/2023\/01\/postQueueImg_1673026450.07.jpg","datePublished":"2023-01-06T21:03:21+00:00","dateModified":"2023-01-06T21:41:55+00:00","author":{"@id":"https:\/\/www.africa-press.net\/senegal\/#\/schema\/person\/2b1cf3cd81a31e3cd26889ca66d677f1"},"description":"Une vingtaine de journalistes prennent part a\u0300 Toubacouta (Fatick, centre) a\u0300 un atelier de formation axe\u0301e sur la polit ...","breadcrumb":{"@id":"https:\/\/www.africa-press.net\/senegal\/toutes-les-actualites\/toubacouta-des-journalistes-outilles-sur-les-enjeux-des-aires-marines-protegees#breadcrumb"},"inLanguage":"fr-FR","potentialAction":[{"@type":"ReadAction","target":["https:\/\/www.africa-press.net\/senegal\/toutes-les-actualites\/toubacouta-des-journalistes-outilles-sur-les-enjeux-des-aires-marines-protegees"]}]},{"@type":"ImageObject","inLanguage":"fr-FR","@id":"https:\/\/www.africa-press.net\/senegal\/toutes-les-actualites\/toubacouta-des-journalistes-outilles-sur-les-enjeux-des-aires-marines-protegees#primaryimage","url":"https:\/\/static.africa-press.net\/senegal\/sites\/13\/2023\/01\/postQueueImg_1673026450.07.jpg","contentUrl":"https:\/\/static.africa-press.net\/senegal\/sites\/13\/2023\/01\/postQueueImg_1673026450.07.jpg","width":1280,"height":720,"caption":"Toubacouta\u00a0: des journalistes outill\u00e9s sur les enjeux des Aires marines prot\u00e9g\u00e9es"},{"@type":"BreadcrumbList","@id":"https:\/\/www.africa-press.net\/senegal\/toutes-les-actualites\/toubacouta-des-journalistes-outilles-sur-les-enjeux-des-aires-marines-protegees#breadcrumb","itemListElement":[{"@type":"ListItem","position":1,"name":"Accueil","item":"https:\/\/www.africa-press.net\/senegal\/"},{"@type":"ListItem","position":2,"name":"Toubacouta\u00a0: des journalistes outill\u00e9s sur les enjeux des Aires marines prot\u00e9g\u00e9es"}]},{"@type":"WebSite","@id":"https:\/\/www.africa-press.net\/senegal\/#website","url":"https:\/\/www.africa-press.net\/senegal\/","name":"Africa Press | Senegal | Homepage","description":"Just another Africa News Agency Sites site","potentialAction":[{"@type":"SearchAction","target":{"@type":"EntryPoint","urlTemplate":"https:\/\/www.africa-press.net\/senegal\/?s={search_term_string}"},"query-input":{"@type":"PropertyValueSpecification","valueRequired":true,"valueName":"search_term_string"}}],"inLanguage":"fr-FR"},{"@type":"Person","@id":"https:\/\/www.africa-press.net\/senegal\/#\/schema\/person\/2b1cf3cd81a31e3cd26889ca66d677f1","name":"cfeditorfr","url":"https:\/\/www.africa-press.net\/senegal\/author\/cfeditorfr"}]}},"_links":{"self":[{"href":"https:\/\/www.africa-press.net\/senegal\/wp-json\/wp\/v2\/posts\/37726","targetHints":{"allow":["GET"]}}],"collection":[{"href":"https:\/\/www.africa-press.net\/senegal\/wp-json\/wp\/v2\/posts"}],"about":[{"href":"https:\/\/www.africa-press.net\/senegal\/wp-json\/wp\/v2\/types\/post"}],"author":[{"embeddable":true,"href":"https:\/\/www.africa-press.net\/senegal\/wp-json\/wp\/v2\/users\/82"}],"replies":[{"embeddable":true,"href":"https:\/\/www.africa-press.net\/senegal\/wp-json\/wp\/v2\/comments?post=37726"}],"version-history":[{"count":0,"href":"https:\/\/www.africa-press.net\/senegal\/wp-json\/wp\/v2\/posts\/37726\/revisions"}],"wp:featuredmedia":[{"embeddable":true,"href":"https:\/\/www.africa-press.net\/senegal\/wp-json\/wp\/v2\/media\/37725"}],"wp:attachment":[{"href":"https:\/\/www.africa-press.net\/senegal\/wp-json\/wp\/v2\/media?parent=37726"}],"wp:term":[{"taxonomy":"category","embeddable":true,"href":"https:\/\/www.africa-press.net\/senegal\/wp-json\/wp\/v2\/categories?post=37726"},{"taxonomy":"post_tag","embeddable":true,"href":"https:\/\/www.africa-press.net\/senegal\/wp-json\/wp\/v2\/tags?post=37726"}],"curies":[{"name":"wp","href":"https:\/\/api.w.org\/{rel}","templated":true}]}}