{"id":37729,"date":"2023-01-07T17:13:30","date_gmt":"2023-01-07T17:13:30","guid":{"rendered":"https:\/\/www.africa-press.net\/senegal\/politique\/equite-territoriale-macky-sall-evoque-le-role-majeur-du-hcct-en-tant-quorgane-de-conseil"},"modified":"2023-01-07T17:13:30","modified_gmt":"2023-01-07T17:13:30","slug":"equite-territoriale-macky-sall-evoque-le-role-majeur-du-hcct-en-tant-quorgane-de-conseil","status":"publish","type":"post","link":"https:\/\/www.africa-press.net\/senegal\/politique\/equite-territoriale-macky-sall-evoque-le-role-majeur-du-hcct-en-tant-quorgane-de-conseil","title":{"rendered":"Equit\u00e9 territoriale: Macky Sall \u00e9voque le \u00a0\u00bbr\u00f4le majeur\u00a0\u00bb du HCCT, en tant qu&rsquo;organe de conseil."},"content":{"rendered":"<p><span style=\"color: #ff6600\"><strong>Africa-Press &#8211; Senegal. <\/strong><\/span>Le pre\u0301sident de la Re\u0301publique, Macky Sall, a rappele\u0301, samedi \u2018\u2019le ro\u0302le majeur\u00a0\u00bb que le Haut conseil des collectivite\u0301s territoriales est appele\u0301 a\u0300 jouer dans la mise en \u0153uvre de la phase II de l\u2019acte III de la de\u0301centralisation.<\/p>\n<p>\u2018\u2019 Le Haut conseil des collectivite\u0301s territoriales a un ro\u0302le majeur a\u0300 jouer dans le trace\u0301 des contours de la phase II de l\u2019acte III de la de\u0301centralisation, en vue d\u2019instaurer ce que je pourrais appeler la Re\u0301publique des proximite\u0301s a\u0300 travers l\u2019e\u0301quite\u0301 territoriale\u2019\u2019, a insiste\u0301 le chef de l&rsquo;Etat.<\/p>\n<p>Macky Sall pre\u0301sidait, samedi matin, a\u0300 Diamniadio (ouest) la ce\u0301re\u0301monie d\u2019installation des membres du HCCT e\u0301lus a\u0300 l\u2019issue des e\u0301lections territoriales de septembre dernier.<\/p>\n<p>Cre\u0301e\u0301e par voie re\u0301fe\u0301rendaire en 2016, le HCTT est compose\u0301 de 150 membres dont 70 nomme\u0301s par le Chef de l\u2019Etat. Le restant e\u0301tant e\u0301lu par les collectivite\u0301s locales.<\/p>\n<p>Selon le Chef de l\u2019Etat, l&rsquo;acte III de la de\u0301centralisation devrait ouvrir de \u2018\u2019nouvelles perspectives de renforcement graduel des compe\u0301tences et pre\u0301rogatives des collectivite\u0301s territoriales\u00a0\u00bb.<\/p>\n<p>Ces dernie\u0300res deviendront, a\u0300 terme, de \u2018\u2019ve\u0301ritables instances de mise en \u0153uvre des politiques de de\u0301veloppement national\u2019\u2019, a dit Macky Sall\u00a0\u00bb.<\/p>\n<p>Il s\u2019agira pour le HCTT &lsquo;\u2019d\u2019e\u0301couter les pulsions des terroirs et de toucher au plus pre\u0300s le ressenti des populations, en gardant toujours le curseur sur l\u2019inclusion sociale et l\u2019e\u0301quite\u0301 territoriale\u2019\u2019, a releve\u0301 le chef de l\u2019Etat.<\/p>\n<p>L&rsquo;inclusion sociale et l\u2019e\u0301quite\u0301 territoriale constituent, selon lui, \u2018\u2019deux marqueurs principaux de politiques de de\u0301veloppement\u00a0\u00bb.<\/p>\n<p>\u2018\u2019Le Haut conseil des collectivite\u0301s territoriales ne me\u0301nagera aucun effort pour e\u0302tre a\u0300 la hauteur de la confiance place\u0301e en elle\u2019\u2019, a re\u0301affirme\u0301 sa pre\u0301sidente Aminata Mbengue Ndiaye.<\/p>\n<p>\u2018\u2019L&rsquo;institution s\u2019e\u0301vertuera a\u0300 fournir a\u0300 votre gouvernement et aux autorite\u0301s territoriales, un e\u0301ventail d\u2019informations et d\u2019e\u0301tudes ne\u0301cessaires a\u0300 l\u2019e\u0301laboration des politiques de de\u0301centralisation\u00a0\u00bb, a-t-elle dit en re\u0301ponse aux diffe\u0301rentes interpellations du pre\u0301sident de la Re\u0301publique.<\/p>\n<p><strong>Pour plus d&rsquo;informations et d&rsquo;analyses sur la <a href=\"https:\/\/www.africa-press.net\/senegal\">Senegal<\/a>, suivez <a href=\"https:\/\/www.africa-press.net\/\">Africa-Press<\/a><\/strong><\/p>\n","protected":false},"excerpt":{"rendered":"<p>Africa-Press &#8211; Senegal. Le pre\u0301sident de la Re\u0301publique, Macky Sall, a rappele\u0301, samedi \u2018\u2019le ro\u0302le majeur\u00a0\u00bb que le Haut conseil des collectivite\u0301s territoriales est appele\u0301 a\u0300 jouer dans la mise en \u0153uvre de la phase II de l\u2019acte III de la de\u0301centralisation. \u2018\u2019 Le Haut conseil des collectivite\u0301s territoriales a un ro\u0302le majeur a\u0300 jouer [&hellip;]<\/p>\n","protected":false},"author":82,"featured_media":37728,"comment_status":"open","ping_status":"closed","sticky":false,"template":"","format":"standard","meta":{"footnotes":""},"categories":[2,20,10],"tags":[44],"class_list":["post-37729","post","type-post","status-publish","format-standard","has-post-thumbnail","hentry","category-politique","category-top-nouvelles","category-toutes-les-actualites","tag-senegal-2"],"yoast_head":"<!-- This site is optimized with the Yoast SEO Premium plugin v26.1 (Yoast SEO v27.0) - https:\/\/yoast.com\/product\/yoast-seo-premium-wordpress\/ -->\n<title>Equit\u00e9 territoriale: Macky Sall \u00e9voque le &#039;&#039;r\u00f4le majeur&#039;&#039; du HCCT, en tant qu&#039;organe de conseil. - Senegal<\/title>\n<meta name=\"robots\" content=\"index, follow, max-snippet:-1, max-image-preview:large, max-video-preview:-1\" \/>\n<link rel=\"canonical\" href=\"https:\/\/www.africa-press.net\/senegal\/politique\/equite-territoriale-macky-sall-evoque-le-role-majeur-du-hcct-en-tant-quorgane-de-conseil\" \/>\n<meta property=\"og:locale\" content=\"fr_FR\" \/>\n<meta property=\"og:type\" content=\"article\" \/>\n<meta property=\"og:title\" content=\"Equit\u00e9 territoriale: Macky Sall \u00e9voque le &#039;&#039;r\u00f4le majeur&#039;&#039; du HCCT, en tant qu&#039;organe de conseil.\" \/>\n<meta property=\"og:description\" content=\"Africa-Press &#8211; Senegal. Le pre\u0301sident de la Re\u0301publique, Macky Sall, a rappele\u0301, samedi \u2018\u2019le ro\u0302le majeur\u00a0\u00bb que le Haut conseil des collectivite\u0301s territoriales est appele\u0301 a\u0300 jouer dans la mise en \u0153uvre de la phase II de l\u2019acte III de la de\u0301centralisation. \u2018\u2019 Le Haut conseil des collectivite\u0301s territoriales a un ro\u0302le majeur a\u0300 jouer [&hellip;]\" \/>\n<meta property=\"og:url\" content=\"https:\/\/www.africa-press.net\/senegal\/politique\/equite-territoriale-macky-sall-evoque-le-role-majeur-du-hcct-en-tant-quorgane-de-conseil\" \/>\n<meta property=\"og:site_name\" content=\"Senegal\" \/>\n<meta property=\"article:published_time\" content=\"2023-01-07T17:13:30+00:00\" \/>\n<meta name=\"author\" content=\"cfeditorfr\" \/>\n<meta name=\"twitter:card\" content=\"summary_large_image\" \/>\n<meta name=\"twitter:label1\" content=\"\u00c9crit par\" \/>\n\t<meta name=\"twitter:data1\" content=\"cfeditorfr\" \/>\n\t<meta name=\"twitter:label2\" content=\"Dur\u00e9e de lecture estim\u00e9e\" \/>\n\t<meta name=\"twitter:data2\" content=\"2 minutes\" \/>\n<script type=\"application\/ld+json\" class=\"yoast-schema-graph\">{\"@context\":\"https:\/\/schema.org\",\"@graph\":[{\"@type\":\"Article\",\"@id\":\"https:\/\/www.africa-press.net\/senegal\/politique\/equite-territoriale-macky-sall-evoque-le-role-majeur-du-hcct-en-tant-quorgane-de-conseil#article\",\"isPartOf\":{\"@id\":\"https:\/\/www.africa-press.net\/senegal\/politique\/equite-territoriale-macky-sall-evoque-le-role-majeur-du-hcct-en-tant-quorgane-de-conseil\"},\"author\":{\"name\":\"cfeditorfr\",\"@id\":\"https:\/\/www.africa-press.net\/senegal\/#\/schema\/person\/2b1cf3cd81a31e3cd26889ca66d677f1\"},\"headline\":\"Equit\u00e9 territoriale: Macky Sall \u00e9voque le \u00a0\u00bbr\u00f4le majeur\u00a0\u00bb du HCCT, en tant qu&rsquo;organe de conseil.\",\"datePublished\":\"2023-01-07T17:13:30+00:00\",\"mainEntityOfPage\":{\"@id\":\"https:\/\/www.africa-press.net\/senegal\/politique\/equite-territoriale-macky-sall-evoque-le-role-majeur-du-hcct-en-tant-quorgane-de-conseil\"},\"wordCount\":406,\"commentCount\":0,\"image\":{\"@id\":\"https:\/\/www.africa-press.net\/senegal\/politique\/equite-territoriale-macky-sall-evoque-le-role-majeur-du-hcct-en-tant-quorgane-de-conseil#primaryimage\"},\"thumbnailUrl\":\"https:\/\/static.africa-press.net\/senegal\/sites\/13\/2023\/01\/postQueueImg_1673099057.74.jpg\",\"keywords\":[\"Senegal\"],\"articleSection\":[\"Politique\",\"Top Nouvelles\",\"Toutes les actualit\u00e9s\"],\"inLanguage\":\"fr-FR\",\"potentialAction\":[{\"@type\":\"CommentAction\",\"name\":\"Comment\",\"target\":[\"https:\/\/www.africa-press.net\/senegal\/politique\/equite-territoriale-macky-sall-evoque-le-role-majeur-du-hcct-en-tant-quorgane-de-conseil#respond\"]}]},{\"@type\":\"WebPage\",\"@id\":\"https:\/\/www.africa-press.net\/senegal\/politique\/equite-territoriale-macky-sall-evoque-le-role-majeur-du-hcct-en-tant-quorgane-de-conseil\",\"url\":\"https:\/\/www.africa-press.net\/senegal\/politique\/equite-territoriale-macky-sall-evoque-le-role-majeur-du-hcct-en-tant-quorgane-de-conseil\",\"name\":\"Equit\u00e9 territoriale: Macky Sall \u00e9voque le ''r\u00f4le majeur'' du HCCT, en tant qu'organe de conseil. - Senegal\",\"isPartOf\":{\"@id\":\"https:\/\/www.africa-press.net\/senegal\/#website\"},\"primaryImageOfPage\":{\"@id\":\"https:\/\/www.africa-press.net\/senegal\/politique\/equite-territoriale-macky-sall-evoque-le-role-majeur-du-hcct-en-tant-quorgane-de-conseil#primaryimage\"},\"image\":{\"@id\":\"https:\/\/www.africa-press.net\/senegal\/politique\/equite-territoriale-macky-sall-evoque-le-role-majeur-du-hcct-en-tant-quorgane-de-conseil#primaryimage\"},\"thumbnailUrl\":\"https:\/\/static.africa-press.net\/senegal\/sites\/13\/2023\/01\/postQueueImg_1673099057.74.jpg\",\"datePublished\":\"2023-01-07T17:13:30+00:00\",\"author\":{\"@id\":\"https:\/\/www.africa-press.net\/senegal\/#\/schema\/person\/2b1cf3cd81a31e3cd26889ca66d677f1\"},\"breadcrumb\":{\"@id\":\"https:\/\/www.africa-press.net\/senegal\/politique\/equite-territoriale-macky-sall-evoque-le-role-majeur-du-hcct-en-tant-quorgane-de-conseil#breadcrumb\"},\"inLanguage\":\"fr-FR\",\"potentialAction\":[{\"@type\":\"ReadAction\",\"target\":[\"https:\/\/www.africa-press.net\/senegal\/politique\/equite-territoriale-macky-sall-evoque-le-role-majeur-du-hcct-en-tant-quorgane-de-conseil\"]}]},{\"@type\":\"ImageObject\",\"inLanguage\":\"fr-FR\",\"@id\":\"https:\/\/www.africa-press.net\/senegal\/politique\/equite-territoriale-macky-sall-evoque-le-role-majeur-du-hcct-en-tant-quorgane-de-conseil#primaryimage\",\"url\":\"https:\/\/static.africa-press.net\/senegal\/sites\/13\/2023\/01\/postQueueImg_1673099057.74.jpg\",\"contentUrl\":\"https:\/\/static.africa-press.net\/senegal\/sites\/13\/2023\/01\/postQueueImg_1673099057.74.jpg\",\"width\":1620,\"height\":925,\"caption\":\"Equit\u00e9 territoriale: Macky Sall \u00e9voque le ''r\u00f4le majeur'' du HCCT, en tant qu'organe de conseil.\"},{\"@type\":\"BreadcrumbList\",\"@id\":\"https:\/\/www.africa-press.net\/senegal\/politique\/equite-territoriale-macky-sall-evoque-le-role-majeur-du-hcct-en-tant-quorgane-de-conseil#breadcrumb\",\"itemListElement\":[{\"@type\":\"ListItem\",\"position\":1,\"name\":\"Accueil\",\"item\":\"https:\/\/www.africa-press.net\/senegal\/\"},{\"@type\":\"ListItem\",\"position\":2,\"name\":\"Equit\u00e9 territoriale: Macky Sall \u00e9voque le \u00a0\u00bbr\u00f4le majeur\u00a0\u00bb du HCCT, en tant qu&rsquo;organe de conseil.\"}]},{\"@type\":\"WebSite\",\"@id\":\"https:\/\/www.africa-press.net\/senegal\/#website\",\"url\":\"https:\/\/www.africa-press.net\/senegal\/\",\"name\":\"Africa Press | Senegal | Homepage\",\"description\":\"Just another Africa News Agency Sites site\",\"potentialAction\":[{\"@type\":\"SearchAction\",\"target\":{\"@type\":\"EntryPoint\",\"urlTemplate\":\"https:\/\/www.africa-press.net\/senegal\/?s={search_term_string}\"},\"query-input\":{\"@type\":\"PropertyValueSpecification\",\"valueRequired\":true,\"valueName\":\"search_term_string\"}}],\"inLanguage\":\"fr-FR\"},{\"@type\":\"Person\",\"@id\":\"https:\/\/www.africa-press.net\/senegal\/#\/schema\/person\/2b1cf3cd81a31e3cd26889ca66d677f1\",\"name\":\"cfeditorfr\",\"url\":\"https:\/\/www.africa-press.net\/senegal\/author\/cfeditorfr\"}]}<\/script>\n<!-- \/ Yoast SEO Premium plugin. -->","yoast_head_json":{"title":"Equit\u00e9 territoriale: Macky Sall \u00e9voque le ''r\u00f4le majeur'' du HCCT, en tant qu'organe de conseil. - Senegal","robots":{"index":"index","follow":"follow","max-snippet":"max-snippet:-1","max-image-preview":"max-image-preview:large","max-video-preview":"max-video-preview:-1"},"canonical":"https:\/\/www.africa-press.net\/senegal\/politique\/equite-territoriale-macky-sall-evoque-le-role-majeur-du-hcct-en-tant-quorgane-de-conseil","og_locale":"fr_FR","og_type":"article","og_title":"Equit\u00e9 territoriale: Macky Sall \u00e9voque le ''r\u00f4le majeur'' du HCCT, en tant qu'organe de conseil.","og_description":"Africa-Press &#8211; Senegal. Le pre\u0301sident de la Re\u0301publique, Macky Sall, a rappele\u0301, samedi \u2018\u2019le ro\u0302le majeur\u00a0\u00bb que le Haut conseil des collectivite\u0301s territoriales est appele\u0301 a\u0300 jouer dans la mise en \u0153uvre de la phase II de l\u2019acte III de la de\u0301centralisation. \u2018\u2019 Le Haut conseil des collectivite\u0301s territoriales a un ro\u0302le majeur a\u0300 jouer [&hellip;]","og_url":"https:\/\/www.africa-press.net\/senegal\/politique\/equite-territoriale-macky-sall-evoque-le-role-majeur-du-hcct-en-tant-quorgane-de-conseil","og_site_name":"Senegal","article_published_time":"2023-01-07T17:13:30+00:00","author":"cfeditorfr","twitter_card":"summary_large_image","twitter_misc":{"\u00c9crit par":"cfeditorfr","Dur\u00e9e de lecture estim\u00e9e":"2 minutes"},"schema":{"@context":"https:\/\/schema.org","@graph":[{"@type":"Article","@id":"https:\/\/www.africa-press.net\/senegal\/politique\/equite-territoriale-macky-sall-evoque-le-role-majeur-du-hcct-en-tant-quorgane-de-conseil#article","isPartOf":{"@id":"https:\/\/www.africa-press.net\/senegal\/politique\/equite-territoriale-macky-sall-evoque-le-role-majeur-du-hcct-en-tant-quorgane-de-conseil"},"author":{"name":"cfeditorfr","@id":"https:\/\/www.africa-press.net\/senegal\/#\/schema\/person\/2b1cf3cd81a31e3cd26889ca66d677f1"},"headline":"Equit\u00e9 territoriale: Macky Sall \u00e9voque le \u00a0\u00bbr\u00f4le majeur\u00a0\u00bb du HCCT, en tant qu&rsquo;organe de conseil.","datePublished":"2023-01-07T17:13:30+00:00","mainEntityOfPage":{"@id":"https:\/\/www.africa-press.net\/senegal\/politique\/equite-territoriale-macky-sall-evoque-le-role-majeur-du-hcct-en-tant-quorgane-de-conseil"},"wordCount":406,"commentCount":0,"image":{"@id":"https:\/\/www.africa-press.net\/senegal\/politique\/equite-territoriale-macky-sall-evoque-le-role-majeur-du-hcct-en-tant-quorgane-de-conseil#primaryimage"},"thumbnailUrl":"https:\/\/static.africa-press.net\/senegal\/sites\/13\/2023\/01\/postQueueImg_1673099057.74.jpg","keywords":["Senegal"],"articleSection":["Politique","Top Nouvelles","Toutes les actualit\u00e9s"],"inLanguage":"fr-FR","potentialAction":[{"@type":"CommentAction","name":"Comment","target":["https:\/\/www.africa-press.net\/senegal\/politique\/equite-territoriale-macky-sall-evoque-le-role-majeur-du-hcct-en-tant-quorgane-de-conseil#respond"]}]},{"@type":"WebPage","@id":"https:\/\/www.africa-press.net\/senegal\/politique\/equite-territoriale-macky-sall-evoque-le-role-majeur-du-hcct-en-tant-quorgane-de-conseil","url":"https:\/\/www.africa-press.net\/senegal\/politique\/equite-territoriale-macky-sall-evoque-le-role-majeur-du-hcct-en-tant-quorgane-de-conseil","name":"Equit\u00e9 territoriale: Macky Sall \u00e9voque le ''r\u00f4le majeur'' du HCCT, en tant qu'organe de conseil. - Senegal","isPartOf":{"@id":"https:\/\/www.africa-press.net\/senegal\/#website"},"primaryImageOfPage":{"@id":"https:\/\/www.africa-press.net\/senegal\/politique\/equite-territoriale-macky-sall-evoque-le-role-majeur-du-hcct-en-tant-quorgane-de-conseil#primaryimage"},"image":{"@id":"https:\/\/www.africa-press.net\/senegal\/politique\/equite-territoriale-macky-sall-evoque-le-role-majeur-du-hcct-en-tant-quorgane-de-conseil#primaryimage"},"thumbnailUrl":"https:\/\/static.africa-press.net\/senegal\/sites\/13\/2023\/01\/postQueueImg_1673099057.74.jpg","datePublished":"2023-01-07T17:13:30+00:00","author":{"@id":"https:\/\/www.africa-press.net\/senegal\/#\/schema\/person\/2b1cf3cd81a31e3cd26889ca66d677f1"},"breadcrumb":{"@id":"https:\/\/www.africa-press.net\/senegal\/politique\/equite-territoriale-macky-sall-evoque-le-role-majeur-du-hcct-en-tant-quorgane-de-conseil#breadcrumb"},"inLanguage":"fr-FR","potentialAction":[{"@type":"ReadAction","target":["https:\/\/www.africa-press.net\/senegal\/politique\/equite-territoriale-macky-sall-evoque-le-role-majeur-du-hcct-en-tant-quorgane-de-conseil"]}]},{"@type":"ImageObject","inLanguage":"fr-FR","@id":"https:\/\/www.africa-press.net\/senegal\/politique\/equite-territoriale-macky-sall-evoque-le-role-majeur-du-hcct-en-tant-quorgane-de-conseil#primaryimage","url":"https:\/\/static.africa-press.net\/senegal\/sites\/13\/2023\/01\/postQueueImg_1673099057.74.jpg","contentUrl":"https:\/\/static.africa-press.net\/senegal\/sites\/13\/2023\/01\/postQueueImg_1673099057.74.jpg","width":1620,"height":925,"caption":"Equit\u00e9 territoriale: Macky Sall \u00e9voque le ''r\u00f4le majeur'' du HCCT, en tant qu'organe de conseil."},{"@type":"BreadcrumbList","@id":"https:\/\/www.africa-press.net\/senegal\/politique\/equite-territoriale-macky-sall-evoque-le-role-majeur-du-hcct-en-tant-quorgane-de-conseil#breadcrumb","itemListElement":[{"@type":"ListItem","position":1,"name":"Accueil","item":"https:\/\/www.africa-press.net\/senegal\/"},{"@type":"ListItem","position":2,"name":"Equit\u00e9 territoriale: Macky Sall \u00e9voque le \u00a0\u00bbr\u00f4le majeur\u00a0\u00bb du HCCT, en tant qu&rsquo;organe de conseil."}]},{"@type":"WebSite","@id":"https:\/\/www.africa-press.net\/senegal\/#website","url":"https:\/\/www.africa-press.net\/senegal\/","name":"Africa Press | Senegal | Homepage","description":"Just another Africa News Agency Sites site","potentialAction":[{"@type":"SearchAction","target":{"@type":"EntryPoint","urlTemplate":"https:\/\/www.africa-press.net\/senegal\/?s={search_term_string}"},"query-input":{"@type":"PropertyValueSpecification","valueRequired":true,"valueName":"search_term_string"}}],"inLanguage":"fr-FR"},{"@type":"Person","@id":"https:\/\/www.africa-press.net\/senegal\/#\/schema\/person\/2b1cf3cd81a31e3cd26889ca66d677f1","name":"cfeditorfr","url":"https:\/\/www.africa-press.net\/senegal\/author\/cfeditorfr"}]}},"_links":{"self":[{"href":"https:\/\/www.africa-press.net\/senegal\/wp-json\/wp\/v2\/posts\/37729","targetHints":{"allow":["GET"]}}],"collection":[{"href":"https:\/\/www.africa-press.net\/senegal\/wp-json\/wp\/v2\/posts"}],"about":[{"href":"https:\/\/www.africa-press.net\/senegal\/wp-json\/wp\/v2\/types\/post"}],"author":[{"embeddable":true,"href":"https:\/\/www.africa-press.net\/senegal\/wp-json\/wp\/v2\/users\/82"}],"replies":[{"embeddable":true,"href":"https:\/\/www.africa-press.net\/senegal\/wp-json\/wp\/v2\/comments?post=37729"}],"version-history":[{"count":0,"href":"https:\/\/www.africa-press.net\/senegal\/wp-json\/wp\/v2\/posts\/37729\/revisions"}],"wp:featuredmedia":[{"embeddable":true,"href":"https:\/\/www.africa-press.net\/senegal\/wp-json\/wp\/v2\/media\/37728"}],"wp:attachment":[{"href":"https:\/\/www.africa-press.net\/senegal\/wp-json\/wp\/v2\/media?parent=37729"}],"wp:term":[{"taxonomy":"category","embeddable":true,"href":"https:\/\/www.africa-press.net\/senegal\/wp-json\/wp\/v2\/categories?post=37729"},{"taxonomy":"post_tag","embeddable":true,"href":"https:\/\/www.africa-press.net\/senegal\/wp-json\/wp\/v2\/tags?post=37729"}],"curies":[{"name":"wp","href":"https:\/\/api.w.org\/{rel}","templated":true}]}}