{"id":37731,"date":"2023-01-07T17:28:48","date_gmt":"2023-01-07T17:28:48","guid":{"rendered":"https:\/\/www.africa-press.net\/senegal\/politique\/installation-du-hcct-macky-sall-aminata-mbengue-ndiaye-et-le-concept-de-republique-des-proximites"},"modified":"2023-01-07T18:47:23","modified_gmt":"2023-01-07T18:47:23","slug":"installation-du-hcct-macky-sall-aminata-mbengue-ndiaye-et-le-concept-de-republique-des-proximites","status":"publish","type":"post","link":"https:\/\/www.africa-press.net\/senegal\/politique\/installation-du-hcct-macky-sall-aminata-mbengue-ndiaye-et-le-concept-de-republique-des-proximites","title":{"rendered":"Installation du HCCT : Macky Sall, Aminata Mbengue Ndiaye et le concept de \u00ab R\u00e9publique des proximit\u00e9s \u00bb"},"content":{"rendered":"<p><span style=\"color: #ff6600\"><strong>Africa-Press &#8211; Senegal. <\/strong><\/span>C\u2019est ce samedi qu\u2019a lieu a\u0300 Diamniadio, la ce\u0301re\u0301monie d\u2019installation du Haut Conseil des Collectivite\u0301s Territoriales (HCTT). A cette occasion, le chef de l\u2019Etat, qui a pre\u0301side\u0301 la ce\u0301re\u0301monie, a invite\u0301 Aminata Mbengue Ndiaye, Pre\u0301sidente de cette institution, a\u0300 concentrer ses efforts sur l\u2019e\u0301quite\u0301 territoriale. Macky Sall a brandi a\u0300 l\u2019occasion un nouveau slogan : la Re\u0301publique de\u0301s proximite\u0301s. L\u2019inte\u0301gralite\u0301 de son discours.<\/p>\n<p>Diamniadio, le 07 janvier 2023<\/p>\n<p>Monsieur le Pre\u0301sident de l\u2019Assemble\u0301 nationale,<\/p>\n<p>Monsieur le Premier Ministre,<\/p>\n<p>Madame la Pre\u0301sidente du Haut Conseil des collectivite\u0301s territoriales,<\/p>\n<p>Monsieur le Pre\u0301sident du Conseil Economique, Social et Environnemental,<\/p>\n<p>Monsieur le Pre\u0301sident du Conseil constitutionnel,<\/p>\n<p>Mesdames, Messieurs les Ministres,<\/p>\n<p>Mesdames, Messieurs les de\u0301pute\u0301s, Hauts conseillers et Elus locaux,<\/p>\n<p>Chers invite\u0301s,<\/p>\n<p>En tant qu\u2019ancien Maire, c\u2019est toujours avec un plaisir particulier et la me\u0301moire pleine de souvenirs, que je prends part aux activite\u0301s concernant les collectivite\u0301s territoriales.<\/p>\n<p>C\u2019est dire combien je me re\u0301jouis de pre\u0301sider cette ce\u0301re\u0301monie d\u2019installation des membres du Haut Conseil des collectivite\u0301s territoriales.<\/p>\n<p>En vous retrouvant pour cette occasion, j\u2019ai d\u2019abord une pense\u0301e pieuse pour tous les membres du Haut Conseil qui nous ont quitte\u0301, dont son Premier Pre\u0301sident, feuOusmane Tanor DIENG.<\/p>\n<p>Je rends hommage a\u0300 un fide\u0300le compagnon, un re\u0301publicain en toute circonstance, un leader politique engage\u0301, discret et courtois.<\/p>\n<p>C\u2019est l\u2019occasion aussi de vous pre\u0301senter mes v\u0153ux les meilleurs pour une anne\u0301e paisible et re\u0301ussie.<\/p>\n<p>Je fe\u0301licite Madame la Pre\u0301sidente du Haut Conseil des collectivite\u0301s territoriales ainsi que tous les membres du HCCT pour les efforts de\u0301ploye\u0301s dans l\u2019exe\u0301cution de leur mission, malgre\u0301 les moments difficiles que nous avons traverse\u0301s avec notamment la pande\u0301mie covid-19.<\/p>\n<p>Cela transparait clairement, Madame la Pre\u0301sidente, dans votre rapport de mandature dont j\u2019ai pris connaissance.<\/p>\n<p>J\u2019ai note\u0301 la densite\u0301 et la pertinence de vos productions, ponctue\u0301es de plus de 500 recommandations aussi riches que varie\u0301es.<\/p>\n<p>Les proble\u0301matiques que vous y abordez concernent, en effet, des sujets aussi divers que l\u2019ame\u0301lioration de l\u2019Acte III de la de\u0301centralisation, la mise en place de la fonction publique locale, le financement et la fiscalite\u0301 des collectivite\u0301s territoriales, le statut des chefs de village et de quartier, l\u2019environnement,l\u2019habitat social, la modernisation de l\u2019agriculture, entres autres domaines d\u2019activite\u0301.<\/p>\n<p>Ces proble\u0301matiques sont au c\u0153ur des pre\u0301occupations de l\u2019Etat, des terroirs et des populations.<\/p>\n<p>Je me re\u0301jouis, par conse\u0301quent, que vous leur accordiez l\u2019attention qu\u2019elles me\u0301ritent. En effet, le Haut Conseil des Collectivite\u0301s territoriales a e\u0301te\u0301 cre\u0301e\u0301 comme Institution consultative relai, repre\u0301sentative des terroirs, en vue de contribuer a\u0300 l\u2019action des pouvoirs publics dans la de\u0301finition et la mise en \u0153uvre de nos politiques de de\u0301veloppement e\u0301conomique et social.<\/p>\n<p>De\u0300s lors, il s\u2019agit pour le Haut Conseil d\u2019e\u0301couter les pulsions des terroirs et de toucher au plus pre\u0300s le ressenti des populations en gardant toujours le curseur sur l\u2019inclusion sociale et l\u2019e\u0301quite\u0301 territoriale qui constituent deux marqueurs principaux de nos politiques de de\u0301veloppement ; l\u2019un et l\u2019autre traduisant ensemble le concept du Se\u0301ne\u0301gal de tous, le Se\u0301ne\u0301gal pour tous.<\/p>\n<p>Voila\u0300 pourquoi le Haut Conseil des Collectivite\u0301s territoriales a un ro\u0302le majeur a\u0300 jouer dans le trace\u0301 des contours de la phase II de l\u2019acte III de la de\u0301centralisation, en vue d\u2019instaurer ce que je pourrais appeler \u00ab la Re\u0301publique des proximite\u0301s a\u0300 travers l\u2019e\u0301quite\u0301 territoriale \u00bb.<\/p>\n<p>Ce chantier ouvrira de nouvelles perspectives de renforcement graduel des compe\u0301tences et pre\u0301rogatives des collectivite\u0301s territoriales qui deviendront a\u0300 terme de ve\u0301ritables instances de mise en \u0153uvre des politiques de de\u0301veloppement national.<\/p>\n<p>Mais le chemin vers cet objectif est long. Il ne\u0301cessite un travail hardi et durable, de la clairvoyance et de la patience. Un changement en profondeur a\u0300 l\u2019e\u0301chelle nationale demande en effet de la vision et des moyens d\u2019action. Autrement, il se re\u0301duit en v\u0153u pieux, donc sans lendemain.<\/p>\n<p>Nous avons jete\u0301 les bases d\u2019une grande re\u0301forme qui va s\u2019inscrire dans la dure\u0301e.<\/p>\n<p>Je sais pouvoir compter sur vous, membres du HCCT, sous le leadership dynamique de votre Pre\u0301sidente, pour e\u0302tre des acteurs dynamiques dans la re\u0301alisation de ma vision d\u2019approfondissement de la de\u0301centralisation par la territorialisation des politiques publiques afin de promouvoir un de\u0301veloppement local inte\u0301gral.<\/p>\n<p>C\u2019est dans ce cadre que j\u2019ai institue\u0301 le 10 octobre comme \u00ab Journe\u0301e nationale de la de\u0301centralisation \u00bb, pour remettre chaque anne\u0301e au c\u0153ur de l\u2019agenda national les pre\u0301occupations des e\u0301lus locaux, et a\u0300 travers eux, celles des populations.<\/p>\n<p>Dans le me\u0302me esprit, nous avons tenu le 28 de\u0301cembre dernier un Conseil pre\u0301sidentiel de de\u0301veloppement territorialise\u0301 a\u0300 Tambacounda qui a permis de recueillir les avis des acteurs locaux sur le sens qu\u2019ils voudraient que l\u2019on donne a\u0300 l\u2019ame\u0301nagement de leur terroir.<\/p>\n<p>Avec une politique de de\u0301centralisation bien articule\u0301e, nous visons a\u0300 ame\u0301liorer les performances des instruments de justice sociale et d\u2019e\u0301quite\u0301 territoriale que sont le PUDC, le PUMA, la DER, la CSU, les Bourses de Se\u0301curite\u0301 familiale et la Carte d\u2019e\u0301galite\u0301 des Chances en faveur des personnes vivant avec un handicap.<\/p>\n<p>Mesdames, Messieurs le Hauts Conseillers,<\/p>\n<p>Les de\u0301fis sont certes nombreux. La mandature sortante a re\u0301ussi le pari de l\u2019action avec une foison d\u2019activite\u0301s et de recommandations qui sont la preuve que l\u2019Institution est un cadre d\u2019e\u0301closion d\u2019ide\u0301es et d\u2019actions pertinentes en faveur du de\u0301veloppement durable de nos terroirs.<\/p>\n<p>Elle a ainsi donne\u0301 corps a\u0300 la vision qui a sous-tendu la cre\u0301ation du HCCT. Il s\u2019agit, a\u0300 pre\u0301sent, de garder le rythme, voire le renforcer, parce que ce qui est attendu de vous ne rele\u0300ve gue\u0300re d\u2019une sine\u0301cure, mais d\u2019une mission exigeante.<\/p>\n<p>Alors, je vous exhorte a\u0300 vous investir au plus aupre\u0300s des populations, pour rester a\u0300 leur e\u0301coute, afin de jouer pleinement votre ro\u0302le de relais institutionnel et social.<\/p>\n<p>Ce faisant, je suis su\u0302r que vous trouverez aupre\u0300s de votre Pre\u0301sidente, Madame Aminata Mbengue Ndiaye,une bonne source d\u2019inspiration.<\/p>\n<p>Madame la Pre\u0301sidente Aminata Mbengue Ndiaye,<\/p>\n<p>En vous nommant pour diriger le Haut Conseil des Collectivite\u0301s Territoriale, j\u2019ai voulu faire le choix de la confiance inhe\u0301rente a\u0300 toute haute fonction, mais e\u0301galement le choix de la compe\u0301tence et de la maturite\u0301 politique.<\/p>\n<p>Par votre parcours et votre action publics de longue date, vous incarnez ces qualite\u0301s qui s\u2019attachent a\u0300 la conduite des Institutions publiques re\u0301publicaines.<\/p>\n<p>L\u2019Etat et la Re\u0301publique dont de\u0301rive le HCCT restent, en effet, les piliers irremplac\u0327ables de la Nation. Quand ces piliers vacillent, ce sont les fondements de la Nation qui tremblent. C\u2019est pourquoi les hommes et les femmes qui incarnent et animent les Institutions doivent toujours garder une posture digne des charges qui leur sont de\u0301volues.<\/p>\n<p>C\u2019est une exigence a\u0300 la fois re\u0301publicaine et patriotique, surtout en ces temps ou\u0300 le monde entier, pays de\u0301veloppe\u0301s comme pays en de\u0301veloppement, se trouve confronte\u0301 a\u0300 des de\u0301fis ine\u0301dits, toujours plus nombreux et plus complexes.<\/p>\n<p>Je sais compter sur votre sagacite\u0301, Madame la Pre\u0301sidente, et avec l\u2019engagement des membres du HCCT, pour relever ensemble ces de\u0301fis de notre temps et dessiner, avec votre contribution, les contours du Se\u0301ne\u0301gal de demain.<\/p>\n<p>Vous avez ma confiance et mon soutien.<\/p>\n<p>Avec tous mes v\u0153ux de succe\u0300s, je de\u0301clare maintenant installe\u0301s les Hauts Conseillers de la deuxie\u0300me mandature du Haut Conseil des collectivite\u0301s territoriales.<\/p>\n<p>Je vous remercie de votre attention.<\/p>\n<p><strong>Pour plus d&rsquo;informations et d&rsquo;analyses sur la <a href=\"https:\/\/www.africa-press.net\/senegal\">Senegal<\/a>, suivez <a href=\"https:\/\/www.africa-press.net\/\">Africa-Press<\/a><\/strong><\/p>\n","protected":false},"excerpt":{"rendered":"<p>Africa-Press &#8211; Senegal. C\u2019est ce samedi qu\u2019a lieu a\u0300 Diamniadio, la ce\u0301re\u0301monie d\u2019installation du Haut Conseil des Collectivite\u0301s Territoriales (HCTT). A cette occasion, le chef de l\u2019Etat, qui a pre\u0301side\u0301 la ce\u0301re\u0301monie, a invite\u0301 Aminata Mbengue Ndiaye, Pre\u0301sidente de cette institution, a\u0300 concentrer ses efforts sur l\u2019e\u0301quite\u0301 territoriale. Macky Sall a brandi a\u0300 l\u2019occasion un [&hellip;]<\/p>\n","protected":false},"author":82,"featured_media":37730,"comment_status":"open","ping_status":"closed","sticky":false,"template":"","format":"standard","meta":{"footnotes":""},"categories":[2,10],"tags":[43,47,44],"class_list":["post-37731","post","type-post","status-publish","format-standard","has-post-thumbnail","hentry","category-politique","category-toutes-les-actualites","tag-africa-press-2","tag-africa-press-senegal","tag-senegal-2"],"yoast_head":"<!-- This site is optimized with the Yoast SEO Premium plugin v26.1 (Yoast SEO v27.0) - https:\/\/yoast.com\/product\/yoast-seo-premium-wordpress\/ -->\n<title>Installation du HCCT : Macky Sall, Aminata Mbengue Ndiaye et le concept de \u00ab R\u00e9publique des proximit\u00e9s \u00bb - Senegal<\/title>\n<meta name=\"description\" content=\"C\u2019est ce samedi qu\u2019a lieu a\u0300 Diamniadio, la ce\u0301re\u0301monie d\u2019installation du Haut Conseil des Collectivite\u0301s Territoriales ...\" \/>\n<meta name=\"robots\" content=\"index, follow, max-snippet:-1, max-image-preview:large, max-video-preview:-1\" \/>\n<link rel=\"canonical\" href=\"https:\/\/www.africa-press.net\/senegal\/politique\/installation-du-hcct-macky-sall-aminata-mbengue-ndiaye-et-le-concept-de-republique-des-proximites\" \/>\n<meta property=\"og:locale\" content=\"fr_FR\" \/>\n<meta property=\"og:type\" content=\"article\" \/>\n<meta property=\"og:title\" content=\"Installation du HCCT : Macky Sall, Aminata Mbengue Ndiaye et le concept de \u00ab R\u00e9publique des proximit\u00e9s \u00bb\" \/>\n<meta property=\"og:description\" content=\"C\u2019est ce samedi qu\u2019a lieu a\u0300 Diamniadio, la ce\u0301re\u0301monie d\u2019installation du Haut Conseil des Collectivite\u0301s Territoriales ...\" \/>\n<meta property=\"og:url\" content=\"https:\/\/www.africa-press.net\/senegal\/politique\/installation-du-hcct-macky-sall-aminata-mbengue-ndiaye-et-le-concept-de-republique-des-proximites\" \/>\n<meta property=\"og:site_name\" content=\"Senegal\" \/>\n<meta property=\"article:published_time\" content=\"2023-01-07T17:28:48+00:00\" \/>\n<meta property=\"article:modified_time\" content=\"2023-01-07T18:47:23+00:00\" \/>\n<meta property=\"og:image\" content=\"https:\/\/static.africa-press.net\/senegal\/sites\/13\/2023\/01\/postQueueImg_1673099992.82.jpg\" \/>\n\t<meta property=\"og:image:width\" content=\"720\" \/>\n\t<meta property=\"og:image:height\" content=\"350\" \/>\n\t<meta property=\"og:image:type\" content=\"image\/jpeg\" \/>\n<meta name=\"author\" content=\"cfeditorfr\" \/>\n<meta name=\"twitter:card\" content=\"summary_large_image\" \/>\n<meta name=\"twitter:label1\" content=\"\u00c9crit par\" \/>\n\t<meta name=\"twitter:data1\" content=\"cfeditorfr\" \/>\n\t<meta name=\"twitter:label2\" content=\"Dur\u00e9e de lecture estim\u00e9e\" \/>\n\t<meta name=\"twitter:data2\" content=\"7 minutes\" \/>\n<script type=\"application\/ld+json\" class=\"yoast-schema-graph\">{\"@context\":\"https:\/\/schema.org\",\"@graph\":[{\"@type\":\"Article\",\"@id\":\"https:\/\/www.africa-press.net\/senegal\/politique\/installation-du-hcct-macky-sall-aminata-mbengue-ndiaye-et-le-concept-de-republique-des-proximites#article\",\"isPartOf\":{\"@id\":\"https:\/\/www.africa-press.net\/senegal\/politique\/installation-du-hcct-macky-sall-aminata-mbengue-ndiaye-et-le-concept-de-republique-des-proximites\"},\"author\":{\"name\":\"cfeditorfr\",\"@id\":\"https:\/\/www.africa-press.net\/senegal\/#\/schema\/person\/2b1cf3cd81a31e3cd26889ca66d677f1\"},\"headline\":\"Installation du HCCT : Macky Sall, Aminata Mbengue Ndiaye et le concept de \u00ab R\u00e9publique des proximit\u00e9s \u00bb\",\"datePublished\":\"2023-01-07T17:28:48+00:00\",\"dateModified\":\"2023-01-07T18:47:23+00:00\",\"mainEntityOfPage\":{\"@id\":\"https:\/\/www.africa-press.net\/senegal\/politique\/installation-du-hcct-macky-sall-aminata-mbengue-ndiaye-et-le-concept-de-republique-des-proximites\"},\"wordCount\":1416,\"commentCount\":0,\"image\":{\"@id\":\"https:\/\/www.africa-press.net\/senegal\/politique\/installation-du-hcct-macky-sall-aminata-mbengue-ndiaye-et-le-concept-de-republique-des-proximites#primaryimage\"},\"thumbnailUrl\":\"https:\/\/static.africa-press.net\/senegal\/sites\/13\/2023\/01\/postQueueImg_1673099992.82.jpg\",\"keywords\":[\"Africa Press\",\"Africa Press-Senegal\",\"Senegal\"],\"articleSection\":[\"Politique\",\"Toutes les actualit\u00e9s\"],\"inLanguage\":\"fr-FR\",\"potentialAction\":[{\"@type\":\"CommentAction\",\"name\":\"Comment\",\"target\":[\"https:\/\/www.africa-press.net\/senegal\/politique\/installation-du-hcct-macky-sall-aminata-mbengue-ndiaye-et-le-concept-de-republique-des-proximites#respond\"]}]},{\"@type\":\"WebPage\",\"@id\":\"https:\/\/www.africa-press.net\/senegal\/politique\/installation-du-hcct-macky-sall-aminata-mbengue-ndiaye-et-le-concept-de-republique-des-proximites\",\"url\":\"https:\/\/www.africa-press.net\/senegal\/politique\/installation-du-hcct-macky-sall-aminata-mbengue-ndiaye-et-le-concept-de-republique-des-proximites\",\"name\":\"Installation du HCCT : Macky Sall, Aminata Mbengue Ndiaye et le concept de \u00ab R\u00e9publique des proximit\u00e9s \u00bb - Senegal\",\"isPartOf\":{\"@id\":\"https:\/\/www.africa-press.net\/senegal\/#website\"},\"primaryImageOfPage\":{\"@id\":\"https:\/\/www.africa-press.net\/senegal\/politique\/installation-du-hcct-macky-sall-aminata-mbengue-ndiaye-et-le-concept-de-republique-des-proximites#primaryimage\"},\"image\":{\"@id\":\"https:\/\/www.africa-press.net\/senegal\/politique\/installation-du-hcct-macky-sall-aminata-mbengue-ndiaye-et-le-concept-de-republique-des-proximites#primaryimage\"},\"thumbnailUrl\":\"https:\/\/static.africa-press.net\/senegal\/sites\/13\/2023\/01\/postQueueImg_1673099992.82.jpg\",\"datePublished\":\"2023-01-07T17:28:48+00:00\",\"dateModified\":\"2023-01-07T18:47:23+00:00\",\"author\":{\"@id\":\"https:\/\/www.africa-press.net\/senegal\/#\/schema\/person\/2b1cf3cd81a31e3cd26889ca66d677f1\"},\"description\":\"C\u2019est ce samedi qu\u2019a lieu a\u0300 Diamniadio, la ce\u0301re\u0301monie d\u2019installation du Haut Conseil des Collectivite\u0301s Territoriales ...\",\"breadcrumb\":{\"@id\":\"https:\/\/www.africa-press.net\/senegal\/politique\/installation-du-hcct-macky-sall-aminata-mbengue-ndiaye-et-le-concept-de-republique-des-proximites#breadcrumb\"},\"inLanguage\":\"fr-FR\",\"potentialAction\":[{\"@type\":\"ReadAction\",\"target\":[\"https:\/\/www.africa-press.net\/senegal\/politique\/installation-du-hcct-macky-sall-aminata-mbengue-ndiaye-et-le-concept-de-republique-des-proximites\"]}]},{\"@type\":\"ImageObject\",\"inLanguage\":\"fr-FR\",\"@id\":\"https:\/\/www.africa-press.net\/senegal\/politique\/installation-du-hcct-macky-sall-aminata-mbengue-ndiaye-et-le-concept-de-republique-des-proximites#primaryimage\",\"url\":\"https:\/\/static.africa-press.net\/senegal\/sites\/13\/2023\/01\/postQueueImg_1673099992.82.jpg\",\"contentUrl\":\"https:\/\/static.africa-press.net\/senegal\/sites\/13\/2023\/01\/postQueueImg_1673099992.82.jpg\",\"width\":720,\"height\":350,\"caption\":\"Installation du HCCT : Macky Sall, Aminata Mbengue Ndiaye et le concept de \u00ab R\u00e9publique des proximit\u00e9s \u00bb\"},{\"@type\":\"BreadcrumbList\",\"@id\":\"https:\/\/www.africa-press.net\/senegal\/politique\/installation-du-hcct-macky-sall-aminata-mbengue-ndiaye-et-le-concept-de-republique-des-proximites#breadcrumb\",\"itemListElement\":[{\"@type\":\"ListItem\",\"position\":1,\"name\":\"Accueil\",\"item\":\"https:\/\/www.africa-press.net\/senegal\/\"},{\"@type\":\"ListItem\",\"position\":2,\"name\":\"Installation du HCCT : Macky Sall, Aminata Mbengue Ndiaye et le concept de \u00ab R\u00e9publique des proximit\u00e9s \u00bb\"}]},{\"@type\":\"WebSite\",\"@id\":\"https:\/\/www.africa-press.net\/senegal\/#website\",\"url\":\"https:\/\/www.africa-press.net\/senegal\/\",\"name\":\"Africa Press | Senegal | Homepage\",\"description\":\"Just another Africa News Agency Sites site\",\"potentialAction\":[{\"@type\":\"SearchAction\",\"target\":{\"@type\":\"EntryPoint\",\"urlTemplate\":\"https:\/\/www.africa-press.net\/senegal\/?s={search_term_string}\"},\"query-input\":{\"@type\":\"PropertyValueSpecification\",\"valueRequired\":true,\"valueName\":\"search_term_string\"}}],\"inLanguage\":\"fr-FR\"},{\"@type\":\"Person\",\"@id\":\"https:\/\/www.africa-press.net\/senegal\/#\/schema\/person\/2b1cf3cd81a31e3cd26889ca66d677f1\",\"name\":\"cfeditorfr\",\"url\":\"https:\/\/www.africa-press.net\/senegal\/author\/cfeditorfr\"}]}<\/script>\n<!-- \/ Yoast SEO Premium plugin. -->","yoast_head_json":{"title":"Installation du HCCT : Macky Sall, Aminata Mbengue Ndiaye et le concept de \u00ab R\u00e9publique des proximit\u00e9s \u00bb - Senegal","description":"C\u2019est ce samedi qu\u2019a lieu a\u0300 Diamniadio, la ce\u0301re\u0301monie d\u2019installation du Haut Conseil des Collectivite\u0301s Territoriales ...","robots":{"index":"index","follow":"follow","max-snippet":"max-snippet:-1","max-image-preview":"max-image-preview:large","max-video-preview":"max-video-preview:-1"},"canonical":"https:\/\/www.africa-press.net\/senegal\/politique\/installation-du-hcct-macky-sall-aminata-mbengue-ndiaye-et-le-concept-de-republique-des-proximites","og_locale":"fr_FR","og_type":"article","og_title":"Installation du HCCT : Macky Sall, Aminata Mbengue Ndiaye et le concept de \u00ab R\u00e9publique des proximit\u00e9s \u00bb","og_description":"C\u2019est ce samedi qu\u2019a lieu a\u0300 Diamniadio, la ce\u0301re\u0301monie d\u2019installation du Haut Conseil des Collectivite\u0301s Territoriales ...","og_url":"https:\/\/www.africa-press.net\/senegal\/politique\/installation-du-hcct-macky-sall-aminata-mbengue-ndiaye-et-le-concept-de-republique-des-proximites","og_site_name":"Senegal","article_published_time":"2023-01-07T17:28:48+00:00","article_modified_time":"2023-01-07T18:47:23+00:00","og_image":[{"width":720,"height":350,"url":"https:\/\/static.africa-press.net\/senegal\/sites\/13\/2023\/01\/postQueueImg_1673099992.82.jpg","type":"image\/jpeg"}],"author":"cfeditorfr","twitter_card":"summary_large_image","twitter_misc":{"\u00c9crit par":"cfeditorfr","Dur\u00e9e de lecture estim\u00e9e":"7 minutes"},"schema":{"@context":"https:\/\/schema.org","@graph":[{"@type":"Article","@id":"https:\/\/www.africa-press.net\/senegal\/politique\/installation-du-hcct-macky-sall-aminata-mbengue-ndiaye-et-le-concept-de-republique-des-proximites#article","isPartOf":{"@id":"https:\/\/www.africa-press.net\/senegal\/politique\/installation-du-hcct-macky-sall-aminata-mbengue-ndiaye-et-le-concept-de-republique-des-proximites"},"author":{"name":"cfeditorfr","@id":"https:\/\/www.africa-press.net\/senegal\/#\/schema\/person\/2b1cf3cd81a31e3cd26889ca66d677f1"},"headline":"Installation du HCCT : Macky Sall, Aminata Mbengue Ndiaye et le concept de \u00ab R\u00e9publique des proximit\u00e9s \u00bb","datePublished":"2023-01-07T17:28:48+00:00","dateModified":"2023-01-07T18:47:23+00:00","mainEntityOfPage":{"@id":"https:\/\/www.africa-press.net\/senegal\/politique\/installation-du-hcct-macky-sall-aminata-mbengue-ndiaye-et-le-concept-de-republique-des-proximites"},"wordCount":1416,"commentCount":0,"image":{"@id":"https:\/\/www.africa-press.net\/senegal\/politique\/installation-du-hcct-macky-sall-aminata-mbengue-ndiaye-et-le-concept-de-republique-des-proximites#primaryimage"},"thumbnailUrl":"https:\/\/static.africa-press.net\/senegal\/sites\/13\/2023\/01\/postQueueImg_1673099992.82.jpg","keywords":["Africa Press","Africa Press-Senegal","Senegal"],"articleSection":["Politique","Toutes les actualit\u00e9s"],"inLanguage":"fr-FR","potentialAction":[{"@type":"CommentAction","name":"Comment","target":["https:\/\/www.africa-press.net\/senegal\/politique\/installation-du-hcct-macky-sall-aminata-mbengue-ndiaye-et-le-concept-de-republique-des-proximites#respond"]}]},{"@type":"WebPage","@id":"https:\/\/www.africa-press.net\/senegal\/politique\/installation-du-hcct-macky-sall-aminata-mbengue-ndiaye-et-le-concept-de-republique-des-proximites","url":"https:\/\/www.africa-press.net\/senegal\/politique\/installation-du-hcct-macky-sall-aminata-mbengue-ndiaye-et-le-concept-de-republique-des-proximites","name":"Installation du HCCT : Macky Sall, Aminata Mbengue Ndiaye et le concept de \u00ab R\u00e9publique des proximit\u00e9s \u00bb - Senegal","isPartOf":{"@id":"https:\/\/www.africa-press.net\/senegal\/#website"},"primaryImageOfPage":{"@id":"https:\/\/www.africa-press.net\/senegal\/politique\/installation-du-hcct-macky-sall-aminata-mbengue-ndiaye-et-le-concept-de-republique-des-proximites#primaryimage"},"image":{"@id":"https:\/\/www.africa-press.net\/senegal\/politique\/installation-du-hcct-macky-sall-aminata-mbengue-ndiaye-et-le-concept-de-republique-des-proximites#primaryimage"},"thumbnailUrl":"https:\/\/static.africa-press.net\/senegal\/sites\/13\/2023\/01\/postQueueImg_1673099992.82.jpg","datePublished":"2023-01-07T17:28:48+00:00","dateModified":"2023-01-07T18:47:23+00:00","author":{"@id":"https:\/\/www.africa-press.net\/senegal\/#\/schema\/person\/2b1cf3cd81a31e3cd26889ca66d677f1"},"description":"C\u2019est ce samedi qu\u2019a lieu a\u0300 Diamniadio, la ce\u0301re\u0301monie d\u2019installation du Haut Conseil des Collectivite\u0301s Territoriales ...","breadcrumb":{"@id":"https:\/\/www.africa-press.net\/senegal\/politique\/installation-du-hcct-macky-sall-aminata-mbengue-ndiaye-et-le-concept-de-republique-des-proximites#breadcrumb"},"inLanguage":"fr-FR","potentialAction":[{"@type":"ReadAction","target":["https:\/\/www.africa-press.net\/senegal\/politique\/installation-du-hcct-macky-sall-aminata-mbengue-ndiaye-et-le-concept-de-republique-des-proximites"]}]},{"@type":"ImageObject","inLanguage":"fr-FR","@id":"https:\/\/www.africa-press.net\/senegal\/politique\/installation-du-hcct-macky-sall-aminata-mbengue-ndiaye-et-le-concept-de-republique-des-proximites#primaryimage","url":"https:\/\/static.africa-press.net\/senegal\/sites\/13\/2023\/01\/postQueueImg_1673099992.82.jpg","contentUrl":"https:\/\/static.africa-press.net\/senegal\/sites\/13\/2023\/01\/postQueueImg_1673099992.82.jpg","width":720,"height":350,"caption":"Installation du HCCT : Macky Sall, Aminata Mbengue Ndiaye et le concept de \u00ab R\u00e9publique des proximit\u00e9s \u00bb"},{"@type":"BreadcrumbList","@id":"https:\/\/www.africa-press.net\/senegal\/politique\/installation-du-hcct-macky-sall-aminata-mbengue-ndiaye-et-le-concept-de-republique-des-proximites#breadcrumb","itemListElement":[{"@type":"ListItem","position":1,"name":"Accueil","item":"https:\/\/www.africa-press.net\/senegal\/"},{"@type":"ListItem","position":2,"name":"Installation du HCCT : Macky Sall, Aminata Mbengue Ndiaye et le concept de \u00ab R\u00e9publique des proximit\u00e9s \u00bb"}]},{"@type":"WebSite","@id":"https:\/\/www.africa-press.net\/senegal\/#website","url":"https:\/\/www.africa-press.net\/senegal\/","name":"Africa Press | Senegal | Homepage","description":"Just another Africa News Agency Sites site","potentialAction":[{"@type":"SearchAction","target":{"@type":"EntryPoint","urlTemplate":"https:\/\/www.africa-press.net\/senegal\/?s={search_term_string}"},"query-input":{"@type":"PropertyValueSpecification","valueRequired":true,"valueName":"search_term_string"}}],"inLanguage":"fr-FR"},{"@type":"Person","@id":"https:\/\/www.africa-press.net\/senegal\/#\/schema\/person\/2b1cf3cd81a31e3cd26889ca66d677f1","name":"cfeditorfr","url":"https:\/\/www.africa-press.net\/senegal\/author\/cfeditorfr"}]}},"_links":{"self":[{"href":"https:\/\/www.africa-press.net\/senegal\/wp-json\/wp\/v2\/posts\/37731","targetHints":{"allow":["GET"]}}],"collection":[{"href":"https:\/\/www.africa-press.net\/senegal\/wp-json\/wp\/v2\/posts"}],"about":[{"href":"https:\/\/www.africa-press.net\/senegal\/wp-json\/wp\/v2\/types\/post"}],"author":[{"embeddable":true,"href":"https:\/\/www.africa-press.net\/senegal\/wp-json\/wp\/v2\/users\/82"}],"replies":[{"embeddable":true,"href":"https:\/\/www.africa-press.net\/senegal\/wp-json\/wp\/v2\/comments?post=37731"}],"version-history":[{"count":0,"href":"https:\/\/www.africa-press.net\/senegal\/wp-json\/wp\/v2\/posts\/37731\/revisions"}],"wp:featuredmedia":[{"embeddable":true,"href":"https:\/\/www.africa-press.net\/senegal\/wp-json\/wp\/v2\/media\/37730"}],"wp:attachment":[{"href":"https:\/\/www.africa-press.net\/senegal\/wp-json\/wp\/v2\/media?parent=37731"}],"wp:term":[{"taxonomy":"category","embeddable":true,"href":"https:\/\/www.africa-press.net\/senegal\/wp-json\/wp\/v2\/categories?post=37731"},{"taxonomy":"post_tag","embeddable":true,"href":"https:\/\/www.africa-press.net\/senegal\/wp-json\/wp\/v2\/tags?post=37731"}],"curies":[{"name":"wp","href":"https:\/\/api.w.org\/{rel}","templated":true}]}}