{"id":37734,"date":"2023-01-07T17:30:15","date_gmt":"2023-01-07T17:30:15","guid":{"rendered":"https:\/\/www.africa-press.net\/senegal\/politique\/pds-une-petition-lancee-pour-exiger-le-retour-de-karim-wade"},"modified":"2023-01-07T17:30:15","modified_gmt":"2023-01-07T17:30:15","slug":"pds-une-petition-lancee-pour-exiger-le-retour-de-karim-wade","status":"publish","type":"post","link":"https:\/\/www.africa-press.net\/senegal\/parties\/pds-une-petition-lancee-pour-exiger-le-retour-de-karim-wade","title":{"rendered":"PDS : Une p\u00e9tition lanc\u00e9e pour exiger le retour de Karim Wade"},"content":{"rendered":"<p><span style=\"color: #ff6600\"><strong>Africa-Press &#8211; Senegal. <\/strong><\/span>Remous au Parti de\u0301mocratique se\u0301ne\u0301galais (PDS). Le collectif des anciens de l\u2019Union des jeunesses travaillistes et libe\u0301rales (UJTL), qui a initie\u0301 une pe\u0301tition, exige le retour \u00ab sans de\u0301lai \u00bb de Karim Wade.<\/p>\n<p>Selon L\u2019Obs, le document signe\u0301 par une \u00ab centaine de responsables \u00bb a e\u0301te\u0301 transmis a\u0300 Wade-pe\u0300re. Le journal souligne que les anciens de l\u2019UJTL souhaitent que le Pds ait plusieurs plans (A, B et C). Il s\u2019agit, pour eux, d\u2019e\u0301viter la forclusion de 2019. \u00ab Le parti doit avoir des candidats de substitution pour remplacer Karim Wade au cas ou\u0300 il ne viendrait pas, motive leur coordonnateur, Assane Ke\u0301be\u0301, repris par la source. Notre formation regorge de gens compe\u0301tents capables de pre\u0301sider aux destine\u0301es du pays. Vraiment, nous ne voulons plus e\u0302tre victimes de l\u2019absence du PDS qui a e\u0301te\u0301 forclos lors de la pre\u0301sidentielle du 24 fe\u0301vrier 2019. \u00bb Dans ce sillage, ajoute-t-il, \u00ab Karim Wade doit nous e\u0301difier sur son retour et mieux sur sa candidature. \u00bb Le me\u0302me Karim Wade doit aussi \u00ab faire les sacrifices ne\u0301cessaires pour son pe\u0300re et ce qui reste du PDS qui veut prendre sa revanche sur l\u2019actuel pre\u0301sident \u00bb, poursuit Ke\u0301be\u0301.<\/p>\n<p>L\u2019Obs souligne, en outre, que les signataires de la pe\u0301tition ont demande\u0301 a\u0300 l\u2019ancien pre\u0301sident Wade de prendre certaines mesures dont le gel des ope\u0301rations de vente de cartes et la convocation \u00ab dans les meilleurs de\u0301lais \u00bb du Bureau politique pour pre\u0301parer le congre\u0300s afin de de\u0301signer et d\u2019investir le futur candidat du parti a\u0300 l\u2019e\u0301lection pre\u0301sidentielle de 2024.<\/p>\n<p><strong>Pour plus d&rsquo;informations et d&rsquo;analyses sur la <a href=\"https:\/\/www.africa-press.net\/senegal\">Senegal<\/a>, suivez <a href=\"https:\/\/www.africa-press.net\/\">Africa-Press<\/a><\/strong><\/p>\n","protected":false},"excerpt":{"rendered":"<p>Africa-Press &#8211; Senegal. Remous au Parti de\u0301mocratique se\u0301ne\u0301galais (PDS). Le collectif des anciens de l\u2019Union des jeunesses travaillistes et libe\u0301rales (UJTL), qui a initie\u0301 une pe\u0301tition, exige le retour \u00ab sans de\u0301lai \u00bb de Karim Wade. Selon L\u2019Obs, le document signe\u0301 par une \u00ab centaine de responsables \u00bb a e\u0301te\u0301 transmis a\u0300 Wade-pe\u0300re. Le journal [&hellip;]<\/p>\n","protected":false},"author":82,"featured_media":37733,"comment_status":"open","ping_status":"closed","sticky":false,"template":"","format":"standard","meta":{"footnotes":""},"categories":[4,10],"tags":[43,47,44],"class_list":["post-37734","post","type-post","status-publish","format-standard","has-post-thumbnail","hentry","category-parties","category-toutes-les-actualites","tag-africa-press-2","tag-africa-press-senegal","tag-senegal-2"],"yoast_head":"<!-- This site is optimized with the Yoast SEO Premium plugin v26.1 (Yoast SEO v27.0) - https:\/\/yoast.com\/product\/yoast-seo-premium-wordpress\/ -->\n<title>PDS : Une p\u00e9tition lanc\u00e9e pour exiger le retour de Karim Wade - Senegal<\/title>\n<meta name=\"robots\" content=\"index, follow, max-snippet:-1, max-image-preview:large, max-video-preview:-1\" \/>\n<link rel=\"canonical\" href=\"https:\/\/www.africa-press.net\/senegal\/politique\/pds-une-petition-lancee-pour-exiger-le-retour-de-karim-wade\" \/>\n<meta property=\"og:locale\" content=\"fr_FR\" \/>\n<meta property=\"og:type\" content=\"article\" \/>\n<meta property=\"og:title\" content=\"PDS : Une p\u00e9tition lanc\u00e9e pour exiger le retour de Karim Wade\" \/>\n<meta property=\"og:description\" content=\"Africa-Press &#8211; Senegal. Remous au Parti de\u0301mocratique se\u0301ne\u0301galais (PDS). Le collectif des anciens de l\u2019Union des jeunesses travaillistes et libe\u0301rales (UJTL), qui a initie\u0301 une pe\u0301tition, exige le retour \u00ab sans de\u0301lai \u00bb de Karim Wade. Selon L\u2019Obs, le document signe\u0301 par une \u00ab centaine de responsables \u00bb a e\u0301te\u0301 transmis a\u0300 Wade-pe\u0300re. Le journal [&hellip;]\" \/>\n<meta property=\"og:url\" content=\"https:\/\/www.africa-press.net\/senegal\/politique\/pds-une-petition-lancee-pour-exiger-le-retour-de-karim-wade\" \/>\n<meta property=\"og:site_name\" content=\"Senegal\" \/>\n<meta property=\"article:published_time\" content=\"2023-01-07T17:30:15+00:00\" \/>\n<meta name=\"author\" content=\"cfeditorfr\" \/>\n<meta name=\"twitter:card\" content=\"summary_large_image\" \/>\n<meta name=\"twitter:label1\" content=\"\u00c9crit par\" \/>\n\t<meta name=\"twitter:data1\" content=\"cfeditorfr\" \/>\n\t<meta name=\"twitter:label2\" content=\"Dur\u00e9e de lecture estim\u00e9e\" \/>\n\t<meta name=\"twitter:data2\" content=\"1 minute\" \/>\n<script type=\"application\/ld+json\" class=\"yoast-schema-graph\">{\"@context\":\"https:\/\/schema.org\",\"@graph\":[{\"@type\":\"Article\",\"@id\":\"https:\/\/www.africa-press.net\/senegal\/politique\/pds-une-petition-lancee-pour-exiger-le-retour-de-karim-wade#article\",\"isPartOf\":{\"@id\":\"https:\/\/www.africa-press.net\/senegal\/politique\/pds-une-petition-lancee-pour-exiger-le-retour-de-karim-wade\"},\"author\":{\"name\":\"cfeditorfr\",\"@id\":\"https:\/\/www.africa-press.net\/senegal\/#\/schema\/person\/2b1cf3cd81a31e3cd26889ca66d677f1\"},\"headline\":\"PDS : Une p\u00e9tition lanc\u00e9e pour exiger le retour de Karim Wade\",\"datePublished\":\"2023-01-07T17:30:15+00:00\",\"mainEntityOfPage\":{\"@id\":\"https:\/\/www.africa-press.net\/senegal\/politique\/pds-une-petition-lancee-pour-exiger-le-retour-de-karim-wade\"},\"wordCount\":309,\"commentCount\":0,\"image\":{\"@id\":\"https:\/\/www.africa-press.net\/senegal\/politique\/pds-une-petition-lancee-pour-exiger-le-retour-de-karim-wade#primaryimage\"},\"thumbnailUrl\":\"https:\/\/static.africa-press.net\/senegal\/sites\/13\/2023\/01\/postQueueImg_1673100025.36.jpg\",\"keywords\":[\"Africa Press\",\"Africa Press-Senegal\",\"Senegal\"],\"articleSection\":[\"Parties\",\"Toutes les actualit\u00e9s\"],\"inLanguage\":\"fr-FR\",\"potentialAction\":[{\"@type\":\"CommentAction\",\"name\":\"Comment\",\"target\":[\"https:\/\/www.africa-press.net\/senegal\/politique\/pds-une-petition-lancee-pour-exiger-le-retour-de-karim-wade#respond\"]}]},{\"@type\":\"WebPage\",\"@id\":\"https:\/\/www.africa-press.net\/senegal\/politique\/pds-une-petition-lancee-pour-exiger-le-retour-de-karim-wade\",\"url\":\"https:\/\/www.africa-press.net\/senegal\/politique\/pds-une-petition-lancee-pour-exiger-le-retour-de-karim-wade\",\"name\":\"PDS : Une p\u00e9tition lanc\u00e9e pour exiger le retour de Karim Wade - Senegal\",\"isPartOf\":{\"@id\":\"https:\/\/www.africa-press.net\/senegal\/#website\"},\"primaryImageOfPage\":{\"@id\":\"https:\/\/www.africa-press.net\/senegal\/politique\/pds-une-petition-lancee-pour-exiger-le-retour-de-karim-wade#primaryimage\"},\"image\":{\"@id\":\"https:\/\/www.africa-press.net\/senegal\/politique\/pds-une-petition-lancee-pour-exiger-le-retour-de-karim-wade#primaryimage\"},\"thumbnailUrl\":\"https:\/\/static.africa-press.net\/senegal\/sites\/13\/2023\/01\/postQueueImg_1673100025.36.jpg\",\"datePublished\":\"2023-01-07T17:30:15+00:00\",\"author\":{\"@id\":\"https:\/\/www.africa-press.net\/senegal\/#\/schema\/person\/2b1cf3cd81a31e3cd26889ca66d677f1\"},\"breadcrumb\":{\"@id\":\"https:\/\/www.africa-press.net\/senegal\/politique\/pds-une-petition-lancee-pour-exiger-le-retour-de-karim-wade#breadcrumb\"},\"inLanguage\":\"fr-FR\",\"potentialAction\":[{\"@type\":\"ReadAction\",\"target\":[\"https:\/\/www.africa-press.net\/senegal\/politique\/pds-une-petition-lancee-pour-exiger-le-retour-de-karim-wade\"]}]},{\"@type\":\"ImageObject\",\"inLanguage\":\"fr-FR\",\"@id\":\"https:\/\/www.africa-press.net\/senegal\/politique\/pds-une-petition-lancee-pour-exiger-le-retour-de-karim-wade#primaryimage\",\"url\":\"https:\/\/static.africa-press.net\/senegal\/sites\/13\/2023\/01\/postQueueImg_1673100025.36.jpg\",\"contentUrl\":\"https:\/\/static.africa-press.net\/senegal\/sites\/13\/2023\/01\/postQueueImg_1673100025.36.jpg\",\"width\":720,\"height\":350,\"caption\":\"PDS : Une p\u00e9tition lanc\u00e9e pour exiger le retour de Karim Wade\"},{\"@type\":\"BreadcrumbList\",\"@id\":\"https:\/\/www.africa-press.net\/senegal\/politique\/pds-une-petition-lancee-pour-exiger-le-retour-de-karim-wade#breadcrumb\",\"itemListElement\":[{\"@type\":\"ListItem\",\"position\":1,\"name\":\"Accueil\",\"item\":\"https:\/\/www.africa-press.net\/senegal\/\"},{\"@type\":\"ListItem\",\"position\":2,\"name\":\"PDS : Une p\u00e9tition lanc\u00e9e pour exiger le retour de Karim Wade\"}]},{\"@type\":\"WebSite\",\"@id\":\"https:\/\/www.africa-press.net\/senegal\/#website\",\"url\":\"https:\/\/www.africa-press.net\/senegal\/\",\"name\":\"Africa Press | Senegal | Homepage\",\"description\":\"Just another Africa News Agency Sites site\",\"potentialAction\":[{\"@type\":\"SearchAction\",\"target\":{\"@type\":\"EntryPoint\",\"urlTemplate\":\"https:\/\/www.africa-press.net\/senegal\/?s={search_term_string}\"},\"query-input\":{\"@type\":\"PropertyValueSpecification\",\"valueRequired\":true,\"valueName\":\"search_term_string\"}}],\"inLanguage\":\"fr-FR\"},{\"@type\":\"Person\",\"@id\":\"https:\/\/www.africa-press.net\/senegal\/#\/schema\/person\/2b1cf3cd81a31e3cd26889ca66d677f1\",\"name\":\"cfeditorfr\",\"url\":\"https:\/\/www.africa-press.net\/senegal\/author\/cfeditorfr\"}]}<\/script>\n<!-- \/ Yoast SEO Premium plugin. -->","yoast_head_json":{"title":"PDS : Une p\u00e9tition lanc\u00e9e pour exiger le retour de Karim Wade - Senegal","robots":{"index":"index","follow":"follow","max-snippet":"max-snippet:-1","max-image-preview":"max-image-preview:large","max-video-preview":"max-video-preview:-1"},"canonical":"https:\/\/www.africa-press.net\/senegal\/politique\/pds-une-petition-lancee-pour-exiger-le-retour-de-karim-wade","og_locale":"fr_FR","og_type":"article","og_title":"PDS : Une p\u00e9tition lanc\u00e9e pour exiger le retour de Karim Wade","og_description":"Africa-Press &#8211; Senegal. Remous au Parti de\u0301mocratique se\u0301ne\u0301galais (PDS). Le collectif des anciens de l\u2019Union des jeunesses travaillistes et libe\u0301rales (UJTL), qui a initie\u0301 une pe\u0301tition, exige le retour \u00ab sans de\u0301lai \u00bb de Karim Wade. Selon L\u2019Obs, le document signe\u0301 par une \u00ab centaine de responsables \u00bb a e\u0301te\u0301 transmis a\u0300 Wade-pe\u0300re. Le journal [&hellip;]","og_url":"https:\/\/www.africa-press.net\/senegal\/politique\/pds-une-petition-lancee-pour-exiger-le-retour-de-karim-wade","og_site_name":"Senegal","article_published_time":"2023-01-07T17:30:15+00:00","author":"cfeditorfr","twitter_card":"summary_large_image","twitter_misc":{"\u00c9crit par":"cfeditorfr","Dur\u00e9e de lecture estim\u00e9e":"1 minute"},"schema":{"@context":"https:\/\/schema.org","@graph":[{"@type":"Article","@id":"https:\/\/www.africa-press.net\/senegal\/politique\/pds-une-petition-lancee-pour-exiger-le-retour-de-karim-wade#article","isPartOf":{"@id":"https:\/\/www.africa-press.net\/senegal\/politique\/pds-une-petition-lancee-pour-exiger-le-retour-de-karim-wade"},"author":{"name":"cfeditorfr","@id":"https:\/\/www.africa-press.net\/senegal\/#\/schema\/person\/2b1cf3cd81a31e3cd26889ca66d677f1"},"headline":"PDS : Une p\u00e9tition lanc\u00e9e pour exiger le retour de Karim Wade","datePublished":"2023-01-07T17:30:15+00:00","mainEntityOfPage":{"@id":"https:\/\/www.africa-press.net\/senegal\/politique\/pds-une-petition-lancee-pour-exiger-le-retour-de-karim-wade"},"wordCount":309,"commentCount":0,"image":{"@id":"https:\/\/www.africa-press.net\/senegal\/politique\/pds-une-petition-lancee-pour-exiger-le-retour-de-karim-wade#primaryimage"},"thumbnailUrl":"https:\/\/static.africa-press.net\/senegal\/sites\/13\/2023\/01\/postQueueImg_1673100025.36.jpg","keywords":["Africa Press","Africa Press-Senegal","Senegal"],"articleSection":["Parties","Toutes les actualit\u00e9s"],"inLanguage":"fr-FR","potentialAction":[{"@type":"CommentAction","name":"Comment","target":["https:\/\/www.africa-press.net\/senegal\/politique\/pds-une-petition-lancee-pour-exiger-le-retour-de-karim-wade#respond"]}]},{"@type":"WebPage","@id":"https:\/\/www.africa-press.net\/senegal\/politique\/pds-une-petition-lancee-pour-exiger-le-retour-de-karim-wade","url":"https:\/\/www.africa-press.net\/senegal\/politique\/pds-une-petition-lancee-pour-exiger-le-retour-de-karim-wade","name":"PDS : Une p\u00e9tition lanc\u00e9e pour exiger le retour de Karim Wade - Senegal","isPartOf":{"@id":"https:\/\/www.africa-press.net\/senegal\/#website"},"primaryImageOfPage":{"@id":"https:\/\/www.africa-press.net\/senegal\/politique\/pds-une-petition-lancee-pour-exiger-le-retour-de-karim-wade#primaryimage"},"image":{"@id":"https:\/\/www.africa-press.net\/senegal\/politique\/pds-une-petition-lancee-pour-exiger-le-retour-de-karim-wade#primaryimage"},"thumbnailUrl":"https:\/\/static.africa-press.net\/senegal\/sites\/13\/2023\/01\/postQueueImg_1673100025.36.jpg","datePublished":"2023-01-07T17:30:15+00:00","author":{"@id":"https:\/\/www.africa-press.net\/senegal\/#\/schema\/person\/2b1cf3cd81a31e3cd26889ca66d677f1"},"breadcrumb":{"@id":"https:\/\/www.africa-press.net\/senegal\/politique\/pds-une-petition-lancee-pour-exiger-le-retour-de-karim-wade#breadcrumb"},"inLanguage":"fr-FR","potentialAction":[{"@type":"ReadAction","target":["https:\/\/www.africa-press.net\/senegal\/politique\/pds-une-petition-lancee-pour-exiger-le-retour-de-karim-wade"]}]},{"@type":"ImageObject","inLanguage":"fr-FR","@id":"https:\/\/www.africa-press.net\/senegal\/politique\/pds-une-petition-lancee-pour-exiger-le-retour-de-karim-wade#primaryimage","url":"https:\/\/static.africa-press.net\/senegal\/sites\/13\/2023\/01\/postQueueImg_1673100025.36.jpg","contentUrl":"https:\/\/static.africa-press.net\/senegal\/sites\/13\/2023\/01\/postQueueImg_1673100025.36.jpg","width":720,"height":350,"caption":"PDS : Une p\u00e9tition lanc\u00e9e pour exiger le retour de Karim Wade"},{"@type":"BreadcrumbList","@id":"https:\/\/www.africa-press.net\/senegal\/politique\/pds-une-petition-lancee-pour-exiger-le-retour-de-karim-wade#breadcrumb","itemListElement":[{"@type":"ListItem","position":1,"name":"Accueil","item":"https:\/\/www.africa-press.net\/senegal\/"},{"@type":"ListItem","position":2,"name":"PDS : Une p\u00e9tition lanc\u00e9e pour exiger le retour de Karim Wade"}]},{"@type":"WebSite","@id":"https:\/\/www.africa-press.net\/senegal\/#website","url":"https:\/\/www.africa-press.net\/senegal\/","name":"Africa Press | Senegal | Homepage","description":"Just another Africa News Agency Sites site","potentialAction":[{"@type":"SearchAction","target":{"@type":"EntryPoint","urlTemplate":"https:\/\/www.africa-press.net\/senegal\/?s={search_term_string}"},"query-input":{"@type":"PropertyValueSpecification","valueRequired":true,"valueName":"search_term_string"}}],"inLanguage":"fr-FR"},{"@type":"Person","@id":"https:\/\/www.africa-press.net\/senegal\/#\/schema\/person\/2b1cf3cd81a31e3cd26889ca66d677f1","name":"cfeditorfr","url":"https:\/\/www.africa-press.net\/senegal\/author\/cfeditorfr"}]}},"_links":{"self":[{"href":"https:\/\/www.africa-press.net\/senegal\/wp-json\/wp\/v2\/posts\/37734","targetHints":{"allow":["GET"]}}],"collection":[{"href":"https:\/\/www.africa-press.net\/senegal\/wp-json\/wp\/v2\/posts"}],"about":[{"href":"https:\/\/www.africa-press.net\/senegal\/wp-json\/wp\/v2\/types\/post"}],"author":[{"embeddable":true,"href":"https:\/\/www.africa-press.net\/senegal\/wp-json\/wp\/v2\/users\/82"}],"replies":[{"embeddable":true,"href":"https:\/\/www.africa-press.net\/senegal\/wp-json\/wp\/v2\/comments?post=37734"}],"version-history":[{"count":0,"href":"https:\/\/www.africa-press.net\/senegal\/wp-json\/wp\/v2\/posts\/37734\/revisions"}],"wp:featuredmedia":[{"embeddable":true,"href":"https:\/\/www.africa-press.net\/senegal\/wp-json\/wp\/v2\/media\/37733"}],"wp:attachment":[{"href":"https:\/\/www.africa-press.net\/senegal\/wp-json\/wp\/v2\/media?parent=37734"}],"wp:term":[{"taxonomy":"category","embeddable":true,"href":"https:\/\/www.africa-press.net\/senegal\/wp-json\/wp\/v2\/categories?post=37734"},{"taxonomy":"post_tag","embeddable":true,"href":"https:\/\/www.africa-press.net\/senegal\/wp-json\/wp\/v2\/tags?post=37734"}],"curies":[{"name":"wp","href":"https:\/\/api.w.org\/{rel}","templated":true}]}}