{"id":37738,"date":"2023-01-07T17:31:51","date_gmt":"2023-01-07T17:31:51","guid":{"rendered":"https:\/\/www.africa-press.net\/senegal\/politique\/fa-cup-tottenham-pape-matar-sarr-titulaire-pour-la-premiere-fois-contre-portsmouth"},"modified":"2023-01-07T17:31:51","modified_gmt":"2023-01-07T17:31:51","slug":"fa-cup-tottenham-pape-matar-sarr-titulaire-pour-la-premiere-fois-contre-portsmouth","status":"publish","type":"post","link":"https:\/\/www.africa-press.net\/senegal\/sports\/fa-cup-tottenham-pape-matar-sarr-titulaire-pour-la-premiere-fois-contre-portsmouth","title":{"rendered":"FA Cup\/Tottenham: Pape Matar Sarr titulaire pour la premi\u00e8re fois contre Portsmouth"},"content":{"rendered":"<p><span style=\"color: #ff6600\"><strong>Africa-Press &#8211; Senegal. <\/strong><\/span>Entre\u0301e en jeu lors de sa dernie\u0300re sortie avec Tottenham en championnat, Pape Matar Sarr avait fait bonnes impressions. Des pre\u0301mices d\u2019un lendemain meilleur avec les Spurs confirme\u0301es par Conte ce samedi.<\/p>\n<p>En effet l\u2019international se\u0301ne\u0301galais est titulaire contre Portsmouth pour la 32e de finale de l\u2019a FA Cup. Pape Matar, qui ne faisait pas partie des plans du manager de Tottenham, n\u2019avait joue\u0301 aucune minute avant la coupe du monde.<\/p>\n<p>Mais l\u2019ancien de Ge\u0301ne\u0301ration foot semble reprendre du poil de la be\u0302te. Apre\u0300s avoir participe\u0301 a\u0300 deux matchs de championnat, il est titulaire pour la premie\u0300re fois avec le club anglais.<\/p>\n<p><strong>Pour plus d&rsquo;informations et d&rsquo;analyses sur la <a href=\"https:\/\/www.africa-press.net\/senegal\">Senegal<\/a>, suivez <a href=\"https:\/\/www.africa-press.net\/\">Africa-Press<\/a><\/strong><\/p>\n","protected":false},"excerpt":{"rendered":"<p>Africa-Press &#8211; Senegal. Entre\u0301e en jeu lors de sa dernie\u0300re sortie avec Tottenham en championnat, Pape Matar Sarr avait fait bonnes impressions. Des pre\u0301mices d\u2019un lendemain meilleur avec les Spurs confirme\u0301es par Conte ce samedi. En effet l\u2019international se\u0301ne\u0301galais est titulaire contre Portsmouth pour la 32e de finale de l\u2019a FA Cup. Pape Matar, qui [&hellip;]<\/p>\n","protected":false},"author":82,"featured_media":37737,"comment_status":"open","ping_status":"closed","sticky":false,"template":"","format":"standard","meta":{"footnotes":""},"categories":[6,10],"tags":[43,47,44],"class_list":["post-37738","post","type-post","status-publish","format-standard","has-post-thumbnail","hentry","category-sports","category-toutes-les-actualites","tag-africa-press-2","tag-africa-press-senegal","tag-senegal-2"],"yoast_head":"<!-- This site is optimized with the Yoast SEO Premium plugin v26.1 (Yoast SEO v27.0) - https:\/\/yoast.com\/product\/yoast-seo-premium-wordpress\/ -->\n<title>FA Cup\/Tottenham: Pape Matar Sarr titulaire pour la premi\u00e8re fois contre Portsmouth - Senegal<\/title>\n<meta name=\"robots\" content=\"index, follow, max-snippet:-1, max-image-preview:large, max-video-preview:-1\" \/>\n<link rel=\"canonical\" href=\"https:\/\/www.africa-press.net\/senegal\/politique\/fa-cup-tottenham-pape-matar-sarr-titulaire-pour-la-premiere-fois-contre-portsmouth\" \/>\n<meta property=\"og:locale\" content=\"fr_FR\" \/>\n<meta property=\"og:type\" content=\"article\" \/>\n<meta property=\"og:title\" content=\"FA Cup\/Tottenham: Pape Matar Sarr titulaire pour la premi\u00e8re fois contre Portsmouth\" \/>\n<meta property=\"og:description\" content=\"Africa-Press &#8211; Senegal. Entre\u0301e en jeu lors de sa dernie\u0300re sortie avec Tottenham en championnat, Pape Matar Sarr avait fait bonnes impressions. Des pre\u0301mices d\u2019un lendemain meilleur avec les Spurs confirme\u0301es par Conte ce samedi. En effet l\u2019international se\u0301ne\u0301galais est titulaire contre Portsmouth pour la 32e de finale de l\u2019a FA Cup. Pape Matar, qui [&hellip;]\" \/>\n<meta property=\"og:url\" content=\"https:\/\/www.africa-press.net\/senegal\/politique\/fa-cup-tottenham-pape-matar-sarr-titulaire-pour-la-premiere-fois-contre-portsmouth\" \/>\n<meta property=\"og:site_name\" content=\"Senegal\" \/>\n<meta property=\"article:published_time\" content=\"2023-01-07T17:31:51+00:00\" \/>\n<meta name=\"author\" content=\"cfeditorfr\" \/>\n<meta name=\"twitter:card\" content=\"summary_large_image\" \/>\n<meta name=\"twitter:label1\" content=\"\u00c9crit par\" \/>\n\t<meta name=\"twitter:data1\" content=\"cfeditorfr\" \/>\n\t<meta name=\"twitter:label2\" content=\"Dur\u00e9e de lecture estim\u00e9e\" \/>\n\t<meta name=\"twitter:data2\" content=\"1 minute\" \/>\n<script type=\"application\/ld+json\" class=\"yoast-schema-graph\">{\"@context\":\"https:\/\/schema.org\",\"@graph\":[{\"@type\":\"Article\",\"@id\":\"https:\/\/www.africa-press.net\/senegal\/politique\/fa-cup-tottenham-pape-matar-sarr-titulaire-pour-la-premiere-fois-contre-portsmouth#article\",\"isPartOf\":{\"@id\":\"https:\/\/www.africa-press.net\/senegal\/politique\/fa-cup-tottenham-pape-matar-sarr-titulaire-pour-la-premiere-fois-contre-portsmouth\"},\"author\":{\"name\":\"cfeditorfr\",\"@id\":\"https:\/\/www.africa-press.net\/senegal\/#\/schema\/person\/2b1cf3cd81a31e3cd26889ca66d677f1\"},\"headline\":\"FA Cup\/Tottenham: Pape Matar Sarr titulaire pour la premi\u00e8re fois contre Portsmouth\",\"datePublished\":\"2023-01-07T17:31:51+00:00\",\"mainEntityOfPage\":{\"@id\":\"https:\/\/www.africa-press.net\/senegal\/politique\/fa-cup-tottenham-pape-matar-sarr-titulaire-pour-la-premiere-fois-contre-portsmouth\"},\"wordCount\":147,\"commentCount\":0,\"image\":{\"@id\":\"https:\/\/www.africa-press.net\/senegal\/politique\/fa-cup-tottenham-pape-matar-sarr-titulaire-pour-la-premiere-fois-contre-portsmouth#primaryimage\"},\"thumbnailUrl\":\"https:\/\/static.africa-press.net\/senegal\/sites\/13\/2023\/01\/postQueueImg_1673100136.54.jpg\",\"keywords\":[\"Africa Press\",\"Africa Press-Senegal\",\"Senegal\"],\"articleSection\":[\"Sports\",\"Toutes les actualit\u00e9s\"],\"inLanguage\":\"fr-FR\",\"potentialAction\":[{\"@type\":\"CommentAction\",\"name\":\"Comment\",\"target\":[\"https:\/\/www.africa-press.net\/senegal\/politique\/fa-cup-tottenham-pape-matar-sarr-titulaire-pour-la-premiere-fois-contre-portsmouth#respond\"]}]},{\"@type\":\"WebPage\",\"@id\":\"https:\/\/www.africa-press.net\/senegal\/politique\/fa-cup-tottenham-pape-matar-sarr-titulaire-pour-la-premiere-fois-contre-portsmouth\",\"url\":\"https:\/\/www.africa-press.net\/senegal\/politique\/fa-cup-tottenham-pape-matar-sarr-titulaire-pour-la-premiere-fois-contre-portsmouth\",\"name\":\"FA Cup\/Tottenham: Pape Matar Sarr titulaire pour la premi\u00e8re fois contre Portsmouth - Senegal\",\"isPartOf\":{\"@id\":\"https:\/\/www.africa-press.net\/senegal\/#website\"},\"primaryImageOfPage\":{\"@id\":\"https:\/\/www.africa-press.net\/senegal\/politique\/fa-cup-tottenham-pape-matar-sarr-titulaire-pour-la-premiere-fois-contre-portsmouth#primaryimage\"},\"image\":{\"@id\":\"https:\/\/www.africa-press.net\/senegal\/politique\/fa-cup-tottenham-pape-matar-sarr-titulaire-pour-la-premiere-fois-contre-portsmouth#primaryimage\"},\"thumbnailUrl\":\"https:\/\/static.africa-press.net\/senegal\/sites\/13\/2023\/01\/postQueueImg_1673100136.54.jpg\",\"datePublished\":\"2023-01-07T17:31:51+00:00\",\"author\":{\"@id\":\"https:\/\/www.africa-press.net\/senegal\/#\/schema\/person\/2b1cf3cd81a31e3cd26889ca66d677f1\"},\"breadcrumb\":{\"@id\":\"https:\/\/www.africa-press.net\/senegal\/politique\/fa-cup-tottenham-pape-matar-sarr-titulaire-pour-la-premiere-fois-contre-portsmouth#breadcrumb\"},\"inLanguage\":\"fr-FR\",\"potentialAction\":[{\"@type\":\"ReadAction\",\"target\":[\"https:\/\/www.africa-press.net\/senegal\/politique\/fa-cup-tottenham-pape-matar-sarr-titulaire-pour-la-premiere-fois-contre-portsmouth\"]}]},{\"@type\":\"ImageObject\",\"inLanguage\":\"fr-FR\",\"@id\":\"https:\/\/www.africa-press.net\/senegal\/politique\/fa-cup-tottenham-pape-matar-sarr-titulaire-pour-la-premiere-fois-contre-portsmouth#primaryimage\",\"url\":\"https:\/\/static.africa-press.net\/senegal\/sites\/13\/2023\/01\/postQueueImg_1673100136.54.jpg\",\"contentUrl\":\"https:\/\/static.africa-press.net\/senegal\/sites\/13\/2023\/01\/postQueueImg_1673100136.54.jpg\",\"width\":720,\"height\":350,\"caption\":\"FA Cup\/Tottenham: Pape Matar Sarr titulaire pour la premi\u00e8re fois contre Portsmouth\"},{\"@type\":\"BreadcrumbList\",\"@id\":\"https:\/\/www.africa-press.net\/senegal\/politique\/fa-cup-tottenham-pape-matar-sarr-titulaire-pour-la-premiere-fois-contre-portsmouth#breadcrumb\",\"itemListElement\":[{\"@type\":\"ListItem\",\"position\":1,\"name\":\"Accueil\",\"item\":\"https:\/\/www.africa-press.net\/senegal\/\"},{\"@type\":\"ListItem\",\"position\":2,\"name\":\"FA Cup\/Tottenham: Pape Matar Sarr titulaire pour la premi\u00e8re fois contre Portsmouth\"}]},{\"@type\":\"WebSite\",\"@id\":\"https:\/\/www.africa-press.net\/senegal\/#website\",\"url\":\"https:\/\/www.africa-press.net\/senegal\/\",\"name\":\"Africa Press | Senegal | Homepage\",\"description\":\"Just another Africa News Agency Sites site\",\"potentialAction\":[{\"@type\":\"SearchAction\",\"target\":{\"@type\":\"EntryPoint\",\"urlTemplate\":\"https:\/\/www.africa-press.net\/senegal\/?s={search_term_string}\"},\"query-input\":{\"@type\":\"PropertyValueSpecification\",\"valueRequired\":true,\"valueName\":\"search_term_string\"}}],\"inLanguage\":\"fr-FR\"},{\"@type\":\"Person\",\"@id\":\"https:\/\/www.africa-press.net\/senegal\/#\/schema\/person\/2b1cf3cd81a31e3cd26889ca66d677f1\",\"name\":\"cfeditorfr\",\"url\":\"https:\/\/www.africa-press.net\/senegal\/author\/cfeditorfr\"}]}<\/script>\n<!-- \/ Yoast SEO Premium plugin. -->","yoast_head_json":{"title":"FA Cup\/Tottenham: Pape Matar Sarr titulaire pour la premi\u00e8re fois contre Portsmouth - Senegal","robots":{"index":"index","follow":"follow","max-snippet":"max-snippet:-1","max-image-preview":"max-image-preview:large","max-video-preview":"max-video-preview:-1"},"canonical":"https:\/\/www.africa-press.net\/senegal\/politique\/fa-cup-tottenham-pape-matar-sarr-titulaire-pour-la-premiere-fois-contre-portsmouth","og_locale":"fr_FR","og_type":"article","og_title":"FA Cup\/Tottenham: Pape Matar Sarr titulaire pour la premi\u00e8re fois contre Portsmouth","og_description":"Africa-Press &#8211; Senegal. Entre\u0301e en jeu lors de sa dernie\u0300re sortie avec Tottenham en championnat, Pape Matar Sarr avait fait bonnes impressions. Des pre\u0301mices d\u2019un lendemain meilleur avec les Spurs confirme\u0301es par Conte ce samedi. En effet l\u2019international se\u0301ne\u0301galais est titulaire contre Portsmouth pour la 32e de finale de l\u2019a FA Cup. Pape Matar, qui [&hellip;]","og_url":"https:\/\/www.africa-press.net\/senegal\/politique\/fa-cup-tottenham-pape-matar-sarr-titulaire-pour-la-premiere-fois-contre-portsmouth","og_site_name":"Senegal","article_published_time":"2023-01-07T17:31:51+00:00","author":"cfeditorfr","twitter_card":"summary_large_image","twitter_misc":{"\u00c9crit par":"cfeditorfr","Dur\u00e9e de lecture estim\u00e9e":"1 minute"},"schema":{"@context":"https:\/\/schema.org","@graph":[{"@type":"Article","@id":"https:\/\/www.africa-press.net\/senegal\/politique\/fa-cup-tottenham-pape-matar-sarr-titulaire-pour-la-premiere-fois-contre-portsmouth#article","isPartOf":{"@id":"https:\/\/www.africa-press.net\/senegal\/politique\/fa-cup-tottenham-pape-matar-sarr-titulaire-pour-la-premiere-fois-contre-portsmouth"},"author":{"name":"cfeditorfr","@id":"https:\/\/www.africa-press.net\/senegal\/#\/schema\/person\/2b1cf3cd81a31e3cd26889ca66d677f1"},"headline":"FA Cup\/Tottenham: Pape Matar Sarr titulaire pour la premi\u00e8re fois contre Portsmouth","datePublished":"2023-01-07T17:31:51+00:00","mainEntityOfPage":{"@id":"https:\/\/www.africa-press.net\/senegal\/politique\/fa-cup-tottenham-pape-matar-sarr-titulaire-pour-la-premiere-fois-contre-portsmouth"},"wordCount":147,"commentCount":0,"image":{"@id":"https:\/\/www.africa-press.net\/senegal\/politique\/fa-cup-tottenham-pape-matar-sarr-titulaire-pour-la-premiere-fois-contre-portsmouth#primaryimage"},"thumbnailUrl":"https:\/\/static.africa-press.net\/senegal\/sites\/13\/2023\/01\/postQueueImg_1673100136.54.jpg","keywords":["Africa Press","Africa Press-Senegal","Senegal"],"articleSection":["Sports","Toutes les actualit\u00e9s"],"inLanguage":"fr-FR","potentialAction":[{"@type":"CommentAction","name":"Comment","target":["https:\/\/www.africa-press.net\/senegal\/politique\/fa-cup-tottenham-pape-matar-sarr-titulaire-pour-la-premiere-fois-contre-portsmouth#respond"]}]},{"@type":"WebPage","@id":"https:\/\/www.africa-press.net\/senegal\/politique\/fa-cup-tottenham-pape-matar-sarr-titulaire-pour-la-premiere-fois-contre-portsmouth","url":"https:\/\/www.africa-press.net\/senegal\/politique\/fa-cup-tottenham-pape-matar-sarr-titulaire-pour-la-premiere-fois-contre-portsmouth","name":"FA Cup\/Tottenham: Pape Matar Sarr titulaire pour la premi\u00e8re fois contre Portsmouth - Senegal","isPartOf":{"@id":"https:\/\/www.africa-press.net\/senegal\/#website"},"primaryImageOfPage":{"@id":"https:\/\/www.africa-press.net\/senegal\/politique\/fa-cup-tottenham-pape-matar-sarr-titulaire-pour-la-premiere-fois-contre-portsmouth#primaryimage"},"image":{"@id":"https:\/\/www.africa-press.net\/senegal\/politique\/fa-cup-tottenham-pape-matar-sarr-titulaire-pour-la-premiere-fois-contre-portsmouth#primaryimage"},"thumbnailUrl":"https:\/\/static.africa-press.net\/senegal\/sites\/13\/2023\/01\/postQueueImg_1673100136.54.jpg","datePublished":"2023-01-07T17:31:51+00:00","author":{"@id":"https:\/\/www.africa-press.net\/senegal\/#\/schema\/person\/2b1cf3cd81a31e3cd26889ca66d677f1"},"breadcrumb":{"@id":"https:\/\/www.africa-press.net\/senegal\/politique\/fa-cup-tottenham-pape-matar-sarr-titulaire-pour-la-premiere-fois-contre-portsmouth#breadcrumb"},"inLanguage":"fr-FR","potentialAction":[{"@type":"ReadAction","target":["https:\/\/www.africa-press.net\/senegal\/politique\/fa-cup-tottenham-pape-matar-sarr-titulaire-pour-la-premiere-fois-contre-portsmouth"]}]},{"@type":"ImageObject","inLanguage":"fr-FR","@id":"https:\/\/www.africa-press.net\/senegal\/politique\/fa-cup-tottenham-pape-matar-sarr-titulaire-pour-la-premiere-fois-contre-portsmouth#primaryimage","url":"https:\/\/static.africa-press.net\/senegal\/sites\/13\/2023\/01\/postQueueImg_1673100136.54.jpg","contentUrl":"https:\/\/static.africa-press.net\/senegal\/sites\/13\/2023\/01\/postQueueImg_1673100136.54.jpg","width":720,"height":350,"caption":"FA Cup\/Tottenham: Pape Matar Sarr titulaire pour la premi\u00e8re fois contre Portsmouth"},{"@type":"BreadcrumbList","@id":"https:\/\/www.africa-press.net\/senegal\/politique\/fa-cup-tottenham-pape-matar-sarr-titulaire-pour-la-premiere-fois-contre-portsmouth#breadcrumb","itemListElement":[{"@type":"ListItem","position":1,"name":"Accueil","item":"https:\/\/www.africa-press.net\/senegal\/"},{"@type":"ListItem","position":2,"name":"FA Cup\/Tottenham: Pape Matar Sarr titulaire pour la premi\u00e8re fois contre Portsmouth"}]},{"@type":"WebSite","@id":"https:\/\/www.africa-press.net\/senegal\/#website","url":"https:\/\/www.africa-press.net\/senegal\/","name":"Africa Press | Senegal | Homepage","description":"Just another Africa News Agency Sites site","potentialAction":[{"@type":"SearchAction","target":{"@type":"EntryPoint","urlTemplate":"https:\/\/www.africa-press.net\/senegal\/?s={search_term_string}"},"query-input":{"@type":"PropertyValueSpecification","valueRequired":true,"valueName":"search_term_string"}}],"inLanguage":"fr-FR"},{"@type":"Person","@id":"https:\/\/www.africa-press.net\/senegal\/#\/schema\/person\/2b1cf3cd81a31e3cd26889ca66d677f1","name":"cfeditorfr","url":"https:\/\/www.africa-press.net\/senegal\/author\/cfeditorfr"}]}},"_links":{"self":[{"href":"https:\/\/www.africa-press.net\/senegal\/wp-json\/wp\/v2\/posts\/37738","targetHints":{"allow":["GET"]}}],"collection":[{"href":"https:\/\/www.africa-press.net\/senegal\/wp-json\/wp\/v2\/posts"}],"about":[{"href":"https:\/\/www.africa-press.net\/senegal\/wp-json\/wp\/v2\/types\/post"}],"author":[{"embeddable":true,"href":"https:\/\/www.africa-press.net\/senegal\/wp-json\/wp\/v2\/users\/82"}],"replies":[{"embeddable":true,"href":"https:\/\/www.africa-press.net\/senegal\/wp-json\/wp\/v2\/comments?post=37738"}],"version-history":[{"count":0,"href":"https:\/\/www.africa-press.net\/senegal\/wp-json\/wp\/v2\/posts\/37738\/revisions"}],"wp:featuredmedia":[{"embeddable":true,"href":"https:\/\/www.africa-press.net\/senegal\/wp-json\/wp\/v2\/media\/37737"}],"wp:attachment":[{"href":"https:\/\/www.africa-press.net\/senegal\/wp-json\/wp\/v2\/media?parent=37738"}],"wp:term":[{"taxonomy":"category","embeddable":true,"href":"https:\/\/www.africa-press.net\/senegal\/wp-json\/wp\/v2\/categories?post=37738"},{"taxonomy":"post_tag","embeddable":true,"href":"https:\/\/www.africa-press.net\/senegal\/wp-json\/wp\/v2\/tags?post=37738"}],"curies":[{"name":"wp","href":"https:\/\/api.w.org\/{rel}","templated":true}]}}