{"id":37742,"date":"2023-01-07T17:38:17","date_gmt":"2023-01-07T17:38:17","guid":{"rendered":"https:\/\/www.africa-press.net\/senegal\/politique\/la-plateforme-macky-pour-2024-investit-son-candidat"},"modified":"2023-01-07T17:38:17","modified_gmt":"2023-01-07T17:38:17","slug":"la-plateforme-macky-pour-2024-investit-son-candidat","status":"publish","type":"post","link":"https:\/\/www.africa-press.net\/senegal\/politique\/la-plateforme-macky-pour-2024-investit-son-candidat","title":{"rendered":"La plateforme \u00ab\u00a0Macky Pour 2024\u00a0\u00bb investit son candidat"},"content":{"rendered":"<p><span style=\"color: #ff6600\"><strong>Africa-Press &#8211; Senegal. <\/strong><\/span><b>Les membres de la Plateforme \u00ab Macky Pour 2024 \u00bb compose\u0301s d\u2019anciens membres de la Cojer et de hauts Cadres du parti, a\u0300 travers des de\u0301le\u0301gations venant de toutes les contre\u0301es du Se\u0301ne\u0301gal, se sont retrouve\u0301s au Grand The\u0301a\u0302tre National.<\/b><\/p>\n<p>Ces retrouvailles fraternelles et politiques ont e\u0301te\u0301, pour eux, l\u2019occasion d\u2019e\u0301changer sur les grandes questions de l\u2019heure, celles a\u0300 la fois bru\u0302lantes et portant sur l\u2019avenir du Se\u0301ne\u0301gal.<\/p>\n<p>\u00ab Pour la Plateforme \u00bb Macky Pour 2024\u2032\u2032, le Se\u0301ne\u0301gal, notre pays, est a\u0300 un tournant de\u0301cisif de son Histoire.<\/p>\n<p>Engage\u0301 dans un exaltant processus d\u2019acce\u0300s a\u0300 l\u2019Emergence, notre pays fait face a\u0300 de multiples de\u0301fis et de pe\u0301rils, qui interpellent tous nos compatriotes \u00bb, lit-on dans leur re\u0301solution du jour.<\/p>\n<p>Ils ajoutent, par la voix de Madame The\u0301re\u0300se Faye Diouf : \u00ab aujourd\u2019hui, plus que jamais, la Re\u0301publique est pie\u0301tine\u0301e, les Citoyens agresse\u0301s et l\u2019Etat de Droit re\u0301gulie\u0300rement bafoue\u0301 par une clique national \u2013 populiste qui de\u0301vitalise la De\u0301mocratie et e\u0301rige la violence, tant verbal, physique que psychologique, comme mode exclusif de pre\u0301sence sur la sce\u0300ne publique et politique \u00bb.<\/p>\n<p>\u00ab Pour la Plateforme \u00ab Macky Pour 2024 \u00bb, les attaques permanentes et inacceptables contre nos Institutions, sont d\u2019autant plus dangereuses, qu\u2019elles se de\u0301roulent dans un contexte Sous \u2013 Re\u0301gional domine\u0301 par le \u00ab Terrorisme \u00bb dans ses multiples dimensions, les remises en cause re\u0301gulie\u0300res de l\u2019ordre constitutionnel aboutissant a\u0300 l\u2019usage de voies non-de\u0301mocratiques d\u2019acce\u0300s au pouvoir. Les e\u0301goi\u0308smes nationaux s\u2019affirment de plus en plus, les crises multiformes, sanitaires, e\u0301conomiques, e\u0301nerge\u0301tiques, voire militaires, se font jour et de\u0301structurent les relations internationales \u00bb, pre\u0301cise The\u0301re\u0300se Faye.<\/p>\n<p>La Plateforme \u00ab Macky Pour 2024 \u00bb estime que le Pre\u0301sident Macky SALL a de\u0301montre\u0301, a\u0300 la face du monde, qu\u2019il est un ba\u0302tisseur hors \u2013 pair, un re\u0301gulateur avise\u0301 et le re\u0301alisateur d\u2019un Se\u0301ne\u0301gal de Tous et Pour Tous.<\/p>\n<p><strong>Pour plus d&rsquo;informations et d&rsquo;analyses sur la <a href=\"https:\/\/www.africa-press.net\/senegal\">Senegal<\/a>, suivez <a href=\"https:\/\/www.africa-press.net\/\">Africa-Press<\/a><\/strong><\/p>\n","protected":false},"excerpt":{"rendered":"<p>Africa-Press &#8211; Senegal. Les membres de la Plateforme \u00ab Macky Pour 2024 \u00bb compose\u0301s d\u2019anciens membres de la Cojer et de hauts Cadres du parti, a\u0300 travers des de\u0301le\u0301gations venant de toutes les contre\u0301es du Se\u0301ne\u0301gal, se sont retrouve\u0301s au Grand The\u0301a\u0302tre National. Ces retrouvailles fraternelles et politiques ont e\u0301te\u0301, pour eux, l\u2019occasion d\u2019e\u0301changer sur [&hellip;]<\/p>\n","protected":false},"author":82,"featured_media":37741,"comment_status":"open","ping_status":"closed","sticky":false,"template":"","format":"standard","meta":{"footnotes":""},"categories":[2,10],"tags":[43,47,44],"class_list":["post-37742","post","type-post","status-publish","format-standard","has-post-thumbnail","hentry","category-politique","category-toutes-les-actualites","tag-africa-press-2","tag-africa-press-senegal","tag-senegal-2"],"yoast_head":"<!-- This site is optimized with the Yoast SEO Premium plugin v26.1 (Yoast SEO v27.0) - https:\/\/yoast.com\/product\/yoast-seo-premium-wordpress\/ -->\n<title>La plateforme \u00ab\u00a0Macky Pour 2024\u00a0\u00bb investit son candidat - Senegal<\/title>\n<meta name=\"robots\" content=\"index, follow, max-snippet:-1, max-image-preview:large, max-video-preview:-1\" \/>\n<link rel=\"canonical\" href=\"https:\/\/www.africa-press.net\/senegal\/politique\/la-plateforme-macky-pour-2024-investit-son-candidat\" \/>\n<meta property=\"og:locale\" content=\"fr_FR\" \/>\n<meta property=\"og:type\" content=\"article\" \/>\n<meta property=\"og:title\" content=\"La plateforme \u00ab\u00a0Macky Pour 2024\u00a0\u00bb investit son candidat\" \/>\n<meta property=\"og:description\" content=\"Africa-Press &#8211; Senegal. Les membres de la Plateforme \u00ab Macky Pour 2024 \u00bb compose\u0301s d\u2019anciens membres de la Cojer et de hauts Cadres du parti, a\u0300 travers des de\u0301le\u0301gations venant de toutes les contre\u0301es du Se\u0301ne\u0301gal, se sont retrouve\u0301s au Grand The\u0301a\u0302tre National. Ces retrouvailles fraternelles et politiques ont e\u0301te\u0301, pour eux, l\u2019occasion d\u2019e\u0301changer sur [&hellip;]\" \/>\n<meta property=\"og:url\" content=\"https:\/\/www.africa-press.net\/senegal\/politique\/la-plateforme-macky-pour-2024-investit-son-candidat\" \/>\n<meta property=\"og:site_name\" content=\"Senegal\" \/>\n<meta property=\"article:published_time\" content=\"2023-01-07T17:38:17+00:00\" \/>\n<meta name=\"author\" content=\"cfeditorfr\" \/>\n<meta name=\"twitter:card\" content=\"summary_large_image\" \/>\n<meta name=\"twitter:label1\" content=\"\u00c9crit par\" \/>\n\t<meta name=\"twitter:data1\" content=\"cfeditorfr\" \/>\n\t<meta name=\"twitter:label2\" content=\"Dur\u00e9e de lecture estim\u00e9e\" \/>\n\t<meta name=\"twitter:data2\" content=\"2 minutes\" \/>\n<script type=\"application\/ld+json\" class=\"yoast-schema-graph\">{\"@context\":\"https:\/\/schema.org\",\"@graph\":[{\"@type\":\"Article\",\"@id\":\"https:\/\/www.africa-press.net\/senegal\/politique\/la-plateforme-macky-pour-2024-investit-son-candidat#article\",\"isPartOf\":{\"@id\":\"https:\/\/www.africa-press.net\/senegal\/politique\/la-plateforme-macky-pour-2024-investit-son-candidat\"},\"author\":{\"name\":\"cfeditorfr\",\"@id\":\"https:\/\/www.africa-press.net\/senegal\/#\/schema\/person\/2b1cf3cd81a31e3cd26889ca66d677f1\"},\"headline\":\"La plateforme \u00ab\u00a0Macky Pour 2024\u00a0\u00bb investit son candidat\",\"datePublished\":\"2023-01-07T17:38:17+00:00\",\"mainEntityOfPage\":{\"@id\":\"https:\/\/www.africa-press.net\/senegal\/politique\/la-plateforme-macky-pour-2024-investit-son-candidat\"},\"wordCount\":376,\"commentCount\":0,\"image\":{\"@id\":\"https:\/\/www.africa-press.net\/senegal\/politique\/la-plateforme-macky-pour-2024-investit-son-candidat#primaryimage\"},\"thumbnailUrl\":\"https:\/\/static.africa-press.net\/senegal\/sites\/13\/2023\/01\/postQueueImg_1673100516.14.jpg\",\"keywords\":[\"Africa Press\",\"Africa Press-Senegal\",\"Senegal\"],\"articleSection\":[\"Politique\",\"Toutes les actualit\u00e9s\"],\"inLanguage\":\"fr-FR\",\"potentialAction\":[{\"@type\":\"CommentAction\",\"name\":\"Comment\",\"target\":[\"https:\/\/www.africa-press.net\/senegal\/politique\/la-plateforme-macky-pour-2024-investit-son-candidat#respond\"]}]},{\"@type\":\"WebPage\",\"@id\":\"https:\/\/www.africa-press.net\/senegal\/politique\/la-plateforme-macky-pour-2024-investit-son-candidat\",\"url\":\"https:\/\/www.africa-press.net\/senegal\/politique\/la-plateforme-macky-pour-2024-investit-son-candidat\",\"name\":\"La plateforme \u00ab\u00a0Macky Pour 2024\u00a0\u00bb investit son candidat - Senegal\",\"isPartOf\":{\"@id\":\"https:\/\/www.africa-press.net\/senegal\/#website\"},\"primaryImageOfPage\":{\"@id\":\"https:\/\/www.africa-press.net\/senegal\/politique\/la-plateforme-macky-pour-2024-investit-son-candidat#primaryimage\"},\"image\":{\"@id\":\"https:\/\/www.africa-press.net\/senegal\/politique\/la-plateforme-macky-pour-2024-investit-son-candidat#primaryimage\"},\"thumbnailUrl\":\"https:\/\/static.africa-press.net\/senegal\/sites\/13\/2023\/01\/postQueueImg_1673100516.14.jpg\",\"datePublished\":\"2023-01-07T17:38:17+00:00\",\"author\":{\"@id\":\"https:\/\/www.africa-press.net\/senegal\/#\/schema\/person\/2b1cf3cd81a31e3cd26889ca66d677f1\"},\"breadcrumb\":{\"@id\":\"https:\/\/www.africa-press.net\/senegal\/politique\/la-plateforme-macky-pour-2024-investit-son-candidat#breadcrumb\"},\"inLanguage\":\"fr-FR\",\"potentialAction\":[{\"@type\":\"ReadAction\",\"target\":[\"https:\/\/www.africa-press.net\/senegal\/politique\/la-plateforme-macky-pour-2024-investit-son-candidat\"]}]},{\"@type\":\"ImageObject\",\"inLanguage\":\"fr-FR\",\"@id\":\"https:\/\/www.africa-press.net\/senegal\/politique\/la-plateforme-macky-pour-2024-investit-son-candidat#primaryimage\",\"url\":\"https:\/\/static.africa-press.net\/senegal\/sites\/13\/2023\/01\/postQueueImg_1673100516.14.jpg\",\"contentUrl\":\"https:\/\/static.africa-press.net\/senegal\/sites\/13\/2023\/01\/postQueueImg_1673100516.14.jpg\",\"width\":1200,\"height\":675,\"caption\":\"La plateforme \u00ab\u00a0Macky Pour 2024\u00a0\u00bb investit son candidat\"},{\"@type\":\"BreadcrumbList\",\"@id\":\"https:\/\/www.africa-press.net\/senegal\/politique\/la-plateforme-macky-pour-2024-investit-son-candidat#breadcrumb\",\"itemListElement\":[{\"@type\":\"ListItem\",\"position\":1,\"name\":\"Accueil\",\"item\":\"https:\/\/www.africa-press.net\/senegal\/\"},{\"@type\":\"ListItem\",\"position\":2,\"name\":\"La plateforme \u00ab\u00a0Macky Pour 2024\u00a0\u00bb investit son candidat\"}]},{\"@type\":\"WebSite\",\"@id\":\"https:\/\/www.africa-press.net\/senegal\/#website\",\"url\":\"https:\/\/www.africa-press.net\/senegal\/\",\"name\":\"Africa Press | Senegal | Homepage\",\"description\":\"Just another Africa News Agency Sites site\",\"potentialAction\":[{\"@type\":\"SearchAction\",\"target\":{\"@type\":\"EntryPoint\",\"urlTemplate\":\"https:\/\/www.africa-press.net\/senegal\/?s={search_term_string}\"},\"query-input\":{\"@type\":\"PropertyValueSpecification\",\"valueRequired\":true,\"valueName\":\"search_term_string\"}}],\"inLanguage\":\"fr-FR\"},{\"@type\":\"Person\",\"@id\":\"https:\/\/www.africa-press.net\/senegal\/#\/schema\/person\/2b1cf3cd81a31e3cd26889ca66d677f1\",\"name\":\"cfeditorfr\",\"url\":\"https:\/\/www.africa-press.net\/senegal\/author\/cfeditorfr\"}]}<\/script>\n<!-- \/ Yoast SEO Premium plugin. -->","yoast_head_json":{"title":"La plateforme \u00ab\u00a0Macky Pour 2024\u00a0\u00bb investit son candidat - Senegal","robots":{"index":"index","follow":"follow","max-snippet":"max-snippet:-1","max-image-preview":"max-image-preview:large","max-video-preview":"max-video-preview:-1"},"canonical":"https:\/\/www.africa-press.net\/senegal\/politique\/la-plateforme-macky-pour-2024-investit-son-candidat","og_locale":"fr_FR","og_type":"article","og_title":"La plateforme \u00ab\u00a0Macky Pour 2024\u00a0\u00bb investit son candidat","og_description":"Africa-Press &#8211; Senegal. Les membres de la Plateforme \u00ab Macky Pour 2024 \u00bb compose\u0301s d\u2019anciens membres de la Cojer et de hauts Cadres du parti, a\u0300 travers des de\u0301le\u0301gations venant de toutes les contre\u0301es du Se\u0301ne\u0301gal, se sont retrouve\u0301s au Grand The\u0301a\u0302tre National. Ces retrouvailles fraternelles et politiques ont e\u0301te\u0301, pour eux, l\u2019occasion d\u2019e\u0301changer sur [&hellip;]","og_url":"https:\/\/www.africa-press.net\/senegal\/politique\/la-plateforme-macky-pour-2024-investit-son-candidat","og_site_name":"Senegal","article_published_time":"2023-01-07T17:38:17+00:00","author":"cfeditorfr","twitter_card":"summary_large_image","twitter_misc":{"\u00c9crit par":"cfeditorfr","Dur\u00e9e de lecture estim\u00e9e":"2 minutes"},"schema":{"@context":"https:\/\/schema.org","@graph":[{"@type":"Article","@id":"https:\/\/www.africa-press.net\/senegal\/politique\/la-plateforme-macky-pour-2024-investit-son-candidat#article","isPartOf":{"@id":"https:\/\/www.africa-press.net\/senegal\/politique\/la-plateforme-macky-pour-2024-investit-son-candidat"},"author":{"name":"cfeditorfr","@id":"https:\/\/www.africa-press.net\/senegal\/#\/schema\/person\/2b1cf3cd81a31e3cd26889ca66d677f1"},"headline":"La plateforme \u00ab\u00a0Macky Pour 2024\u00a0\u00bb investit son candidat","datePublished":"2023-01-07T17:38:17+00:00","mainEntityOfPage":{"@id":"https:\/\/www.africa-press.net\/senegal\/politique\/la-plateforme-macky-pour-2024-investit-son-candidat"},"wordCount":376,"commentCount":0,"image":{"@id":"https:\/\/www.africa-press.net\/senegal\/politique\/la-plateforme-macky-pour-2024-investit-son-candidat#primaryimage"},"thumbnailUrl":"https:\/\/static.africa-press.net\/senegal\/sites\/13\/2023\/01\/postQueueImg_1673100516.14.jpg","keywords":["Africa Press","Africa Press-Senegal","Senegal"],"articleSection":["Politique","Toutes les actualit\u00e9s"],"inLanguage":"fr-FR","potentialAction":[{"@type":"CommentAction","name":"Comment","target":["https:\/\/www.africa-press.net\/senegal\/politique\/la-plateforme-macky-pour-2024-investit-son-candidat#respond"]}]},{"@type":"WebPage","@id":"https:\/\/www.africa-press.net\/senegal\/politique\/la-plateforme-macky-pour-2024-investit-son-candidat","url":"https:\/\/www.africa-press.net\/senegal\/politique\/la-plateforme-macky-pour-2024-investit-son-candidat","name":"La plateforme \u00ab\u00a0Macky Pour 2024\u00a0\u00bb investit son candidat - Senegal","isPartOf":{"@id":"https:\/\/www.africa-press.net\/senegal\/#website"},"primaryImageOfPage":{"@id":"https:\/\/www.africa-press.net\/senegal\/politique\/la-plateforme-macky-pour-2024-investit-son-candidat#primaryimage"},"image":{"@id":"https:\/\/www.africa-press.net\/senegal\/politique\/la-plateforme-macky-pour-2024-investit-son-candidat#primaryimage"},"thumbnailUrl":"https:\/\/static.africa-press.net\/senegal\/sites\/13\/2023\/01\/postQueueImg_1673100516.14.jpg","datePublished":"2023-01-07T17:38:17+00:00","author":{"@id":"https:\/\/www.africa-press.net\/senegal\/#\/schema\/person\/2b1cf3cd81a31e3cd26889ca66d677f1"},"breadcrumb":{"@id":"https:\/\/www.africa-press.net\/senegal\/politique\/la-plateforme-macky-pour-2024-investit-son-candidat#breadcrumb"},"inLanguage":"fr-FR","potentialAction":[{"@type":"ReadAction","target":["https:\/\/www.africa-press.net\/senegal\/politique\/la-plateforme-macky-pour-2024-investit-son-candidat"]}]},{"@type":"ImageObject","inLanguage":"fr-FR","@id":"https:\/\/www.africa-press.net\/senegal\/politique\/la-plateforme-macky-pour-2024-investit-son-candidat#primaryimage","url":"https:\/\/static.africa-press.net\/senegal\/sites\/13\/2023\/01\/postQueueImg_1673100516.14.jpg","contentUrl":"https:\/\/static.africa-press.net\/senegal\/sites\/13\/2023\/01\/postQueueImg_1673100516.14.jpg","width":1200,"height":675,"caption":"La plateforme \u00ab\u00a0Macky Pour 2024\u00a0\u00bb investit son candidat"},{"@type":"BreadcrumbList","@id":"https:\/\/www.africa-press.net\/senegal\/politique\/la-plateforme-macky-pour-2024-investit-son-candidat#breadcrumb","itemListElement":[{"@type":"ListItem","position":1,"name":"Accueil","item":"https:\/\/www.africa-press.net\/senegal\/"},{"@type":"ListItem","position":2,"name":"La plateforme \u00ab\u00a0Macky Pour 2024\u00a0\u00bb investit son candidat"}]},{"@type":"WebSite","@id":"https:\/\/www.africa-press.net\/senegal\/#website","url":"https:\/\/www.africa-press.net\/senegal\/","name":"Africa Press | Senegal | Homepage","description":"Just another Africa News Agency Sites site","potentialAction":[{"@type":"SearchAction","target":{"@type":"EntryPoint","urlTemplate":"https:\/\/www.africa-press.net\/senegal\/?s={search_term_string}"},"query-input":{"@type":"PropertyValueSpecification","valueRequired":true,"valueName":"search_term_string"}}],"inLanguage":"fr-FR"},{"@type":"Person","@id":"https:\/\/www.africa-press.net\/senegal\/#\/schema\/person\/2b1cf3cd81a31e3cd26889ca66d677f1","name":"cfeditorfr","url":"https:\/\/www.africa-press.net\/senegal\/author\/cfeditorfr"}]}},"_links":{"self":[{"href":"https:\/\/www.africa-press.net\/senegal\/wp-json\/wp\/v2\/posts\/37742","targetHints":{"allow":["GET"]}}],"collection":[{"href":"https:\/\/www.africa-press.net\/senegal\/wp-json\/wp\/v2\/posts"}],"about":[{"href":"https:\/\/www.africa-press.net\/senegal\/wp-json\/wp\/v2\/types\/post"}],"author":[{"embeddable":true,"href":"https:\/\/www.africa-press.net\/senegal\/wp-json\/wp\/v2\/users\/82"}],"replies":[{"embeddable":true,"href":"https:\/\/www.africa-press.net\/senegal\/wp-json\/wp\/v2\/comments?post=37742"}],"version-history":[{"count":0,"href":"https:\/\/www.africa-press.net\/senegal\/wp-json\/wp\/v2\/posts\/37742\/revisions"}],"wp:featuredmedia":[{"embeddable":true,"href":"https:\/\/www.africa-press.net\/senegal\/wp-json\/wp\/v2\/media\/37741"}],"wp:attachment":[{"href":"https:\/\/www.africa-press.net\/senegal\/wp-json\/wp\/v2\/media?parent=37742"}],"wp:term":[{"taxonomy":"category","embeddable":true,"href":"https:\/\/www.africa-press.net\/senegal\/wp-json\/wp\/v2\/categories?post=37742"},{"taxonomy":"post_tag","embeddable":true,"href":"https:\/\/www.africa-press.net\/senegal\/wp-json\/wp\/v2\/tags?post=37742"}],"curies":[{"name":"wp","href":"https:\/\/api.w.org\/{rel}","templated":true}]}}