{"id":37746,"date":"2023-01-07T17:44:46","date_gmt":"2023-01-07T17:44:46","guid":{"rendered":"https:\/\/www.africa-press.net\/senegal\/politique\/3-eme-candidature-le-professeur-babacar-gueye-aneantit-lultime-espoir-des-partisans-de-macky-sall"},"modified":"2023-01-07T17:44:46","modified_gmt":"2023-01-07T17:44:46","slug":"3-eme-candidature-le-professeur-babacar-gueye-aneantit-lultime-espoir-des-partisans-de-macky-sall","status":"publish","type":"post","link":"https:\/\/www.africa-press.net\/senegal\/dossiers\/3-eme-candidature-le-professeur-babacar-gueye-aneantit-lultime-espoir-des-partisans-de-macky-sall","title":{"rendered":"\u00ab\u00a03 eme candidature : le Professeur Babacar GUEYE an\u00e9antit l\u2019ultime espoir des partisans de Macky SALL\u00a0\u00bb"},"content":{"rendered":"<p><b>Par Seybani SOUGOU<\/b><\/p>\n<p><span style=\"color: #ff6600\"><strong>Africa-Press &#8211; Senegal. <\/strong><\/span>La sortie de l\u2019e\u0301minent Professeur, Babacar GUEYE Agre\u0301ge\u0301 de Droit public, un des re\u0301dacteurs de la Constitution de 2001, portant sur l\u2019impossibilite\u0301 juridique absolue de Macky SALL de faire partie de la liste des candidats pour les e\u0301lections pre\u0301sidentielles de 2024 sonne comme un tremblement de terre, et constitue un ve\u0301ritable se\u0301isme a\u0300 l\u2019e\u0301chelle de \u00ab RITCHER \u00bb.<\/p>\n<p>En soulignant de manie\u0300re claire, nette et pre\u0301cise que Macky Sall est a\u0300 son deuxie\u0300me et dernier mandat et en pre\u0301cisant, afin que nul n\u2019en ignore, la porte\u0301e de la re\u0301vision constitutionnelle de 2016 qui concernait exclusivement la dure\u0301e du mandat et non la limitation des mandats totalement verrouille\u0301e par la Constitution de 2001 (le nombre de mandats conse\u0301cutifs ne saurait exce\u0301der 2, pour une me\u0302me personne) ; le Professeur Babacar GUEYE clo\u0302t de\u0301finitivement le de\u0301bat et porte l\u2019estocade finale aux \u00ab juristes e\u0301gare\u0301s \u00bb et aux esprits malfaisants du re\u0301gime qui s\u2019e\u0301panchent dans les me\u0301dias pour relayer une interpre\u0301tation fausse et totalement mensonge\u0300re de l\u2019avis du Conseil Constitutionnel du 12 fe\u0301vrier 2012 et de l\u2019article 27 de la Constitution (l\u2019e\u0301le\u0301ment de langage sur le quinquennat est ressasse\u0301).<\/p>\n<p>C\u2019est un fait juridique incontestable : dans son Avis- De\u0301cision n\u00b01\/C\/2016 du 12 fe\u0301vrier 2016 le Conseil Constitutionnel a de\u0301veloppe\u0301 et ba\u0302ti un argumentaire portant uniquement sur la dure\u0301e du mandat. Les Conside\u0301rants \u00ab 19, 20, 21, 22, 23, 24, 25, 26, 27, 28, 29, 30, 31, et 32 \u00bb sont inse\u0301re\u0301s dans un seul et unique titre n\u00b0 2.2 dont l\u2019intitule\u0301 est sans e\u0301quivoque \u00ab la dure\u0301e du mandat du Pre\u0301sident de la Re\u0301publique \u00bb Pour s\u2019en convaincre, il faut simplement se re\u0301fe\u0301rer au projet de re\u0301vision dont les termes de l\u2019article 6 ne souffrent d\u2019aucune ambigui\u0308te\u0301 et pre\u0301cisent qu\u2019il \u00ab a pour objet de donner une nouvelle re\u0301daction a\u0300 l\u2019article 27 de la Constitution qui fait passer la dure\u0301e du mandat du Pre\u0301sident de la Re\u0301publique de 7 a\u0300 5 ans \u00bb. C\u2019est clair comme l\u2019eau de roche : la re\u0301forme de 2016 ne porte que sur la dure\u0301e du mandat.<\/p>\n<p>En d\u2019autres termes, pour e\u0302tre extre\u0302mement pre\u0301cis, le Conseil Constitutionnel dit (cf Conside\u0301rant 30) que le mandat confe\u0301re\u0301 a\u0300 Macky SALL au moment de son e\u0301lection en 2012, qui est de 7 ans est hors de porte\u0301e de la loi nouvelle qui fait passer la dure\u0301e du mandat de 7 a\u0300 5 ans. La loi nouvelle portant sur la dure\u0301e du mandat ; le Conside\u0301rant 30 est relie\u0301 a\u0300 un seul et unique bloc (titre 2.2 qui traite de la dure\u0301e du mandat). Ce bloc de\u0301bute a\u0300 partir du Conside\u0301rant 19 et se termine avec le Conside\u0301rant 32. Ici, on ne traite que la dure\u0301e du mandat (tout est relie\u0301 a\u0300 la dure\u0301e).<\/p>\n<p>Lors du symposium qui s\u2019est tenu re\u0301cemment a\u0300 Dakar, relatif au de\u0301bat de la 3 e\u0301me candidature, la quasi-totalite\u0301 des juristes (sauf un e\u0301gare\u0301), avec une de\u0301monstration juridique imparable ont prouve\u0301 l\u2019impossibilite\u0301 pour Macky SALL d\u2019e\u0302tre candidat en 2024. L\u2019ex Ministre de la Justice, Maitre Doudou N\u2019DOYE a rappele\u0301 avec justesse et brio qu\u2019une telle question de ne pose pas en France. Tout le monde le sait, le Pre\u0301sident Franc\u0327ais, Emmanuel MACRON ne sera pas candidat aux pre\u0301sidentielles de 2027, que son bilan soit e\u0301logieux ou pas, que son parti (renaissance) ait 10 millions d\u2019adhe\u0301rents ou pas \u00ab nul ne peut exercer plus de deux mandats conse\u0301cutifs -Article 6 de la Constitution franc\u0327aise \u00bb.<\/p>\n<p>La question est juridique ; c\u2019est une question de droit. Il n\u2019y a que dans un pays de\u0301re\u0301gle\u0301 comme le Se\u0301ne\u0301gal ou\u0300 un irresponsable et un bouffon de la trempe d\u2019Ismae\u0308la Madior FALL en arrive a\u0300 proclamer (sans que cela e\u0301meuve outre mesure) que la vente de 2 millions de cartes est le crite\u0300re qui conditionnera la candidature de Macky SALL. Dans une de\u0301mocratie normale, sa photo serait a\u0300 la une des journaux avec le titre suivant : \u00ab Ismae\u0308la Madior Fall, le salaud de la Re\u0301publique \u00bb.<\/p>\n<p>Conclusion : Macky Sall ne peut en aucun cas e\u0302tre candidat aux pre\u0301sidentielles de 2024. La question n\u2019est ni morale, encore moins politique. L\u2019impossibilite\u0301 rele\u0300ve du droit (d\u2019ordre juridique).<\/p>\n<p><strong>Pour plus d&rsquo;informations et d&rsquo;analyses sur la <a href=\"https:\/\/www.africa-press.net\/senegal\">Senegal<\/a>, suivez <a href=\"https:\/\/www.africa-press.net\/\">Africa-Press<\/a><\/strong><\/p>\n","protected":false},"excerpt":{"rendered":"<p>Par Seybani SOUGOU Africa-Press &#8211; Senegal. La sortie de l\u2019e\u0301minent Professeur, Babacar GUEYE Agre\u0301ge\u0301 de Droit public, un des re\u0301dacteurs de la Constitution de 2001, portant sur l\u2019impossibilite\u0301 juridique absolue de Macky SALL de faire partie de la liste des candidats pour les e\u0301lections pre\u0301sidentielles de 2024 sonne comme un tremblement de terre, et constitue [&hellip;]<\/p>\n","protected":false},"author":82,"featured_media":37745,"comment_status":"open","ping_status":"closed","sticky":false,"template":"","format":"standard","meta":{"footnotes":""},"categories":[7,10],"tags":[43,47,44],"class_list":["post-37746","post","type-post","status-publish","format-standard","has-post-thumbnail","hentry","category-dossiers","category-toutes-les-actualites","tag-africa-press-2","tag-africa-press-senegal","tag-senegal-2"],"yoast_head":"<!-- This site is optimized with the Yoast SEO Premium plugin v26.1 (Yoast SEO v27.0) - https:\/\/yoast.com\/product\/yoast-seo-premium-wordpress\/ -->\n<title>\u00ab\u00a03 eme candidature : le Professeur Babacar GUEYE an\u00e9antit l\u2019ultime espoir des partisans de Macky SALL\u00a0\u00bb - Senegal<\/title>\n<meta name=\"robots\" content=\"index, follow, max-snippet:-1, max-image-preview:large, max-video-preview:-1\" \/>\n<link rel=\"canonical\" href=\"https:\/\/www.africa-press.net\/senegal\/politique\/3-eme-candidature-le-professeur-babacar-gueye-aneantit-lultime-espoir-des-partisans-de-macky-sall\" \/>\n<meta property=\"og:locale\" content=\"fr_FR\" \/>\n<meta property=\"og:type\" content=\"article\" \/>\n<meta property=\"og:title\" content=\"\u00ab\u00a03 eme candidature : le Professeur Babacar GUEYE an\u00e9antit l\u2019ultime espoir des partisans de Macky SALL\u00a0\u00bb\" \/>\n<meta property=\"og:description\" content=\"Par Seybani SOUGOU Africa-Press &#8211; Senegal. La sortie de l\u2019e\u0301minent Professeur, Babacar GUEYE Agre\u0301ge\u0301 de Droit public, un des re\u0301dacteurs de la Constitution de 2001, portant sur l\u2019impossibilite\u0301 juridique absolue de Macky SALL de faire partie de la liste des candidats pour les e\u0301lections pre\u0301sidentielles de 2024 sonne comme un tremblement de terre, et constitue [&hellip;]\" \/>\n<meta property=\"og:url\" content=\"https:\/\/www.africa-press.net\/senegal\/politique\/3-eme-candidature-le-professeur-babacar-gueye-aneantit-lultime-espoir-des-partisans-de-macky-sall\" \/>\n<meta property=\"og:site_name\" content=\"Senegal\" \/>\n<meta property=\"article:published_time\" content=\"2023-01-07T17:44:46+00:00\" \/>\n<meta name=\"author\" content=\"cfeditorfr\" \/>\n<meta name=\"twitter:card\" content=\"summary_large_image\" \/>\n<meta name=\"twitter:label1\" content=\"\u00c9crit par\" \/>\n\t<meta name=\"twitter:data1\" content=\"cfeditorfr\" \/>\n\t<meta name=\"twitter:label2\" content=\"Dur\u00e9e de lecture estim\u00e9e\" \/>\n\t<meta name=\"twitter:data2\" content=\"4 minutes\" \/>\n<script type=\"application\/ld+json\" class=\"yoast-schema-graph\">{\"@context\":\"https:\/\/schema.org\",\"@graph\":[{\"@type\":\"Article\",\"@id\":\"https:\/\/www.africa-press.net\/senegal\/politique\/3-eme-candidature-le-professeur-babacar-gueye-aneantit-lultime-espoir-des-partisans-de-macky-sall#article\",\"isPartOf\":{\"@id\":\"https:\/\/www.africa-press.net\/senegal\/politique\/3-eme-candidature-le-professeur-babacar-gueye-aneantit-lultime-espoir-des-partisans-de-macky-sall\"},\"author\":{\"name\":\"cfeditorfr\",\"@id\":\"https:\/\/www.africa-press.net\/senegal\/#\/schema\/person\/2b1cf3cd81a31e3cd26889ca66d677f1\"},\"headline\":\"\u00ab\u00a03 eme candidature : le Professeur Babacar GUEYE an\u00e9antit l\u2019ultime espoir des partisans de Macky SALL\u00a0\u00bb\",\"datePublished\":\"2023-01-07T17:44:46+00:00\",\"mainEntityOfPage\":{\"@id\":\"https:\/\/www.africa-press.net\/senegal\/politique\/3-eme-candidature-le-professeur-babacar-gueye-aneantit-lultime-espoir-des-partisans-de-macky-sall\"},\"wordCount\":780,\"commentCount\":0,\"image\":{\"@id\":\"https:\/\/www.africa-press.net\/senegal\/politique\/3-eme-candidature-le-professeur-babacar-gueye-aneantit-lultime-espoir-des-partisans-de-macky-sall#primaryimage\"},\"thumbnailUrl\":\"https:\/\/static.africa-press.net\/senegal\/sites\/13\/2023\/01\/postQueueImg_1673100995.30.jpg\",\"keywords\":[\"Africa Press\",\"Africa Press-Senegal\",\"Senegal\"],\"articleSection\":[\"Dossiers\",\"Toutes les actualit\u00e9s\"],\"inLanguage\":\"fr-FR\",\"potentialAction\":[{\"@type\":\"CommentAction\",\"name\":\"Comment\",\"target\":[\"https:\/\/www.africa-press.net\/senegal\/politique\/3-eme-candidature-le-professeur-babacar-gueye-aneantit-lultime-espoir-des-partisans-de-macky-sall#respond\"]}]},{\"@type\":\"WebPage\",\"@id\":\"https:\/\/www.africa-press.net\/senegal\/politique\/3-eme-candidature-le-professeur-babacar-gueye-aneantit-lultime-espoir-des-partisans-de-macky-sall\",\"url\":\"https:\/\/www.africa-press.net\/senegal\/politique\/3-eme-candidature-le-professeur-babacar-gueye-aneantit-lultime-espoir-des-partisans-de-macky-sall\",\"name\":\"\u00ab\u00a03 eme candidature : le Professeur Babacar GUEYE an\u00e9antit l\u2019ultime espoir des partisans de Macky SALL\u00a0\u00bb - Senegal\",\"isPartOf\":{\"@id\":\"https:\/\/www.africa-press.net\/senegal\/#website\"},\"primaryImageOfPage\":{\"@id\":\"https:\/\/www.africa-press.net\/senegal\/politique\/3-eme-candidature-le-professeur-babacar-gueye-aneantit-lultime-espoir-des-partisans-de-macky-sall#primaryimage\"},\"image\":{\"@id\":\"https:\/\/www.africa-press.net\/senegal\/politique\/3-eme-candidature-le-professeur-babacar-gueye-aneantit-lultime-espoir-des-partisans-de-macky-sall#primaryimage\"},\"thumbnailUrl\":\"https:\/\/static.africa-press.net\/senegal\/sites\/13\/2023\/01\/postQueueImg_1673100995.30.jpg\",\"datePublished\":\"2023-01-07T17:44:46+00:00\",\"author\":{\"@id\":\"https:\/\/www.africa-press.net\/senegal\/#\/schema\/person\/2b1cf3cd81a31e3cd26889ca66d677f1\"},\"breadcrumb\":{\"@id\":\"https:\/\/www.africa-press.net\/senegal\/politique\/3-eme-candidature-le-professeur-babacar-gueye-aneantit-lultime-espoir-des-partisans-de-macky-sall#breadcrumb\"},\"inLanguage\":\"fr-FR\",\"potentialAction\":[{\"@type\":\"ReadAction\",\"target\":[\"https:\/\/www.africa-press.net\/senegal\/politique\/3-eme-candidature-le-professeur-babacar-gueye-aneantit-lultime-espoir-des-partisans-de-macky-sall\"]}]},{\"@type\":\"ImageObject\",\"inLanguage\":\"fr-FR\",\"@id\":\"https:\/\/www.africa-press.net\/senegal\/politique\/3-eme-candidature-le-professeur-babacar-gueye-aneantit-lultime-espoir-des-partisans-de-macky-sall#primaryimage\",\"url\":\"https:\/\/static.africa-press.net\/senegal\/sites\/13\/2023\/01\/postQueueImg_1673100995.30.jpg\",\"contentUrl\":\"https:\/\/static.africa-press.net\/senegal\/sites\/13\/2023\/01\/postQueueImg_1673100995.30.jpg\",\"width\":1200,\"height\":724,\"caption\":\"\u00ab\u00a03 eme candidature : le Professeur Babacar GUEYE an\u00e9antit l\u2019ultime espoir des partisans de Macky SALL\u00a0\u00bb\"},{\"@type\":\"BreadcrumbList\",\"@id\":\"https:\/\/www.africa-press.net\/senegal\/politique\/3-eme-candidature-le-professeur-babacar-gueye-aneantit-lultime-espoir-des-partisans-de-macky-sall#breadcrumb\",\"itemListElement\":[{\"@type\":\"ListItem\",\"position\":1,\"name\":\"Accueil\",\"item\":\"https:\/\/www.africa-press.net\/senegal\/\"},{\"@type\":\"ListItem\",\"position\":2,\"name\":\"\u00ab\u00a03 eme candidature : le Professeur Babacar GUEYE an\u00e9antit l\u2019ultime espoir des partisans de Macky SALL\u00a0\u00bb\"}]},{\"@type\":\"WebSite\",\"@id\":\"https:\/\/www.africa-press.net\/senegal\/#website\",\"url\":\"https:\/\/www.africa-press.net\/senegal\/\",\"name\":\"Africa Press | Senegal | Homepage\",\"description\":\"Just another Africa News Agency Sites site\",\"potentialAction\":[{\"@type\":\"SearchAction\",\"target\":{\"@type\":\"EntryPoint\",\"urlTemplate\":\"https:\/\/www.africa-press.net\/senegal\/?s={search_term_string}\"},\"query-input\":{\"@type\":\"PropertyValueSpecification\",\"valueRequired\":true,\"valueName\":\"search_term_string\"}}],\"inLanguage\":\"fr-FR\"},{\"@type\":\"Person\",\"@id\":\"https:\/\/www.africa-press.net\/senegal\/#\/schema\/person\/2b1cf3cd81a31e3cd26889ca66d677f1\",\"name\":\"cfeditorfr\",\"url\":\"https:\/\/www.africa-press.net\/senegal\/author\/cfeditorfr\"}]}<\/script>\n<!-- \/ Yoast SEO Premium plugin. -->","yoast_head_json":{"title":"\u00ab\u00a03 eme candidature : le Professeur Babacar GUEYE an\u00e9antit l\u2019ultime espoir des partisans de Macky SALL\u00a0\u00bb - Senegal","robots":{"index":"index","follow":"follow","max-snippet":"max-snippet:-1","max-image-preview":"max-image-preview:large","max-video-preview":"max-video-preview:-1"},"canonical":"https:\/\/www.africa-press.net\/senegal\/politique\/3-eme-candidature-le-professeur-babacar-gueye-aneantit-lultime-espoir-des-partisans-de-macky-sall","og_locale":"fr_FR","og_type":"article","og_title":"\u00ab\u00a03 eme candidature : le Professeur Babacar GUEYE an\u00e9antit l\u2019ultime espoir des partisans de Macky SALL\u00a0\u00bb","og_description":"Par Seybani SOUGOU Africa-Press &#8211; Senegal. La sortie de l\u2019e\u0301minent Professeur, Babacar GUEYE Agre\u0301ge\u0301 de Droit public, un des re\u0301dacteurs de la Constitution de 2001, portant sur l\u2019impossibilite\u0301 juridique absolue de Macky SALL de faire partie de la liste des candidats pour les e\u0301lections pre\u0301sidentielles de 2024 sonne comme un tremblement de terre, et constitue [&hellip;]","og_url":"https:\/\/www.africa-press.net\/senegal\/politique\/3-eme-candidature-le-professeur-babacar-gueye-aneantit-lultime-espoir-des-partisans-de-macky-sall","og_site_name":"Senegal","article_published_time":"2023-01-07T17:44:46+00:00","author":"cfeditorfr","twitter_card":"summary_large_image","twitter_misc":{"\u00c9crit par":"cfeditorfr","Dur\u00e9e de lecture estim\u00e9e":"4 minutes"},"schema":{"@context":"https:\/\/schema.org","@graph":[{"@type":"Article","@id":"https:\/\/www.africa-press.net\/senegal\/politique\/3-eme-candidature-le-professeur-babacar-gueye-aneantit-lultime-espoir-des-partisans-de-macky-sall#article","isPartOf":{"@id":"https:\/\/www.africa-press.net\/senegal\/politique\/3-eme-candidature-le-professeur-babacar-gueye-aneantit-lultime-espoir-des-partisans-de-macky-sall"},"author":{"name":"cfeditorfr","@id":"https:\/\/www.africa-press.net\/senegal\/#\/schema\/person\/2b1cf3cd81a31e3cd26889ca66d677f1"},"headline":"\u00ab\u00a03 eme candidature : le Professeur Babacar GUEYE an\u00e9antit l\u2019ultime espoir des partisans de Macky SALL\u00a0\u00bb","datePublished":"2023-01-07T17:44:46+00:00","mainEntityOfPage":{"@id":"https:\/\/www.africa-press.net\/senegal\/politique\/3-eme-candidature-le-professeur-babacar-gueye-aneantit-lultime-espoir-des-partisans-de-macky-sall"},"wordCount":780,"commentCount":0,"image":{"@id":"https:\/\/www.africa-press.net\/senegal\/politique\/3-eme-candidature-le-professeur-babacar-gueye-aneantit-lultime-espoir-des-partisans-de-macky-sall#primaryimage"},"thumbnailUrl":"https:\/\/static.africa-press.net\/senegal\/sites\/13\/2023\/01\/postQueueImg_1673100995.30.jpg","keywords":["Africa Press","Africa Press-Senegal","Senegal"],"articleSection":["Dossiers","Toutes les actualit\u00e9s"],"inLanguage":"fr-FR","potentialAction":[{"@type":"CommentAction","name":"Comment","target":["https:\/\/www.africa-press.net\/senegal\/politique\/3-eme-candidature-le-professeur-babacar-gueye-aneantit-lultime-espoir-des-partisans-de-macky-sall#respond"]}]},{"@type":"WebPage","@id":"https:\/\/www.africa-press.net\/senegal\/politique\/3-eme-candidature-le-professeur-babacar-gueye-aneantit-lultime-espoir-des-partisans-de-macky-sall","url":"https:\/\/www.africa-press.net\/senegal\/politique\/3-eme-candidature-le-professeur-babacar-gueye-aneantit-lultime-espoir-des-partisans-de-macky-sall","name":"\u00ab\u00a03 eme candidature : le Professeur Babacar GUEYE an\u00e9antit l\u2019ultime espoir des partisans de Macky SALL\u00a0\u00bb - Senegal","isPartOf":{"@id":"https:\/\/www.africa-press.net\/senegal\/#website"},"primaryImageOfPage":{"@id":"https:\/\/www.africa-press.net\/senegal\/politique\/3-eme-candidature-le-professeur-babacar-gueye-aneantit-lultime-espoir-des-partisans-de-macky-sall#primaryimage"},"image":{"@id":"https:\/\/www.africa-press.net\/senegal\/politique\/3-eme-candidature-le-professeur-babacar-gueye-aneantit-lultime-espoir-des-partisans-de-macky-sall#primaryimage"},"thumbnailUrl":"https:\/\/static.africa-press.net\/senegal\/sites\/13\/2023\/01\/postQueueImg_1673100995.30.jpg","datePublished":"2023-01-07T17:44:46+00:00","author":{"@id":"https:\/\/www.africa-press.net\/senegal\/#\/schema\/person\/2b1cf3cd81a31e3cd26889ca66d677f1"},"breadcrumb":{"@id":"https:\/\/www.africa-press.net\/senegal\/politique\/3-eme-candidature-le-professeur-babacar-gueye-aneantit-lultime-espoir-des-partisans-de-macky-sall#breadcrumb"},"inLanguage":"fr-FR","potentialAction":[{"@type":"ReadAction","target":["https:\/\/www.africa-press.net\/senegal\/politique\/3-eme-candidature-le-professeur-babacar-gueye-aneantit-lultime-espoir-des-partisans-de-macky-sall"]}]},{"@type":"ImageObject","inLanguage":"fr-FR","@id":"https:\/\/www.africa-press.net\/senegal\/politique\/3-eme-candidature-le-professeur-babacar-gueye-aneantit-lultime-espoir-des-partisans-de-macky-sall#primaryimage","url":"https:\/\/static.africa-press.net\/senegal\/sites\/13\/2023\/01\/postQueueImg_1673100995.30.jpg","contentUrl":"https:\/\/static.africa-press.net\/senegal\/sites\/13\/2023\/01\/postQueueImg_1673100995.30.jpg","width":1200,"height":724,"caption":"\u00ab\u00a03 eme candidature : le Professeur Babacar GUEYE an\u00e9antit l\u2019ultime espoir des partisans de Macky SALL\u00a0\u00bb"},{"@type":"BreadcrumbList","@id":"https:\/\/www.africa-press.net\/senegal\/politique\/3-eme-candidature-le-professeur-babacar-gueye-aneantit-lultime-espoir-des-partisans-de-macky-sall#breadcrumb","itemListElement":[{"@type":"ListItem","position":1,"name":"Accueil","item":"https:\/\/www.africa-press.net\/senegal\/"},{"@type":"ListItem","position":2,"name":"\u00ab\u00a03 eme candidature : le Professeur Babacar GUEYE an\u00e9antit l\u2019ultime espoir des partisans de Macky SALL\u00a0\u00bb"}]},{"@type":"WebSite","@id":"https:\/\/www.africa-press.net\/senegal\/#website","url":"https:\/\/www.africa-press.net\/senegal\/","name":"Africa Press | Senegal | Homepage","description":"Just another Africa News Agency Sites site","potentialAction":[{"@type":"SearchAction","target":{"@type":"EntryPoint","urlTemplate":"https:\/\/www.africa-press.net\/senegal\/?s={search_term_string}"},"query-input":{"@type":"PropertyValueSpecification","valueRequired":true,"valueName":"search_term_string"}}],"inLanguage":"fr-FR"},{"@type":"Person","@id":"https:\/\/www.africa-press.net\/senegal\/#\/schema\/person\/2b1cf3cd81a31e3cd26889ca66d677f1","name":"cfeditorfr","url":"https:\/\/www.africa-press.net\/senegal\/author\/cfeditorfr"}]}},"_links":{"self":[{"href":"https:\/\/www.africa-press.net\/senegal\/wp-json\/wp\/v2\/posts\/37746","targetHints":{"allow":["GET"]}}],"collection":[{"href":"https:\/\/www.africa-press.net\/senegal\/wp-json\/wp\/v2\/posts"}],"about":[{"href":"https:\/\/www.africa-press.net\/senegal\/wp-json\/wp\/v2\/types\/post"}],"author":[{"embeddable":true,"href":"https:\/\/www.africa-press.net\/senegal\/wp-json\/wp\/v2\/users\/82"}],"replies":[{"embeddable":true,"href":"https:\/\/www.africa-press.net\/senegal\/wp-json\/wp\/v2\/comments?post=37746"}],"version-history":[{"count":0,"href":"https:\/\/www.africa-press.net\/senegal\/wp-json\/wp\/v2\/posts\/37746\/revisions"}],"wp:featuredmedia":[{"embeddable":true,"href":"https:\/\/www.africa-press.net\/senegal\/wp-json\/wp\/v2\/media\/37745"}],"wp:attachment":[{"href":"https:\/\/www.africa-press.net\/senegal\/wp-json\/wp\/v2\/media?parent=37746"}],"wp:term":[{"taxonomy":"category","embeddable":true,"href":"https:\/\/www.africa-press.net\/senegal\/wp-json\/wp\/v2\/categories?post=37746"},{"taxonomy":"post_tag","embeddable":true,"href":"https:\/\/www.africa-press.net\/senegal\/wp-json\/wp\/v2\/tags?post=37746"}],"curies":[{"name":"wp","href":"https:\/\/api.w.org\/{rel}","templated":true}]}}