{"id":37752,"date":"2023-01-07T17:55:18","date_gmt":"2023-01-07T17:55:18","guid":{"rendered":"https:\/\/www.africa-press.net\/senegal\/politique\/3e-candidature-de-macky-sall-a-quels-juristes-se-vouer"},"modified":"2023-01-07T17:55:18","modified_gmt":"2023-01-07T17:55:18","slug":"3e-candidature-de-macky-sall-a-quels-juristes-se-vouer","status":"publish","type":"post","link":"https:\/\/www.africa-press.net\/senegal\/dossiers\/3e-candidature-de-macky-sall-a-quels-juristes-se-vouer","title":{"rendered":"3e candidature de Macky Sall : A quels juristes se vouer ?\u00a0\u00bb"},"content":{"rendered":"<p><b>ParKhalil Kamara<\/b><\/p>\n<p><span style=\"color: #ff6600\"><strong>Africa-Press &#8211; Senegal. <\/strong><\/span>Le de\u0301bat sur la troisie\u0300me candidature du Pre\u0301sident Macky Sall continue de faire rage a\u0300 un an de l\u2019e\u0301lection pre\u0301sidentielle de 2024.<\/p>\n<p>Les avis sont partage\u0301s sur la possibilite\u0301 ou non pour le Pre\u0301sident Macky SALL de briguer une troisie\u0300me candidature.<\/p>\n<p>Quoi de plus normal dans un pays de\u0301mocratique ou\u0300 le \u00ab wa\u0300x sa xalaat \u00bb est de rigueur dans tous les sujets qui font l\u2019actualite\u0301 ?<\/p>\n<p>Tout citoyen, surtout les novices du droit, comme nous autres, peut e\u0301mettre un avis me\u0302me non motive\u0301 sur telle ou telle question.<\/p>\n<p>Mais ceci ne saurait e\u0302tre permis aux tenants de la doctrine, nos juristes et constitutionnalistes qui, en tous lieux et en toutes circonstances, doivent e\u0301clairer la lanterne du commun des Se\u0301ne\u0301galais sur les questions d\u2019ordre juridique ou constitutionnel.<\/p>\n<p><b>Ce n\u2019est malheureusement pas le cas.<\/b><\/p>\n<p>Comment comprendre les attitudes du professeur de droit constitutionnel Babacar Gue\u0300ye et de mai\u0302tre Doudou Ndoye, avocat de renomme\u0301e qui a me\u0302me e\u0301te\u0301 ministre de la justice sous le re\u0301gime du Pre\u0301sident Abdou Diouf ?<\/p>\n<p>Invite\u0301 au Grand Jury du 8 octobre 2017, le professeur Babacar Gue\u0300ye de\u0301clarait qu\u2019un 3e\u0300me mandat pour Macky Sall e\u0301tait dans le domaine du possible. Il disait, je le cite : \u00ab La Constitution actuelle du Se\u0301ne\u0301gal, telle qu\u2019elle est libelle\u0301e, n\u2019interdit pas au Pre\u0301sident Macky Sall de briguer un troisie\u0300me mandat \u00bb.<\/p>\n<p>\u00ab Quand on a re\u0301dige\u0301 la Constitution, on a du\u0302 oublier certainement de pre\u0301voir des dispositions transitoires. Il fallait ajouter des dispositions transitoires pour pre\u0301voir que le mandat en cours fait partie du de\u0301compte des deux mandats que l\u2019actuel Pre\u0301sident peut avoir\u00bb, avait-il ajoute\u0301.<\/p>\n<p>\u00ab Ce qui fait que le Pre\u0301sident Macky SALL, en 2024, peut envisager de briguer un troisie\u0300me mandat comme l\u2019avait fait le Pre\u0301sident WADE. Par contre, il n\u2019est pas trop tard pour rectifier la donne puisqu\u2019une re\u0301vision constitutionnelle peut e\u0302tre ope\u0301re\u0301e pour de\u0301finitivement clore le de\u0301bat \u00bb.<\/p>\n<p>Il avait e\u0301te\u0301 confirme\u0301 dans cette position par son colle\u0300gue Jacques Mariel Nzouankeu, selon qui : \u00aben 2024, avec le droit positif actuel, il n\u2019y aura pas de de\u0301bat sur la recevabilite\u0301 d\u2019une candidature du Pre\u0301sident Macky Sall\u00bb. Surtout, avait-il explique\u0301, \u00abnulle part, il n\u2019est e\u0301crit que le mandat de 7 ans est, ou n\u2019est pas compris dans le de\u0301compte des deux mandats conse\u0301cutifs du nouvel article 27\u00bb.<\/p>\n<p>Invite\u0301 du Jury du dimanche, le 10 janvier 2022 sur iRadio et Itv, Me Doudou Ndoye, l\u2019ancien Garde des Sceaux, s\u2019e\u0301tait aussi prononce\u0301 sur la troisie\u0300me candidature du Pre\u0301sident Macky Sall en ces termes : \u00ab Le pre\u0301sident Macky Sall peut e\u0302tre candidat en 2024. Aucune loi, aucune constitution ne lui interdit d\u2019e\u0302tre candidat. Tant que cette constitution existe, personne ne pourra l\u2019empe\u0302cher d\u2019e\u0302tre candidat en 2024 \u00bb.<\/p>\n<p>C\u2019est ce me\u0302me professeur Babacar Gue\u0300ye et ce me\u0302me mai\u0302tre Doudou Ndoye qui reviennent aujourd\u2019hui nous servir une autre version.<\/p>\n<p>En effet, invite\u0301s par le parti Awale sur un de\u0301bat sur la troisie\u0300me candidature, ils ont fait un virage a\u0300 190 degre\u0301s pour finalement nous servir que le Pre\u0301sident ne peut pas de\u0301poser sa candidature pour l\u2019e\u0301lection pre\u0301sidentielle de 2024.<\/p>\n<p>Le premier, dans un argumentaire qui contredit sa premie\u0300re position, nous parle comme par enchantement de l\u2019impossibilite\u0301 juridique absolue du pre\u0301sident Macky SALL de faire partie de la liste des candidats pour les e\u0301lections pre\u0301sidentielles de 2024.<\/p>\n<p>En effet, pour lui la re\u0301vision constitutionnelle de 2016 ne porte pas sur la limitation des mandats qui e\u0301tait de\u0301ja\u0300 verrouille\u0301e par la constitution de 2001 mais pluto\u0302t sur la dure\u0301e du mandat.<\/p>\n<p>Le second nomme\u0301 lui nous parle d\u2019application imme\u0301diate de la Constitution de 2016 qui fait que le mandat de 2012 a\u0300 2019 doit e\u0302tre conside\u0301re\u0301 comme le premier mandat du Pre\u0301sident Macky Sall.<\/p>\n<p>Voila\u0300 deux argumentaires \u00bb wa\u0300x waxeet \u00bb tire\u0301s sur les cheveux qui viennent embrouiller l\u2019esprit des pauvres novices du droit que nous sommes et que rien ne justifie si ce n\u2019est cette dictature que veulent nous imposer ces marginaux qui menacent de bru\u0302ler le pays qui ne bru\u0302lera pour rien au monde.<\/p>\n<p>En tout e\u0301tat de cause, ce de\u0301bat ou faux de\u0301bat sur la troisie\u0300me candidature ne sera pas l\u2019e\u0301le\u0301ment de\u0301cisif pour le choix du Pre\u0301sident de la Re\u0301publique en 2024.<\/p>\n<p>Nous invitons l\u2019opposition a\u0300 aller a\u0300 la pe\u0302che des voix, comme sait si bien le faire le Pre\u0301sident Macky SALL.<\/p>\n<p>Quoi qu\u2019il en soit, le Pre\u0301sident Macky SALL sera, qu\u2019il pleuve, qu\u2019il vente ou qu\u2019il neige, le candidat de la coalition Benno Bokk Yaakaar et le peuple, souverain juge, le portera, par la gra\u0302ce de Dieu, a\u0300 la te\u0302te du Se\u0301ne\u0301gal pour son e\u0301mergence a\u0300 l\u2019horizon 2035.<\/p>\n<p>* Par Ibrahima Baba SALL<\/p>\n<p>De\u0301pute\u0301 Maire de Bakel<\/p>\n<p><strong>Pour plus d&rsquo;informations et d&rsquo;analyses sur la <a href=\"https:\/\/www.africa-press.net\/senegal\">Senegal<\/a>, suivez <a href=\"https:\/\/www.africa-press.net\/\">Africa-Press<\/a><\/strong><\/p>\n","protected":false},"excerpt":{"rendered":"<p>ParKhalil Kamara Africa-Press &#8211; Senegal. Le de\u0301bat sur la troisie\u0300me candidature du Pre\u0301sident Macky Sall continue de faire rage a\u0300 un an de l\u2019e\u0301lection pre\u0301sidentielle de 2024. Les avis sont partage\u0301s sur la possibilite\u0301 ou non pour le Pre\u0301sident Macky SALL de briguer une troisie\u0300me candidature. Quoi de plus normal dans un pays de\u0301mocratique ou\u0300 [&hellip;]<\/p>\n","protected":false},"author":82,"featured_media":37751,"comment_status":"open","ping_status":"closed","sticky":false,"template":"","format":"standard","meta":{"footnotes":""},"categories":[7,10],"tags":[43,47,44],"class_list":["post-37752","post","type-post","status-publish","format-standard","has-post-thumbnail","hentry","category-dossiers","category-toutes-les-actualites","tag-africa-press-2","tag-africa-press-senegal","tag-senegal-2"],"yoast_head":"<!-- This site is optimized with the Yoast SEO Premium plugin v26.1 (Yoast SEO v27.0) - https:\/\/yoast.com\/product\/yoast-seo-premium-wordpress\/ -->\n<title>3e candidature de Macky Sall : A quels juristes se vouer ?\u00a0\u00bb - Senegal<\/title>\n<meta name=\"robots\" content=\"index, follow, max-snippet:-1, max-image-preview:large, max-video-preview:-1\" \/>\n<link rel=\"canonical\" href=\"https:\/\/www.africa-press.net\/senegal\/politique\/3e-candidature-de-macky-sall-a-quels-juristes-se-vouer\" \/>\n<meta property=\"og:locale\" content=\"fr_FR\" \/>\n<meta property=\"og:type\" content=\"article\" \/>\n<meta property=\"og:title\" content=\"3e candidature de Macky Sall : A quels juristes se vouer ?\u00a0\u00bb\" \/>\n<meta property=\"og:description\" content=\"ParKhalil Kamara Africa-Press &#8211; Senegal. Le de\u0301bat sur la troisie\u0300me candidature du Pre\u0301sident Macky Sall continue de faire rage a\u0300 un an de l\u2019e\u0301lection pre\u0301sidentielle de 2024. Les avis sont partage\u0301s sur la possibilite\u0301 ou non pour le Pre\u0301sident Macky SALL de briguer une troisie\u0300me candidature. Quoi de plus normal dans un pays de\u0301mocratique ou\u0300 [&hellip;]\" \/>\n<meta property=\"og:url\" content=\"https:\/\/www.africa-press.net\/senegal\/politique\/3e-candidature-de-macky-sall-a-quels-juristes-se-vouer\" \/>\n<meta property=\"og:site_name\" content=\"Senegal\" \/>\n<meta property=\"article:published_time\" content=\"2023-01-07T17:55:18+00:00\" \/>\n<meta name=\"author\" content=\"cfeditorfr\" \/>\n<meta name=\"twitter:card\" content=\"summary_large_image\" \/>\n<meta name=\"twitter:label1\" content=\"\u00c9crit par\" \/>\n\t<meta name=\"twitter:data1\" content=\"cfeditorfr\" \/>\n\t<meta name=\"twitter:label2\" content=\"Dur\u00e9e de lecture estim\u00e9e\" \/>\n\t<meta name=\"twitter:data2\" content=\"4 minutes\" \/>\n<script type=\"application\/ld+json\" class=\"yoast-schema-graph\">{\"@context\":\"https:\/\/schema.org\",\"@graph\":[{\"@type\":\"Article\",\"@id\":\"https:\/\/www.africa-press.net\/senegal\/politique\/3e-candidature-de-macky-sall-a-quels-juristes-se-vouer#article\",\"isPartOf\":{\"@id\":\"https:\/\/www.africa-press.net\/senegal\/politique\/3e-candidature-de-macky-sall-a-quels-juristes-se-vouer\"},\"author\":{\"name\":\"cfeditorfr\",\"@id\":\"https:\/\/www.africa-press.net\/senegal\/#\/schema\/person\/2b1cf3cd81a31e3cd26889ca66d677f1\"},\"headline\":\"3e candidature de Macky Sall : A quels juristes se vouer ?\u00a0\u00bb\",\"datePublished\":\"2023-01-07T17:55:18+00:00\",\"mainEntityOfPage\":{\"@id\":\"https:\/\/www.africa-press.net\/senegal\/politique\/3e-candidature-de-macky-sall-a-quels-juristes-se-vouer\"},\"wordCount\":900,\"commentCount\":0,\"image\":{\"@id\":\"https:\/\/www.africa-press.net\/senegal\/politique\/3e-candidature-de-macky-sall-a-quels-juristes-se-vouer#primaryimage\"},\"thumbnailUrl\":\"https:\/\/static.africa-press.net\/senegal\/sites\/13\/2023\/01\/postQueueImg_1673102405.05.jpg\",\"keywords\":[\"Africa Press\",\"Africa Press-Senegal\",\"Senegal\"],\"articleSection\":[\"Dossiers\",\"Toutes les actualit\u00e9s\"],\"inLanguage\":\"fr-FR\",\"potentialAction\":[{\"@type\":\"CommentAction\",\"name\":\"Comment\",\"target\":[\"https:\/\/www.africa-press.net\/senegal\/politique\/3e-candidature-de-macky-sall-a-quels-juristes-se-vouer#respond\"]}]},{\"@type\":\"WebPage\",\"@id\":\"https:\/\/www.africa-press.net\/senegal\/politique\/3e-candidature-de-macky-sall-a-quels-juristes-se-vouer\",\"url\":\"https:\/\/www.africa-press.net\/senegal\/politique\/3e-candidature-de-macky-sall-a-quels-juristes-se-vouer\",\"name\":\"3e candidature de Macky Sall : A quels juristes se vouer ?\u00a0\u00bb - Senegal\",\"isPartOf\":{\"@id\":\"https:\/\/www.africa-press.net\/senegal\/#website\"},\"primaryImageOfPage\":{\"@id\":\"https:\/\/www.africa-press.net\/senegal\/politique\/3e-candidature-de-macky-sall-a-quels-juristes-se-vouer#primaryimage\"},\"image\":{\"@id\":\"https:\/\/www.africa-press.net\/senegal\/politique\/3e-candidature-de-macky-sall-a-quels-juristes-se-vouer#primaryimage\"},\"thumbnailUrl\":\"https:\/\/static.africa-press.net\/senegal\/sites\/13\/2023\/01\/postQueueImg_1673102405.05.jpg\",\"datePublished\":\"2023-01-07T17:55:18+00:00\",\"author\":{\"@id\":\"https:\/\/www.africa-press.net\/senegal\/#\/schema\/person\/2b1cf3cd81a31e3cd26889ca66d677f1\"},\"breadcrumb\":{\"@id\":\"https:\/\/www.africa-press.net\/senegal\/politique\/3e-candidature-de-macky-sall-a-quels-juristes-se-vouer#breadcrumb\"},\"inLanguage\":\"fr-FR\",\"potentialAction\":[{\"@type\":\"ReadAction\",\"target\":[\"https:\/\/www.africa-press.net\/senegal\/politique\/3e-candidature-de-macky-sall-a-quels-juristes-se-vouer\"]}]},{\"@type\":\"ImageObject\",\"inLanguage\":\"fr-FR\",\"@id\":\"https:\/\/www.africa-press.net\/senegal\/politique\/3e-candidature-de-macky-sall-a-quels-juristes-se-vouer#primaryimage\",\"url\":\"https:\/\/static.africa-press.net\/senegal\/sites\/13\/2023\/01\/postQueueImg_1673102405.05.jpg\",\"contentUrl\":\"https:\/\/static.africa-press.net\/senegal\/sites\/13\/2023\/01\/postQueueImg_1673102405.05.jpg\",\"width\":1728,\"height\":1152,\"caption\":\"3e candidature de Macky Sall : A quels juristes se vouer ?\u00a0\u00bb\"},{\"@type\":\"BreadcrumbList\",\"@id\":\"https:\/\/www.africa-press.net\/senegal\/politique\/3e-candidature-de-macky-sall-a-quels-juristes-se-vouer#breadcrumb\",\"itemListElement\":[{\"@type\":\"ListItem\",\"position\":1,\"name\":\"Accueil\",\"item\":\"https:\/\/www.africa-press.net\/senegal\/\"},{\"@type\":\"ListItem\",\"position\":2,\"name\":\"3e candidature de Macky Sall : A quels juristes se vouer ?\u00a0\u00bb\"}]},{\"@type\":\"WebSite\",\"@id\":\"https:\/\/www.africa-press.net\/senegal\/#website\",\"url\":\"https:\/\/www.africa-press.net\/senegal\/\",\"name\":\"Africa Press | Senegal | Homepage\",\"description\":\"Just another Africa News Agency Sites site\",\"potentialAction\":[{\"@type\":\"SearchAction\",\"target\":{\"@type\":\"EntryPoint\",\"urlTemplate\":\"https:\/\/www.africa-press.net\/senegal\/?s={search_term_string}\"},\"query-input\":{\"@type\":\"PropertyValueSpecification\",\"valueRequired\":true,\"valueName\":\"search_term_string\"}}],\"inLanguage\":\"fr-FR\"},{\"@type\":\"Person\",\"@id\":\"https:\/\/www.africa-press.net\/senegal\/#\/schema\/person\/2b1cf3cd81a31e3cd26889ca66d677f1\",\"name\":\"cfeditorfr\",\"url\":\"https:\/\/www.africa-press.net\/senegal\/author\/cfeditorfr\"}]}<\/script>\n<!-- \/ Yoast SEO Premium plugin. -->","yoast_head_json":{"title":"3e candidature de Macky Sall : A quels juristes se vouer ?\u00a0\u00bb - Senegal","robots":{"index":"index","follow":"follow","max-snippet":"max-snippet:-1","max-image-preview":"max-image-preview:large","max-video-preview":"max-video-preview:-1"},"canonical":"https:\/\/www.africa-press.net\/senegal\/politique\/3e-candidature-de-macky-sall-a-quels-juristes-se-vouer","og_locale":"fr_FR","og_type":"article","og_title":"3e candidature de Macky Sall : A quels juristes se vouer ?\u00a0\u00bb","og_description":"ParKhalil Kamara Africa-Press &#8211; Senegal. Le de\u0301bat sur la troisie\u0300me candidature du Pre\u0301sident Macky Sall continue de faire rage a\u0300 un an de l\u2019e\u0301lection pre\u0301sidentielle de 2024. Les avis sont partage\u0301s sur la possibilite\u0301 ou non pour le Pre\u0301sident Macky SALL de briguer une troisie\u0300me candidature. Quoi de plus normal dans un pays de\u0301mocratique ou\u0300 [&hellip;]","og_url":"https:\/\/www.africa-press.net\/senegal\/politique\/3e-candidature-de-macky-sall-a-quels-juristes-se-vouer","og_site_name":"Senegal","article_published_time":"2023-01-07T17:55:18+00:00","author":"cfeditorfr","twitter_card":"summary_large_image","twitter_misc":{"\u00c9crit par":"cfeditorfr","Dur\u00e9e de lecture estim\u00e9e":"4 minutes"},"schema":{"@context":"https:\/\/schema.org","@graph":[{"@type":"Article","@id":"https:\/\/www.africa-press.net\/senegal\/politique\/3e-candidature-de-macky-sall-a-quels-juristes-se-vouer#article","isPartOf":{"@id":"https:\/\/www.africa-press.net\/senegal\/politique\/3e-candidature-de-macky-sall-a-quels-juristes-se-vouer"},"author":{"name":"cfeditorfr","@id":"https:\/\/www.africa-press.net\/senegal\/#\/schema\/person\/2b1cf3cd81a31e3cd26889ca66d677f1"},"headline":"3e candidature de Macky Sall : A quels juristes se vouer ?\u00a0\u00bb","datePublished":"2023-01-07T17:55:18+00:00","mainEntityOfPage":{"@id":"https:\/\/www.africa-press.net\/senegal\/politique\/3e-candidature-de-macky-sall-a-quels-juristes-se-vouer"},"wordCount":900,"commentCount":0,"image":{"@id":"https:\/\/www.africa-press.net\/senegal\/politique\/3e-candidature-de-macky-sall-a-quels-juristes-se-vouer#primaryimage"},"thumbnailUrl":"https:\/\/static.africa-press.net\/senegal\/sites\/13\/2023\/01\/postQueueImg_1673102405.05.jpg","keywords":["Africa Press","Africa Press-Senegal","Senegal"],"articleSection":["Dossiers","Toutes les actualit\u00e9s"],"inLanguage":"fr-FR","potentialAction":[{"@type":"CommentAction","name":"Comment","target":["https:\/\/www.africa-press.net\/senegal\/politique\/3e-candidature-de-macky-sall-a-quels-juristes-se-vouer#respond"]}]},{"@type":"WebPage","@id":"https:\/\/www.africa-press.net\/senegal\/politique\/3e-candidature-de-macky-sall-a-quels-juristes-se-vouer","url":"https:\/\/www.africa-press.net\/senegal\/politique\/3e-candidature-de-macky-sall-a-quels-juristes-se-vouer","name":"3e candidature de Macky Sall : A quels juristes se vouer ?\u00a0\u00bb - Senegal","isPartOf":{"@id":"https:\/\/www.africa-press.net\/senegal\/#website"},"primaryImageOfPage":{"@id":"https:\/\/www.africa-press.net\/senegal\/politique\/3e-candidature-de-macky-sall-a-quels-juristes-se-vouer#primaryimage"},"image":{"@id":"https:\/\/www.africa-press.net\/senegal\/politique\/3e-candidature-de-macky-sall-a-quels-juristes-se-vouer#primaryimage"},"thumbnailUrl":"https:\/\/static.africa-press.net\/senegal\/sites\/13\/2023\/01\/postQueueImg_1673102405.05.jpg","datePublished":"2023-01-07T17:55:18+00:00","author":{"@id":"https:\/\/www.africa-press.net\/senegal\/#\/schema\/person\/2b1cf3cd81a31e3cd26889ca66d677f1"},"breadcrumb":{"@id":"https:\/\/www.africa-press.net\/senegal\/politique\/3e-candidature-de-macky-sall-a-quels-juristes-se-vouer#breadcrumb"},"inLanguage":"fr-FR","potentialAction":[{"@type":"ReadAction","target":["https:\/\/www.africa-press.net\/senegal\/politique\/3e-candidature-de-macky-sall-a-quels-juristes-se-vouer"]}]},{"@type":"ImageObject","inLanguage":"fr-FR","@id":"https:\/\/www.africa-press.net\/senegal\/politique\/3e-candidature-de-macky-sall-a-quels-juristes-se-vouer#primaryimage","url":"https:\/\/static.africa-press.net\/senegal\/sites\/13\/2023\/01\/postQueueImg_1673102405.05.jpg","contentUrl":"https:\/\/static.africa-press.net\/senegal\/sites\/13\/2023\/01\/postQueueImg_1673102405.05.jpg","width":1728,"height":1152,"caption":"3e candidature de Macky Sall : A quels juristes se vouer ?\u00a0\u00bb"},{"@type":"BreadcrumbList","@id":"https:\/\/www.africa-press.net\/senegal\/politique\/3e-candidature-de-macky-sall-a-quels-juristes-se-vouer#breadcrumb","itemListElement":[{"@type":"ListItem","position":1,"name":"Accueil","item":"https:\/\/www.africa-press.net\/senegal\/"},{"@type":"ListItem","position":2,"name":"3e candidature de Macky Sall : A quels juristes se vouer ?\u00a0\u00bb"}]},{"@type":"WebSite","@id":"https:\/\/www.africa-press.net\/senegal\/#website","url":"https:\/\/www.africa-press.net\/senegal\/","name":"Africa Press | Senegal | Homepage","description":"Just another Africa News Agency Sites site","potentialAction":[{"@type":"SearchAction","target":{"@type":"EntryPoint","urlTemplate":"https:\/\/www.africa-press.net\/senegal\/?s={search_term_string}"},"query-input":{"@type":"PropertyValueSpecification","valueRequired":true,"valueName":"search_term_string"}}],"inLanguage":"fr-FR"},{"@type":"Person","@id":"https:\/\/www.africa-press.net\/senegal\/#\/schema\/person\/2b1cf3cd81a31e3cd26889ca66d677f1","name":"cfeditorfr","url":"https:\/\/www.africa-press.net\/senegal\/author\/cfeditorfr"}]}},"_links":{"self":[{"href":"https:\/\/www.africa-press.net\/senegal\/wp-json\/wp\/v2\/posts\/37752","targetHints":{"allow":["GET"]}}],"collection":[{"href":"https:\/\/www.africa-press.net\/senegal\/wp-json\/wp\/v2\/posts"}],"about":[{"href":"https:\/\/www.africa-press.net\/senegal\/wp-json\/wp\/v2\/types\/post"}],"author":[{"embeddable":true,"href":"https:\/\/www.africa-press.net\/senegal\/wp-json\/wp\/v2\/users\/82"}],"replies":[{"embeddable":true,"href":"https:\/\/www.africa-press.net\/senegal\/wp-json\/wp\/v2\/comments?post=37752"}],"version-history":[{"count":0,"href":"https:\/\/www.africa-press.net\/senegal\/wp-json\/wp\/v2\/posts\/37752\/revisions"}],"wp:featuredmedia":[{"embeddable":true,"href":"https:\/\/www.africa-press.net\/senegal\/wp-json\/wp\/v2\/media\/37751"}],"wp:attachment":[{"href":"https:\/\/www.africa-press.net\/senegal\/wp-json\/wp\/v2\/media?parent=37752"}],"wp:term":[{"taxonomy":"category","embeddable":true,"href":"https:\/\/www.africa-press.net\/senegal\/wp-json\/wp\/v2\/categories?post=37752"},{"taxonomy":"post_tag","embeddable":true,"href":"https:\/\/www.africa-press.net\/senegal\/wp-json\/wp\/v2\/tags?post=37752"}],"curies":[{"name":"wp","href":"https:\/\/api.w.org\/{rel}","templated":true}]}}