{"id":37754,"date":"2023-01-07T18:10:26","date_gmt":"2023-01-07T18:10:26","guid":{"rendered":"https:\/\/www.africa-press.net\/senegal\/politique\/modou-gueye-apr-rufisque-nous-sommes-en-phase-avec-le-ministre-ismaila-madior-fall"},"modified":"2023-01-07T18:10:26","modified_gmt":"2023-01-07T18:10:26","slug":"modou-gueye-apr-rufisque-nous-sommes-en-phase-avec-le-ministre-ismaila-madior-fall","status":"publish","type":"post","link":"https:\/\/www.africa-press.net\/senegal\/politique\/modou-gueye-apr-rufisque-nous-sommes-en-phase-avec-le-ministre-ismaila-madior-fall","title":{"rendered":"Modou Gu\u00e8ye (APR\/Rufisque) : \u00ab\u00a0Nous sommes en phase avec le ministre Ismaila Madior Fall\u2026\u00a0\u00bb"},"content":{"rendered":"<p><span style=\"color: #ff6600\"><strong>Africa-Press &#8211; Senegal. <\/strong><\/span><b>La re\u0301cente de\u0301claration du ministre de la justice au sujet d\u2019une probable candidature du Pre\u0301sident de la Re\u0301publique en 2024 trouve l\u2019assentiment d\u2019une bonne partie des ape\u0301ristes, notamment ceux de Rufisque. Modou Gue\u0300ye, responsable politique du parti pre\u0301sidentiel au niveau de la dite localite\u0301 est de ceux-la\u0300.<\/b><br \/>\n<b>Multiplier les initiatives&#8230;<\/b><\/p>\n<p>\u00ab Nous approuvons a\u0300 100% la de\u0301claration du Garde des Sceaux ministre de la Justice M. Ismai\u0308la Madior Fall. Nous sommes derrie\u0300re lui pour accompagner la vision du Chef de l\u2019Etat qui consiste a\u0300 mener le Se\u0301ne\u0301gal vers un de\u0301veloppement harmonise\u0301. Sur ce, nous allons multiplier les initiatives. Nous croyons dur comme fer que le Pre\u0301sident Macky me\u0301rite de rester a\u0300 la te\u0302te du Se\u0301ne\u0301gal\u00ab , soutient M. Gue\u0300ye dans une note parvenue a\u0300 Senego.<\/p>\n<p><b>Informer et de les sensibiliser&#8230;<\/b><\/p>\n<p>\u00ab C\u2019est dans cette veine que nous sommes pre\u0301sentement au Maroc. Aujourd\u2019hui, une rencontre d\u2019envergure se tiendra avec la diaspora se\u0301ne\u0301galaise au niveau du royaume che\u0301rifien. Il va s\u2019agir de les informer et de les sensibiliser sur le bilan du re\u0301gime en place. Beaucoup de monde est attendu lors de cette manifestation qui aura pour cadre un ho\u0302tel de Casablanca\u00ab , conclut-il.<\/p>\n<p><strong>Pour plus d&rsquo;informations et d&rsquo;analyses sur la <a href=\"https:\/\/www.africa-press.net\/senegal\">Senegal<\/a>, suivez <a href=\"https:\/\/www.africa-press.net\/\">Africa-Press<\/a><\/strong><\/p>\n","protected":false},"excerpt":{"rendered":"<p>Africa-Press &#8211; Senegal. La re\u0301cente de\u0301claration du ministre de la justice au sujet d\u2019une probable candidature du Pre\u0301sident de la Re\u0301publique en 2024 trouve l\u2019assentiment d\u2019une bonne partie des ape\u0301ristes, notamment ceux de Rufisque. Modou Gue\u0300ye, responsable politique du parti pre\u0301sidentiel au niveau de la dite localite\u0301 est de ceux-la\u0300. Multiplier les initiatives&#8230; \u00ab Nous [&hellip;]<\/p>\n","protected":false},"author":82,"featured_media":37753,"comment_status":"open","ping_status":"closed","sticky":false,"template":"","format":"standard","meta":{"footnotes":""},"categories":[2,10],"tags":[43,47,44],"class_list":["post-37754","post","type-post","status-publish","format-standard","has-post-thumbnail","hentry","category-politique","category-toutes-les-actualites","tag-africa-press-2","tag-africa-press-senegal","tag-senegal-2"],"yoast_head":"<!-- This site is optimized with the Yoast SEO Premium plugin v26.1 (Yoast SEO v27.0) - https:\/\/yoast.com\/product\/yoast-seo-premium-wordpress\/ -->\n<title>Modou Gu\u00e8ye (APR\/Rufisque) : \u00ab\u00a0Nous sommes en phase avec le ministre Ismaila Madior Fall\u2026\u00a0\u00bb - Senegal<\/title>\n<meta name=\"robots\" content=\"index, follow, max-snippet:-1, max-image-preview:large, max-video-preview:-1\" \/>\n<link rel=\"canonical\" href=\"https:\/\/www.africa-press.net\/senegal\/politique\/modou-gueye-apr-rufisque-nous-sommes-en-phase-avec-le-ministre-ismaila-madior-fall\" \/>\n<meta property=\"og:locale\" content=\"fr_FR\" \/>\n<meta property=\"og:type\" content=\"article\" \/>\n<meta property=\"og:title\" content=\"Modou Gu\u00e8ye (APR\/Rufisque) : \u00ab\u00a0Nous sommes en phase avec le ministre Ismaila Madior Fall\u2026\u00a0\u00bb\" \/>\n<meta property=\"og:description\" content=\"Africa-Press &#8211; Senegal. La re\u0301cente de\u0301claration du ministre de la justice au sujet d\u2019une probable candidature du Pre\u0301sident de la Re\u0301publique en 2024 trouve l\u2019assentiment d\u2019une bonne partie des ape\u0301ristes, notamment ceux de Rufisque. Modou Gue\u0300ye, responsable politique du parti pre\u0301sidentiel au niveau de la dite localite\u0301 est de ceux-la\u0300. Multiplier les initiatives&#8230; \u00ab Nous [&hellip;]\" \/>\n<meta property=\"og:url\" content=\"https:\/\/www.africa-press.net\/senegal\/politique\/modou-gueye-apr-rufisque-nous-sommes-en-phase-avec-le-ministre-ismaila-madior-fall\" \/>\n<meta property=\"og:site_name\" content=\"Senegal\" \/>\n<meta property=\"article:published_time\" content=\"2023-01-07T18:10:26+00:00\" \/>\n<meta name=\"author\" content=\"cfeditorfr\" \/>\n<meta name=\"twitter:card\" content=\"summary_large_image\" \/>\n<meta name=\"twitter:label1\" content=\"\u00c9crit par\" \/>\n\t<meta name=\"twitter:data1\" content=\"cfeditorfr\" \/>\n\t<meta name=\"twitter:label2\" content=\"Dur\u00e9e de lecture estim\u00e9e\" \/>\n\t<meta name=\"twitter:data2\" content=\"1 minute\" \/>\n<script type=\"application\/ld+json\" class=\"yoast-schema-graph\">{\"@context\":\"https:\/\/schema.org\",\"@graph\":[{\"@type\":\"Article\",\"@id\":\"https:\/\/www.africa-press.net\/senegal\/politique\/modou-gueye-apr-rufisque-nous-sommes-en-phase-avec-le-ministre-ismaila-madior-fall#article\",\"isPartOf\":{\"@id\":\"https:\/\/www.africa-press.net\/senegal\/politique\/modou-gueye-apr-rufisque-nous-sommes-en-phase-avec-le-ministre-ismaila-madior-fall\"},\"author\":{\"name\":\"cfeditorfr\",\"@id\":\"https:\/\/www.africa-press.net\/senegal\/#\/schema\/person\/2b1cf3cd81a31e3cd26889ca66d677f1\"},\"headline\":\"Modou Gu\u00e8ye (APR\/Rufisque) : \u00ab\u00a0Nous sommes en phase avec le ministre Ismaila Madior Fall\u2026\u00a0\u00bb\",\"datePublished\":\"2023-01-07T18:10:26+00:00\",\"mainEntityOfPage\":{\"@id\":\"https:\/\/www.africa-press.net\/senegal\/politique\/modou-gueye-apr-rufisque-nous-sommes-en-phase-avec-le-ministre-ismaila-madior-fall\"},\"wordCount\":249,\"commentCount\":0,\"image\":{\"@id\":\"https:\/\/www.africa-press.net\/senegal\/politique\/modou-gueye-apr-rufisque-nous-sommes-en-phase-avec-le-ministre-ismaila-madior-fall#primaryimage\"},\"thumbnailUrl\":\"https:\/\/static.africa-press.net\/senegal\/sites\/13\/2023\/01\/postQueueImg_1673102449.88.jpg\",\"keywords\":[\"Africa Press\",\"Africa Press-Senegal\",\"Senegal\"],\"articleSection\":[\"Politique\",\"Toutes les actualit\u00e9s\"],\"inLanguage\":\"fr-FR\",\"potentialAction\":[{\"@type\":\"CommentAction\",\"name\":\"Comment\",\"target\":[\"https:\/\/www.africa-press.net\/senegal\/politique\/modou-gueye-apr-rufisque-nous-sommes-en-phase-avec-le-ministre-ismaila-madior-fall#respond\"]}]},{\"@type\":\"WebPage\",\"@id\":\"https:\/\/www.africa-press.net\/senegal\/politique\/modou-gueye-apr-rufisque-nous-sommes-en-phase-avec-le-ministre-ismaila-madior-fall\",\"url\":\"https:\/\/www.africa-press.net\/senegal\/politique\/modou-gueye-apr-rufisque-nous-sommes-en-phase-avec-le-ministre-ismaila-madior-fall\",\"name\":\"Modou Gu\u00e8ye (APR\/Rufisque) : \u00ab\u00a0Nous sommes en phase avec le ministre Ismaila Madior Fall\u2026\u00a0\u00bb - Senegal\",\"isPartOf\":{\"@id\":\"https:\/\/www.africa-press.net\/senegal\/#website\"},\"primaryImageOfPage\":{\"@id\":\"https:\/\/www.africa-press.net\/senegal\/politique\/modou-gueye-apr-rufisque-nous-sommes-en-phase-avec-le-ministre-ismaila-madior-fall#primaryimage\"},\"image\":{\"@id\":\"https:\/\/www.africa-press.net\/senegal\/politique\/modou-gueye-apr-rufisque-nous-sommes-en-phase-avec-le-ministre-ismaila-madior-fall#primaryimage\"},\"thumbnailUrl\":\"https:\/\/static.africa-press.net\/senegal\/sites\/13\/2023\/01\/postQueueImg_1673102449.88.jpg\",\"datePublished\":\"2023-01-07T18:10:26+00:00\",\"author\":{\"@id\":\"https:\/\/www.africa-press.net\/senegal\/#\/schema\/person\/2b1cf3cd81a31e3cd26889ca66d677f1\"},\"breadcrumb\":{\"@id\":\"https:\/\/www.africa-press.net\/senegal\/politique\/modou-gueye-apr-rufisque-nous-sommes-en-phase-avec-le-ministre-ismaila-madior-fall#breadcrumb\"},\"inLanguage\":\"fr-FR\",\"potentialAction\":[{\"@type\":\"ReadAction\",\"target\":[\"https:\/\/www.africa-press.net\/senegal\/politique\/modou-gueye-apr-rufisque-nous-sommes-en-phase-avec-le-ministre-ismaila-madior-fall\"]}]},{\"@type\":\"ImageObject\",\"inLanguage\":\"fr-FR\",\"@id\":\"https:\/\/www.africa-press.net\/senegal\/politique\/modou-gueye-apr-rufisque-nous-sommes-en-phase-avec-le-ministre-ismaila-madior-fall#primaryimage\",\"url\":\"https:\/\/static.africa-press.net\/senegal\/sites\/13\/2023\/01\/postQueueImg_1673102449.88.jpg\",\"contentUrl\":\"https:\/\/static.africa-press.net\/senegal\/sites\/13\/2023\/01\/postQueueImg_1673102449.88.jpg\",\"width\":1280,\"height\":772,\"caption\":\"Modou Gu\u00e8ye (APR\/Rufisque) : \u00ab\u00a0Nous sommes en phase avec le ministre Ismaila Madior Fall\u2026\u00a0\u00bb\"},{\"@type\":\"BreadcrumbList\",\"@id\":\"https:\/\/www.africa-press.net\/senegal\/politique\/modou-gueye-apr-rufisque-nous-sommes-en-phase-avec-le-ministre-ismaila-madior-fall#breadcrumb\",\"itemListElement\":[{\"@type\":\"ListItem\",\"position\":1,\"name\":\"Accueil\",\"item\":\"https:\/\/www.africa-press.net\/senegal\/\"},{\"@type\":\"ListItem\",\"position\":2,\"name\":\"Modou Gu\u00e8ye (APR\/Rufisque) : \u00ab\u00a0Nous sommes en phase avec le ministre Ismaila Madior Fall\u2026\u00a0\u00bb\"}]},{\"@type\":\"WebSite\",\"@id\":\"https:\/\/www.africa-press.net\/senegal\/#website\",\"url\":\"https:\/\/www.africa-press.net\/senegal\/\",\"name\":\"Africa Press | Senegal | Homepage\",\"description\":\"Just another Africa News Agency Sites site\",\"potentialAction\":[{\"@type\":\"SearchAction\",\"target\":{\"@type\":\"EntryPoint\",\"urlTemplate\":\"https:\/\/www.africa-press.net\/senegal\/?s={search_term_string}\"},\"query-input\":{\"@type\":\"PropertyValueSpecification\",\"valueRequired\":true,\"valueName\":\"search_term_string\"}}],\"inLanguage\":\"fr-FR\"},{\"@type\":\"Person\",\"@id\":\"https:\/\/www.africa-press.net\/senegal\/#\/schema\/person\/2b1cf3cd81a31e3cd26889ca66d677f1\",\"name\":\"cfeditorfr\",\"url\":\"https:\/\/www.africa-press.net\/senegal\/author\/cfeditorfr\"}]}<\/script>\n<!-- \/ Yoast SEO Premium plugin. -->","yoast_head_json":{"title":"Modou Gu\u00e8ye (APR\/Rufisque) : \u00ab\u00a0Nous sommes en phase avec le ministre Ismaila Madior Fall\u2026\u00a0\u00bb - Senegal","robots":{"index":"index","follow":"follow","max-snippet":"max-snippet:-1","max-image-preview":"max-image-preview:large","max-video-preview":"max-video-preview:-1"},"canonical":"https:\/\/www.africa-press.net\/senegal\/politique\/modou-gueye-apr-rufisque-nous-sommes-en-phase-avec-le-ministre-ismaila-madior-fall","og_locale":"fr_FR","og_type":"article","og_title":"Modou Gu\u00e8ye (APR\/Rufisque) : \u00ab\u00a0Nous sommes en phase avec le ministre Ismaila Madior Fall\u2026\u00a0\u00bb","og_description":"Africa-Press &#8211; Senegal. La re\u0301cente de\u0301claration du ministre de la justice au sujet d\u2019une probable candidature du Pre\u0301sident de la Re\u0301publique en 2024 trouve l\u2019assentiment d\u2019une bonne partie des ape\u0301ristes, notamment ceux de Rufisque. Modou Gue\u0300ye, responsable politique du parti pre\u0301sidentiel au niveau de la dite localite\u0301 est de ceux-la\u0300. Multiplier les initiatives&#8230; \u00ab Nous [&hellip;]","og_url":"https:\/\/www.africa-press.net\/senegal\/politique\/modou-gueye-apr-rufisque-nous-sommes-en-phase-avec-le-ministre-ismaila-madior-fall","og_site_name":"Senegal","article_published_time":"2023-01-07T18:10:26+00:00","author":"cfeditorfr","twitter_card":"summary_large_image","twitter_misc":{"\u00c9crit par":"cfeditorfr","Dur\u00e9e de lecture estim\u00e9e":"1 minute"},"schema":{"@context":"https:\/\/schema.org","@graph":[{"@type":"Article","@id":"https:\/\/www.africa-press.net\/senegal\/politique\/modou-gueye-apr-rufisque-nous-sommes-en-phase-avec-le-ministre-ismaila-madior-fall#article","isPartOf":{"@id":"https:\/\/www.africa-press.net\/senegal\/politique\/modou-gueye-apr-rufisque-nous-sommes-en-phase-avec-le-ministre-ismaila-madior-fall"},"author":{"name":"cfeditorfr","@id":"https:\/\/www.africa-press.net\/senegal\/#\/schema\/person\/2b1cf3cd81a31e3cd26889ca66d677f1"},"headline":"Modou Gu\u00e8ye (APR\/Rufisque) : \u00ab\u00a0Nous sommes en phase avec le ministre Ismaila Madior Fall\u2026\u00a0\u00bb","datePublished":"2023-01-07T18:10:26+00:00","mainEntityOfPage":{"@id":"https:\/\/www.africa-press.net\/senegal\/politique\/modou-gueye-apr-rufisque-nous-sommes-en-phase-avec-le-ministre-ismaila-madior-fall"},"wordCount":249,"commentCount":0,"image":{"@id":"https:\/\/www.africa-press.net\/senegal\/politique\/modou-gueye-apr-rufisque-nous-sommes-en-phase-avec-le-ministre-ismaila-madior-fall#primaryimage"},"thumbnailUrl":"https:\/\/static.africa-press.net\/senegal\/sites\/13\/2023\/01\/postQueueImg_1673102449.88.jpg","keywords":["Africa Press","Africa Press-Senegal","Senegal"],"articleSection":["Politique","Toutes les actualit\u00e9s"],"inLanguage":"fr-FR","potentialAction":[{"@type":"CommentAction","name":"Comment","target":["https:\/\/www.africa-press.net\/senegal\/politique\/modou-gueye-apr-rufisque-nous-sommes-en-phase-avec-le-ministre-ismaila-madior-fall#respond"]}]},{"@type":"WebPage","@id":"https:\/\/www.africa-press.net\/senegal\/politique\/modou-gueye-apr-rufisque-nous-sommes-en-phase-avec-le-ministre-ismaila-madior-fall","url":"https:\/\/www.africa-press.net\/senegal\/politique\/modou-gueye-apr-rufisque-nous-sommes-en-phase-avec-le-ministre-ismaila-madior-fall","name":"Modou Gu\u00e8ye (APR\/Rufisque) : \u00ab\u00a0Nous sommes en phase avec le ministre Ismaila Madior Fall\u2026\u00a0\u00bb - Senegal","isPartOf":{"@id":"https:\/\/www.africa-press.net\/senegal\/#website"},"primaryImageOfPage":{"@id":"https:\/\/www.africa-press.net\/senegal\/politique\/modou-gueye-apr-rufisque-nous-sommes-en-phase-avec-le-ministre-ismaila-madior-fall#primaryimage"},"image":{"@id":"https:\/\/www.africa-press.net\/senegal\/politique\/modou-gueye-apr-rufisque-nous-sommes-en-phase-avec-le-ministre-ismaila-madior-fall#primaryimage"},"thumbnailUrl":"https:\/\/static.africa-press.net\/senegal\/sites\/13\/2023\/01\/postQueueImg_1673102449.88.jpg","datePublished":"2023-01-07T18:10:26+00:00","author":{"@id":"https:\/\/www.africa-press.net\/senegal\/#\/schema\/person\/2b1cf3cd81a31e3cd26889ca66d677f1"},"breadcrumb":{"@id":"https:\/\/www.africa-press.net\/senegal\/politique\/modou-gueye-apr-rufisque-nous-sommes-en-phase-avec-le-ministre-ismaila-madior-fall#breadcrumb"},"inLanguage":"fr-FR","potentialAction":[{"@type":"ReadAction","target":["https:\/\/www.africa-press.net\/senegal\/politique\/modou-gueye-apr-rufisque-nous-sommes-en-phase-avec-le-ministre-ismaila-madior-fall"]}]},{"@type":"ImageObject","inLanguage":"fr-FR","@id":"https:\/\/www.africa-press.net\/senegal\/politique\/modou-gueye-apr-rufisque-nous-sommes-en-phase-avec-le-ministre-ismaila-madior-fall#primaryimage","url":"https:\/\/static.africa-press.net\/senegal\/sites\/13\/2023\/01\/postQueueImg_1673102449.88.jpg","contentUrl":"https:\/\/static.africa-press.net\/senegal\/sites\/13\/2023\/01\/postQueueImg_1673102449.88.jpg","width":1280,"height":772,"caption":"Modou Gu\u00e8ye (APR\/Rufisque) : \u00ab\u00a0Nous sommes en phase avec le ministre Ismaila Madior Fall\u2026\u00a0\u00bb"},{"@type":"BreadcrumbList","@id":"https:\/\/www.africa-press.net\/senegal\/politique\/modou-gueye-apr-rufisque-nous-sommes-en-phase-avec-le-ministre-ismaila-madior-fall#breadcrumb","itemListElement":[{"@type":"ListItem","position":1,"name":"Accueil","item":"https:\/\/www.africa-press.net\/senegal\/"},{"@type":"ListItem","position":2,"name":"Modou Gu\u00e8ye (APR\/Rufisque) : \u00ab\u00a0Nous sommes en phase avec le ministre Ismaila Madior Fall\u2026\u00a0\u00bb"}]},{"@type":"WebSite","@id":"https:\/\/www.africa-press.net\/senegal\/#website","url":"https:\/\/www.africa-press.net\/senegal\/","name":"Africa Press | Senegal | Homepage","description":"Just another Africa News Agency Sites site","potentialAction":[{"@type":"SearchAction","target":{"@type":"EntryPoint","urlTemplate":"https:\/\/www.africa-press.net\/senegal\/?s={search_term_string}"},"query-input":{"@type":"PropertyValueSpecification","valueRequired":true,"valueName":"search_term_string"}}],"inLanguage":"fr-FR"},{"@type":"Person","@id":"https:\/\/www.africa-press.net\/senegal\/#\/schema\/person\/2b1cf3cd81a31e3cd26889ca66d677f1","name":"cfeditorfr","url":"https:\/\/www.africa-press.net\/senegal\/author\/cfeditorfr"}]}},"_links":{"self":[{"href":"https:\/\/www.africa-press.net\/senegal\/wp-json\/wp\/v2\/posts\/37754","targetHints":{"allow":["GET"]}}],"collection":[{"href":"https:\/\/www.africa-press.net\/senegal\/wp-json\/wp\/v2\/posts"}],"about":[{"href":"https:\/\/www.africa-press.net\/senegal\/wp-json\/wp\/v2\/types\/post"}],"author":[{"embeddable":true,"href":"https:\/\/www.africa-press.net\/senegal\/wp-json\/wp\/v2\/users\/82"}],"replies":[{"embeddable":true,"href":"https:\/\/www.africa-press.net\/senegal\/wp-json\/wp\/v2\/comments?post=37754"}],"version-history":[{"count":0,"href":"https:\/\/www.africa-press.net\/senegal\/wp-json\/wp\/v2\/posts\/37754\/revisions"}],"wp:featuredmedia":[{"embeddable":true,"href":"https:\/\/www.africa-press.net\/senegal\/wp-json\/wp\/v2\/media\/37753"}],"wp:attachment":[{"href":"https:\/\/www.africa-press.net\/senegal\/wp-json\/wp\/v2\/media?parent=37754"}],"wp:term":[{"taxonomy":"category","embeddable":true,"href":"https:\/\/www.africa-press.net\/senegal\/wp-json\/wp\/v2\/categories?post=37754"},{"taxonomy":"post_tag","embeddable":true,"href":"https:\/\/www.africa-press.net\/senegal\/wp-json\/wp\/v2\/tags?post=37754"}],"curies":[{"name":"wp","href":"https:\/\/api.w.org\/{rel}","templated":true}]}}