{"id":37760,"date":"2023-01-07T18:16:54","date_gmt":"2023-01-07T18:16:54","guid":{"rendered":"https:\/\/www.africa-press.net\/senegal\/politique\/reflet-sonko-piege-par-les-medias-francais"},"modified":"2023-01-07T18:16:54","modified_gmt":"2023-01-07T18:16:54","slug":"reflet-sonko-piege-par-les-medias-francais","status":"publish","type":"post","link":"https:\/\/www.africa-press.net\/senegal\/dossiers\/reflet-sonko-piege-par-les-medias-francais","title":{"rendered":"REFLET : Sonko pi\u00e9g\u00e9\u00a0par les m\u00e9dias fran\u00e7ais !"},"content":{"rendered":"<p><b>Par Cheikh Tidiane Kand\u00e9<\/b><\/p>\n<p><span style=\"color: #ff6600\"><strong>Africa-Press &#8211; Senegal. <\/strong><\/span><b>Depuis, hier, l\u2019on se demande pourquoi Ousmane Sonko, leader de Pastef\/Les Patriotes a accepte\u0301 ce qu\u2019il a accepte\u0301. Non seulement l\u2019homme qui reproche a\u0300 Macky Sall ses nombreux reniements sur la re\u0301duction de son mandat de 7 a\u0300 5 ou la volonte\u0301 qu\u2019on lui pre\u0302te de postuler a\u0300 une troisie\u0300me candidature vient de ravaler publiquement sa cravate en se pre\u0302tant aux questions de Rfi et France24.<\/b><\/p>\n<p>Mais il se laisse e\u0301galement maladroitement pie\u0301ge\u0301 comme un opposant amateur. En effet, apre\u0300s avoir, de manie\u0300re e\u0301honte\u0301e, e\u0301carte\u0301 le micro de la Rts, l\u2019homme s\u2019est mis a\u0300 pe\u0301rorer sur les voix, dans le monde, de la France qu\u2019il accuse quasiment de tous les maux du Se\u0301ne\u0301gal au point de de\u0301baptiser les noms de rues de la ville de Ziguinchor dont il est le maire et qui est l\u2019une des re\u0301gions les plus visite\u0301es par les ressortissants franc\u0327ais au Se\u0301ne\u0301gal, avec Dakar et Thie\u0300s, pour son charme touristique. Pis, Sonko avait publiquement dit, devant des came\u0301ras de te\u0301le\u0301visions, et le site leral.net lui a rappele\u0301 hier, qu\u2019il ne sera jamais dans une confe\u0301rence de presse ou\u0300 il y aura Rfi, France 24 ou Le Monde Diplomatique.<\/p>\n<p>De plus, pendant qu\u2019il pousse les journalistes se\u0301ne\u0301galais a\u0300, sauf quelques exceptions, se contenter de ses livefacebook, voila\u0300 qu\u2019il accepte de se livrer a\u0300 c\u0153ur ouvert aux me\u0301dias franc\u0327ais qui n\u2019ont jamais e\u0301te\u0301 attaque\u0301s a\u0300 cause de positions le concernant ou qui ont vu le signal de leurs chai\u0302nes de te\u0301le\u0301vision ille\u0301galement coupe\u0301 parce que le pouvoir estime qu\u2019ils roulent pour sa cause. Quelle ingratitude !<\/p>\n<p>Aussi, s\u2019il tentait une ope\u0301ration de charme vis-a\u0300-vis de l\u2019Hexagone de Macron, il est presque su\u0302r que c\u2019est rate\u0301 parce qu\u2019avec ce qu\u2019on a vu, la France, qui n\u2019y est pas conside\u0301re\u0301e comme un partenaire privile\u0301gie\u0301 du Se\u0301ne\u0301gal de Sonko, va flairer une mauvaise foi chez l\u2019homme. Et ne le prendrait pas au se\u0301rieux. Donc, elle pourrait miser sur un autre cheval, sans doute dans le camp me\u0302me de Macky Sall, si le Pre\u0301sident Sall de\u0301cidait a\u0300 ne plus y aller.<\/p>\n<p>En vrai homme d\u2019Etat, Ousmane Sonko n\u2019aurait jamais du\u0302 accepter, dans le protocole d\u2019entretien, que la presse franc\u0327aise commence par lui poser des questions sur l\u2019affaire du test ADN qu\u2019il refuse de faire pour e\u0301lucider cette histoire de viol a\u0300 main arme\u0301e dont on l\u2019accuse. Un privile\u0300ge qu\u2019il refuse me\u0302me a\u0300 la justice de son pays. De facto, cela montre que les journalistes intervieweurs ont sans doute leur raison dans cette affaire et l\u2019ont de\u0301ja\u0300 \u00abcondamne\u0301\u00bb.<\/p>\n<p>Par Seyni DIOP<\/p>\n<p><strong>Pour plus d&rsquo;informations et d&rsquo;analyses sur la <a href=\"https:\/\/www.africa-press.net\/senegal\">Senegal<\/a>, suivez <a href=\"https:\/\/www.africa-press.net\/\">Africa-Press<\/a><\/strong><\/p>\n","protected":false},"excerpt":{"rendered":"<p>Par Cheikh Tidiane Kand\u00e9 Africa-Press &#8211; Senegal. Depuis, hier, l\u2019on se demande pourquoi Ousmane Sonko, leader de Pastef\/Les Patriotes a accepte\u0301 ce qu\u2019il a accepte\u0301. Non seulement l\u2019homme qui reproche a\u0300 Macky Sall ses nombreux reniements sur la re\u0301duction de son mandat de 7 a\u0300 5 ou la volonte\u0301 qu\u2019on lui pre\u0302te de postuler a\u0300 [&hellip;]<\/p>\n","protected":false},"author":82,"featured_media":37759,"comment_status":"open","ping_status":"closed","sticky":false,"template":"","format":"standard","meta":{"footnotes":""},"categories":[7,10],"tags":[43,47,44],"class_list":["post-37760","post","type-post","status-publish","format-standard","has-post-thumbnail","hentry","category-dossiers","category-toutes-les-actualites","tag-africa-press-2","tag-africa-press-senegal","tag-senegal-2"],"yoast_head":"<!-- This site is optimized with the Yoast SEO Premium plugin v26.1 (Yoast SEO v27.0) - https:\/\/yoast.com\/product\/yoast-seo-premium-wordpress\/ -->\n<title>REFLET : Sonko pi\u00e9g\u00e9\u00a0par les m\u00e9dias fran\u00e7ais ! - Senegal<\/title>\n<meta name=\"robots\" content=\"index, follow, max-snippet:-1, max-image-preview:large, max-video-preview:-1\" \/>\n<link rel=\"canonical\" href=\"https:\/\/www.africa-press.net\/senegal\/politique\/reflet-sonko-piege-par-les-medias-francais\" \/>\n<meta property=\"og:locale\" content=\"fr_FR\" \/>\n<meta property=\"og:type\" content=\"article\" \/>\n<meta property=\"og:title\" content=\"REFLET : Sonko pi\u00e9g\u00e9\u00a0par les m\u00e9dias fran\u00e7ais !\" \/>\n<meta property=\"og:description\" content=\"Par Cheikh Tidiane Kand\u00e9 Africa-Press &#8211; Senegal. Depuis, hier, l\u2019on se demande pourquoi Ousmane Sonko, leader de Pastef\/Les Patriotes a accepte\u0301 ce qu\u2019il a accepte\u0301. Non seulement l\u2019homme qui reproche a\u0300 Macky Sall ses nombreux reniements sur la re\u0301duction de son mandat de 7 a\u0300 5 ou la volonte\u0301 qu\u2019on lui pre\u0302te de postuler a\u0300 [&hellip;]\" \/>\n<meta property=\"og:url\" content=\"https:\/\/www.africa-press.net\/senegal\/politique\/reflet-sonko-piege-par-les-medias-francais\" \/>\n<meta property=\"og:site_name\" content=\"Senegal\" \/>\n<meta property=\"article:published_time\" content=\"2023-01-07T18:16:54+00:00\" \/>\n<meta name=\"author\" content=\"cfeditorfr\" \/>\n<meta name=\"twitter:card\" content=\"summary_large_image\" \/>\n<meta name=\"twitter:label1\" content=\"\u00c9crit par\" \/>\n\t<meta name=\"twitter:data1\" content=\"cfeditorfr\" \/>\n\t<meta name=\"twitter:label2\" content=\"Dur\u00e9e de lecture estim\u00e9e\" \/>\n\t<meta name=\"twitter:data2\" content=\"3 minutes\" \/>\n<script type=\"application\/ld+json\" class=\"yoast-schema-graph\">{\"@context\":\"https:\/\/schema.org\",\"@graph\":[{\"@type\":\"Article\",\"@id\":\"https:\/\/www.africa-press.net\/senegal\/politique\/reflet-sonko-piege-par-les-medias-francais#article\",\"isPartOf\":{\"@id\":\"https:\/\/www.africa-press.net\/senegal\/politique\/reflet-sonko-piege-par-les-medias-francais\"},\"author\":{\"name\":\"cfeditorfr\",\"@id\":\"https:\/\/www.africa-press.net\/senegal\/#\/schema\/person\/2b1cf3cd81a31e3cd26889ca66d677f1\"},\"headline\":\"REFLET : Sonko pi\u00e9g\u00e9\u00a0par les m\u00e9dias fran\u00e7ais !\",\"datePublished\":\"2023-01-07T18:16:54+00:00\",\"mainEntityOfPage\":{\"@id\":\"https:\/\/www.africa-press.net\/senegal\/politique\/reflet-sonko-piege-par-les-medias-francais\"},\"wordCount\":527,\"commentCount\":0,\"image\":{\"@id\":\"https:\/\/www.africa-press.net\/senegal\/politique\/reflet-sonko-piege-par-les-medias-francais#primaryimage\"},\"thumbnailUrl\":\"https:\/\/static.africa-press.net\/senegal\/sites\/13\/2023\/01\/postQueueImg_1673102912.05.jpg\",\"keywords\":[\"Africa Press\",\"Africa Press-Senegal\",\"Senegal\"],\"articleSection\":[\"Dossiers\",\"Toutes les actualit\u00e9s\"],\"inLanguage\":\"fr-FR\",\"potentialAction\":[{\"@type\":\"CommentAction\",\"name\":\"Comment\",\"target\":[\"https:\/\/www.africa-press.net\/senegal\/politique\/reflet-sonko-piege-par-les-medias-francais#respond\"]}]},{\"@type\":\"WebPage\",\"@id\":\"https:\/\/www.africa-press.net\/senegal\/politique\/reflet-sonko-piege-par-les-medias-francais\",\"url\":\"https:\/\/www.africa-press.net\/senegal\/politique\/reflet-sonko-piege-par-les-medias-francais\",\"name\":\"REFLET : Sonko pi\u00e9g\u00e9\u00a0par les m\u00e9dias fran\u00e7ais ! - Senegal\",\"isPartOf\":{\"@id\":\"https:\/\/www.africa-press.net\/senegal\/#website\"},\"primaryImageOfPage\":{\"@id\":\"https:\/\/www.africa-press.net\/senegal\/politique\/reflet-sonko-piege-par-les-medias-francais#primaryimage\"},\"image\":{\"@id\":\"https:\/\/www.africa-press.net\/senegal\/politique\/reflet-sonko-piege-par-les-medias-francais#primaryimage\"},\"thumbnailUrl\":\"https:\/\/static.africa-press.net\/senegal\/sites\/13\/2023\/01\/postQueueImg_1673102912.05.jpg\",\"datePublished\":\"2023-01-07T18:16:54+00:00\",\"author\":{\"@id\":\"https:\/\/www.africa-press.net\/senegal\/#\/schema\/person\/2b1cf3cd81a31e3cd26889ca66d677f1\"},\"breadcrumb\":{\"@id\":\"https:\/\/www.africa-press.net\/senegal\/politique\/reflet-sonko-piege-par-les-medias-francais#breadcrumb\"},\"inLanguage\":\"fr-FR\",\"potentialAction\":[{\"@type\":\"ReadAction\",\"target\":[\"https:\/\/www.africa-press.net\/senegal\/politique\/reflet-sonko-piege-par-les-medias-francais\"]}]},{\"@type\":\"ImageObject\",\"inLanguage\":\"fr-FR\",\"@id\":\"https:\/\/www.africa-press.net\/senegal\/politique\/reflet-sonko-piege-par-les-medias-francais#primaryimage\",\"url\":\"https:\/\/static.africa-press.net\/senegal\/sites\/13\/2023\/01\/postQueueImg_1673102912.05.jpg\",\"contentUrl\":\"https:\/\/static.africa-press.net\/senegal\/sites\/13\/2023\/01\/postQueueImg_1673102912.05.jpg\",\"width\":720,\"height\":450,\"caption\":\"REFLET : Sonko pi\u00e9g\u00e9\u00a0par les m\u00e9dias fran\u00e7ais !\"},{\"@type\":\"BreadcrumbList\",\"@id\":\"https:\/\/www.africa-press.net\/senegal\/politique\/reflet-sonko-piege-par-les-medias-francais#breadcrumb\",\"itemListElement\":[{\"@type\":\"ListItem\",\"position\":1,\"name\":\"Accueil\",\"item\":\"https:\/\/www.africa-press.net\/senegal\/\"},{\"@type\":\"ListItem\",\"position\":2,\"name\":\"REFLET : Sonko pi\u00e9g\u00e9\u00a0par les m\u00e9dias fran\u00e7ais !\"}]},{\"@type\":\"WebSite\",\"@id\":\"https:\/\/www.africa-press.net\/senegal\/#website\",\"url\":\"https:\/\/www.africa-press.net\/senegal\/\",\"name\":\"Africa Press | Senegal | Homepage\",\"description\":\"Just another Africa News Agency Sites site\",\"potentialAction\":[{\"@type\":\"SearchAction\",\"target\":{\"@type\":\"EntryPoint\",\"urlTemplate\":\"https:\/\/www.africa-press.net\/senegal\/?s={search_term_string}\"},\"query-input\":{\"@type\":\"PropertyValueSpecification\",\"valueRequired\":true,\"valueName\":\"search_term_string\"}}],\"inLanguage\":\"fr-FR\"},{\"@type\":\"Person\",\"@id\":\"https:\/\/www.africa-press.net\/senegal\/#\/schema\/person\/2b1cf3cd81a31e3cd26889ca66d677f1\",\"name\":\"cfeditorfr\",\"url\":\"https:\/\/www.africa-press.net\/senegal\/author\/cfeditorfr\"}]}<\/script>\n<!-- \/ Yoast SEO Premium plugin. -->","yoast_head_json":{"title":"REFLET : Sonko pi\u00e9g\u00e9\u00a0par les m\u00e9dias fran\u00e7ais ! - Senegal","robots":{"index":"index","follow":"follow","max-snippet":"max-snippet:-1","max-image-preview":"max-image-preview:large","max-video-preview":"max-video-preview:-1"},"canonical":"https:\/\/www.africa-press.net\/senegal\/politique\/reflet-sonko-piege-par-les-medias-francais","og_locale":"fr_FR","og_type":"article","og_title":"REFLET : Sonko pi\u00e9g\u00e9\u00a0par les m\u00e9dias fran\u00e7ais !","og_description":"Par Cheikh Tidiane Kand\u00e9 Africa-Press &#8211; Senegal. Depuis, hier, l\u2019on se demande pourquoi Ousmane Sonko, leader de Pastef\/Les Patriotes a accepte\u0301 ce qu\u2019il a accepte\u0301. Non seulement l\u2019homme qui reproche a\u0300 Macky Sall ses nombreux reniements sur la re\u0301duction de son mandat de 7 a\u0300 5 ou la volonte\u0301 qu\u2019on lui pre\u0302te de postuler a\u0300 [&hellip;]","og_url":"https:\/\/www.africa-press.net\/senegal\/politique\/reflet-sonko-piege-par-les-medias-francais","og_site_name":"Senegal","article_published_time":"2023-01-07T18:16:54+00:00","author":"cfeditorfr","twitter_card":"summary_large_image","twitter_misc":{"\u00c9crit par":"cfeditorfr","Dur\u00e9e de lecture estim\u00e9e":"3 minutes"},"schema":{"@context":"https:\/\/schema.org","@graph":[{"@type":"Article","@id":"https:\/\/www.africa-press.net\/senegal\/politique\/reflet-sonko-piege-par-les-medias-francais#article","isPartOf":{"@id":"https:\/\/www.africa-press.net\/senegal\/politique\/reflet-sonko-piege-par-les-medias-francais"},"author":{"name":"cfeditorfr","@id":"https:\/\/www.africa-press.net\/senegal\/#\/schema\/person\/2b1cf3cd81a31e3cd26889ca66d677f1"},"headline":"REFLET : Sonko pi\u00e9g\u00e9\u00a0par les m\u00e9dias fran\u00e7ais !","datePublished":"2023-01-07T18:16:54+00:00","mainEntityOfPage":{"@id":"https:\/\/www.africa-press.net\/senegal\/politique\/reflet-sonko-piege-par-les-medias-francais"},"wordCount":527,"commentCount":0,"image":{"@id":"https:\/\/www.africa-press.net\/senegal\/politique\/reflet-sonko-piege-par-les-medias-francais#primaryimage"},"thumbnailUrl":"https:\/\/static.africa-press.net\/senegal\/sites\/13\/2023\/01\/postQueueImg_1673102912.05.jpg","keywords":["Africa Press","Africa Press-Senegal","Senegal"],"articleSection":["Dossiers","Toutes les actualit\u00e9s"],"inLanguage":"fr-FR","potentialAction":[{"@type":"CommentAction","name":"Comment","target":["https:\/\/www.africa-press.net\/senegal\/politique\/reflet-sonko-piege-par-les-medias-francais#respond"]}]},{"@type":"WebPage","@id":"https:\/\/www.africa-press.net\/senegal\/politique\/reflet-sonko-piege-par-les-medias-francais","url":"https:\/\/www.africa-press.net\/senegal\/politique\/reflet-sonko-piege-par-les-medias-francais","name":"REFLET : Sonko pi\u00e9g\u00e9\u00a0par les m\u00e9dias fran\u00e7ais ! - Senegal","isPartOf":{"@id":"https:\/\/www.africa-press.net\/senegal\/#website"},"primaryImageOfPage":{"@id":"https:\/\/www.africa-press.net\/senegal\/politique\/reflet-sonko-piege-par-les-medias-francais#primaryimage"},"image":{"@id":"https:\/\/www.africa-press.net\/senegal\/politique\/reflet-sonko-piege-par-les-medias-francais#primaryimage"},"thumbnailUrl":"https:\/\/static.africa-press.net\/senegal\/sites\/13\/2023\/01\/postQueueImg_1673102912.05.jpg","datePublished":"2023-01-07T18:16:54+00:00","author":{"@id":"https:\/\/www.africa-press.net\/senegal\/#\/schema\/person\/2b1cf3cd81a31e3cd26889ca66d677f1"},"breadcrumb":{"@id":"https:\/\/www.africa-press.net\/senegal\/politique\/reflet-sonko-piege-par-les-medias-francais#breadcrumb"},"inLanguage":"fr-FR","potentialAction":[{"@type":"ReadAction","target":["https:\/\/www.africa-press.net\/senegal\/politique\/reflet-sonko-piege-par-les-medias-francais"]}]},{"@type":"ImageObject","inLanguage":"fr-FR","@id":"https:\/\/www.africa-press.net\/senegal\/politique\/reflet-sonko-piege-par-les-medias-francais#primaryimage","url":"https:\/\/static.africa-press.net\/senegal\/sites\/13\/2023\/01\/postQueueImg_1673102912.05.jpg","contentUrl":"https:\/\/static.africa-press.net\/senegal\/sites\/13\/2023\/01\/postQueueImg_1673102912.05.jpg","width":720,"height":450,"caption":"REFLET : Sonko pi\u00e9g\u00e9\u00a0par les m\u00e9dias fran\u00e7ais !"},{"@type":"BreadcrumbList","@id":"https:\/\/www.africa-press.net\/senegal\/politique\/reflet-sonko-piege-par-les-medias-francais#breadcrumb","itemListElement":[{"@type":"ListItem","position":1,"name":"Accueil","item":"https:\/\/www.africa-press.net\/senegal\/"},{"@type":"ListItem","position":2,"name":"REFLET : Sonko pi\u00e9g\u00e9\u00a0par les m\u00e9dias fran\u00e7ais !"}]},{"@type":"WebSite","@id":"https:\/\/www.africa-press.net\/senegal\/#website","url":"https:\/\/www.africa-press.net\/senegal\/","name":"Africa Press | Senegal | Homepage","description":"Just another Africa News Agency Sites site","potentialAction":[{"@type":"SearchAction","target":{"@type":"EntryPoint","urlTemplate":"https:\/\/www.africa-press.net\/senegal\/?s={search_term_string}"},"query-input":{"@type":"PropertyValueSpecification","valueRequired":true,"valueName":"search_term_string"}}],"inLanguage":"fr-FR"},{"@type":"Person","@id":"https:\/\/www.africa-press.net\/senegal\/#\/schema\/person\/2b1cf3cd81a31e3cd26889ca66d677f1","name":"cfeditorfr","url":"https:\/\/www.africa-press.net\/senegal\/author\/cfeditorfr"}]}},"_links":{"self":[{"href":"https:\/\/www.africa-press.net\/senegal\/wp-json\/wp\/v2\/posts\/37760","targetHints":{"allow":["GET"]}}],"collection":[{"href":"https:\/\/www.africa-press.net\/senegal\/wp-json\/wp\/v2\/posts"}],"about":[{"href":"https:\/\/www.africa-press.net\/senegal\/wp-json\/wp\/v2\/types\/post"}],"author":[{"embeddable":true,"href":"https:\/\/www.africa-press.net\/senegal\/wp-json\/wp\/v2\/users\/82"}],"replies":[{"embeddable":true,"href":"https:\/\/www.africa-press.net\/senegal\/wp-json\/wp\/v2\/comments?post=37760"}],"version-history":[{"count":0,"href":"https:\/\/www.africa-press.net\/senegal\/wp-json\/wp\/v2\/posts\/37760\/revisions"}],"wp:featuredmedia":[{"embeddable":true,"href":"https:\/\/www.africa-press.net\/senegal\/wp-json\/wp\/v2\/media\/37759"}],"wp:attachment":[{"href":"https:\/\/www.africa-press.net\/senegal\/wp-json\/wp\/v2\/media?parent=37760"}],"wp:term":[{"taxonomy":"category","embeddable":true,"href":"https:\/\/www.africa-press.net\/senegal\/wp-json\/wp\/v2\/categories?post=37760"},{"taxonomy":"post_tag","embeddable":true,"href":"https:\/\/www.africa-press.net\/senegal\/wp-json\/wp\/v2\/tags?post=37760"}],"curies":[{"name":"wp","href":"https:\/\/api.w.org\/{rel}","templated":true}]}}